
{"id":19074,"date":"2012-08-25T13:53:44","date_gmt":"2012-08-25T16:53:44","guid":{"rendered":"http:\/\/www.oarcanjo.net\/site\/?p=19074"},"modified":"2012-08-26T10:28:15","modified_gmt":"2012-08-26T13:28:15","slug":"aniversario-de-morte-de-dom-helder-27-de-agosto-1999","status":"publish","type":"post","link":"https:\/\/www.oarcanjo.net\/site\/aniversario-de-morte-de-dom-helder-27-de-agosto-1999\/","title":{"rendered":"Anivers\u00e1rio de morte de Dom Helder + 27 de agosto 1999"},"content":{"rendered":"<p>Dia 26 de agosto na Par\u00f3quia de Santo Afonso, na Missa das 18h &#8211; Fortaleza Cear\u00e1<\/p>\n<p><img loading=\"lazy\" decoding=\"async\" src=\"http:\/\/www.oarcanjo.net\/site\/wp-content\/uploads\/poema-dom_helder_camara1-150x150.jpg\" alt=\"\" width=\"150\" height=\"150\" \/><\/p>\n<p>&#8220;Dom Helder, o grande homem de Deus e pastor dos empobrecidos, no qual o humanismo transbordou&#8221; (Francisco Ot\u00e1vio de Miranda)<\/p>\n<p>N\u00e3o percam essa linda homenagem que n\u00f3s, do grupo Dom Helder de Teatro, da Par\u00f3quia de Santo Afonso, estamos realizando, ao render gra\u00e7as ao bom Deus, \u00a0neste grande homem, que \u00a0na sua sabedoria dizia: &#8220;O pobre mais pobre \u00e9 aquele que n\u00e3o tem amor para dar, difundir e semear&#8221;.<\/p>\n<p>A vida do Dom Helder \u00e9 como uma mina de ouro que precisa ser sempre e cada vez mais explorada, com um dom maravilhoso de Deus. Vida de uma beleza, que podemos dizer, diferenciada, nos seus gestos rar\u00edssimos em favor da vida dos empobrecidos, dos \u201csem voz e sem vez\u201d. Ao assumir a Arquidiocese de Olinda e Recife em abril de 1964, disse: \u201cQuem estiver sofrendo, no corpo ou na alma; quem, pobre ou rico, estiver desesperado, ter\u00e1 lugar no cora\u00e7\u00e3o do bispo\u201d.<\/p>\n<p>Dom Helder, pequeno na estatura, mas grande nos sonhos, nos ideais e na santidade, colocou sua vida nas m\u00e3os do Pai, com a firme convic\u00e7\u00e3o e com confian\u00e7a inabal\u00e1vel, que a pessoa humana \u00e9 o que existe mais sagrado na face da terra porque \u00e9 imagem e semelhan\u00e7a de Deus, tomando para si as alegrias e esperan\u00e7as, as tristezas e ang\u00fastias dos homens de hoje, sobretudos dos que mais sofrem (cf. GS 200).<\/p>\n<p>O sonho carregado ao longo da vida e acalentado no seu cora\u00e7\u00e3o foi o de colocar a criatura humana em um lugar de destaque, tamb\u00e9m num lugar bem elevado. Marcou profundamente uma \u00e9poca e nos deixou um grande legado e li\u00e7\u00e3o. A li\u00e7\u00e3o de que o deserto da nossa vida tem que ser fertilizado pela Palavra de Deus e que a vida est\u00e1 acima de tudo, que ela \u00e9 mais forte do que tudo, mais forte do que a morte.<\/p>\n<p>Dom Helder, com sua intelig\u00eancia privilegiada, sempre demonstrou firmeza nas atitudes e coer\u00eancia nas ideias, que podemos perceber atrav\u00e9s dos seus pensamentos: \u201cQuando houver contraste entre a tua alegria e um c\u00e9u cinzento, ou entre a tua tristeza e um c\u00e9u em festa, bendiz o desencontro, que \u00e9 um aviso divino de que o mundo n\u00e3o come\u00e7a nem acaba em ti\u201d. \u201cQuem me dera ser leal, discreto e silencioso como a minha sombra\u201d.<\/p>\n<p>A vida de Dom Helder, com aquele corpo franzino, que se agigantava na prega\u00e7\u00e3o da f\u00e9 e da justi\u00e7a e daquela voz inconfund\u00edvel e extraordin\u00e1ria, que se transmutava em possantes amplificadores na defesa da vida fraterna e da paz, ficou o exemplo de dignidade e marcou em profundidade a hist\u00f3ria da humanidade.  Ele queria ser lembrado com esta frase: \u201cA imagem que gostaria que ficasse de mim \u00e9 a imagem de um irm\u00e3o\u201d.<\/p>\n<p><em>* Pe. Geovane Saraiva, padre da Arquidiocese de Fortaleza, Escritor, Membro da Academia de Letras dos Munic\u00edpios do Estado Cear\u00e1 (ALMECE), e da Academia Metropolitana de Letras de Fortaleza.<\/em><\/p>\n<p><em>P\u00e1roco de Santo Afonso<\/em><br \/>\n<a href=\"mailto:pegeovane@paroquiasantoafonso.org.br\"><em>pegeovane@paroquiasantoafonso.org.br<\/em><\/a><br \/>\n<strong>Autor dos livros:<\/strong><br \/>\n<strong>\u201cO peregrino da Paz\u201d e \u201cNascido Para as Coisas Maiores\u201d (centen\u00e1rio de Dom Helder C\u00e2mara).<\/strong><br \/>\n<strong> \u201cA Ternura de um Pastor\u201d, j\u00e1 2\u00aa edi\u00e7\u00e3o (homenagem ao Cardeal Lorscheider)<\/strong><br \/>\n<strong> \u201cA Esperan\u00e7a Tem Nome\u201d (espiritualidade e compromisso)<\/strong><br \/>\n<strong> \u201cDom Helder: Sonhos e Utopias\u201d (o pastor dos empobrecidos)<\/strong><\/p>\n<p><strong><\/strong>Postado por\u00a0<a title=\"author profile\" rel=\"author\" href=\"http:\/\/www.blogger.com\/profile\/12037961757835243213\">Par\u00f3quia de Santo Afonso <\/a><\/p>\n<div id=\"themify_builder_content-19074\" data-postid=\"19074\" class=\"themify_builder_content themify_builder_content-19074 themify_builder themify_builder_front\">\n\t<\/div>\n<!-- \/themify_builder_content -->","protected":false},"excerpt":{"rendered":"<p>Dia 26 de agosto na Par\u00f3quia de Santo Afonso, na Missa das 18h &#8211; Fortaleza Cear\u00e1 &#8220;Dom Helder, o grande homem de Deus e pastor dos empobrecidos, no qual o humanismo transbordou&#8221; (Francisco Ot\u00e1vio de Miranda) N\u00e3o percam essa linda homenagem que n\u00f3s, do grupo Dom Helder de Teatro, da Par\u00f3quia de Santo Afonso, estamos [&hellip;]<\/p>\n","protected":false},"author":17,"featured_media":0,"comment_status":"open","ping_status":"open","sticky":false,"template":"","format":"standard","meta":{"ngg_post_thumbnail":0,"footnotes":""},"categories":[8],"tags":[],"yoast_head":"<!-- This site is optimized with the Yoast SEO plugin v23.5 - https:\/\/yoast.com\/wordpress\/plugins\/seo\/ -->\n<title>Anivers\u00e1rio de morte de Dom Helder + 27 de agosto 1999 - O Arcanjo no ar<\/title>\n<meta name=\"robots\" content=\"index, follow, max-snippet:-1, max-image-preview:large, max-video-preview:-1\" \/>\n<link rel=\"canonical\" href=\"https:\/\/www.oarcanjo.net\/site\/aniversario-de-morte-de-dom-helder-27-de-agosto-1999\/\" \/>\n<meta property=\"og:locale\" content=\"pt_BR\" \/>\n<meta property=\"og:type\" content=\"article\" \/>\n<meta property=\"og:title\" content=\"Anivers\u00e1rio de morte de Dom Helder + 27 de agosto 1999 - O Arcanjo no ar\" \/>\n<meta property=\"og:description\" content=\"Dia 26 de agosto na Par\u00f3quia de Santo Afonso, na Missa das 18h &#8211; Fortaleza Cear\u00e1 &#8220;Dom Helder, o grande homem de Deus e pastor dos empobrecidos, no qual o humanismo transbordou&#8221; (Francisco Ot\u00e1vio de Miranda) N\u00e3o percam essa linda homenagem que n\u00f3s, do grupo Dom Helder de Teatro, da Par\u00f3quia de Santo Afonso, estamos [&hellip;]\" \/>\n<meta property=\"og:url\" content=\"https:\/\/www.oarcanjo.net\/site\/aniversario-de-morte-de-dom-helder-27-de-agosto-1999\/\" \/>\n<meta property=\"og:site_name\" content=\"O Arcanjo no ar\" \/>\n<meta property=\"article:publisher\" content=\"https:\/\/www.facebook.com\/OArcanjoNoAr\/\" \/>\n<meta property=\"article:published_time\" content=\"2012-08-25T16:53:44+00:00\" \/>\n<meta property=\"article:modified_time\" content=\"2012-08-26T13:28:15+00:00\" \/>\n<meta property=\"og:image\" content=\"http:\/\/www.oarcanjo.net\/site\/wp-content\/uploads\/poema-dom_helder_camara1-150x150.jpg\" \/>\n<meta name=\"author\" content=\"pe.geovane\" \/>\n<meta name=\"twitter:card\" content=\"summary_large_image\" \/>\n<meta name=\"twitter:label1\" content=\"Escrito por\" \/>\n\t<meta name=\"twitter:data1\" content=\"pe.geovane\" \/>\n\t<meta name=\"twitter:label2\" content=\"Est. tempo de leitura\" \/>\n\t<meta name=\"twitter:data2\" content=\"3 minutos\" \/>\n<script type=\"application\/ld+json\" class=\"yoast-schema-graph\">{\"@context\":\"https:\/\/schema.org\",\"@graph\":[{\"@type\":\"Article\",\"@id\":\"https:\/\/www.oarcanjo.net\/site\/aniversario-de-morte-de-dom-helder-27-de-agosto-1999\/#article\",\"isPartOf\":{\"@id\":\"https:\/\/www.oarcanjo.net\/site\/aniversario-de-morte-de-dom-helder-27-de-agosto-1999\/\"},\"author\":{\"name\":\"pe.geovane\",\"@id\":\"https:\/\/www.oarcanjo.net\/site\/#\/schema\/person\/58d7f78850a973b8e467c7ae4a7eb4ad\"},\"headline\":\"Anivers\u00e1rio de morte de Dom Helder + 27 de agosto 1999\",\"datePublished\":\"2012-08-25T16:53:44+00:00\",\"dateModified\":\"2012-08-26T13:28:15+00:00\",\"mainEntityOfPage\":{\"@id\":\"https:\/\/www.oarcanjo.net\/site\/aniversario-de-morte-de-dom-helder-27-de-agosto-1999\/\"},\"wordCount\":593,\"commentCount\":0,\"publisher\":{\"@id\":\"https:\/\/www.oarcanjo.net\/site\/#organization\"},\"image\":{\"@id\":\"https:\/\/www.oarcanjo.net\/site\/aniversario-de-morte-de-dom-helder-27-de-agosto-1999\/#primaryimage\"},\"thumbnailUrl\":\"http:\/\/www.oarcanjo.net\/site\/wp-content\/uploads\/poema-dom_helder_camara1-150x150.jpg\",\"articleSection\":[\"Not\u00edcias\"],\"inLanguage\":\"pt-BR\",\"potentialAction\":[{\"@type\":\"CommentAction\",\"name\":\"Comment\",\"target\":[\"https:\/\/www.oarcanjo.net\/site\/aniversario-de-morte-de-dom-helder-27-de-agosto-1999\/#respond\"]}]},{\"@type\":\"WebPage\",\"@id\":\"https:\/\/www.oarcanjo.net\/site\/aniversario-de-morte-de-dom-helder-27-de-agosto-1999\/\",\"url\":\"https:\/\/www.oarcanjo.net\/site\/aniversario-de-morte-de-dom-helder-27-de-agosto-1999\/\",\"name\":\"Anivers\u00e1rio de morte de Dom Helder + 27 de agosto 1999 - O Arcanjo no ar\",\"isPartOf\":{\"@id\":\"https:\/\/www.oarcanjo.net\/site\/#website\"},\"primaryImageOfPage\":{\"@id\":\"https:\/\/www.oarcanjo.net\/site\/aniversario-de-morte-de-dom-helder-27-de-agosto-1999\/#primaryimage\"},\"image\":{\"@id\":\"https:\/\/www.oarcanjo.net\/site\/aniversario-de-morte-de-dom-helder-27-de-agosto-1999\/#primaryimage\"},\"thumbnailUrl\":\"http:\/\/www.oarcanjo.net\/site\/wp-content\/uploads\/poema-dom_helder_camara1-150x150.jpg\",\"datePublished\":\"2012-08-25T16:53:44+00:00\",\"dateModified\":\"2012-08-26T13:28:15+00:00\",\"breadcrumb\":{\"@id\":\"https:\/\/www.oarcanjo.net\/site\/aniversario-de-morte-de-dom-helder-27-de-agosto-1999\/#breadcrumb\"},\"inLanguage\":\"pt-BR\",\"potentialAction\":[{\"@type\":\"ReadAction\",\"target\":[\"https:\/\/www.oarcanjo.net\/site\/aniversario-de-morte-de-dom-helder-27-de-agosto-1999\/\"]}]},{\"@type\":\"ImageObject\",\"inLanguage\":\"pt-BR\",\"@id\":\"https:\/\/www.oarcanjo.net\/site\/aniversario-de-morte-de-dom-helder-27-de-agosto-1999\/#primaryimage\",\"url\":\"https:\/\/www.oarcanjo.net\/site\/wp-content\/uploads\/poema-dom_helder_camara1.jpg\",\"contentUrl\":\"https:\/\/www.oarcanjo.net\/site\/wp-content\/uploads\/poema-dom_helder_camara1.jpg\",\"width\":\"179\",\"height\":\"200\"},{\"@type\":\"BreadcrumbList\",\"@id\":\"https:\/\/www.oarcanjo.net\/site\/aniversario-de-morte-de-dom-helder-27-de-agosto-1999\/#breadcrumb\",\"itemListElement\":[{\"@type\":\"ListItem\",\"position\":1,\"name\":\"In\u00edcio\",\"item\":\"https:\/\/www.oarcanjo.net\/site\/\"},{\"@type\":\"ListItem\",\"position\":2,\"name\":\"Anivers\u00e1rio de morte de Dom Helder + 27 de agosto 1999\"}]},{\"@type\":\"WebSite\",\"@id\":\"https:\/\/www.oarcanjo.net\/site\/#website\",\"url\":\"https:\/\/www.oarcanjo.net\/site\/\",\"name\":\"O Arcanjo no ar\",\"description\":\"Site da Par\u00f3quia S\u00e3o Miguel Arcanjo (Arquidiocese de SP)\",\"publisher\":{\"@id\":\"https:\/\/www.oarcanjo.net\/site\/#organization\"},\"potentialAction\":[{\"@type\":\"SearchAction\",\"target\":{\"@type\":\"EntryPoint\",\"urlTemplate\":\"https:\/\/www.oarcanjo.net\/site\/?s={search_term_string}\"},\"query-input\":{\"@type\":\"PropertyValueSpecification\",\"valueRequired\":true,\"valueName\":\"search_term_string\"}}],\"inLanguage\":\"pt-BR\"},{\"@type\":\"Organization\",\"@id\":\"https:\/\/www.oarcanjo.net\/site\/#organization\",\"name\":\"Par\u00f3quia S\u00e3o Miguel Arcanjo\",\"url\":\"https:\/\/www.oarcanjo.net\/site\/\",\"logo\":{\"@type\":\"ImageObject\",\"inLanguage\":\"pt-BR\",\"@id\":\"https:\/\/www.oarcanjo.net\/site\/#\/schema\/logo\/image\/\",\"url\":\"https:\/\/www.oarcanjo.net\/site\/wp-content\/uploads\/LogoOArcanjo.png\",\"contentUrl\":\"https:\/\/www.oarcanjo.net\/site\/wp-content\/uploads\/LogoOArcanjo.png\",\"width\":319,\"height\":99,\"caption\":\"Par\u00f3quia S\u00e3o Miguel Arcanjo\"},\"image\":{\"@id\":\"https:\/\/www.oarcanjo.net\/site\/#\/schema\/logo\/image\/\"},\"sameAs\":[\"https:\/\/www.facebook.com\/OArcanjoNoAr\/\"]},{\"@type\":\"Person\",\"@id\":\"https:\/\/www.oarcanjo.net\/site\/#\/schema\/person\/58d7f78850a973b8e467c7ae4a7eb4ad\",\"name\":\"pe.geovane\"}]}<\/script>\n<!-- \/ Yoast SEO plugin. -->","yoast_head_json":{"title":"Anivers\u00e1rio de morte de Dom Helder + 27 de agosto 1999 - O Arcanjo no ar","robots":{"index":"index","follow":"follow","max-snippet":"max-snippet:-1","max-image-preview":"max-image-preview:large","max-video-preview":"max-video-preview:-1"},"canonical":"https:\/\/www.oarcanjo.net\/site\/aniversario-de-morte-de-dom-helder-27-de-agosto-1999\/","og_locale":"pt_BR","og_type":"article","og_title":"Anivers\u00e1rio de morte de Dom Helder + 27 de agosto 1999 - O Arcanjo no ar","og_description":"Dia 26 de agosto na Par\u00f3quia de Santo Afonso, na Missa das 18h &#8211; Fortaleza Cear\u00e1 &#8220;Dom Helder, o grande homem de Deus e pastor dos empobrecidos, no qual o humanismo transbordou&#8221; (Francisco Ot\u00e1vio de Miranda) N\u00e3o percam essa linda homenagem que n\u00f3s, do grupo Dom Helder de Teatro, da Par\u00f3quia de Santo Afonso, estamos [&hellip;]","og_url":"https:\/\/www.oarcanjo.net\/site\/aniversario-de-morte-de-dom-helder-27-de-agosto-1999\/","og_site_name":"O Arcanjo no ar","article_publisher":"https:\/\/www.facebook.com\/OArcanjoNoAr\/","article_published_time":"2012-08-25T16:53:44+00:00","article_modified_time":"2012-08-26T13:28:15+00:00","og_image":[{"url":"http:\/\/www.oarcanjo.net\/site\/wp-content\/uploads\/poema-dom_helder_camara1-150x150.jpg"}],"author":"pe.geovane","twitter_card":"summary_large_image","twitter_misc":{"Escrito por":"pe.geovane","Est. tempo de leitura":"3 minutos"},"schema":{"@context":"https:\/\/schema.org","@graph":[{"@type":"Article","@id":"https:\/\/www.oarcanjo.net\/site\/aniversario-de-morte-de-dom-helder-27-de-agosto-1999\/#article","isPartOf":{"@id":"https:\/\/www.oarcanjo.net\/site\/aniversario-de-morte-de-dom-helder-27-de-agosto-1999\/"},"author":{"name":"pe.geovane","@id":"https:\/\/www.oarcanjo.net\/site\/#\/schema\/person\/58d7f78850a973b8e467c7ae4a7eb4ad"},"headline":"Anivers\u00e1rio de morte de Dom Helder + 27 de agosto 1999","datePublished":"2012-08-25T16:53:44+00:00","dateModified":"2012-08-26T13:28:15+00:00","mainEntityOfPage":{"@id":"https:\/\/www.oarcanjo.net\/site\/aniversario-de-morte-de-dom-helder-27-de-agosto-1999\/"},"wordCount":593,"commentCount":0,"publisher":{"@id":"https:\/\/www.oarcanjo.net\/site\/#organization"},"image":{"@id":"https:\/\/www.oarcanjo.net\/site\/aniversario-de-morte-de-dom-helder-27-de-agosto-1999\/#primaryimage"},"thumbnailUrl":"http:\/\/www.oarcanjo.net\/site\/wp-content\/uploads\/poema-dom_helder_camara1-150x150.jpg","articleSection":["Not\u00edcias"],"inLanguage":"pt-BR","potentialAction":[{"@type":"CommentAction","name":"Comment","target":["https:\/\/www.oarcanjo.net\/site\/aniversario-de-morte-de-dom-helder-27-de-agosto-1999\/#respond"]}]},{"@type":"WebPage","@id":"https:\/\/www.oarcanjo.net\/site\/aniversario-de-morte-de-dom-helder-27-de-agosto-1999\/","url":"https:\/\/www.oarcanjo.net\/site\/aniversario-de-morte-de-dom-helder-27-de-agosto-1999\/","name":"Anivers\u00e1rio de morte de Dom Helder + 27 de agosto 1999 - O Arcanjo no ar","isPartOf":{"@id":"https:\/\/www.oarcanjo.net\/site\/#website"},"primaryImageOfPage":{"@id":"https:\/\/www.oarcanjo.net\/site\/aniversario-de-morte-de-dom-helder-27-de-agosto-1999\/#primaryimage"},"image":{"@id":"https:\/\/www.oarcanjo.net\/site\/aniversario-de-morte-de-dom-helder-27-de-agosto-1999\/#primaryimage"},"thumbnailUrl":"http:\/\/www.oarcanjo.net\/site\/wp-content\/uploads\/poema-dom_helder_camara1-150x150.jpg","datePublished":"2012-08-25T16:53:44+00:00","dateModified":"2012-08-26T13:28:15+00:00","breadcrumb":{"@id":"https:\/\/www.oarcanjo.net\/site\/aniversario-de-morte-de-dom-helder-27-de-agosto-1999\/#breadcrumb"},"inLanguage":"pt-BR","potentialAction":[{"@type":"ReadAction","target":["https:\/\/www.oarcanjo.net\/site\/aniversario-de-morte-de-dom-helder-27-de-agosto-1999\/"]}]},{"@type":"ImageObject","inLanguage":"pt-BR","@id":"https:\/\/www.oarcanjo.net\/site\/aniversario-de-morte-de-dom-helder-27-de-agosto-1999\/#primaryimage","url":"https:\/\/www.oarcanjo.net\/site\/wp-content\/uploads\/poema-dom_helder_camara1.jpg","contentUrl":"https:\/\/www.oarcanjo.net\/site\/wp-content\/uploads\/poema-dom_helder_camara1.jpg","width":"179","height":"200"},{"@type":"BreadcrumbList","@id":"https:\/\/www.oarcanjo.net\/site\/aniversario-de-morte-de-dom-helder-27-de-agosto-1999\/#breadcrumb","itemListElement":[{"@type":"ListItem","position":1,"name":"In\u00edcio","item":"https:\/\/www.oarcanjo.net\/site\/"},{"@type":"ListItem","position":2,"name":"Anivers\u00e1rio de morte de Dom Helder + 27 de agosto 1999"}]},{"@type":"WebSite","@id":"https:\/\/www.oarcanjo.net\/site\/#website","url":"https:\/\/www.oarcanjo.net\/site\/","name":"O Arcanjo no ar","description":"Site da Par\u00f3quia S\u00e3o Miguel Arcanjo (Arquidiocese de SP)","publisher":{"@id":"https:\/\/www.oarcanjo.net\/site\/#organization"},"potentialAction":[{"@type":"SearchAction","target":{"@type":"EntryPoint","urlTemplate":"https:\/\/www.oarcanjo.net\/site\/?s={search_term_string}"},"query-input":{"@type":"PropertyValueSpecification","valueRequired":true,"valueName":"search_term_string"}}],"inLanguage":"pt-BR"},{"@type":"Organization","@id":"https:\/\/www.oarcanjo.net\/site\/#organization","name":"Par\u00f3quia S\u00e3o Miguel Arcanjo","url":"https:\/\/www.oarcanjo.net\/site\/","logo":{"@type":"ImageObject","inLanguage":"pt-BR","@id":"https:\/\/www.oarcanjo.net\/site\/#\/schema\/logo\/image\/","url":"https:\/\/www.oarcanjo.net\/site\/wp-content\/uploads\/LogoOArcanjo.png","contentUrl":"https:\/\/www.oarcanjo.net\/site\/wp-content\/uploads\/LogoOArcanjo.png","width":319,"height":99,"caption":"Par\u00f3quia S\u00e3o Miguel Arcanjo"},"image":{"@id":"https:\/\/www.oarcanjo.net\/site\/#\/schema\/logo\/image\/"},"sameAs":["https:\/\/www.facebook.com\/OArcanjoNoAr\/"]},{"@type":"Person","@id":"https:\/\/www.oarcanjo.net\/site\/#\/schema\/person\/58d7f78850a973b8e467c7ae4a7eb4ad","name":"pe.geovane"}]}},"publishpress_future_action":{"enabled":false,"date":"2026-05-07 08:07:35","action":"category","newStatus":"draft","terms":[],"taxonomy":"category"},"publishpress_future_workflow_manual_trigger":{"enabledWorkflows":[]},"_links":{"self":[{"href":"https:\/\/www.oarcanjo.net\/site\/wp-json\/wp\/v2\/posts\/19074"}],"collection":[{"href":"https:\/\/www.oarcanjo.net\/site\/wp-json\/wp\/v2\/posts"}],"about":[{"href":"https:\/\/www.oarcanjo.net\/site\/wp-json\/wp\/v2\/types\/post"}],"author":[{"embeddable":true,"href":"https:\/\/www.oarcanjo.net\/site\/wp-json\/wp\/v2\/users\/17"}],"replies":[{"embeddable":true,"href":"https:\/\/www.oarcanjo.net\/site\/wp-json\/wp\/v2\/comments?post=19074"}],"version-history":[{"count":0,"href":"https:\/\/www.oarcanjo.net\/site\/wp-json\/wp\/v2\/posts\/19074\/revisions"}],"wp:attachment":[{"href":"https:\/\/www.oarcanjo.net\/site\/wp-json\/wp\/v2\/media?parent=19074"}],"wp:term":[{"taxonomy":"category","embeddable":true,"href":"https:\/\/www.oarcanjo.net\/site\/wp-json\/wp\/v2\/categories?post=19074"},{"taxonomy":"post_tag","embeddable":true,"href":"https:\/\/www.oarcanjo.net\/site\/wp-json\/wp\/v2\/tags?post=19074"}],"curies":[{"name":"wp","href":"https:\/\/api.w.org\/{rel}","templated":true}]}}