
{"id":1909,"date":"2009-02-18T23:37:51","date_gmt":"2009-02-19T02:37:51","guid":{"rendered":"http:\/\/www.oarcanjo.net\/site\/?p=1909"},"modified":"2009-02-18T23:37:51","modified_gmt":"2009-02-19T02:37:51","slug":"paulo-os-carismas-e-a-comunidade","status":"publish","type":"post","link":"https:\/\/www.oarcanjo.net\/site\/paulo-os-carismas-e-a-comunidade\/","title":{"rendered":"Paulo, os carismas e a comunidade"},"content":{"rendered":"<p>Maria Clara Lucchetti Bingemer *<\/p>\n<p>Enquanto o ano paulino segue seu curso, podemos continuar aprendendo com esse grande homem que foi Paulo de Tarso. Apaixonado e seduzido por Jesus Cristo, que veio ao seu encontro luminosamente no caminho de Damasco, Paulo n\u00e3o deixava, no entanto, de ser extremamente realista.<\/p>\n<p>Tinha especial amor pelas comunidades que fundava em nome do Senhor Jesus e sob o impulso de seu Esp\u00edrito Santo, e a elas dedicava o melhor de suas energias e for\u00e7as. Por\u00e9m, essas comunidades nem sempre deixavam de dar-lhe muito trabalho e preocupa\u00e7\u00e3o. \u00c9 ele mesmo quem diz, dirigindo-se a uma delas, que ama seus membros como filhinhos e por eles sofre as dores do parto.<\/p>\n<p>Talvez a comunidade \u00e0 qual Paulo deu mais import\u00e2ncia tenha sido a de Corinto. A ela escreveu duas de suas mais lindas cartas. A primeira, sobretudo, escrita em um momento delicado para a vida da comunidade e para o minist\u00e9rio apost\u00f3lico de Paulo tamb\u00e9m. A comunidade de Corinto era muito agraciada com dons especiais e muitos de seus membros recebiam gra\u00e7as sens\u00edveis,  falavam em l\u00ednguas, tinham \u00eaxtases, enfim, viviam alguns dos muitos fen\u00f4menos extraordin\u00e1rios que ao longo da hist\u00f3ria do Cristianismo caracterizaram a experi\u00eancia dos m\u00edsticos.<\/p>\n<p>Por\u00e9m, aqueles que eram agraciados com tais carismas, sobretudo o de falar em l\u00ednguas, n\u00e3o estavam administrando as gra\u00e7as recebidas como deveriam, na opini\u00e3o de Paulo. Achavam-se melhores que os outros, faziam todas as reuni\u00f5es e assembl\u00e9ias comunit\u00e1rias girarem em torno de suas pessoas, necessitavam de um int\u00e9rprete especial para &#8220;traduzir&#8221; para o resto da comunidade aquilo que falavam quando inspirados pelo Esp\u00edrito.<\/p>\n<p>Paulo, no cap\u00edtulo 11 da primeira carta aos Cor\u00edntios, trata desse assunto com seus irm\u00e3os mais novos. E o faz sem medir palavras. Deixa-os saber claramente que o que mais importa n\u00e3o s\u00e3o os dons individuais de cada um, mas o crescimento da comunidade como um todo. Portanto, o discernimento dos esp\u00edritos e dos carismas que s\u00e3o dados a membros da comunidade devem ser realizados com o crit\u00e9rio inarred\u00e1vel do benef\u00edcio que a mesma comunidade recebe com eles.<\/p>\n<p>Falar em l\u00ednguas n\u00e3o parece ser para Paulo algo de primeira import\u00e2ncia na vida da comunidade de Corinto. Pois se causa divis\u00e3o e contendas entre os crist\u00e3os, significa que o Esp\u00edrito de Deus n\u00e3o est\u00e1 agindo ali. Ou ao menos que o mau esp\u00edrito est\u00e1 infiltrado na a\u00e7\u00e3o do Esp\u00edrito Santo. E Paulo \u00e9 claro: \u00e9 melhor falar cinco palavras simples, que todo mundo entenda e pelas quais a comunidade seja edificada do que falar cinco mil que ningu\u00e9m entende e s\u00f3 causam confus\u00e3o e divis\u00e3o. <\/p>\n<p>Ao dizer isso, Paulo deixa claro a seus amados irm\u00e3os que n\u00e3o fala isso por ci\u00fame de um dom que ele talvez n\u00e3o tenha recebido. Enumera todas as abundantes gra\u00e7as m\u00edsticas que recebeu do Senhor para mostrar que isso n\u00e3o \u00e9 o que importa.<\/p>\n<p>O que importar\u00e1 ent\u00e3o? Se algo t\u00e3o espiritual como a glossolalia &#8211; nome t\u00e9cnico do falar em l\u00ednguas &#8211; n\u00e3o \u00e9 o mais importante, o que ser\u00e1 realmente fundamental na vida crist\u00e3? Paulo responde nesse cap\u00edtulo e tamb\u00e9m nos outros dois que v\u00e3o se seguir. O mais importante \u00e9 o amor, a caridade, que faz a comunidade estar unida e buscar apenas a gl\u00f3ria de Deus e n\u00e3o a sua pr\u00f3pria. O amor, a caridade que faz cada um esquecer-se de si mesmo em benef\u00edcio dos outros. A comunidade importa muito mais do que eu e minha sensibilidade espiritual. O que importa, portanto, \u00e9 que ela esteja atendida e possa crescer.<\/p>\n<p>No cap\u00edtulo 12, Paulo continuar\u00e1 falando da import\u00e2ncia de os crist\u00e3os formarem um s\u00f3 corpo.  Assim, os dons dados a um s\u00e3o dados em benef\u00edcio de todos. E no cap\u00edtulo 13 termina sua exorta\u00e7\u00e3o \u00e0 comunidade de Corinto entoando o maravilhoso hino \u00e0 caridade. De que serviriam todos os dons extraordin\u00e1rios se falta o amor?<\/p>\n<p>Com Paulo aprendamos, pois, em nossas assembl\u00e9ias e comunidades a valorizar antes a caridade, antes o amor que qualquer outra coisa. S\u00f3 assim teremos a garantia de que Deus est\u00e1 entre n\u00f3s. Ele \u00e9 amor, este \u00e9 um ingrediente que n\u00e3o pode jamais faltar em nossa vida crist\u00e3.<\/p>\n<p>* Te\u00f3loga, professora e decana do Centro de Teologia e Ci\u00eancias Humanas da PUC-Rio<\/p>\n<div id=\"themify_builder_content-1909\" data-postid=\"1909\" class=\"themify_builder_content themify_builder_content-1909 themify_builder themify_builder_front\">\n\t<\/div>\n<!-- \/themify_builder_content -->","protected":false},"excerpt":{"rendered":"<p>Maria Clara Lucchetti Bingemer * Enquanto o ano paulino segue seu curso, podemos continuar aprendendo com esse grande homem que foi Paulo de Tarso. Apaixonado e seduzido por Jesus Cristo, que veio ao seu encontro luminosamente no caminho de Damasco, Paulo n\u00e3o deixava, no entanto, de ser extremamente realista. Tinha especial amor pelas comunidades que [&hellip;]<\/p>\n","protected":false},"author":5,"featured_media":0,"comment_status":"open","ping_status":"open","sticky":false,"template":"","format":"standard","meta":{"ngg_post_thumbnail":0,"footnotes":""},"categories":[9],"tags":[107,265,100,197],"yoast_head":"<!-- This site is optimized with the Yoast SEO plugin v23.5 - https:\/\/yoast.com\/wordpress\/plugins\/seo\/ -->\n<title>Paulo, os carismas e a comunidade - O Arcanjo no ar<\/title>\n<meta name=\"robots\" content=\"index, follow, max-snippet:-1, max-image-preview:large, max-video-preview:-1\" \/>\n<link rel=\"canonical\" href=\"https:\/\/www.oarcanjo.net\/site\/paulo-os-carismas-e-a-comunidade\/\" \/>\n<meta property=\"og:locale\" content=\"pt_BR\" \/>\n<meta property=\"og:type\" content=\"article\" \/>\n<meta property=\"og:title\" content=\"Paulo, os carismas e a comunidade - O Arcanjo no ar\" \/>\n<meta property=\"og:description\" content=\"Maria Clara Lucchetti Bingemer * Enquanto o ano paulino segue seu curso, podemos continuar aprendendo com esse grande homem que foi Paulo de Tarso. Apaixonado e seduzido por Jesus Cristo, que veio ao seu encontro luminosamente no caminho de Damasco, Paulo n\u00e3o deixava, no entanto, de ser extremamente realista. Tinha especial amor pelas comunidades que [&hellip;]\" \/>\n<meta property=\"og:url\" content=\"https:\/\/www.oarcanjo.net\/site\/paulo-os-carismas-e-a-comunidade\/\" \/>\n<meta property=\"og:site_name\" content=\"O Arcanjo no ar\" \/>\n<meta property=\"article:publisher\" content=\"https:\/\/www.facebook.com\/OArcanjoNoAr\/\" \/>\n<meta property=\"article:published_time\" content=\"2009-02-19T02:37:51+00:00\" \/>\n<meta property=\"og:image\" content=\"https:\/\/www.oarcanjo.net\/site\/wp-content\/uploads\/logo-o-arcanjo-no-ar-facebook.png\" \/>\n\t<meta property=\"og:image:width\" content=\"300\" \/>\n\t<meta property=\"og:image:height\" content=\"300\" \/>\n\t<meta property=\"og:image:type\" content=\"image\/png\" \/>\n<meta name=\"author\" content=\"editor\" \/>\n<meta name=\"twitter:card\" content=\"summary_large_image\" \/>\n<meta name=\"twitter:label1\" content=\"Escrito por\" \/>\n\t<meta name=\"twitter:data1\" content=\"editor\" \/>\n\t<meta name=\"twitter:label2\" content=\"Est. tempo de leitura\" \/>\n\t<meta name=\"twitter:data2\" content=\"4 minutos\" \/>\n<script type=\"application\/ld+json\" class=\"yoast-schema-graph\">{\"@context\":\"https:\/\/schema.org\",\"@graph\":[{\"@type\":\"Article\",\"@id\":\"https:\/\/www.oarcanjo.net\/site\/paulo-os-carismas-e-a-comunidade\/#article\",\"isPartOf\":{\"@id\":\"https:\/\/www.oarcanjo.net\/site\/paulo-os-carismas-e-a-comunidade\/\"},\"author\":{\"name\":\"editor\",\"@id\":\"https:\/\/www.oarcanjo.net\/site\/#\/schema\/person\/f7024d007863202483a31326673a0838\"},\"headline\":\"Paulo, os carismas e a comunidade\",\"datePublished\":\"2009-02-19T02:37:51+00:00\",\"dateModified\":\"2009-02-19T02:37:51+00:00\",\"mainEntityOfPage\":{\"@id\":\"https:\/\/www.oarcanjo.net\/site\/paulo-os-carismas-e-a-comunidade\/\"},\"wordCount\":771,\"commentCount\":0,\"publisher\":{\"@id\":\"https:\/\/www.oarcanjo.net\/site\/#organization\"},\"keywords\":[\"amor\",\"ano paulino\",\"caridade\",\"Paulo\"],\"articleSection\":[\"Reflex\u00f5es\"],\"inLanguage\":\"pt-BR\",\"potentialAction\":[{\"@type\":\"CommentAction\",\"name\":\"Comment\",\"target\":[\"https:\/\/www.oarcanjo.net\/site\/paulo-os-carismas-e-a-comunidade\/#respond\"]}]},{\"@type\":\"WebPage\",\"@id\":\"https:\/\/www.oarcanjo.net\/site\/paulo-os-carismas-e-a-comunidade\/\",\"url\":\"https:\/\/www.oarcanjo.net\/site\/paulo-os-carismas-e-a-comunidade\/\",\"name\":\"Paulo, os carismas e a comunidade - O Arcanjo no ar\",\"isPartOf\":{\"@id\":\"https:\/\/www.oarcanjo.net\/site\/#website\"},\"datePublished\":\"2009-02-19T02:37:51+00:00\",\"dateModified\":\"2009-02-19T02:37:51+00:00\",\"breadcrumb\":{\"@id\":\"https:\/\/www.oarcanjo.net\/site\/paulo-os-carismas-e-a-comunidade\/#breadcrumb\"},\"inLanguage\":\"pt-BR\",\"potentialAction\":[{\"@type\":\"ReadAction\",\"target\":[\"https:\/\/www.oarcanjo.net\/site\/paulo-os-carismas-e-a-comunidade\/\"]}]},{\"@type\":\"BreadcrumbList\",\"@id\":\"https:\/\/www.oarcanjo.net\/site\/paulo-os-carismas-e-a-comunidade\/#breadcrumb\",\"itemListElement\":[{\"@type\":\"ListItem\",\"position\":1,\"name\":\"In\u00edcio\",\"item\":\"https:\/\/www.oarcanjo.net\/site\/\"},{\"@type\":\"ListItem\",\"position\":2,\"name\":\"Paulo, os carismas e a comunidade\"}]},{\"@type\":\"WebSite\",\"@id\":\"https:\/\/www.oarcanjo.net\/site\/#website\",\"url\":\"https:\/\/www.oarcanjo.net\/site\/\",\"name\":\"O Arcanjo no ar\",\"description\":\"Site da Par\u00f3quia S\u00e3o Miguel Arcanjo (Arquidiocese de SP)\",\"publisher\":{\"@id\":\"https:\/\/www.oarcanjo.net\/site\/#organization\"},\"potentialAction\":[{\"@type\":\"SearchAction\",\"target\":{\"@type\":\"EntryPoint\",\"urlTemplate\":\"https:\/\/www.oarcanjo.net\/site\/?s={search_term_string}\"},\"query-input\":{\"@type\":\"PropertyValueSpecification\",\"valueRequired\":true,\"valueName\":\"search_term_string\"}}],\"inLanguage\":\"pt-BR\"},{\"@type\":\"Organization\",\"@id\":\"https:\/\/www.oarcanjo.net\/site\/#organization\",\"name\":\"Par\u00f3quia S\u00e3o Miguel Arcanjo\",\"url\":\"https:\/\/www.oarcanjo.net\/site\/\",\"logo\":{\"@type\":\"ImageObject\",\"inLanguage\":\"pt-BR\",\"@id\":\"https:\/\/www.oarcanjo.net\/site\/#\/schema\/logo\/image\/\",\"url\":\"https:\/\/www.oarcanjo.net\/site\/wp-content\/uploads\/LogoOArcanjo.png\",\"contentUrl\":\"https:\/\/www.oarcanjo.net\/site\/wp-content\/uploads\/LogoOArcanjo.png\",\"width\":319,\"height\":99,\"caption\":\"Par\u00f3quia S\u00e3o Miguel Arcanjo\"},\"image\":{\"@id\":\"https:\/\/www.oarcanjo.net\/site\/#\/schema\/logo\/image\/\"},\"sameAs\":[\"https:\/\/www.facebook.com\/OArcanjoNoAr\/\"]},{\"@type\":\"Person\",\"@id\":\"https:\/\/www.oarcanjo.net\/site\/#\/schema\/person\/f7024d007863202483a31326673a0838\",\"name\":\"editor\",\"sameAs\":[\"http:\/\/www.oarcanjo.net\"]}]}<\/script>\n<!-- \/ Yoast SEO plugin. -->","yoast_head_json":{"title":"Paulo, os carismas e a comunidade - O Arcanjo no ar","robots":{"index":"index","follow":"follow","max-snippet":"max-snippet:-1","max-image-preview":"max-image-preview:large","max-video-preview":"max-video-preview:-1"},"canonical":"https:\/\/www.oarcanjo.net\/site\/paulo-os-carismas-e-a-comunidade\/","og_locale":"pt_BR","og_type":"article","og_title":"Paulo, os carismas e a comunidade - O Arcanjo no ar","og_description":"Maria Clara Lucchetti Bingemer * Enquanto o ano paulino segue seu curso, podemos continuar aprendendo com esse grande homem que foi Paulo de Tarso. Apaixonado e seduzido por Jesus Cristo, que veio ao seu encontro luminosamente no caminho de Damasco, Paulo n\u00e3o deixava, no entanto, de ser extremamente realista. Tinha especial amor pelas comunidades que [&hellip;]","og_url":"https:\/\/www.oarcanjo.net\/site\/paulo-os-carismas-e-a-comunidade\/","og_site_name":"O Arcanjo no ar","article_publisher":"https:\/\/www.facebook.com\/OArcanjoNoAr\/","article_published_time":"2009-02-19T02:37:51+00:00","og_image":[{"width":300,"height":300,"url":"https:\/\/www.oarcanjo.net\/site\/wp-content\/uploads\/logo-o-arcanjo-no-ar-facebook.png","type":"image\/png"}],"author":"editor","twitter_card":"summary_large_image","twitter_misc":{"Escrito por":"editor","Est. tempo de leitura":"4 minutos"},"schema":{"@context":"https:\/\/schema.org","@graph":[{"@type":"Article","@id":"https:\/\/www.oarcanjo.net\/site\/paulo-os-carismas-e-a-comunidade\/#article","isPartOf":{"@id":"https:\/\/www.oarcanjo.net\/site\/paulo-os-carismas-e-a-comunidade\/"},"author":{"name":"editor","@id":"https:\/\/www.oarcanjo.net\/site\/#\/schema\/person\/f7024d007863202483a31326673a0838"},"headline":"Paulo, os carismas e a comunidade","datePublished":"2009-02-19T02:37:51+00:00","dateModified":"2009-02-19T02:37:51+00:00","mainEntityOfPage":{"@id":"https:\/\/www.oarcanjo.net\/site\/paulo-os-carismas-e-a-comunidade\/"},"wordCount":771,"commentCount":0,"publisher":{"@id":"https:\/\/www.oarcanjo.net\/site\/#organization"},"keywords":["amor","ano paulino","caridade","Paulo"],"articleSection":["Reflex\u00f5es"],"inLanguage":"pt-BR","potentialAction":[{"@type":"CommentAction","name":"Comment","target":["https:\/\/www.oarcanjo.net\/site\/paulo-os-carismas-e-a-comunidade\/#respond"]}]},{"@type":"WebPage","@id":"https:\/\/www.oarcanjo.net\/site\/paulo-os-carismas-e-a-comunidade\/","url":"https:\/\/www.oarcanjo.net\/site\/paulo-os-carismas-e-a-comunidade\/","name":"Paulo, os carismas e a comunidade - O Arcanjo no ar","isPartOf":{"@id":"https:\/\/www.oarcanjo.net\/site\/#website"},"datePublished":"2009-02-19T02:37:51+00:00","dateModified":"2009-02-19T02:37:51+00:00","breadcrumb":{"@id":"https:\/\/www.oarcanjo.net\/site\/paulo-os-carismas-e-a-comunidade\/#breadcrumb"},"inLanguage":"pt-BR","potentialAction":[{"@type":"ReadAction","target":["https:\/\/www.oarcanjo.net\/site\/paulo-os-carismas-e-a-comunidade\/"]}]},{"@type":"BreadcrumbList","@id":"https:\/\/www.oarcanjo.net\/site\/paulo-os-carismas-e-a-comunidade\/#breadcrumb","itemListElement":[{"@type":"ListItem","position":1,"name":"In\u00edcio","item":"https:\/\/www.oarcanjo.net\/site\/"},{"@type":"ListItem","position":2,"name":"Paulo, os carismas e a comunidade"}]},{"@type":"WebSite","@id":"https:\/\/www.oarcanjo.net\/site\/#website","url":"https:\/\/www.oarcanjo.net\/site\/","name":"O Arcanjo no ar","description":"Site da Par\u00f3quia S\u00e3o Miguel Arcanjo (Arquidiocese de SP)","publisher":{"@id":"https:\/\/www.oarcanjo.net\/site\/#organization"},"potentialAction":[{"@type":"SearchAction","target":{"@type":"EntryPoint","urlTemplate":"https:\/\/www.oarcanjo.net\/site\/?s={search_term_string}"},"query-input":{"@type":"PropertyValueSpecification","valueRequired":true,"valueName":"search_term_string"}}],"inLanguage":"pt-BR"},{"@type":"Organization","@id":"https:\/\/www.oarcanjo.net\/site\/#organization","name":"Par\u00f3quia S\u00e3o Miguel Arcanjo","url":"https:\/\/www.oarcanjo.net\/site\/","logo":{"@type":"ImageObject","inLanguage":"pt-BR","@id":"https:\/\/www.oarcanjo.net\/site\/#\/schema\/logo\/image\/","url":"https:\/\/www.oarcanjo.net\/site\/wp-content\/uploads\/LogoOArcanjo.png","contentUrl":"https:\/\/www.oarcanjo.net\/site\/wp-content\/uploads\/LogoOArcanjo.png","width":319,"height":99,"caption":"Par\u00f3quia S\u00e3o Miguel Arcanjo"},"image":{"@id":"https:\/\/www.oarcanjo.net\/site\/#\/schema\/logo\/image\/"},"sameAs":["https:\/\/www.facebook.com\/OArcanjoNoAr\/"]},{"@type":"Person","@id":"https:\/\/www.oarcanjo.net\/site\/#\/schema\/person\/f7024d007863202483a31326673a0838","name":"editor","sameAs":["http:\/\/www.oarcanjo.net"]}]}},"publishpress_future_action":{"enabled":false,"date":"2026-05-08 21:43:49","action":"category","newStatus":"draft","terms":[],"taxonomy":"category"},"publishpress_future_workflow_manual_trigger":{"enabledWorkflows":[]},"_links":{"self":[{"href":"https:\/\/www.oarcanjo.net\/site\/wp-json\/wp\/v2\/posts\/1909"}],"collection":[{"href":"https:\/\/www.oarcanjo.net\/site\/wp-json\/wp\/v2\/posts"}],"about":[{"href":"https:\/\/www.oarcanjo.net\/site\/wp-json\/wp\/v2\/types\/post"}],"author":[{"embeddable":true,"href":"https:\/\/www.oarcanjo.net\/site\/wp-json\/wp\/v2\/users\/5"}],"replies":[{"embeddable":true,"href":"https:\/\/www.oarcanjo.net\/site\/wp-json\/wp\/v2\/comments?post=1909"}],"version-history":[{"count":0,"href":"https:\/\/www.oarcanjo.net\/site\/wp-json\/wp\/v2\/posts\/1909\/revisions"}],"wp:attachment":[{"href":"https:\/\/www.oarcanjo.net\/site\/wp-json\/wp\/v2\/media?parent=1909"}],"wp:term":[{"taxonomy":"category","embeddable":true,"href":"https:\/\/www.oarcanjo.net\/site\/wp-json\/wp\/v2\/categories?post=1909"},{"taxonomy":"post_tag","embeddable":true,"href":"https:\/\/www.oarcanjo.net\/site\/wp-json\/wp\/v2\/tags?post=1909"}],"curies":[{"name":"wp","href":"https:\/\/api.w.org\/{rel}","templated":true}]}}