
{"id":19092,"date":"2012-08-26T16:29:40","date_gmt":"2012-08-26T19:29:40","guid":{"rendered":"http:\/\/www.oarcanjo.net\/site\/?p=19092"},"modified":"2012-08-26T17:19:45","modified_gmt":"2012-08-26T20:19:45","slug":"treze-anos-sem-dom-helder","status":"publish","type":"post","link":"https:\/\/www.oarcanjo.net\/site\/treze-anos-sem-dom-helder\/","title":{"rendered":"Treze anos sem Dom H\u00e9lder"},"content":{"rendered":"<p>Jos\u00e9 Maria Pontes<\/p>\n<p><img decoding=\"async\" src=\"http:\/\/1.bp.blogspot.com\/-UiKVnLGpb2Y\/UDpwG5RbpSI\/AAAAAAAAI5Q\/-qdt2fWHUlc\/s1600\/jos%C3%A9+maria+pontes.jpg\" border=\"0\" alt=\"\" \/><\/p>\n<p>H\u00e1 13 anos, em 27 de agosto de 1999, nos deixava Dom Helder C\u00e2mara, um grande cidad\u00e3o do mundo, tamb\u00e9m chamado de \u201co bispo vermelho\u201d, \u201co pastor da paz\u201d, \u201co santo rebelde\u201d e de \u201co peregrino da paz\u201d. Enviado por Deus, como disse S\u00e3o Paulo, para combater o bom combate, soube como ningu\u00e9m defender a justi\u00e7a e a paz. Nasceu em Fortaleza no dia 7 de fevereiro de 1909 e teve a miss\u00e3o divina de, como S\u00e3o Francisco de Assis, defender os injusti\u00e7ados.<\/p>\n<p>Dom Helder ajudou a criar a Confer\u00eancia Nacional dos Bispos do Brasil (CNBB) e o Conselho Episcopal Latino-Americano (Celam). Amigo particular do papa Paulo VI teve uma participa\u00e7\u00e3o importante no Conc\u00edlio Vaticano II e plantou as sementes de uma igreja voltada para os pobres, a Teologia da Liberta\u00e7\u00e3o, que completa 40 anos em 2012.<\/p>\n<p>Escreveu 23 livros, sendo 19 dos quais traduzidos para v\u00e1rios idiomas. Suas fun\u00e7\u00f5es sacerdotais foram exercidas no Cear\u00e1 como padre, no Rio de Janeiro como bispo auxiliar e em Olinda e Recife (PE) como arcebispo.<\/p>\n<p>A sua op\u00e7\u00e3o pelos pobres o fez viver conforme os ensinamentos de Cristo. Quando assumiu a Arquidiocese em Olinda e Recife, 12 dias ap\u00f3s o golpe militar de 1964, desistiu de morar no Pal\u00e1cio Episcopal e foi residir na sacristia da Igreja das Fronteiras.<\/p>\n<p>Ap\u00f3s sua missa matinal di\u00e1ria tomava o caf\u00e9 da manh\u00e3 com pessoas simples como prostitutas, mendigos e desempregados. A cruz de madeira que trazia ao peito era o s\u00edmbolo do trabalho de um homem simples do povo.<\/p>\n<p>Defensor dos presos pol\u00edticos teve sua casa metralhada pelo regime militar. Foi indicado quatro vezes para o Pr\u00eamio Nobel da Paz, n\u00e3o o conseguindo devido \u00e0s cal\u00fanias plantadas na Europa pelo regime militar brasileiro.<\/p>\n<p>Respeitado em todo mundo, Dom Helder C\u00e2mara recebeu centenas de homenagens no Brasil, na Europa, nos Estados Unidos e no Canad\u00e1. Universidades de v\u00e1rios continentes paravam para ouvir as palavras do \u201cSanto Dom Helder\u201d.<\/p>\n<p>Seu sorriso e suas palavras encantavam multid\u00f5es que aclamavam este pequeno grande homem. Foi considerado o embaixador dos Direitos Humanos denunciando l\u00e1 fora as torturas e as injusti\u00e7as praticadas pela ditadura militar no nosso Pa\u00eds. Nos anos de 1970, a imprensa brasileira foi proibida de fazer qualquer cita\u00e7\u00e3o que envolvesse o nome de Dom Helder C\u00e2mara.<\/p>\n<p>Em 2009, ano do centen\u00e1rio de seu nascimento, o religioso foi lembrado com homenagens em todo Pa\u00eds e tamb\u00e9m no Exterior. O mais ilustre cearense de todos os tempos foi esquecido pela sua cidade natal Fortaleza e pelo seu Estado, sendo homenageado apenas pela igreja cat\u00f3lica e pelo Judici\u00e1rio.<\/p>\n<p>Os ensinamentos de Dom Helder C\u00e2mara permanecer\u00e3o sempre vivos nos cora\u00e7\u00f5es daqueles que lutam por justi\u00e7a. O seu maior sonho era ver o fim da fome e da mis\u00e9ria no mundo. \u00c9 lament\u00e1vel ver nossas escolas ensinando sobre os her\u00f3is de guerra quando as vidas dos verdadeiros her\u00f3is da paz s\u00e3o esquecidas.<\/p>\n<p>Um mundo melhor \u00e9 poss\u00edvel e as sementes plantadas por Dom Helder C\u00e2mara e outros pacifistas ir\u00e3o germinar e povoar um mundo mais fraterno, solid\u00e1rio e de paz.<\/p>\n<p>As novas gera\u00e7\u00f5es devem conhecer a vida e os exemplos deixados por este santo homem. Treze anos depois de sua morte, Dom Helder continua vivo entre n\u00f3s.<\/p>\n<p>*Presidente do Sindicato dos M\u00e9dicos do Cear\u00e1, ex-vereador de Fortaleza e do movimento agestes por uma cultura de paz<\/p>\n<p><em>Artigo publicado no Jornal o Povo de 26\/08\/2012<\/em><\/p>\n<p>Postado por <a title=\"author profile\" rel=\"author\" href=\"http:\/\/www.blogger.com\/profile\/12037961757835243213\">Par\u00f3quia de Santo Afonso <\/a><\/p>\n<div id=\"themify_builder_content-19092\" data-postid=\"19092\" class=\"themify_builder_content themify_builder_content-19092 themify_builder themify_builder_front\">\n\t<\/div>\n<!-- \/themify_builder_content -->","protected":false},"excerpt":{"rendered":"<p>Jos\u00e9 Maria Pontes H\u00e1 13 anos, em 27 de agosto de 1999, nos deixava Dom Helder C\u00e2mara, um grande cidad\u00e3o do mundo, tamb\u00e9m chamado de \u201co bispo vermelho\u201d, \u201co pastor da paz\u201d, \u201co santo rebelde\u201d e de \u201co peregrino da paz\u201d. Enviado por Deus, como disse S\u00e3o Paulo, para combater o bom combate, soube como [&hellip;]<\/p>\n","protected":false},"author":17,"featured_media":0,"comment_status":"open","ping_status":"open","sticky":false,"template":"","format":"standard","meta":{"ngg_post_thumbnail":0,"footnotes":""},"categories":[192],"tags":[],"yoast_head":"<!-- This site is optimized with the Yoast SEO plugin v23.5 - https:\/\/yoast.com\/wordpress\/plugins\/seo\/ -->\n<title>Treze anos sem Dom H\u00e9lder - O Arcanjo no ar<\/title>\n<meta name=\"robots\" content=\"index, follow, max-snippet:-1, max-image-preview:large, max-video-preview:-1\" \/>\n<link rel=\"canonical\" href=\"https:\/\/www.oarcanjo.net\/site\/treze-anos-sem-dom-helder\/\" \/>\n<meta property=\"og:locale\" content=\"pt_BR\" \/>\n<meta property=\"og:type\" content=\"article\" \/>\n<meta property=\"og:title\" content=\"Treze anos sem Dom H\u00e9lder - O Arcanjo no ar\" \/>\n<meta property=\"og:description\" content=\"Jos\u00e9 Maria Pontes H\u00e1 13 anos, em 27 de agosto de 1999, nos deixava Dom Helder C\u00e2mara, um grande cidad\u00e3o do mundo, tamb\u00e9m chamado de \u201co bispo vermelho\u201d, \u201co pastor da paz\u201d, \u201co santo rebelde\u201d e de \u201co peregrino da paz\u201d. Enviado por Deus, como disse S\u00e3o Paulo, para combater o bom combate, soube como [&hellip;]\" \/>\n<meta property=\"og:url\" content=\"https:\/\/www.oarcanjo.net\/site\/treze-anos-sem-dom-helder\/\" \/>\n<meta property=\"og:site_name\" content=\"O Arcanjo no ar\" \/>\n<meta property=\"article:publisher\" content=\"https:\/\/www.facebook.com\/OArcanjoNoAr\/\" \/>\n<meta property=\"article:published_time\" content=\"2012-08-26T19:29:40+00:00\" \/>\n<meta property=\"article:modified_time\" content=\"2012-08-26T20:19:45+00:00\" \/>\n<meta property=\"og:image\" content=\"http:\/\/1.bp.blogspot.com\/-UiKVnLGpb2Y\/UDpwG5RbpSI\/AAAAAAAAI5Q\/-qdt2fWHUlc\/s1600\/jos%C3%A9+maria+pontes.jpg\" \/>\n<meta name=\"author\" content=\"pe.geovane\" \/>\n<meta name=\"twitter:card\" content=\"summary_large_image\" \/>\n<meta name=\"twitter:label1\" content=\"Escrito por\" \/>\n\t<meta name=\"twitter:data1\" content=\"pe.geovane\" \/>\n\t<meta name=\"twitter:label2\" content=\"Est. tempo de leitura\" \/>\n\t<meta name=\"twitter:data2\" content=\"3 minutos\" \/>\n<script type=\"application\/ld+json\" class=\"yoast-schema-graph\">{\"@context\":\"https:\/\/schema.org\",\"@graph\":[{\"@type\":\"Article\",\"@id\":\"https:\/\/www.oarcanjo.net\/site\/treze-anos-sem-dom-helder\/#article\",\"isPartOf\":{\"@id\":\"https:\/\/www.oarcanjo.net\/site\/treze-anos-sem-dom-helder\/\"},\"author\":{\"name\":\"pe.geovane\",\"@id\":\"https:\/\/www.oarcanjo.net\/site\/#\/schema\/person\/58d7f78850a973b8e467c7ae4a7eb4ad\"},\"headline\":\"Treze anos sem Dom H\u00e9lder\",\"datePublished\":\"2012-08-26T19:29:40+00:00\",\"dateModified\":\"2012-08-26T20:19:45+00:00\",\"mainEntityOfPage\":{\"@id\":\"https:\/\/www.oarcanjo.net\/site\/treze-anos-sem-dom-helder\/\"},\"wordCount\":613,\"commentCount\":0,\"publisher\":{\"@id\":\"https:\/\/www.oarcanjo.net\/site\/#organization\"},\"image\":{\"@id\":\"https:\/\/www.oarcanjo.net\/site\/treze-anos-sem-dom-helder\/#primaryimage\"},\"thumbnailUrl\":\"http:\/\/1.bp.blogspot.com\/-UiKVnLGpb2Y\/UDpwG5RbpSI\/AAAAAAAAI5Q\/-qdt2fWHUlc\/s1600\/jos%C3%A9+maria+pontes.jpg\",\"articleSection\":[\"D. Helder C\u00e2mara\"],\"inLanguage\":\"pt-BR\",\"potentialAction\":[{\"@type\":\"CommentAction\",\"name\":\"Comment\",\"target\":[\"https:\/\/www.oarcanjo.net\/site\/treze-anos-sem-dom-helder\/#respond\"]}]},{\"@type\":\"WebPage\",\"@id\":\"https:\/\/www.oarcanjo.net\/site\/treze-anos-sem-dom-helder\/\",\"url\":\"https:\/\/www.oarcanjo.net\/site\/treze-anos-sem-dom-helder\/\",\"name\":\"Treze anos sem Dom H\u00e9lder - O Arcanjo no ar\",\"isPartOf\":{\"@id\":\"https:\/\/www.oarcanjo.net\/site\/#website\"},\"primaryImageOfPage\":{\"@id\":\"https:\/\/www.oarcanjo.net\/site\/treze-anos-sem-dom-helder\/#primaryimage\"},\"image\":{\"@id\":\"https:\/\/www.oarcanjo.net\/site\/treze-anos-sem-dom-helder\/#primaryimage\"},\"thumbnailUrl\":\"http:\/\/1.bp.blogspot.com\/-UiKVnLGpb2Y\/UDpwG5RbpSI\/AAAAAAAAI5Q\/-qdt2fWHUlc\/s1600\/jos%C3%A9+maria+pontes.jpg\",\"datePublished\":\"2012-08-26T19:29:40+00:00\",\"dateModified\":\"2012-08-26T20:19:45+00:00\",\"breadcrumb\":{\"@id\":\"https:\/\/www.oarcanjo.net\/site\/treze-anos-sem-dom-helder\/#breadcrumb\"},\"inLanguage\":\"pt-BR\",\"potentialAction\":[{\"@type\":\"ReadAction\",\"target\":[\"https:\/\/www.oarcanjo.net\/site\/treze-anos-sem-dom-helder\/\"]}]},{\"@type\":\"ImageObject\",\"inLanguage\":\"pt-BR\",\"@id\":\"https:\/\/www.oarcanjo.net\/site\/treze-anos-sem-dom-helder\/#primaryimage\",\"url\":\"http:\/\/1.bp.blogspot.com\/-UiKVnLGpb2Y\/UDpwG5RbpSI\/AAAAAAAAI5Q\/-qdt2fWHUlc\/s1600\/jos%C3%A9+maria+pontes.jpg\",\"contentUrl\":\"http:\/\/1.bp.blogspot.com\/-UiKVnLGpb2Y\/UDpwG5RbpSI\/AAAAAAAAI5Q\/-qdt2fWHUlc\/s1600\/jos%C3%A9+maria+pontes.jpg\"},{\"@type\":\"BreadcrumbList\",\"@id\":\"https:\/\/www.oarcanjo.net\/site\/treze-anos-sem-dom-helder\/#breadcrumb\",\"itemListElement\":[{\"@type\":\"ListItem\",\"position\":1,\"name\":\"In\u00edcio\",\"item\":\"https:\/\/www.oarcanjo.net\/site\/\"},{\"@type\":\"ListItem\",\"position\":2,\"name\":\"Treze anos sem Dom H\u00e9lder\"}]},{\"@type\":\"WebSite\",\"@id\":\"https:\/\/www.oarcanjo.net\/site\/#website\",\"url\":\"https:\/\/www.oarcanjo.net\/site\/\",\"name\":\"O Arcanjo no ar\",\"description\":\"Site da Par\u00f3quia S\u00e3o Miguel Arcanjo (Arquidiocese de SP)\",\"publisher\":{\"@id\":\"https:\/\/www.oarcanjo.net\/site\/#organization\"},\"potentialAction\":[{\"@type\":\"SearchAction\",\"target\":{\"@type\":\"EntryPoint\",\"urlTemplate\":\"https:\/\/www.oarcanjo.net\/site\/?s={search_term_string}\"},\"query-input\":{\"@type\":\"PropertyValueSpecification\",\"valueRequired\":true,\"valueName\":\"search_term_string\"}}],\"inLanguage\":\"pt-BR\"},{\"@type\":\"Organization\",\"@id\":\"https:\/\/www.oarcanjo.net\/site\/#organization\",\"name\":\"Par\u00f3quia S\u00e3o Miguel Arcanjo\",\"url\":\"https:\/\/www.oarcanjo.net\/site\/\",\"logo\":{\"@type\":\"ImageObject\",\"inLanguage\":\"pt-BR\",\"@id\":\"https:\/\/www.oarcanjo.net\/site\/#\/schema\/logo\/image\/\",\"url\":\"https:\/\/www.oarcanjo.net\/site\/wp-content\/uploads\/LogoOArcanjo.png\",\"contentUrl\":\"https:\/\/www.oarcanjo.net\/site\/wp-content\/uploads\/LogoOArcanjo.png\",\"width\":319,\"height\":99,\"caption\":\"Par\u00f3quia S\u00e3o Miguel Arcanjo\"},\"image\":{\"@id\":\"https:\/\/www.oarcanjo.net\/site\/#\/schema\/logo\/image\/\"},\"sameAs\":[\"https:\/\/www.facebook.com\/OArcanjoNoAr\/\"]},{\"@type\":\"Person\",\"@id\":\"https:\/\/www.oarcanjo.net\/site\/#\/schema\/person\/58d7f78850a973b8e467c7ae4a7eb4ad\",\"name\":\"pe.geovane\"}]}<\/script>\n<!-- \/ Yoast SEO plugin. -->","yoast_head_json":{"title":"Treze anos sem Dom H\u00e9lder - O Arcanjo no ar","robots":{"index":"index","follow":"follow","max-snippet":"max-snippet:-1","max-image-preview":"max-image-preview:large","max-video-preview":"max-video-preview:-1"},"canonical":"https:\/\/www.oarcanjo.net\/site\/treze-anos-sem-dom-helder\/","og_locale":"pt_BR","og_type":"article","og_title":"Treze anos sem Dom H\u00e9lder - O Arcanjo no ar","og_description":"Jos\u00e9 Maria Pontes H\u00e1 13 anos, em 27 de agosto de 1999, nos deixava Dom Helder C\u00e2mara, um grande cidad\u00e3o do mundo, tamb\u00e9m chamado de \u201co bispo vermelho\u201d, \u201co pastor da paz\u201d, \u201co santo rebelde\u201d e de \u201co peregrino da paz\u201d. Enviado por Deus, como disse S\u00e3o Paulo, para combater o bom combate, soube como [&hellip;]","og_url":"https:\/\/www.oarcanjo.net\/site\/treze-anos-sem-dom-helder\/","og_site_name":"O Arcanjo no ar","article_publisher":"https:\/\/www.facebook.com\/OArcanjoNoAr\/","article_published_time":"2012-08-26T19:29:40+00:00","article_modified_time":"2012-08-26T20:19:45+00:00","og_image":[{"url":"http:\/\/1.bp.blogspot.com\/-UiKVnLGpb2Y\/UDpwG5RbpSI\/AAAAAAAAI5Q\/-qdt2fWHUlc\/s1600\/jos%C3%A9+maria+pontes.jpg"}],"author":"pe.geovane","twitter_card":"summary_large_image","twitter_misc":{"Escrito por":"pe.geovane","Est. tempo de leitura":"3 minutos"},"schema":{"@context":"https:\/\/schema.org","@graph":[{"@type":"Article","@id":"https:\/\/www.oarcanjo.net\/site\/treze-anos-sem-dom-helder\/#article","isPartOf":{"@id":"https:\/\/www.oarcanjo.net\/site\/treze-anos-sem-dom-helder\/"},"author":{"name":"pe.geovane","@id":"https:\/\/www.oarcanjo.net\/site\/#\/schema\/person\/58d7f78850a973b8e467c7ae4a7eb4ad"},"headline":"Treze anos sem Dom H\u00e9lder","datePublished":"2012-08-26T19:29:40+00:00","dateModified":"2012-08-26T20:19:45+00:00","mainEntityOfPage":{"@id":"https:\/\/www.oarcanjo.net\/site\/treze-anos-sem-dom-helder\/"},"wordCount":613,"commentCount":0,"publisher":{"@id":"https:\/\/www.oarcanjo.net\/site\/#organization"},"image":{"@id":"https:\/\/www.oarcanjo.net\/site\/treze-anos-sem-dom-helder\/#primaryimage"},"thumbnailUrl":"http:\/\/1.bp.blogspot.com\/-UiKVnLGpb2Y\/UDpwG5RbpSI\/AAAAAAAAI5Q\/-qdt2fWHUlc\/s1600\/jos%C3%A9+maria+pontes.jpg","articleSection":["D. Helder C\u00e2mara"],"inLanguage":"pt-BR","potentialAction":[{"@type":"CommentAction","name":"Comment","target":["https:\/\/www.oarcanjo.net\/site\/treze-anos-sem-dom-helder\/#respond"]}]},{"@type":"WebPage","@id":"https:\/\/www.oarcanjo.net\/site\/treze-anos-sem-dom-helder\/","url":"https:\/\/www.oarcanjo.net\/site\/treze-anos-sem-dom-helder\/","name":"Treze anos sem Dom H\u00e9lder - O Arcanjo no ar","isPartOf":{"@id":"https:\/\/www.oarcanjo.net\/site\/#website"},"primaryImageOfPage":{"@id":"https:\/\/www.oarcanjo.net\/site\/treze-anos-sem-dom-helder\/#primaryimage"},"image":{"@id":"https:\/\/www.oarcanjo.net\/site\/treze-anos-sem-dom-helder\/#primaryimage"},"thumbnailUrl":"http:\/\/1.bp.blogspot.com\/-UiKVnLGpb2Y\/UDpwG5RbpSI\/AAAAAAAAI5Q\/-qdt2fWHUlc\/s1600\/jos%C3%A9+maria+pontes.jpg","datePublished":"2012-08-26T19:29:40+00:00","dateModified":"2012-08-26T20:19:45+00:00","breadcrumb":{"@id":"https:\/\/www.oarcanjo.net\/site\/treze-anos-sem-dom-helder\/#breadcrumb"},"inLanguage":"pt-BR","potentialAction":[{"@type":"ReadAction","target":["https:\/\/www.oarcanjo.net\/site\/treze-anos-sem-dom-helder\/"]}]},{"@type":"ImageObject","inLanguage":"pt-BR","@id":"https:\/\/www.oarcanjo.net\/site\/treze-anos-sem-dom-helder\/#primaryimage","url":"http:\/\/1.bp.blogspot.com\/-UiKVnLGpb2Y\/UDpwG5RbpSI\/AAAAAAAAI5Q\/-qdt2fWHUlc\/s1600\/jos%C3%A9+maria+pontes.jpg","contentUrl":"http:\/\/1.bp.blogspot.com\/-UiKVnLGpb2Y\/UDpwG5RbpSI\/AAAAAAAAI5Q\/-qdt2fWHUlc\/s1600\/jos%C3%A9+maria+pontes.jpg"},{"@type":"BreadcrumbList","@id":"https:\/\/www.oarcanjo.net\/site\/treze-anos-sem-dom-helder\/#breadcrumb","itemListElement":[{"@type":"ListItem","position":1,"name":"In\u00edcio","item":"https:\/\/www.oarcanjo.net\/site\/"},{"@type":"ListItem","position":2,"name":"Treze anos sem Dom H\u00e9lder"}]},{"@type":"WebSite","@id":"https:\/\/www.oarcanjo.net\/site\/#website","url":"https:\/\/www.oarcanjo.net\/site\/","name":"O Arcanjo no ar","description":"Site da Par\u00f3quia S\u00e3o Miguel Arcanjo (Arquidiocese de SP)","publisher":{"@id":"https:\/\/www.oarcanjo.net\/site\/#organization"},"potentialAction":[{"@type":"SearchAction","target":{"@type":"EntryPoint","urlTemplate":"https:\/\/www.oarcanjo.net\/site\/?s={search_term_string}"},"query-input":{"@type":"PropertyValueSpecification","valueRequired":true,"valueName":"search_term_string"}}],"inLanguage":"pt-BR"},{"@type":"Organization","@id":"https:\/\/www.oarcanjo.net\/site\/#organization","name":"Par\u00f3quia S\u00e3o Miguel Arcanjo","url":"https:\/\/www.oarcanjo.net\/site\/","logo":{"@type":"ImageObject","inLanguage":"pt-BR","@id":"https:\/\/www.oarcanjo.net\/site\/#\/schema\/logo\/image\/","url":"https:\/\/www.oarcanjo.net\/site\/wp-content\/uploads\/LogoOArcanjo.png","contentUrl":"https:\/\/www.oarcanjo.net\/site\/wp-content\/uploads\/LogoOArcanjo.png","width":319,"height":99,"caption":"Par\u00f3quia S\u00e3o Miguel Arcanjo"},"image":{"@id":"https:\/\/www.oarcanjo.net\/site\/#\/schema\/logo\/image\/"},"sameAs":["https:\/\/www.facebook.com\/OArcanjoNoAr\/"]},{"@type":"Person","@id":"https:\/\/www.oarcanjo.net\/site\/#\/schema\/person\/58d7f78850a973b8e467c7ae4a7eb4ad","name":"pe.geovane"}]}},"publishpress_future_action":{"enabled":false,"date":"2026-05-08 11:45:04","action":"category","newStatus":"draft","terms":[],"taxonomy":"category"},"publishpress_future_workflow_manual_trigger":{"enabledWorkflows":[]},"_links":{"self":[{"href":"https:\/\/www.oarcanjo.net\/site\/wp-json\/wp\/v2\/posts\/19092"}],"collection":[{"href":"https:\/\/www.oarcanjo.net\/site\/wp-json\/wp\/v2\/posts"}],"about":[{"href":"https:\/\/www.oarcanjo.net\/site\/wp-json\/wp\/v2\/types\/post"}],"author":[{"embeddable":true,"href":"https:\/\/www.oarcanjo.net\/site\/wp-json\/wp\/v2\/users\/17"}],"replies":[{"embeddable":true,"href":"https:\/\/www.oarcanjo.net\/site\/wp-json\/wp\/v2\/comments?post=19092"}],"version-history":[{"count":0,"href":"https:\/\/www.oarcanjo.net\/site\/wp-json\/wp\/v2\/posts\/19092\/revisions"}],"wp:attachment":[{"href":"https:\/\/www.oarcanjo.net\/site\/wp-json\/wp\/v2\/media?parent=19092"}],"wp:term":[{"taxonomy":"category","embeddable":true,"href":"https:\/\/www.oarcanjo.net\/site\/wp-json\/wp\/v2\/categories?post=19092"},{"taxonomy":"post_tag","embeddable":true,"href":"https:\/\/www.oarcanjo.net\/site\/wp-json\/wp\/v2\/tags?post=19092"}],"curies":[{"name":"wp","href":"https:\/\/api.w.org\/{rel}","templated":true}]}}