
{"id":19096,"date":"2012-08-26T17:24:10","date_gmt":"2012-08-26T20:24:10","guid":{"rendered":"http:\/\/www.oarcanjo.net\/site\/?p=19096"},"modified":"2012-08-26T17:30:32","modified_gmt":"2012-08-26T20:30:32","slug":"familias-de-sao-paulo-acolhem-jovens-do-mundo-todo-em-preparacao-a-jmj-2013","status":"publish","type":"post","link":"https:\/\/www.oarcanjo.net\/site\/familias-de-sao-paulo-acolhem-jovens-do-mundo-todo-em-preparacao-a-jmj-2013\/","title":{"rendered":"Fam\u00edlias de S\u00e3o Paulo acolhem jovens do mundo todo em prepara\u00e7\u00e3o \u00e0 JMJ 2013"},"content":{"rendered":"<p>Os dias anteriores \u00e0 Jornada Mundial da Juventude oferecem aos jovens vindos de fora do Brasil a possibilidade de passar um tempo de conviv\u00eancia com outros jovens brasileiros, em prepara\u00e7\u00e3o \u00e0 JMJ.\u00a0No Brasil, por sugest\u00e3o da Confer\u00eancia Nacional dos Bispos do Brasil (CNBB), acontecer\u00e1 a &#8220;Semana Mission\u00e1ria&#8221;, de 17 a 21 de julho de 2013.<\/p>\n<p>A semana ser\u00e1 marcada pelo acolhimento dos peregrinos em casas de fam\u00edlia, par\u00f3quias, institui\u00e7\u00f5es educativas e outros ambientes eclesiais nas dioceses brasileiras. Seus objetivos visam proporcionar:<\/p>\n<p>1) Experi\u00eancia de F\u00e9;<\/p>\n<p>2) Experi\u00eancia Cultural;<\/p>\n<p>3) Experi\u00eancia de solidariedade.<\/p>\n<p>Mais de 30 mil peregrinos estrangeiros ser\u00e3o acolhidos nas par\u00f3quias da Arquidiocese nesses dias e a hospedagem ficar\u00e1 por conta das fam\u00edlias que freq\u00fcentam as comunidades. As fam\u00edlias que t\u00eam condi\u00e7\u00f5es de hospedar peregrinos em sua casa poder\u00e3o se cadastrar diretamente no site <a title=\"www.prejmjsp.com\" href=\"http:\/\/www.prejmjsp.com\" target=\"_blank\"><\/a><a title=\"Hospedagem Solid\u00e1ria na Semana Mission\u00e1ria\" href=\"http:\/\/www.prejmjsp.com\/familia-acolhedora\/cadastro\/src\/web\/TelaForm.php\" target=\"_blank\">http:\/\/www.prejmjsp.com\/familia-acolhedora\/cadastro\/src\/web\/TelaForm.php<\/a>.<\/p>\n<p>Neste site, tamb\u00e9m ser\u00e3o cadastrados os volunt\u00e1rios. <a title=\"FAQ sobre voluntariado durante a Semana Mission\u00e1ria\" href=\"http:\/\/www.arquidiocesedesaopaulo.org.br\/sites\/arquidiocesedesaopaulo.pucsp.br\/files\/PERGUNTAS%20E%20RESPOSTAS%20-%20VOLUNTARIADO.pdf\" target=\"_blank\">Esclare\u00e7a suas d\u00favidas<\/a> sobre o voluntariado durante a Semana Mission\u00e1ria, clicando <a title=\"FAQ sobre voluntariado durante a Semana Mission\u00e1ria\" href=\"http:\/\/www.arquidiocesedesaopaulo.org.br\/sites\/arquidiocesedesaopaulo.pucsp.br\/files\/PERGUNTAS%20E%20RESPOSTAS%20-%20VOLUNTARIADO.pdf\" target=\"_blank\">aqui<\/a>.<\/p>\n<div id=\"themify_builder_content-19096\" data-postid=\"19096\" class=\"themify_builder_content themify_builder_content-19096 themify_builder themify_builder_front\">\n\t<\/div>\n<!-- \/themify_builder_content -->","protected":false},"excerpt":{"rendered":"<p>Os dias anteriores \u00e0 Jornada Mundial da Juventude oferecem aos jovens vindos de fora do Brasil a possibilidade de passar um tempo de conviv\u00eancia com outros jovens brasileiros, em prepara\u00e7\u00e3o \u00e0 JMJ.\u00a0No Brasil, por sugest\u00e3o da Confer\u00eancia Nacional dos Bispos do Brasil (CNBB), acontecer\u00e1 a &#8220;Semana Mission\u00e1ria&#8221;, de 17 a 21 de julho de 2013. [&hellip;]<\/p>\n","protected":false},"author":5,"featured_media":0,"comment_status":"open","ping_status":"open","sticky":false,"template":"","format":"standard","meta":{"ngg_post_thumbnail":0,"footnotes":""},"categories":[3,395,8],"tags":[],"yoast_head":"<!-- This site is optimized with the Yoast SEO plugin v23.5 - https:\/\/yoast.com\/wordpress\/plugins\/seo\/ -->\n<title>Fam\u00edlias de S\u00e3o Paulo acolhem jovens do mundo todo em prepara\u00e7\u00e3o \u00e0 JMJ 2013 - O Arcanjo no ar<\/title>\n<meta name=\"robots\" content=\"index, follow, max-snippet:-1, max-image-preview:large, max-video-preview:-1\" \/>\n<link rel=\"canonical\" href=\"https:\/\/www.oarcanjo.net\/site\/familias-de-sao-paulo-acolhem-jovens-do-mundo-todo-em-preparacao-a-jmj-2013\/\" \/>\n<meta property=\"og:locale\" content=\"pt_BR\" \/>\n<meta property=\"og:type\" content=\"article\" \/>\n<meta property=\"og:title\" content=\"Fam\u00edlias de S\u00e3o Paulo acolhem jovens do mundo todo em prepara\u00e7\u00e3o \u00e0 JMJ 2013 - O Arcanjo no ar\" \/>\n<meta property=\"og:description\" content=\"Os dias anteriores \u00e0 Jornada Mundial da Juventude oferecem aos jovens vindos de fora do Brasil a possibilidade de passar um tempo de conviv\u00eancia com outros jovens brasileiros, em prepara\u00e7\u00e3o \u00e0 JMJ.\u00a0No Brasil, por sugest\u00e3o da Confer\u00eancia Nacional dos Bispos do Brasil (CNBB), acontecer\u00e1 a &#8220;Semana Mission\u00e1ria&#8221;, de 17 a 21 de julho de 2013. [&hellip;]\" \/>\n<meta property=\"og:url\" content=\"https:\/\/www.oarcanjo.net\/site\/familias-de-sao-paulo-acolhem-jovens-do-mundo-todo-em-preparacao-a-jmj-2013\/\" \/>\n<meta property=\"og:site_name\" content=\"O Arcanjo no ar\" \/>\n<meta property=\"article:publisher\" content=\"https:\/\/www.facebook.com\/OArcanjoNoAr\/\" \/>\n<meta property=\"article:published_time\" content=\"2012-08-26T20:24:10+00:00\" \/>\n<meta property=\"article:modified_time\" content=\"2012-08-26T20:30:32+00:00\" \/>\n<meta property=\"og:image\" content=\"https:\/\/www.oarcanjo.net\/site\/wp-content\/uploads\/logo-o-arcanjo-no-ar-facebook.png\" \/>\n\t<meta property=\"og:image:width\" content=\"300\" \/>\n\t<meta property=\"og:image:height\" content=\"300\" \/>\n\t<meta property=\"og:image:type\" content=\"image\/png\" \/>\n<meta name=\"author\" content=\"editor\" \/>\n<meta name=\"twitter:card\" content=\"summary_large_image\" \/>\n<meta name=\"twitter:label1\" content=\"Escrito por\" \/>\n\t<meta name=\"twitter:data1\" content=\"editor\" \/>\n\t<meta name=\"twitter:label2\" content=\"Est. tempo de leitura\" \/>\n\t<meta name=\"twitter:data2\" content=\"1 minuto\" \/>\n<script type=\"application\/ld+json\" class=\"yoast-schema-graph\">{\"@context\":\"https:\/\/schema.org\",\"@graph\":[{\"@type\":\"Article\",\"@id\":\"https:\/\/www.oarcanjo.net\/site\/familias-de-sao-paulo-acolhem-jovens-do-mundo-todo-em-preparacao-a-jmj-2013\/#article\",\"isPartOf\":{\"@id\":\"https:\/\/www.oarcanjo.net\/site\/familias-de-sao-paulo-acolhem-jovens-do-mundo-todo-em-preparacao-a-jmj-2013\/\"},\"author\":{\"name\":\"editor\",\"@id\":\"https:\/\/www.oarcanjo.net\/site\/#\/schema\/person\/f7024d007863202483a31326673a0838\"},\"headline\":\"Fam\u00edlias de S\u00e3o Paulo acolhem jovens do mundo todo em prepara\u00e7\u00e3o \u00e0 JMJ 2013\",\"datePublished\":\"2012-08-26T20:24:10+00:00\",\"dateModified\":\"2012-08-26T20:30:32+00:00\",\"mainEntityOfPage\":{\"@id\":\"https:\/\/www.oarcanjo.net\/site\/familias-de-sao-paulo-acolhem-jovens-do-mundo-todo-em-preparacao-a-jmj-2013\/\"},\"wordCount\":196,\"commentCount\":0,\"publisher\":{\"@id\":\"https:\/\/www.oarcanjo.net\/site\/#organization\"},\"articleSection\":[\"Destaques\",\"Jovens\",\"Not\u00edcias\"],\"inLanguage\":\"pt-BR\",\"potentialAction\":[{\"@type\":\"CommentAction\",\"name\":\"Comment\",\"target\":[\"https:\/\/www.oarcanjo.net\/site\/familias-de-sao-paulo-acolhem-jovens-do-mundo-todo-em-preparacao-a-jmj-2013\/#respond\"]}]},{\"@type\":\"WebPage\",\"@id\":\"https:\/\/www.oarcanjo.net\/site\/familias-de-sao-paulo-acolhem-jovens-do-mundo-todo-em-preparacao-a-jmj-2013\/\",\"url\":\"https:\/\/www.oarcanjo.net\/site\/familias-de-sao-paulo-acolhem-jovens-do-mundo-todo-em-preparacao-a-jmj-2013\/\",\"name\":\"Fam\u00edlias de S\u00e3o Paulo acolhem jovens do mundo todo em prepara\u00e7\u00e3o \u00e0 JMJ 2013 - O Arcanjo no ar\",\"isPartOf\":{\"@id\":\"https:\/\/www.oarcanjo.net\/site\/#website\"},\"datePublished\":\"2012-08-26T20:24:10+00:00\",\"dateModified\":\"2012-08-26T20:30:32+00:00\",\"breadcrumb\":{\"@id\":\"https:\/\/www.oarcanjo.net\/site\/familias-de-sao-paulo-acolhem-jovens-do-mundo-todo-em-preparacao-a-jmj-2013\/#breadcrumb\"},\"inLanguage\":\"pt-BR\",\"potentialAction\":[{\"@type\":\"ReadAction\",\"target\":[\"https:\/\/www.oarcanjo.net\/site\/familias-de-sao-paulo-acolhem-jovens-do-mundo-todo-em-preparacao-a-jmj-2013\/\"]}]},{\"@type\":\"BreadcrumbList\",\"@id\":\"https:\/\/www.oarcanjo.net\/site\/familias-de-sao-paulo-acolhem-jovens-do-mundo-todo-em-preparacao-a-jmj-2013\/#breadcrumb\",\"itemListElement\":[{\"@type\":\"ListItem\",\"position\":1,\"name\":\"In\u00edcio\",\"item\":\"https:\/\/www.oarcanjo.net\/site\/\"},{\"@type\":\"ListItem\",\"position\":2,\"name\":\"Fam\u00edlias de S\u00e3o Paulo acolhem jovens do mundo todo em prepara\u00e7\u00e3o \u00e0 JMJ 2013\"}]},{\"@type\":\"WebSite\",\"@id\":\"https:\/\/www.oarcanjo.net\/site\/#website\",\"url\":\"https:\/\/www.oarcanjo.net\/site\/\",\"name\":\"O Arcanjo no ar\",\"description\":\"Site da Par\u00f3quia S\u00e3o Miguel Arcanjo (Arquidiocese de SP)\",\"publisher\":{\"@id\":\"https:\/\/www.oarcanjo.net\/site\/#organization\"},\"potentialAction\":[{\"@type\":\"SearchAction\",\"target\":{\"@type\":\"EntryPoint\",\"urlTemplate\":\"https:\/\/www.oarcanjo.net\/site\/?s={search_term_string}\"},\"query-input\":{\"@type\":\"PropertyValueSpecification\",\"valueRequired\":true,\"valueName\":\"search_term_string\"}}],\"inLanguage\":\"pt-BR\"},{\"@type\":\"Organization\",\"@id\":\"https:\/\/www.oarcanjo.net\/site\/#organization\",\"name\":\"Par\u00f3quia S\u00e3o Miguel Arcanjo\",\"url\":\"https:\/\/www.oarcanjo.net\/site\/\",\"logo\":{\"@type\":\"ImageObject\",\"inLanguage\":\"pt-BR\",\"@id\":\"https:\/\/www.oarcanjo.net\/site\/#\/schema\/logo\/image\/\",\"url\":\"https:\/\/www.oarcanjo.net\/site\/wp-content\/uploads\/LogoOArcanjo.png\",\"contentUrl\":\"https:\/\/www.oarcanjo.net\/site\/wp-content\/uploads\/LogoOArcanjo.png\",\"width\":319,\"height\":99,\"caption\":\"Par\u00f3quia S\u00e3o Miguel Arcanjo\"},\"image\":{\"@id\":\"https:\/\/www.oarcanjo.net\/site\/#\/schema\/logo\/image\/\"},\"sameAs\":[\"https:\/\/www.facebook.com\/OArcanjoNoAr\/\"]},{\"@type\":\"Person\",\"@id\":\"https:\/\/www.oarcanjo.net\/site\/#\/schema\/person\/f7024d007863202483a31326673a0838\",\"name\":\"editor\",\"sameAs\":[\"http:\/\/www.oarcanjo.net\"]}]}<\/script>\n<!-- \/ Yoast SEO plugin. -->","yoast_head_json":{"title":"Fam\u00edlias de S\u00e3o Paulo acolhem jovens do mundo todo em prepara\u00e7\u00e3o \u00e0 JMJ 2013 - O Arcanjo no ar","robots":{"index":"index","follow":"follow","max-snippet":"max-snippet:-1","max-image-preview":"max-image-preview:large","max-video-preview":"max-video-preview:-1"},"canonical":"https:\/\/www.oarcanjo.net\/site\/familias-de-sao-paulo-acolhem-jovens-do-mundo-todo-em-preparacao-a-jmj-2013\/","og_locale":"pt_BR","og_type":"article","og_title":"Fam\u00edlias de S\u00e3o Paulo acolhem jovens do mundo todo em prepara\u00e7\u00e3o \u00e0 JMJ 2013 - O Arcanjo no ar","og_description":"Os dias anteriores \u00e0 Jornada Mundial da Juventude oferecem aos jovens vindos de fora do Brasil a possibilidade de passar um tempo de conviv\u00eancia com outros jovens brasileiros, em prepara\u00e7\u00e3o \u00e0 JMJ.\u00a0No Brasil, por sugest\u00e3o da Confer\u00eancia Nacional dos Bispos do Brasil (CNBB), acontecer\u00e1 a &#8220;Semana Mission\u00e1ria&#8221;, de 17 a 21 de julho de 2013. [&hellip;]","og_url":"https:\/\/www.oarcanjo.net\/site\/familias-de-sao-paulo-acolhem-jovens-do-mundo-todo-em-preparacao-a-jmj-2013\/","og_site_name":"O Arcanjo no ar","article_publisher":"https:\/\/www.facebook.com\/OArcanjoNoAr\/","article_published_time":"2012-08-26T20:24:10+00:00","article_modified_time":"2012-08-26T20:30:32+00:00","og_image":[{"width":300,"height":300,"url":"https:\/\/www.oarcanjo.net\/site\/wp-content\/uploads\/logo-o-arcanjo-no-ar-facebook.png","type":"image\/png"}],"author":"editor","twitter_card":"summary_large_image","twitter_misc":{"Escrito por":"editor","Est. tempo de leitura":"1 minuto"},"schema":{"@context":"https:\/\/schema.org","@graph":[{"@type":"Article","@id":"https:\/\/www.oarcanjo.net\/site\/familias-de-sao-paulo-acolhem-jovens-do-mundo-todo-em-preparacao-a-jmj-2013\/#article","isPartOf":{"@id":"https:\/\/www.oarcanjo.net\/site\/familias-de-sao-paulo-acolhem-jovens-do-mundo-todo-em-preparacao-a-jmj-2013\/"},"author":{"name":"editor","@id":"https:\/\/www.oarcanjo.net\/site\/#\/schema\/person\/f7024d007863202483a31326673a0838"},"headline":"Fam\u00edlias de S\u00e3o Paulo acolhem jovens do mundo todo em prepara\u00e7\u00e3o \u00e0 JMJ 2013","datePublished":"2012-08-26T20:24:10+00:00","dateModified":"2012-08-26T20:30:32+00:00","mainEntityOfPage":{"@id":"https:\/\/www.oarcanjo.net\/site\/familias-de-sao-paulo-acolhem-jovens-do-mundo-todo-em-preparacao-a-jmj-2013\/"},"wordCount":196,"commentCount":0,"publisher":{"@id":"https:\/\/www.oarcanjo.net\/site\/#organization"},"articleSection":["Destaques","Jovens","Not\u00edcias"],"inLanguage":"pt-BR","potentialAction":[{"@type":"CommentAction","name":"Comment","target":["https:\/\/www.oarcanjo.net\/site\/familias-de-sao-paulo-acolhem-jovens-do-mundo-todo-em-preparacao-a-jmj-2013\/#respond"]}]},{"@type":"WebPage","@id":"https:\/\/www.oarcanjo.net\/site\/familias-de-sao-paulo-acolhem-jovens-do-mundo-todo-em-preparacao-a-jmj-2013\/","url":"https:\/\/www.oarcanjo.net\/site\/familias-de-sao-paulo-acolhem-jovens-do-mundo-todo-em-preparacao-a-jmj-2013\/","name":"Fam\u00edlias de S\u00e3o Paulo acolhem jovens do mundo todo em prepara\u00e7\u00e3o \u00e0 JMJ 2013 - O Arcanjo no ar","isPartOf":{"@id":"https:\/\/www.oarcanjo.net\/site\/#website"},"datePublished":"2012-08-26T20:24:10+00:00","dateModified":"2012-08-26T20:30:32+00:00","breadcrumb":{"@id":"https:\/\/www.oarcanjo.net\/site\/familias-de-sao-paulo-acolhem-jovens-do-mundo-todo-em-preparacao-a-jmj-2013\/#breadcrumb"},"inLanguage":"pt-BR","potentialAction":[{"@type":"ReadAction","target":["https:\/\/www.oarcanjo.net\/site\/familias-de-sao-paulo-acolhem-jovens-do-mundo-todo-em-preparacao-a-jmj-2013\/"]}]},{"@type":"BreadcrumbList","@id":"https:\/\/www.oarcanjo.net\/site\/familias-de-sao-paulo-acolhem-jovens-do-mundo-todo-em-preparacao-a-jmj-2013\/#breadcrumb","itemListElement":[{"@type":"ListItem","position":1,"name":"In\u00edcio","item":"https:\/\/www.oarcanjo.net\/site\/"},{"@type":"ListItem","position":2,"name":"Fam\u00edlias de S\u00e3o Paulo acolhem jovens do mundo todo em prepara\u00e7\u00e3o \u00e0 JMJ 2013"}]},{"@type":"WebSite","@id":"https:\/\/www.oarcanjo.net\/site\/#website","url":"https:\/\/www.oarcanjo.net\/site\/","name":"O Arcanjo no ar","description":"Site da Par\u00f3quia S\u00e3o Miguel Arcanjo (Arquidiocese de SP)","publisher":{"@id":"https:\/\/www.oarcanjo.net\/site\/#organization"},"potentialAction":[{"@type":"SearchAction","target":{"@type":"EntryPoint","urlTemplate":"https:\/\/www.oarcanjo.net\/site\/?s={search_term_string}"},"query-input":{"@type":"PropertyValueSpecification","valueRequired":true,"valueName":"search_term_string"}}],"inLanguage":"pt-BR"},{"@type":"Organization","@id":"https:\/\/www.oarcanjo.net\/site\/#organization","name":"Par\u00f3quia S\u00e3o Miguel Arcanjo","url":"https:\/\/www.oarcanjo.net\/site\/","logo":{"@type":"ImageObject","inLanguage":"pt-BR","@id":"https:\/\/www.oarcanjo.net\/site\/#\/schema\/logo\/image\/","url":"https:\/\/www.oarcanjo.net\/site\/wp-content\/uploads\/LogoOArcanjo.png","contentUrl":"https:\/\/www.oarcanjo.net\/site\/wp-content\/uploads\/LogoOArcanjo.png","width":319,"height":99,"caption":"Par\u00f3quia S\u00e3o Miguel Arcanjo"},"image":{"@id":"https:\/\/www.oarcanjo.net\/site\/#\/schema\/logo\/image\/"},"sameAs":["https:\/\/www.facebook.com\/OArcanjoNoAr\/"]},{"@type":"Person","@id":"https:\/\/www.oarcanjo.net\/site\/#\/schema\/person\/f7024d007863202483a31326673a0838","name":"editor","sameAs":["http:\/\/www.oarcanjo.net"]}]}},"publishpress_future_action":{"enabled":false,"date":"2026-05-07 08:08:53","action":"category","newStatus":"draft","terms":[],"taxonomy":"category"},"publishpress_future_workflow_manual_trigger":{"enabledWorkflows":[]},"_links":{"self":[{"href":"https:\/\/www.oarcanjo.net\/site\/wp-json\/wp\/v2\/posts\/19096"}],"collection":[{"href":"https:\/\/www.oarcanjo.net\/site\/wp-json\/wp\/v2\/posts"}],"about":[{"href":"https:\/\/www.oarcanjo.net\/site\/wp-json\/wp\/v2\/types\/post"}],"author":[{"embeddable":true,"href":"https:\/\/www.oarcanjo.net\/site\/wp-json\/wp\/v2\/users\/5"}],"replies":[{"embeddable":true,"href":"https:\/\/www.oarcanjo.net\/site\/wp-json\/wp\/v2\/comments?post=19096"}],"version-history":[{"count":0,"href":"https:\/\/www.oarcanjo.net\/site\/wp-json\/wp\/v2\/posts\/19096\/revisions"}],"wp:attachment":[{"href":"https:\/\/www.oarcanjo.net\/site\/wp-json\/wp\/v2\/media?parent=19096"}],"wp:term":[{"taxonomy":"category","embeddable":true,"href":"https:\/\/www.oarcanjo.net\/site\/wp-json\/wp\/v2\/categories?post=19096"},{"taxonomy":"post_tag","embeddable":true,"href":"https:\/\/www.oarcanjo.net\/site\/wp-json\/wp\/v2\/tags?post=19096"}],"curies":[{"name":"wp","href":"https:\/\/api.w.org\/{rel}","templated":true}]}}