
{"id":1911,"date":"2009-02-19T09:30:58","date_gmt":"2009-02-19T12:30:58","guid":{"rendered":"http:\/\/www.oarcanjo.net\/site\/?p=1911"},"modified":"2009-03-30T09:26:56","modified_gmt":"2009-03-30T12:26:56","slug":"curso-de-teologia-no-setor-belem","status":"publish","type":"post","link":"https:\/\/www.oarcanjo.net\/site\/curso-de-teologia-no-setor-belem\/","title":{"rendered":"Curso de Teologia no Setor Bel\u00e9m"},"content":{"rendered":"<p><img loading=\"lazy\" decoding=\"async\" src=\"http:\/\/www.oarcanjo.net\/site\/wp-content\/uploads\/ft_curso_teologia_2009_03_pq.jpg\" alt=\"\" title=\"Abertura do Curso de Teologia - Setor Bel\u00e9m\" width=\"250\" height=\"167\" size-full wp-image-2024\" align=\"left\" hspace=\"3\"  hspace=\"2\"\/>A Par\u00f3quia S\u00e3o Miguel Arcanjo teve presen\u00e7a marcante na abertura do <strong>Curso de Teologia<\/strong>, no Centro Pastoral S\u00e3o Jos\u00e9. Era o grupo mais numeroso. Isso mostra que foi realizada uma boa divulga\u00e7\u00e3o e contou com o usual est\u00edmulo do Padre J\u00falio Lancellotti.<\/p>\n<p>O curso objetiva responder aos constantes apelos da Igreja nesta Cidade de S\u00e3o Paulo, com seus desafios em face do tamanho e tamb\u00e9m das desigualdades. Vai ao encontro da necessidade de forma\u00e7\u00e3o dos agentes evangelizadores, incentivando e qualificando os leigos e leigas como educadores da f\u00e9. Busca desenvolver um conhecimento interdisciplinar sobre os assuntos da f\u00e9 cat\u00f3lica.<\/p>\n<p><img loading=\"lazy\" decoding=\"async\" src=\"http:\/\/www.oarcanjo.net\/site\/wp-content\/uploads\/ft_curso_teologia_2009_08_pq.jpg\" alt=\"\" title=\"Abertura do Curso de Teologia - Setor Bel\u00e9m\" width=\"250\" height=\"167\" size-full wp-image-2030\" align=\"right\" hspace=\"3\"  hspace=\"2\" \/>J\u00e1 na celebra\u00e7\u00e3o que abriu o curso, tivemos uma amostra do conte\u00fado e tamb\u00e9m da qualidade. Nesses dois anos, com aulas \u00e0s segundas-feiras, estudaremos as seguintes disciplinas: <em>Introdu\u00e7\u00e3o \u00e0 Teologia<\/em>, <em>B\u00edblia<\/em>, <em>Eclesiologia<\/em>, <em>Liturgia e Sacramentos<\/em>, <em>Cristologia<\/em>, <em>Mariologia<\/em>, <em>Pneumatologia <\/em>e <em>Missiologia<\/em>.<\/p>\n<p>Ainda d\u00e1 tempo de fazer a sua inscri\u00e7\u00e3o e participar da pr\u00f3xima aula que ocorrer\u00e1 no dia 02\/03\/09.<\/p>\n<p>Procure a Secretaria da Par\u00f3quia S\u00e3o Miguel Arcanjo.<\/p>\n<p>A Par\u00f3quia tem presen\u00e7a marcante no curso. Clique na imagem abaixo pra ver os participantes da comunidade na foto ampliada.<\/p>\n<p><a href=\"http:\/\/www.oarcanjo.net\/site\/wp-content\/uploads\/turmacursoteologia.jpg\" target=\"_blank\"><img loading=\"lazy\" decoding=\"async\" src=\"http:\/\/www.oarcanjo.net\/site\/wp-content\/uploads\/turmacursoteologia_tb.jpg\" alt=\"Foto turma da S\u00e3o Miguel no Curso de Teologia\" title=\"Foto turma da S\u00e3o Miguel no Curso de Teologia\" width=\"300\" height=\"200\" \/><\/a><\/p>\n<p>Veja tamb\u00e9m as fotos da abertura do curso:<br \/>ngg_shortcode_0_placeholder\n<p><em>Fotos de Carlos Alberto Beatriz<\/em>.<\/p>\n<div id=\"themify_builder_content-1911\" data-postid=\"1911\" class=\"themify_builder_content themify_builder_content-1911 themify_builder themify_builder_front\">\n\t<\/div>\n<!-- \/themify_builder_content -->","protected":false},"excerpt":{"rendered":"<p>J\u00e1 na celebra\u00e7\u00e3o que abriu o curso, tivemos uma amostra do conte\u00fado e tamb\u00e9m da qualidade. Nesses dois anos, com aulas \u00e0s segundas-feiras, estudaremos as seguintes disciplinas: Introdu\u00e7\u00e3o \u00e0 Teologia, B\u00edblia, Eclesiologia, Liturgia e Sacramentos, Cristologia, Mariologia, Pneumatologia e Missiologia. Ainda d\u00e1 tempo de fazer a sua inscri\u00e7\u00e3o e participar da pr\u00f3xima aula que ocorrer\u00e1 [&hellip;]<\/p>\n","protected":false},"author":5,"featured_media":0,"comment_status":"open","ping_status":"open","sticky":false,"template":"","format":"standard","meta":{"ngg_post_thumbnail":0,"footnotes":""},"categories":[8],"tags":[266],"yoast_head":"<!-- This site is optimized with the Yoast SEO plugin v23.5 - https:\/\/yoast.com\/wordpress\/plugins\/seo\/ -->\n<title>Curso de Teologia no Setor Bel\u00e9m - O Arcanjo no ar<\/title>\n<meta name=\"robots\" content=\"index, follow, max-snippet:-1, max-image-preview:large, max-video-preview:-1\" \/>\n<link rel=\"canonical\" href=\"https:\/\/www.oarcanjo.net\/site\/curso-de-teologia-no-setor-belem\/\" \/>\n<meta property=\"og:locale\" content=\"pt_BR\" \/>\n<meta property=\"og:type\" content=\"article\" \/>\n<meta property=\"og:title\" content=\"Curso de Teologia no Setor Bel\u00e9m - O Arcanjo no ar\" \/>\n<meta property=\"og:description\" content=\"J\u00e1 na celebra\u00e7\u00e3o que abriu o curso, tivemos uma amostra do conte\u00fado e tamb\u00e9m da qualidade. Nesses dois anos, com aulas \u00e0s segundas-feiras, estudaremos as seguintes disciplinas: Introdu\u00e7\u00e3o \u00e0 Teologia, B\u00edblia, Eclesiologia, Liturgia e Sacramentos, Cristologia, Mariologia, Pneumatologia e Missiologia. Ainda d\u00e1 tempo de fazer a sua inscri\u00e7\u00e3o e participar da pr\u00f3xima aula que ocorrer\u00e1 [&hellip;]\" \/>\n<meta property=\"og:url\" content=\"https:\/\/www.oarcanjo.net\/site\/curso-de-teologia-no-setor-belem\/\" \/>\n<meta property=\"og:site_name\" content=\"O Arcanjo no ar\" \/>\n<meta property=\"article:publisher\" content=\"https:\/\/www.facebook.com\/OArcanjoNoAr\/\" \/>\n<meta property=\"article:published_time\" content=\"2009-02-19T12:30:58+00:00\" \/>\n<meta property=\"article:modified_time\" content=\"2009-03-30T12:26:56+00:00\" \/>\n<meta property=\"og:image\" content=\"http:\/\/www.oarcanjo.net\/site\/wp-content\/uploads\/ft_curso_teologia_2009_03_pq.jpg\" \/>\n<meta name=\"author\" content=\"editor\" \/>\n<meta name=\"twitter:card\" content=\"summary_large_image\" \/>\n<meta name=\"twitter:label1\" content=\"Escrito por\" \/>\n\t<meta name=\"twitter:data1\" content=\"editor\" \/>\n\t<meta name=\"twitter:label2\" content=\"Est. tempo de leitura\" \/>\n\t<meta name=\"twitter:data2\" content=\"1 minuto\" \/>\n<script type=\"application\/ld+json\" class=\"yoast-schema-graph\">{\"@context\":\"https:\/\/schema.org\",\"@graph\":[{\"@type\":\"Article\",\"@id\":\"https:\/\/www.oarcanjo.net\/site\/curso-de-teologia-no-setor-belem\/#article\",\"isPartOf\":{\"@id\":\"https:\/\/www.oarcanjo.net\/site\/curso-de-teologia-no-setor-belem\/\"},\"author\":{\"name\":\"editor\",\"@id\":\"https:\/\/www.oarcanjo.net\/site\/#\/schema\/person\/f7024d007863202483a31326673a0838\"},\"headline\":\"Curso de Teologia no Setor Bel\u00e9m\",\"datePublished\":\"2009-02-19T12:30:58+00:00\",\"dateModified\":\"2009-03-30T12:26:56+00:00\",\"mainEntityOfPage\":{\"@id\":\"https:\/\/www.oarcanjo.net\/site\/curso-de-teologia-no-setor-belem\/\"},\"wordCount\":117,\"commentCount\":3,\"publisher\":{\"@id\":\"https:\/\/www.oarcanjo.net\/site\/#organization\"},\"image\":{\"@id\":\"https:\/\/www.oarcanjo.net\/site\/curso-de-teologia-no-setor-belem\/#primaryimage\"},\"thumbnailUrl\":\"http:\/\/www.oarcanjo.net\/site\/wp-content\/uploads\/ft_curso_teologia_2009_03_pq.jpg\",\"keywords\":[\"Curso de Teologia\"],\"articleSection\":[\"Not\u00edcias\"],\"inLanguage\":\"pt-BR\",\"potentialAction\":[{\"@type\":\"CommentAction\",\"name\":\"Comment\",\"target\":[\"https:\/\/www.oarcanjo.net\/site\/curso-de-teologia-no-setor-belem\/#respond\"]}]},{\"@type\":\"WebPage\",\"@id\":\"https:\/\/www.oarcanjo.net\/site\/curso-de-teologia-no-setor-belem\/\",\"url\":\"https:\/\/www.oarcanjo.net\/site\/curso-de-teologia-no-setor-belem\/\",\"name\":\"Curso de Teologia no Setor Bel\u00e9m - O Arcanjo no ar\",\"isPartOf\":{\"@id\":\"https:\/\/www.oarcanjo.net\/site\/#website\"},\"primaryImageOfPage\":{\"@id\":\"https:\/\/www.oarcanjo.net\/site\/curso-de-teologia-no-setor-belem\/#primaryimage\"},\"image\":{\"@id\":\"https:\/\/www.oarcanjo.net\/site\/curso-de-teologia-no-setor-belem\/#primaryimage\"},\"thumbnailUrl\":\"http:\/\/www.oarcanjo.net\/site\/wp-content\/uploads\/ft_curso_teologia_2009_03_pq.jpg\",\"datePublished\":\"2009-02-19T12:30:58+00:00\",\"dateModified\":\"2009-03-30T12:26:56+00:00\",\"breadcrumb\":{\"@id\":\"https:\/\/www.oarcanjo.net\/site\/curso-de-teologia-no-setor-belem\/#breadcrumb\"},\"inLanguage\":\"pt-BR\",\"potentialAction\":[{\"@type\":\"ReadAction\",\"target\":[\"https:\/\/www.oarcanjo.net\/site\/curso-de-teologia-no-setor-belem\/\"]}]},{\"@type\":\"ImageObject\",\"inLanguage\":\"pt-BR\",\"@id\":\"https:\/\/www.oarcanjo.net\/site\/curso-de-teologia-no-setor-belem\/#primaryimage\",\"url\":\"http:\/\/www.oarcanjo.net\/site\/wp-content\/uploads\/ft_curso_teologia_2009_03_pq.jpg\",\"contentUrl\":\"http:\/\/www.oarcanjo.net\/site\/wp-content\/uploads\/ft_curso_teologia_2009_03_pq.jpg\"},{\"@type\":\"BreadcrumbList\",\"@id\":\"https:\/\/www.oarcanjo.net\/site\/curso-de-teologia-no-setor-belem\/#breadcrumb\",\"itemListElement\":[{\"@type\":\"ListItem\",\"position\":1,\"name\":\"In\u00edcio\",\"item\":\"https:\/\/www.oarcanjo.net\/site\/\"},{\"@type\":\"ListItem\",\"position\":2,\"name\":\"Curso de Teologia no Setor Bel\u00e9m\"}]},{\"@type\":\"WebSite\",\"@id\":\"https:\/\/www.oarcanjo.net\/site\/#website\",\"url\":\"https:\/\/www.oarcanjo.net\/site\/\",\"name\":\"O Arcanjo no ar\",\"description\":\"Site da Par\u00f3quia S\u00e3o Miguel Arcanjo (Arquidiocese de SP)\",\"publisher\":{\"@id\":\"https:\/\/www.oarcanjo.net\/site\/#organization\"},\"potentialAction\":[{\"@type\":\"SearchAction\",\"target\":{\"@type\":\"EntryPoint\",\"urlTemplate\":\"https:\/\/www.oarcanjo.net\/site\/?s={search_term_string}\"},\"query-input\":{\"@type\":\"PropertyValueSpecification\",\"valueRequired\":true,\"valueName\":\"search_term_string\"}}],\"inLanguage\":\"pt-BR\"},{\"@type\":\"Organization\",\"@id\":\"https:\/\/www.oarcanjo.net\/site\/#organization\",\"name\":\"Par\u00f3quia S\u00e3o Miguel Arcanjo\",\"url\":\"https:\/\/www.oarcanjo.net\/site\/\",\"logo\":{\"@type\":\"ImageObject\",\"inLanguage\":\"pt-BR\",\"@id\":\"https:\/\/www.oarcanjo.net\/site\/#\/schema\/logo\/image\/\",\"url\":\"https:\/\/www.oarcanjo.net\/site\/wp-content\/uploads\/LogoOArcanjo.png\",\"contentUrl\":\"https:\/\/www.oarcanjo.net\/site\/wp-content\/uploads\/LogoOArcanjo.png\",\"width\":319,\"height\":99,\"caption\":\"Par\u00f3quia S\u00e3o Miguel Arcanjo\"},\"image\":{\"@id\":\"https:\/\/www.oarcanjo.net\/site\/#\/schema\/logo\/image\/\"},\"sameAs\":[\"https:\/\/www.facebook.com\/OArcanjoNoAr\/\"]},{\"@type\":\"Person\",\"@id\":\"https:\/\/www.oarcanjo.net\/site\/#\/schema\/person\/f7024d007863202483a31326673a0838\",\"name\":\"editor\",\"sameAs\":[\"http:\/\/www.oarcanjo.net\"]}]}<\/script>\n<!-- \/ Yoast SEO plugin. -->","yoast_head_json":{"title":"Curso de Teologia no Setor Bel\u00e9m - O Arcanjo no ar","robots":{"index":"index","follow":"follow","max-snippet":"max-snippet:-1","max-image-preview":"max-image-preview:large","max-video-preview":"max-video-preview:-1"},"canonical":"https:\/\/www.oarcanjo.net\/site\/curso-de-teologia-no-setor-belem\/","og_locale":"pt_BR","og_type":"article","og_title":"Curso de Teologia no Setor Bel\u00e9m - O Arcanjo no ar","og_description":"J\u00e1 na celebra\u00e7\u00e3o que abriu o curso, tivemos uma amostra do conte\u00fado e tamb\u00e9m da qualidade. Nesses dois anos, com aulas \u00e0s segundas-feiras, estudaremos as seguintes disciplinas: Introdu\u00e7\u00e3o \u00e0 Teologia, B\u00edblia, Eclesiologia, Liturgia e Sacramentos, Cristologia, Mariologia, Pneumatologia e Missiologia. Ainda d\u00e1 tempo de fazer a sua inscri\u00e7\u00e3o e participar da pr\u00f3xima aula que ocorrer\u00e1 [&hellip;]","og_url":"https:\/\/www.oarcanjo.net\/site\/curso-de-teologia-no-setor-belem\/","og_site_name":"O Arcanjo no ar","article_publisher":"https:\/\/www.facebook.com\/OArcanjoNoAr\/","article_published_time":"2009-02-19T12:30:58+00:00","article_modified_time":"2009-03-30T12:26:56+00:00","og_image":[{"url":"http:\/\/www.oarcanjo.net\/site\/wp-content\/uploads\/ft_curso_teologia_2009_03_pq.jpg"}],"author":"editor","twitter_card":"summary_large_image","twitter_misc":{"Escrito por":"editor","Est. tempo de leitura":"1 minuto"},"schema":{"@context":"https:\/\/schema.org","@graph":[{"@type":"Article","@id":"https:\/\/www.oarcanjo.net\/site\/curso-de-teologia-no-setor-belem\/#article","isPartOf":{"@id":"https:\/\/www.oarcanjo.net\/site\/curso-de-teologia-no-setor-belem\/"},"author":{"name":"editor","@id":"https:\/\/www.oarcanjo.net\/site\/#\/schema\/person\/f7024d007863202483a31326673a0838"},"headline":"Curso de Teologia no Setor Bel\u00e9m","datePublished":"2009-02-19T12:30:58+00:00","dateModified":"2009-03-30T12:26:56+00:00","mainEntityOfPage":{"@id":"https:\/\/www.oarcanjo.net\/site\/curso-de-teologia-no-setor-belem\/"},"wordCount":117,"commentCount":3,"publisher":{"@id":"https:\/\/www.oarcanjo.net\/site\/#organization"},"image":{"@id":"https:\/\/www.oarcanjo.net\/site\/curso-de-teologia-no-setor-belem\/#primaryimage"},"thumbnailUrl":"http:\/\/www.oarcanjo.net\/site\/wp-content\/uploads\/ft_curso_teologia_2009_03_pq.jpg","keywords":["Curso de Teologia"],"articleSection":["Not\u00edcias"],"inLanguage":"pt-BR","potentialAction":[{"@type":"CommentAction","name":"Comment","target":["https:\/\/www.oarcanjo.net\/site\/curso-de-teologia-no-setor-belem\/#respond"]}]},{"@type":"WebPage","@id":"https:\/\/www.oarcanjo.net\/site\/curso-de-teologia-no-setor-belem\/","url":"https:\/\/www.oarcanjo.net\/site\/curso-de-teologia-no-setor-belem\/","name":"Curso de Teologia no Setor Bel\u00e9m - O Arcanjo no ar","isPartOf":{"@id":"https:\/\/www.oarcanjo.net\/site\/#website"},"primaryImageOfPage":{"@id":"https:\/\/www.oarcanjo.net\/site\/curso-de-teologia-no-setor-belem\/#primaryimage"},"image":{"@id":"https:\/\/www.oarcanjo.net\/site\/curso-de-teologia-no-setor-belem\/#primaryimage"},"thumbnailUrl":"http:\/\/www.oarcanjo.net\/site\/wp-content\/uploads\/ft_curso_teologia_2009_03_pq.jpg","datePublished":"2009-02-19T12:30:58+00:00","dateModified":"2009-03-30T12:26:56+00:00","breadcrumb":{"@id":"https:\/\/www.oarcanjo.net\/site\/curso-de-teologia-no-setor-belem\/#breadcrumb"},"inLanguage":"pt-BR","potentialAction":[{"@type":"ReadAction","target":["https:\/\/www.oarcanjo.net\/site\/curso-de-teologia-no-setor-belem\/"]}]},{"@type":"ImageObject","inLanguage":"pt-BR","@id":"https:\/\/www.oarcanjo.net\/site\/curso-de-teologia-no-setor-belem\/#primaryimage","url":"http:\/\/www.oarcanjo.net\/site\/wp-content\/uploads\/ft_curso_teologia_2009_03_pq.jpg","contentUrl":"http:\/\/www.oarcanjo.net\/site\/wp-content\/uploads\/ft_curso_teologia_2009_03_pq.jpg"},{"@type":"BreadcrumbList","@id":"https:\/\/www.oarcanjo.net\/site\/curso-de-teologia-no-setor-belem\/#breadcrumb","itemListElement":[{"@type":"ListItem","position":1,"name":"In\u00edcio","item":"https:\/\/www.oarcanjo.net\/site\/"},{"@type":"ListItem","position":2,"name":"Curso de Teologia no Setor Bel\u00e9m"}]},{"@type":"WebSite","@id":"https:\/\/www.oarcanjo.net\/site\/#website","url":"https:\/\/www.oarcanjo.net\/site\/","name":"O Arcanjo no ar","description":"Site da Par\u00f3quia S\u00e3o Miguel Arcanjo (Arquidiocese de SP)","publisher":{"@id":"https:\/\/www.oarcanjo.net\/site\/#organization"},"potentialAction":[{"@type":"SearchAction","target":{"@type":"EntryPoint","urlTemplate":"https:\/\/www.oarcanjo.net\/site\/?s={search_term_string}"},"query-input":{"@type":"PropertyValueSpecification","valueRequired":true,"valueName":"search_term_string"}}],"inLanguage":"pt-BR"},{"@type":"Organization","@id":"https:\/\/www.oarcanjo.net\/site\/#organization","name":"Par\u00f3quia S\u00e3o Miguel Arcanjo","url":"https:\/\/www.oarcanjo.net\/site\/","logo":{"@type":"ImageObject","inLanguage":"pt-BR","@id":"https:\/\/www.oarcanjo.net\/site\/#\/schema\/logo\/image\/","url":"https:\/\/www.oarcanjo.net\/site\/wp-content\/uploads\/LogoOArcanjo.png","contentUrl":"https:\/\/www.oarcanjo.net\/site\/wp-content\/uploads\/LogoOArcanjo.png","width":319,"height":99,"caption":"Par\u00f3quia S\u00e3o Miguel Arcanjo"},"image":{"@id":"https:\/\/www.oarcanjo.net\/site\/#\/schema\/logo\/image\/"},"sameAs":["https:\/\/www.facebook.com\/OArcanjoNoAr\/"]},{"@type":"Person","@id":"https:\/\/www.oarcanjo.net\/site\/#\/schema\/person\/f7024d007863202483a31326673a0838","name":"editor","sameAs":["http:\/\/www.oarcanjo.net"]}]}},"publishpress_future_action":{"enabled":false,"date":"2026-05-08 19:33:47","action":"category","newStatus":"draft","terms":[],"taxonomy":"category"},"publishpress_future_workflow_manual_trigger":{"enabledWorkflows":[]},"_links":{"self":[{"href":"https:\/\/www.oarcanjo.net\/site\/wp-json\/wp\/v2\/posts\/1911"}],"collection":[{"href":"https:\/\/www.oarcanjo.net\/site\/wp-json\/wp\/v2\/posts"}],"about":[{"href":"https:\/\/www.oarcanjo.net\/site\/wp-json\/wp\/v2\/types\/post"}],"author":[{"embeddable":true,"href":"https:\/\/www.oarcanjo.net\/site\/wp-json\/wp\/v2\/users\/5"}],"replies":[{"embeddable":true,"href":"https:\/\/www.oarcanjo.net\/site\/wp-json\/wp\/v2\/comments?post=1911"}],"version-history":[{"count":0,"href":"https:\/\/www.oarcanjo.net\/site\/wp-json\/wp\/v2\/posts\/1911\/revisions"}],"wp:attachment":[{"href":"https:\/\/www.oarcanjo.net\/site\/wp-json\/wp\/v2\/media?parent=1911"}],"wp:term":[{"taxonomy":"category","embeddable":true,"href":"https:\/\/www.oarcanjo.net\/site\/wp-json\/wp\/v2\/categories?post=1911"},{"taxonomy":"post_tag","embeddable":true,"href":"https:\/\/www.oarcanjo.net\/site\/wp-json\/wp\/v2\/tags?post=1911"}],"curies":[{"name":"wp","href":"https:\/\/api.w.org\/{rel}","templated":true}]}}