
{"id":19110,"date":"2012-08-28T09:17:43","date_gmt":"2012-08-28T12:17:43","guid":{"rendered":"http:\/\/www.oarcanjo.net\/site\/?p=19110"},"modified":"2012-08-30T01:22:49","modified_gmt":"2012-08-30T04:22:49","slug":"o-plano-de-deus-e-o-amor-batizados-de-agosto2012","status":"publish","type":"post","link":"https:\/\/www.oarcanjo.net\/site\/o-plano-de-deus-e-o-amor-batizados-de-agosto2012\/","title":{"rendered":"O Plano de Deus \u00e9 o Amor &#8211; Batizados de agosto\/2012"},"content":{"rendered":"<p style=\"text-align: justify;\">Na bela manh\u00e3 do dia 26 de agosto, 13 crian\u00e7as receberam o sacramento do batismo. Em uma inspirada celebra\u00e7\u00e3o, Pe. J\u00falio lembrou aos pais e padrinhos que eles devem ensinar a seus filhos e afilhados que o plano que Deus tem para cada um de n\u00f3s \u00e9 o amor. A partir de agora as crian\u00e7as <em>Julia Batistel Grillo, Klauss de Souza Infante, Rhamon Magano Moreira dos Santos, Isabella Torres Colombo, Gabriel Elias Lacsko Trindade, Enzo Scaramuzzi Osti Ign\u00e1cio, Arthur Micai, Maria Clara Santos Fonseca, Mariana Bezerra Malho, Mikael Santos Luz, Jo\u00e3o Pedro Caliman, Vinicius Santos D\u00e1lvio, Ricardo Monteiro Albino e Maria Alice Silva Martins <\/em>fazem parte do Povo de Deus, povo que trilha o caminho do bem, da justi\u00e7a e do amor.<\/p>\n<p><em>Fotos por Alexandre Nunes<\/em><\/p>\n<p><em>ngg_shortcode_0_placeholder<\/em><\/p>\n<div id=\"themify_builder_content-19110\" data-postid=\"19110\" class=\"themify_builder_content themify_builder_content-19110 themify_builder themify_builder_front\">\n\t<\/div>\n<!-- \/themify_builder_content -->","protected":false},"excerpt":{"rendered":"<p>Na bela manh\u00e3 do dia 26 de agosto, 13 crian\u00e7as receberam o sacramento do batismo. Em uma inspirada celebra\u00e7\u00e3o, Pe. J\u00falio lembrou aos pais e padrinhos que eles devem ensinar a seus filhos e afilhados que o plano que Deus tem para cada um de n\u00f3s \u00e9 o amor. A partir de agora as crian\u00e7as [&hellip;]<\/p>\n","protected":false},"author":15,"featured_media":0,"comment_status":"open","ping_status":"open","sticky":false,"template":"","format":"standard","meta":{"ngg_post_thumbnail":0,"footnotes":""},"categories":[8],"tags":[],"yoast_head":"<!-- This site is optimized with the Yoast SEO plugin v23.5 - https:\/\/yoast.com\/wordpress\/plugins\/seo\/ -->\n<title>O Plano de Deus \u00e9 o Amor - Batizados de agosto\/2012 - O Arcanjo no ar<\/title>\n<meta name=\"robots\" content=\"index, follow, max-snippet:-1, max-image-preview:large, max-video-preview:-1\" \/>\n<link rel=\"canonical\" href=\"https:\/\/www.oarcanjo.net\/site\/o-plano-de-deus-e-o-amor-batizados-de-agosto2012\/\" \/>\n<meta property=\"og:locale\" content=\"pt_BR\" \/>\n<meta property=\"og:type\" content=\"article\" \/>\n<meta property=\"og:title\" content=\"O Plano de Deus \u00e9 o Amor - Batizados de agosto\/2012 - O Arcanjo no ar\" \/>\n<meta property=\"og:description\" content=\"Na bela manh\u00e3 do dia 26 de agosto, 13 crian\u00e7as receberam o sacramento do batismo. Em uma inspirada celebra\u00e7\u00e3o, Pe. J\u00falio lembrou aos pais e padrinhos que eles devem ensinar a seus filhos e afilhados que o plano que Deus tem para cada um de n\u00f3s \u00e9 o amor. A partir de agora as crian\u00e7as [&hellip;]\" \/>\n<meta property=\"og:url\" content=\"https:\/\/www.oarcanjo.net\/site\/o-plano-de-deus-e-o-amor-batizados-de-agosto2012\/\" \/>\n<meta property=\"og:site_name\" content=\"O Arcanjo no ar\" \/>\n<meta property=\"article:publisher\" content=\"https:\/\/www.facebook.com\/OArcanjoNoAr\/\" \/>\n<meta property=\"article:published_time\" content=\"2012-08-28T12:17:43+00:00\" \/>\n<meta property=\"article:modified_time\" content=\"2012-08-30T04:22:49+00:00\" \/>\n<meta property=\"og:image\" content=\"https:\/\/www.oarcanjo.net\/site\/wp-content\/uploads\/logo-o-arcanjo-no-ar-facebook.png\" \/>\n\t<meta property=\"og:image:width\" content=\"300\" \/>\n\t<meta property=\"og:image:height\" content=\"300\" \/>\n\t<meta property=\"og:image:type\" content=\"image\/png\" \/>\n<meta name=\"author\" content=\"Alexandre Nunes\" \/>\n<meta name=\"twitter:card\" content=\"summary_large_image\" \/>\n<meta name=\"twitter:label1\" content=\"Escrito por\" \/>\n\t<meta name=\"twitter:data1\" content=\"Alexandre Nunes\" \/>\n\t<meta name=\"twitter:label2\" content=\"Est. tempo de leitura\" \/>\n\t<meta name=\"twitter:data2\" content=\"1 minuto\" \/>\n<script type=\"application\/ld+json\" class=\"yoast-schema-graph\">{\"@context\":\"https:\/\/schema.org\",\"@graph\":[{\"@type\":\"Article\",\"@id\":\"https:\/\/www.oarcanjo.net\/site\/o-plano-de-deus-e-o-amor-batizados-de-agosto2012\/#article\",\"isPartOf\":{\"@id\":\"https:\/\/www.oarcanjo.net\/site\/o-plano-de-deus-e-o-amor-batizados-de-agosto2012\/\"},\"author\":{\"name\":\"Alexandre Nunes\",\"@id\":\"https:\/\/www.oarcanjo.net\/site\/#\/schema\/person\/0a2ae077c1a09b69d29928e3b9f1c0d1\"},\"headline\":\"O Plano de Deus \u00e9 o Amor &#8211; Batizados de agosto\/2012\",\"datePublished\":\"2012-08-28T12:17:43+00:00\",\"dateModified\":\"2012-08-30T04:22:49+00:00\",\"mainEntityOfPage\":{\"@id\":\"https:\/\/www.oarcanjo.net\/site\/o-plano-de-deus-e-o-amor-batizados-de-agosto2012\/\"},\"wordCount\":144,\"commentCount\":0,\"publisher\":{\"@id\":\"https:\/\/www.oarcanjo.net\/site\/#organization\"},\"articleSection\":[\"Not\u00edcias\"],\"inLanguage\":\"pt-BR\",\"potentialAction\":[{\"@type\":\"CommentAction\",\"name\":\"Comment\",\"target\":[\"https:\/\/www.oarcanjo.net\/site\/o-plano-de-deus-e-o-amor-batizados-de-agosto2012\/#respond\"]}]},{\"@type\":\"WebPage\",\"@id\":\"https:\/\/www.oarcanjo.net\/site\/o-plano-de-deus-e-o-amor-batizados-de-agosto2012\/\",\"url\":\"https:\/\/www.oarcanjo.net\/site\/o-plano-de-deus-e-o-amor-batizados-de-agosto2012\/\",\"name\":\"O Plano de Deus \u00e9 o Amor - Batizados de agosto\/2012 - O Arcanjo no ar\",\"isPartOf\":{\"@id\":\"https:\/\/www.oarcanjo.net\/site\/#website\"},\"datePublished\":\"2012-08-28T12:17:43+00:00\",\"dateModified\":\"2012-08-30T04:22:49+00:00\",\"breadcrumb\":{\"@id\":\"https:\/\/www.oarcanjo.net\/site\/o-plano-de-deus-e-o-amor-batizados-de-agosto2012\/#breadcrumb\"},\"inLanguage\":\"pt-BR\",\"potentialAction\":[{\"@type\":\"ReadAction\",\"target\":[\"https:\/\/www.oarcanjo.net\/site\/o-plano-de-deus-e-o-amor-batizados-de-agosto2012\/\"]}]},{\"@type\":\"BreadcrumbList\",\"@id\":\"https:\/\/www.oarcanjo.net\/site\/o-plano-de-deus-e-o-amor-batizados-de-agosto2012\/#breadcrumb\",\"itemListElement\":[{\"@type\":\"ListItem\",\"position\":1,\"name\":\"In\u00edcio\",\"item\":\"https:\/\/www.oarcanjo.net\/site\/\"},{\"@type\":\"ListItem\",\"position\":2,\"name\":\"O Plano de Deus \u00e9 o Amor &#8211; Batizados de agosto\/2012\"}]},{\"@type\":\"WebSite\",\"@id\":\"https:\/\/www.oarcanjo.net\/site\/#website\",\"url\":\"https:\/\/www.oarcanjo.net\/site\/\",\"name\":\"O Arcanjo no ar\",\"description\":\"Site da Par\u00f3quia S\u00e3o Miguel Arcanjo (Arquidiocese de SP)\",\"publisher\":{\"@id\":\"https:\/\/www.oarcanjo.net\/site\/#organization\"},\"potentialAction\":[{\"@type\":\"SearchAction\",\"target\":{\"@type\":\"EntryPoint\",\"urlTemplate\":\"https:\/\/www.oarcanjo.net\/site\/?s={search_term_string}\"},\"query-input\":{\"@type\":\"PropertyValueSpecification\",\"valueRequired\":true,\"valueName\":\"search_term_string\"}}],\"inLanguage\":\"pt-BR\"},{\"@type\":\"Organization\",\"@id\":\"https:\/\/www.oarcanjo.net\/site\/#organization\",\"name\":\"Par\u00f3quia S\u00e3o Miguel Arcanjo\",\"url\":\"https:\/\/www.oarcanjo.net\/site\/\",\"logo\":{\"@type\":\"ImageObject\",\"inLanguage\":\"pt-BR\",\"@id\":\"https:\/\/www.oarcanjo.net\/site\/#\/schema\/logo\/image\/\",\"url\":\"https:\/\/www.oarcanjo.net\/site\/wp-content\/uploads\/LogoOArcanjo.png\",\"contentUrl\":\"https:\/\/www.oarcanjo.net\/site\/wp-content\/uploads\/LogoOArcanjo.png\",\"width\":319,\"height\":99,\"caption\":\"Par\u00f3quia S\u00e3o Miguel Arcanjo\"},\"image\":{\"@id\":\"https:\/\/www.oarcanjo.net\/site\/#\/schema\/logo\/image\/\"},\"sameAs\":[\"https:\/\/www.facebook.com\/OArcanjoNoAr\/\"]},{\"@type\":\"Person\",\"@id\":\"https:\/\/www.oarcanjo.net\/site\/#\/schema\/person\/0a2ae077c1a09b69d29928e3b9f1c0d1\",\"name\":\"Alexandre Nunes\",\"sameAs\":[\"http:\/\/alexandrenu.com\"]}]}<\/script>\n<!-- \/ Yoast SEO plugin. -->","yoast_head_json":{"title":"O Plano de Deus \u00e9 o Amor - Batizados de agosto\/2012 - O Arcanjo no ar","robots":{"index":"index","follow":"follow","max-snippet":"max-snippet:-1","max-image-preview":"max-image-preview:large","max-video-preview":"max-video-preview:-1"},"canonical":"https:\/\/www.oarcanjo.net\/site\/o-plano-de-deus-e-o-amor-batizados-de-agosto2012\/","og_locale":"pt_BR","og_type":"article","og_title":"O Plano de Deus \u00e9 o Amor - Batizados de agosto\/2012 - O Arcanjo no ar","og_description":"Na bela manh\u00e3 do dia 26 de agosto, 13 crian\u00e7as receberam o sacramento do batismo. Em uma inspirada celebra\u00e7\u00e3o, Pe. J\u00falio lembrou aos pais e padrinhos que eles devem ensinar a seus filhos e afilhados que o plano que Deus tem para cada um de n\u00f3s \u00e9 o amor. A partir de agora as crian\u00e7as [&hellip;]","og_url":"https:\/\/www.oarcanjo.net\/site\/o-plano-de-deus-e-o-amor-batizados-de-agosto2012\/","og_site_name":"O Arcanjo no ar","article_publisher":"https:\/\/www.facebook.com\/OArcanjoNoAr\/","article_published_time":"2012-08-28T12:17:43+00:00","article_modified_time":"2012-08-30T04:22:49+00:00","og_image":[{"width":300,"height":300,"url":"https:\/\/www.oarcanjo.net\/site\/wp-content\/uploads\/logo-o-arcanjo-no-ar-facebook.png","type":"image\/png"}],"author":"Alexandre Nunes","twitter_card":"summary_large_image","twitter_misc":{"Escrito por":"Alexandre Nunes","Est. tempo de leitura":"1 minuto"},"schema":{"@context":"https:\/\/schema.org","@graph":[{"@type":"Article","@id":"https:\/\/www.oarcanjo.net\/site\/o-plano-de-deus-e-o-amor-batizados-de-agosto2012\/#article","isPartOf":{"@id":"https:\/\/www.oarcanjo.net\/site\/o-plano-de-deus-e-o-amor-batizados-de-agosto2012\/"},"author":{"name":"Alexandre Nunes","@id":"https:\/\/www.oarcanjo.net\/site\/#\/schema\/person\/0a2ae077c1a09b69d29928e3b9f1c0d1"},"headline":"O Plano de Deus \u00e9 o Amor &#8211; Batizados de agosto\/2012","datePublished":"2012-08-28T12:17:43+00:00","dateModified":"2012-08-30T04:22:49+00:00","mainEntityOfPage":{"@id":"https:\/\/www.oarcanjo.net\/site\/o-plano-de-deus-e-o-amor-batizados-de-agosto2012\/"},"wordCount":144,"commentCount":0,"publisher":{"@id":"https:\/\/www.oarcanjo.net\/site\/#organization"},"articleSection":["Not\u00edcias"],"inLanguage":"pt-BR","potentialAction":[{"@type":"CommentAction","name":"Comment","target":["https:\/\/www.oarcanjo.net\/site\/o-plano-de-deus-e-o-amor-batizados-de-agosto2012\/#respond"]}]},{"@type":"WebPage","@id":"https:\/\/www.oarcanjo.net\/site\/o-plano-de-deus-e-o-amor-batizados-de-agosto2012\/","url":"https:\/\/www.oarcanjo.net\/site\/o-plano-de-deus-e-o-amor-batizados-de-agosto2012\/","name":"O Plano de Deus \u00e9 o Amor - Batizados de agosto\/2012 - O Arcanjo no ar","isPartOf":{"@id":"https:\/\/www.oarcanjo.net\/site\/#website"},"datePublished":"2012-08-28T12:17:43+00:00","dateModified":"2012-08-30T04:22:49+00:00","breadcrumb":{"@id":"https:\/\/www.oarcanjo.net\/site\/o-plano-de-deus-e-o-amor-batizados-de-agosto2012\/#breadcrumb"},"inLanguage":"pt-BR","potentialAction":[{"@type":"ReadAction","target":["https:\/\/www.oarcanjo.net\/site\/o-plano-de-deus-e-o-amor-batizados-de-agosto2012\/"]}]},{"@type":"BreadcrumbList","@id":"https:\/\/www.oarcanjo.net\/site\/o-plano-de-deus-e-o-amor-batizados-de-agosto2012\/#breadcrumb","itemListElement":[{"@type":"ListItem","position":1,"name":"In\u00edcio","item":"https:\/\/www.oarcanjo.net\/site\/"},{"@type":"ListItem","position":2,"name":"O Plano de Deus \u00e9 o Amor &#8211; Batizados de agosto\/2012"}]},{"@type":"WebSite","@id":"https:\/\/www.oarcanjo.net\/site\/#website","url":"https:\/\/www.oarcanjo.net\/site\/","name":"O Arcanjo no ar","description":"Site da Par\u00f3quia S\u00e3o Miguel Arcanjo (Arquidiocese de SP)","publisher":{"@id":"https:\/\/www.oarcanjo.net\/site\/#organization"},"potentialAction":[{"@type":"SearchAction","target":{"@type":"EntryPoint","urlTemplate":"https:\/\/www.oarcanjo.net\/site\/?s={search_term_string}"},"query-input":{"@type":"PropertyValueSpecification","valueRequired":true,"valueName":"search_term_string"}}],"inLanguage":"pt-BR"},{"@type":"Organization","@id":"https:\/\/www.oarcanjo.net\/site\/#organization","name":"Par\u00f3quia S\u00e3o Miguel Arcanjo","url":"https:\/\/www.oarcanjo.net\/site\/","logo":{"@type":"ImageObject","inLanguage":"pt-BR","@id":"https:\/\/www.oarcanjo.net\/site\/#\/schema\/logo\/image\/","url":"https:\/\/www.oarcanjo.net\/site\/wp-content\/uploads\/LogoOArcanjo.png","contentUrl":"https:\/\/www.oarcanjo.net\/site\/wp-content\/uploads\/LogoOArcanjo.png","width":319,"height":99,"caption":"Par\u00f3quia S\u00e3o Miguel Arcanjo"},"image":{"@id":"https:\/\/www.oarcanjo.net\/site\/#\/schema\/logo\/image\/"},"sameAs":["https:\/\/www.facebook.com\/OArcanjoNoAr\/"]},{"@type":"Person","@id":"https:\/\/www.oarcanjo.net\/site\/#\/schema\/person\/0a2ae077c1a09b69d29928e3b9f1c0d1","name":"Alexandre Nunes","sameAs":["http:\/\/alexandrenu.com"]}]}},"publishpress_future_action":{"enabled":false,"date":"2026-05-07 10:08:23","action":"category","newStatus":"draft","terms":[],"taxonomy":"category"},"publishpress_future_workflow_manual_trigger":{"enabledWorkflows":[]},"_links":{"self":[{"href":"https:\/\/www.oarcanjo.net\/site\/wp-json\/wp\/v2\/posts\/19110"}],"collection":[{"href":"https:\/\/www.oarcanjo.net\/site\/wp-json\/wp\/v2\/posts"}],"about":[{"href":"https:\/\/www.oarcanjo.net\/site\/wp-json\/wp\/v2\/types\/post"}],"author":[{"embeddable":true,"href":"https:\/\/www.oarcanjo.net\/site\/wp-json\/wp\/v2\/users\/15"}],"replies":[{"embeddable":true,"href":"https:\/\/www.oarcanjo.net\/site\/wp-json\/wp\/v2\/comments?post=19110"}],"version-history":[{"count":0,"href":"https:\/\/www.oarcanjo.net\/site\/wp-json\/wp\/v2\/posts\/19110\/revisions"}],"wp:attachment":[{"href":"https:\/\/www.oarcanjo.net\/site\/wp-json\/wp\/v2\/media?parent=19110"}],"wp:term":[{"taxonomy":"category","embeddable":true,"href":"https:\/\/www.oarcanjo.net\/site\/wp-json\/wp\/v2\/categories?post=19110"},{"taxonomy":"post_tag","embeddable":true,"href":"https:\/\/www.oarcanjo.net\/site\/wp-json\/wp\/v2\/tags?post=19110"}],"curies":[{"name":"wp","href":"https:\/\/api.w.org\/{rel}","templated":true}]}}