
{"id":19127,"date":"2012-08-27T10:47:37","date_gmt":"2012-08-27T13:47:37","guid":{"rendered":"http:\/\/www.oarcanjo.net\/site\/?p=19127"},"modified":"2012-08-27T10:47:37","modified_gmt":"2012-08-27T13:47:37","slug":"em-dom-luciano-o-humanismo-transbordou","status":"publish","type":"post","link":"https:\/\/www.oarcanjo.net\/site\/em-dom-luciano-o-humanismo-transbordou\/","title":{"rendered":"Em Dom Luciano o humanismo transbordou"},"content":{"rendered":"<h3 style=\"text-align: justify\"><\/h3>\n<div>\n<div style=\"text-align: justify\">Padre Geovane Saraiva*<\/div>\n<div style=\"text-align: justify\"><a href=\"http:\/\/2.bp.blogspot.com\/-lhlvGMP1z9c\/UDtz7c5AKcI\/AAAAAAAAI8w\/-FERLQNtPy0\/s1600\/Medalha+botic%C3%A1rio.jpg\"><\/a><\/div>\n<div style=\"text-align: justify\"><a href=\"http:\/\/www.oarcanjo.net\/site\/wp-content\/uploads\/pe.-geovane1.png\"><img loading=\"lazy\" decoding=\"async\" class=\"alignleft size-thumbnail wp-image-18944\" src=\"http:\/\/www.oarcanjo.net\/site\/wp-content\/uploads\/pe.-geovane1-136x150.png\" alt=\"\" width=\"136\" height=\"150\" \/><\/a>Dom Luciano Mendes de Almeida, grande homem de Deus, no qual o humanismo transbordou, por muitos anos bispo auxiliar de S\u00e3o Paulo, Secret\u00e1rio Geral e Presidente da Confer\u00eancia Nacional dos Bispos do Brasil, por dois mandatos consecutivos, Arcebispo de Mariana \u2013 MG., deixou este mundo no dia 27 de agosto de 2006, coincidentemente, na festa de Santa M\u00f4nica, a m\u00e3e forte, por sua resist\u00eancia, l\u00e1grimas e ora\u00e7\u00f5es, conseguindo a convers\u00e3o do filho Agostinho, um dos maiores Santos da Igreja e da pr\u00f3pria humanidade, e no s\u00e9timo anivers\u00e1rio de morte de Dom Helder Pessoa C\u00e2mara, o homem dos grandes sonhos e nascido para as coisas mais elevadas, homem das viagens e cidad\u00e3o do Mundo\u2026<\/div>\n<div style=\"text-align: justify\">Dom Luciano soube viver e amar em profundidade o dom precioso da vida,\u00a0 acolhendo o Filho de Deus como aquele que revelou o rosto amoroso e o enviado do Pai e como aquele que veio do alto. \u201cEm Cristo Deus quis habitar com toda sua plenitude\u201d (Col 1, 19). Esfor\u00e7ou-se para que esse mist\u00e9rio chegasse a todos, especialmente aos empobrecidos e rejeitados da sociedade, em nossos tempos\u2026<\/div>\n<div style=\"text-align: justify\">Ele foi ao encontro da proposta do Filho de Deus, espalhando bondade, por onde passou, com o seu jeito simples de viver, acreditando na for\u00e7a transformadora da Palavra de Deus e da Eucaristia \u2013 acolhendo Jesus: \u201cP\u00e3o da vida, p\u00e3o descido do c\u00e9u\u201d (Jo 6, 34). \u201cA Eucaristia \u00e9 mensagem de comunh\u00e3o fraterna, n\u00e3o s\u00f3 enquanto nos ajuda a vencer o ego\u00edsmo e partilhar o p\u00e3o e tamb\u00e9m quando elimina o rancor e o dinamismo de vingan\u00e7a, mas enquanto consegue superar m\u00e1goas e ressentimentos e aproximar os distantes\u2026\u201d (Confer\u00eancia de Dom Luciano, 15\u00ba Congresso Eucar\u00edstico Nacional \u2013 Florian\u00f3polis \u2013 SC).<\/div>\n<div style=\"text-align: justify\">Ele, uma preciosidade, com o seu modo santo de viver, tinha o c\u00e9u ao seu redor. Mas mesmo assim ele queria ver o c\u00e9u. Um dia ele decidiu: \u201cH\u00e1 um tempo queria muito ver o c\u00e9u, saber como \u00e9 l\u00e1. Um dia subi no c\u00e9u. N\u00e3o pensei que fosse t\u00e3o bonito assim, fiquei contente com tanta m\u00fasica, pessoas dan\u00e7ando na presen\u00e7a de Deus. Mas, de repente, percebi que eu estava escondido atr\u00e1s de uma \u00e1rvore. Descobri que o c\u00e9u \u00e9 ver os outros felizes\u201d.<\/div>\n<div style=\"text-align: justify\">Dom Moacyr Grechi, ao iniciar o retiro do clero de Fortaleza, disse: \u201cQueria tamb\u00e9m invocar Dom Luciano Mendes, que tenho com \u201csanto\u201d. Eu fiz esta experi\u00eancia: Iniciando a Confer\u00eancia de Aparecida eu rezei a Dom Luciano dizendo: em Puebla o senhor muito ajudou a dar aquele tom evangelizador, que marcou a nossa pastoral; em santo Domingo, se n\u00e3o fosse a sua presen\u00e7a, com sua do\u00e7ura e intelig\u00eancia, talvez tiv\u00e9ssemos voltado para casa, sem nenhum Documento Pastoral. Eu quero a sua ajuda tamb\u00e9m nesta Confer\u00eancia de Aparecida. Depois que eu rezei, mudei completamente por dentro: de desanimado que estava, resolvi enfrentar a Confer\u00eancia com empenho, marcando presen\u00e7a em todas as reuni\u00f5es, compreendendo que era \u00e0 hora de Deus e que n\u00e3o deveria deixar passar em v\u00e3o. Quero que Dom Luciano interceda por n\u00f3s nestes dias do retiro do clero de Fortaleza\u201d.<\/div>\n<div style=\"text-align: justify\">Dom Luciano, subindo ao c\u00e9u, optou em primeiro lugar pela vida, em especial a vida dos empobrecidos, comprometida e indefesa. Que seu testemunho nos encoraje e nos estimule na nossa escolha e seguimento de Jesus de Nazar\u00e9, acolhendo-o com generosidade.<\/div>\n<div style=\"text-align: justify\">Deus seja louvado, amado e glorificado por esse homem que s\u00f3 soube fazer o bem. O amor nele cresceu e se fez dom, vivendo n\u00e3o para si, mas para Deus e para os irm\u00e3os e irm\u00e3s.<\/div>\n<div><em>* Pe. Geovane Saraiva, padre da Arquidiocese de Fortaleza, Escritor, Membro da Academia de Letras dos Munic\u00edpios do Estado Cear\u00e1 (ALMECE), e da Academia Metropolitana de Letras de Fortaleza.<\/em><\/div>\n<div><em>P\u00e1roco de Santo Afonso<\/em><\/div>\n<div><a href=\"mailto:pegeovane@paroquiasantoafonso.org.br\"><em>pegeovane@paroquiasantoafonso.org.br<\/em><\/a><\/div>\n<div><strong>Autor dos livros:<\/strong><\/div>\n<div><strong>\u201cO peregrino da Paz\u201d e \u201cNascido Para as Coisas Maiores\u201d (centen\u00e1rio de Dom Helder C\u00e2mara).<\/strong><\/div>\n<div><strong>\u201cA Ternura de um Pastor\u201d, j\u00e1 2\u00aa edi\u00e7\u00e3o (homenagem ao Cardeal Lorscheider)<\/strong><\/div>\n<div><strong>\u201cA Esperan\u00e7a Tem Nome\u201d (espiritualidade e compromisso)<\/strong><\/div>\n<div><strong> \u201cDom Helder: Sonhos e Utopias\u201d (o pastor dos empobrecidos)<\/strong><\/div>\n<\/div>\n<div>\n<div>Postado por\u00a0<a title=\"author profile\" rel=\"author\" href=\"http:\/\/www.blogger.com\/profile\/12037961757835243213\">Par\u00f3quia de Santo Afonso<\/a><\/div>\n<\/div>\n<p>&nbsp;<\/p>\n<div id=\"themify_builder_content-19127\" data-postid=\"19127\" class=\"themify_builder_content themify_builder_content-19127 themify_builder themify_builder_front\">\n\t<\/div>\n<!-- \/themify_builder_content -->","protected":false},"excerpt":{"rendered":"<p>Padre Geovane Saraiva* Dom Luciano Mendes de Almeida, grande homem de Deus, no qual o humanismo transbordou, por muitos anos bispo auxiliar de S\u00e3o Paulo, Secret\u00e1rio Geral e Presidente da Confer\u00eancia Nacional dos Bispos do Brasil, por dois mandatos consecutivos, Arcebispo de Mariana \u2013 MG., deixou este mundo no dia 27 de agosto de 2006, [&hellip;]<\/p>\n","protected":false},"author":17,"featured_media":0,"comment_status":"open","ping_status":"open","sticky":false,"template":"","format":"standard","meta":{"ngg_post_thumbnail":0,"footnotes":""},"categories":[1027],"tags":[],"yoast_head":"<!-- This site is optimized with the Yoast SEO plugin v23.5 - https:\/\/yoast.com\/wordpress\/plugins\/seo\/ -->\n<title>Em Dom Luciano o humanismo transbordou - O Arcanjo no ar<\/title>\n<meta name=\"robots\" content=\"index, follow, max-snippet:-1, max-image-preview:large, max-video-preview:-1\" \/>\n<link rel=\"canonical\" href=\"https:\/\/www.oarcanjo.net\/site\/em-dom-luciano-o-humanismo-transbordou\/\" \/>\n<meta property=\"og:locale\" content=\"pt_BR\" \/>\n<meta property=\"og:type\" content=\"article\" \/>\n<meta property=\"og:title\" content=\"Em Dom Luciano o humanismo transbordou - O Arcanjo no ar\" \/>\n<meta property=\"og:description\" content=\"Padre Geovane Saraiva* Dom Luciano Mendes de Almeida, grande homem de Deus, no qual o humanismo transbordou, por muitos anos bispo auxiliar de S\u00e3o Paulo, Secret\u00e1rio Geral e Presidente da Confer\u00eancia Nacional dos Bispos do Brasil, por dois mandatos consecutivos, Arcebispo de Mariana \u2013 MG., deixou este mundo no dia 27 de agosto de 2006, [&hellip;]\" \/>\n<meta property=\"og:url\" content=\"https:\/\/www.oarcanjo.net\/site\/em-dom-luciano-o-humanismo-transbordou\/\" \/>\n<meta property=\"og:site_name\" content=\"O Arcanjo no ar\" \/>\n<meta property=\"article:publisher\" content=\"https:\/\/www.facebook.com\/OArcanjoNoAr\/\" \/>\n<meta property=\"article:published_time\" content=\"2012-08-27T13:47:37+00:00\" \/>\n<meta property=\"og:image\" content=\"http:\/\/www.oarcanjo.net\/site\/wp-content\/uploads\/pe.-geovane1-136x150.png\" \/>\n<meta name=\"author\" content=\"pe.geovane\" \/>\n<meta name=\"twitter:card\" content=\"summary_large_image\" \/>\n<meta name=\"twitter:label1\" content=\"Escrito por\" \/>\n\t<meta name=\"twitter:data1\" content=\"pe.geovane\" \/>\n\t<meta name=\"twitter:label2\" content=\"Est. tempo de leitura\" \/>\n\t<meta name=\"twitter:data2\" content=\"4 minutos\" \/>\n<script type=\"application\/ld+json\" class=\"yoast-schema-graph\">{\"@context\":\"https:\/\/schema.org\",\"@graph\":[{\"@type\":\"Article\",\"@id\":\"https:\/\/www.oarcanjo.net\/site\/em-dom-luciano-o-humanismo-transbordou\/#article\",\"isPartOf\":{\"@id\":\"https:\/\/www.oarcanjo.net\/site\/em-dom-luciano-o-humanismo-transbordou\/\"},\"author\":{\"name\":\"pe.geovane\",\"@id\":\"https:\/\/www.oarcanjo.net\/site\/#\/schema\/person\/58d7f78850a973b8e467c7ae4a7eb4ad\"},\"headline\":\"Em Dom Luciano o humanismo transbordou\",\"datePublished\":\"2012-08-27T13:47:37+00:00\",\"dateModified\":\"2012-08-27T13:47:37+00:00\",\"mainEntityOfPage\":{\"@id\":\"https:\/\/www.oarcanjo.net\/site\/em-dom-luciano-o-humanismo-transbordou\/\"},\"wordCount\":730,\"commentCount\":0,\"publisher\":{\"@id\":\"https:\/\/www.oarcanjo.net\/site\/#organization\"},\"image\":{\"@id\":\"https:\/\/www.oarcanjo.net\/site\/em-dom-luciano-o-humanismo-transbordou\/#primaryimage\"},\"thumbnailUrl\":\"http:\/\/www.oarcanjo.net\/site\/wp-content\/uploads\/pe.-geovane1-136x150.png\",\"articleSection\":[\"D. Luciano Mendes de Almeida\"],\"inLanguage\":\"pt-BR\",\"potentialAction\":[{\"@type\":\"CommentAction\",\"name\":\"Comment\",\"target\":[\"https:\/\/www.oarcanjo.net\/site\/em-dom-luciano-o-humanismo-transbordou\/#respond\"]}]},{\"@type\":\"WebPage\",\"@id\":\"https:\/\/www.oarcanjo.net\/site\/em-dom-luciano-o-humanismo-transbordou\/\",\"url\":\"https:\/\/www.oarcanjo.net\/site\/em-dom-luciano-o-humanismo-transbordou\/\",\"name\":\"Em Dom Luciano o humanismo transbordou - O Arcanjo no ar\",\"isPartOf\":{\"@id\":\"https:\/\/www.oarcanjo.net\/site\/#website\"},\"primaryImageOfPage\":{\"@id\":\"https:\/\/www.oarcanjo.net\/site\/em-dom-luciano-o-humanismo-transbordou\/#primaryimage\"},\"image\":{\"@id\":\"https:\/\/www.oarcanjo.net\/site\/em-dom-luciano-o-humanismo-transbordou\/#primaryimage\"},\"thumbnailUrl\":\"http:\/\/www.oarcanjo.net\/site\/wp-content\/uploads\/pe.-geovane1-136x150.png\",\"datePublished\":\"2012-08-27T13:47:37+00:00\",\"dateModified\":\"2012-08-27T13:47:37+00:00\",\"breadcrumb\":{\"@id\":\"https:\/\/www.oarcanjo.net\/site\/em-dom-luciano-o-humanismo-transbordou\/#breadcrumb\"},\"inLanguage\":\"pt-BR\",\"potentialAction\":[{\"@type\":\"ReadAction\",\"target\":[\"https:\/\/www.oarcanjo.net\/site\/em-dom-luciano-o-humanismo-transbordou\/\"]}]},{\"@type\":\"ImageObject\",\"inLanguage\":\"pt-BR\",\"@id\":\"https:\/\/www.oarcanjo.net\/site\/em-dom-luciano-o-humanismo-transbordou\/#primaryimage\",\"url\":\"https:\/\/www.oarcanjo.net\/site\/wp-content\/uploads\/pe.-geovane1.png\",\"contentUrl\":\"https:\/\/www.oarcanjo.net\/site\/wp-content\/uploads\/pe.-geovane1.png\",\"width\":\"136\",\"height\":\"205\"},{\"@type\":\"BreadcrumbList\",\"@id\":\"https:\/\/www.oarcanjo.net\/site\/em-dom-luciano-o-humanismo-transbordou\/#breadcrumb\",\"itemListElement\":[{\"@type\":\"ListItem\",\"position\":1,\"name\":\"In\u00edcio\",\"item\":\"https:\/\/www.oarcanjo.net\/site\/\"},{\"@type\":\"ListItem\",\"position\":2,\"name\":\"Em Dom Luciano o humanismo transbordou\"}]},{\"@type\":\"WebSite\",\"@id\":\"https:\/\/www.oarcanjo.net\/site\/#website\",\"url\":\"https:\/\/www.oarcanjo.net\/site\/\",\"name\":\"O Arcanjo no ar\",\"description\":\"Site da Par\u00f3quia S\u00e3o Miguel Arcanjo (Arquidiocese de SP)\",\"publisher\":{\"@id\":\"https:\/\/www.oarcanjo.net\/site\/#organization\"},\"potentialAction\":[{\"@type\":\"SearchAction\",\"target\":{\"@type\":\"EntryPoint\",\"urlTemplate\":\"https:\/\/www.oarcanjo.net\/site\/?s={search_term_string}\"},\"query-input\":{\"@type\":\"PropertyValueSpecification\",\"valueRequired\":true,\"valueName\":\"search_term_string\"}}],\"inLanguage\":\"pt-BR\"},{\"@type\":\"Organization\",\"@id\":\"https:\/\/www.oarcanjo.net\/site\/#organization\",\"name\":\"Par\u00f3quia S\u00e3o Miguel Arcanjo\",\"url\":\"https:\/\/www.oarcanjo.net\/site\/\",\"logo\":{\"@type\":\"ImageObject\",\"inLanguage\":\"pt-BR\",\"@id\":\"https:\/\/www.oarcanjo.net\/site\/#\/schema\/logo\/image\/\",\"url\":\"https:\/\/www.oarcanjo.net\/site\/wp-content\/uploads\/LogoOArcanjo.png\",\"contentUrl\":\"https:\/\/www.oarcanjo.net\/site\/wp-content\/uploads\/LogoOArcanjo.png\",\"width\":319,\"height\":99,\"caption\":\"Par\u00f3quia S\u00e3o Miguel Arcanjo\"},\"image\":{\"@id\":\"https:\/\/www.oarcanjo.net\/site\/#\/schema\/logo\/image\/\"},\"sameAs\":[\"https:\/\/www.facebook.com\/OArcanjoNoAr\/\"]},{\"@type\":\"Person\",\"@id\":\"https:\/\/www.oarcanjo.net\/site\/#\/schema\/person\/58d7f78850a973b8e467c7ae4a7eb4ad\",\"name\":\"pe.geovane\"}]}<\/script>\n<!-- \/ Yoast SEO plugin. -->","yoast_head_json":{"title":"Em Dom Luciano o humanismo transbordou - O Arcanjo no ar","robots":{"index":"index","follow":"follow","max-snippet":"max-snippet:-1","max-image-preview":"max-image-preview:large","max-video-preview":"max-video-preview:-1"},"canonical":"https:\/\/www.oarcanjo.net\/site\/em-dom-luciano-o-humanismo-transbordou\/","og_locale":"pt_BR","og_type":"article","og_title":"Em Dom Luciano o humanismo transbordou - O Arcanjo no ar","og_description":"Padre Geovane Saraiva* Dom Luciano Mendes de Almeida, grande homem de Deus, no qual o humanismo transbordou, por muitos anos bispo auxiliar de S\u00e3o Paulo, Secret\u00e1rio Geral e Presidente da Confer\u00eancia Nacional dos Bispos do Brasil, por dois mandatos consecutivos, Arcebispo de Mariana \u2013 MG., deixou este mundo no dia 27 de agosto de 2006, [&hellip;]","og_url":"https:\/\/www.oarcanjo.net\/site\/em-dom-luciano-o-humanismo-transbordou\/","og_site_name":"O Arcanjo no ar","article_publisher":"https:\/\/www.facebook.com\/OArcanjoNoAr\/","article_published_time":"2012-08-27T13:47:37+00:00","og_image":[{"url":"http:\/\/www.oarcanjo.net\/site\/wp-content\/uploads\/pe.-geovane1-136x150.png"}],"author":"pe.geovane","twitter_card":"summary_large_image","twitter_misc":{"Escrito por":"pe.geovane","Est. tempo de leitura":"4 minutos"},"schema":{"@context":"https:\/\/schema.org","@graph":[{"@type":"Article","@id":"https:\/\/www.oarcanjo.net\/site\/em-dom-luciano-o-humanismo-transbordou\/#article","isPartOf":{"@id":"https:\/\/www.oarcanjo.net\/site\/em-dom-luciano-o-humanismo-transbordou\/"},"author":{"name":"pe.geovane","@id":"https:\/\/www.oarcanjo.net\/site\/#\/schema\/person\/58d7f78850a973b8e467c7ae4a7eb4ad"},"headline":"Em Dom Luciano o humanismo transbordou","datePublished":"2012-08-27T13:47:37+00:00","dateModified":"2012-08-27T13:47:37+00:00","mainEntityOfPage":{"@id":"https:\/\/www.oarcanjo.net\/site\/em-dom-luciano-o-humanismo-transbordou\/"},"wordCount":730,"commentCount":0,"publisher":{"@id":"https:\/\/www.oarcanjo.net\/site\/#organization"},"image":{"@id":"https:\/\/www.oarcanjo.net\/site\/em-dom-luciano-o-humanismo-transbordou\/#primaryimage"},"thumbnailUrl":"http:\/\/www.oarcanjo.net\/site\/wp-content\/uploads\/pe.-geovane1-136x150.png","articleSection":["D. Luciano Mendes de Almeida"],"inLanguage":"pt-BR","potentialAction":[{"@type":"CommentAction","name":"Comment","target":["https:\/\/www.oarcanjo.net\/site\/em-dom-luciano-o-humanismo-transbordou\/#respond"]}]},{"@type":"WebPage","@id":"https:\/\/www.oarcanjo.net\/site\/em-dom-luciano-o-humanismo-transbordou\/","url":"https:\/\/www.oarcanjo.net\/site\/em-dom-luciano-o-humanismo-transbordou\/","name":"Em Dom Luciano o humanismo transbordou - O Arcanjo no ar","isPartOf":{"@id":"https:\/\/www.oarcanjo.net\/site\/#website"},"primaryImageOfPage":{"@id":"https:\/\/www.oarcanjo.net\/site\/em-dom-luciano-o-humanismo-transbordou\/#primaryimage"},"image":{"@id":"https:\/\/www.oarcanjo.net\/site\/em-dom-luciano-o-humanismo-transbordou\/#primaryimage"},"thumbnailUrl":"http:\/\/www.oarcanjo.net\/site\/wp-content\/uploads\/pe.-geovane1-136x150.png","datePublished":"2012-08-27T13:47:37+00:00","dateModified":"2012-08-27T13:47:37+00:00","breadcrumb":{"@id":"https:\/\/www.oarcanjo.net\/site\/em-dom-luciano-o-humanismo-transbordou\/#breadcrumb"},"inLanguage":"pt-BR","potentialAction":[{"@type":"ReadAction","target":["https:\/\/www.oarcanjo.net\/site\/em-dom-luciano-o-humanismo-transbordou\/"]}]},{"@type":"ImageObject","inLanguage":"pt-BR","@id":"https:\/\/www.oarcanjo.net\/site\/em-dom-luciano-o-humanismo-transbordou\/#primaryimage","url":"https:\/\/www.oarcanjo.net\/site\/wp-content\/uploads\/pe.-geovane1.png","contentUrl":"https:\/\/www.oarcanjo.net\/site\/wp-content\/uploads\/pe.-geovane1.png","width":"136","height":"205"},{"@type":"BreadcrumbList","@id":"https:\/\/www.oarcanjo.net\/site\/em-dom-luciano-o-humanismo-transbordou\/#breadcrumb","itemListElement":[{"@type":"ListItem","position":1,"name":"In\u00edcio","item":"https:\/\/www.oarcanjo.net\/site\/"},{"@type":"ListItem","position":2,"name":"Em Dom Luciano o humanismo transbordou"}]},{"@type":"WebSite","@id":"https:\/\/www.oarcanjo.net\/site\/#website","url":"https:\/\/www.oarcanjo.net\/site\/","name":"O Arcanjo no ar","description":"Site da Par\u00f3quia S\u00e3o Miguel Arcanjo (Arquidiocese de SP)","publisher":{"@id":"https:\/\/www.oarcanjo.net\/site\/#organization"},"potentialAction":[{"@type":"SearchAction","target":{"@type":"EntryPoint","urlTemplate":"https:\/\/www.oarcanjo.net\/site\/?s={search_term_string}"},"query-input":{"@type":"PropertyValueSpecification","valueRequired":true,"valueName":"search_term_string"}}],"inLanguage":"pt-BR"},{"@type":"Organization","@id":"https:\/\/www.oarcanjo.net\/site\/#organization","name":"Par\u00f3quia S\u00e3o Miguel Arcanjo","url":"https:\/\/www.oarcanjo.net\/site\/","logo":{"@type":"ImageObject","inLanguage":"pt-BR","@id":"https:\/\/www.oarcanjo.net\/site\/#\/schema\/logo\/image\/","url":"https:\/\/www.oarcanjo.net\/site\/wp-content\/uploads\/LogoOArcanjo.png","contentUrl":"https:\/\/www.oarcanjo.net\/site\/wp-content\/uploads\/LogoOArcanjo.png","width":319,"height":99,"caption":"Par\u00f3quia S\u00e3o Miguel Arcanjo"},"image":{"@id":"https:\/\/www.oarcanjo.net\/site\/#\/schema\/logo\/image\/"},"sameAs":["https:\/\/www.facebook.com\/OArcanjoNoAr\/"]},{"@type":"Person","@id":"https:\/\/www.oarcanjo.net\/site\/#\/schema\/person\/58d7f78850a973b8e467c7ae4a7eb4ad","name":"pe.geovane"}]}},"publishpress_future_action":{"enabled":false,"date":"2026-05-07 01:14:59","action":"category","newStatus":"draft","terms":[],"taxonomy":"category"},"publishpress_future_workflow_manual_trigger":{"enabledWorkflows":[]},"_links":{"self":[{"href":"https:\/\/www.oarcanjo.net\/site\/wp-json\/wp\/v2\/posts\/19127"}],"collection":[{"href":"https:\/\/www.oarcanjo.net\/site\/wp-json\/wp\/v2\/posts"}],"about":[{"href":"https:\/\/www.oarcanjo.net\/site\/wp-json\/wp\/v2\/types\/post"}],"author":[{"embeddable":true,"href":"https:\/\/www.oarcanjo.net\/site\/wp-json\/wp\/v2\/users\/17"}],"replies":[{"embeddable":true,"href":"https:\/\/www.oarcanjo.net\/site\/wp-json\/wp\/v2\/comments?post=19127"}],"version-history":[{"count":0,"href":"https:\/\/www.oarcanjo.net\/site\/wp-json\/wp\/v2\/posts\/19127\/revisions"}],"wp:attachment":[{"href":"https:\/\/www.oarcanjo.net\/site\/wp-json\/wp\/v2\/media?parent=19127"}],"wp:term":[{"taxonomy":"category","embeddable":true,"href":"https:\/\/www.oarcanjo.net\/site\/wp-json\/wp\/v2\/categories?post=19127"},{"taxonomy":"post_tag","embeddable":true,"href":"https:\/\/www.oarcanjo.net\/site\/wp-json\/wp\/v2\/tags?post=19127"}],"curies":[{"name":"wp","href":"https:\/\/api.w.org\/{rel}","templated":true}]}}