
{"id":19130,"date":"2012-08-27T10:54:06","date_gmt":"2012-08-27T13:54:06","guid":{"rendered":"http:\/\/www.oarcanjo.net\/site\/?p=19130"},"modified":"2012-08-27T10:54:06","modified_gmt":"2012-08-27T13:54:06","slug":"todos-em-volta-da-mesma-mesa","status":"publish","type":"post","link":"https:\/\/www.oarcanjo.net\/site\/todos-em-volta-da-mesma-mesa\/","title":{"rendered":"Todos em volta da mesma mesa"},"content":{"rendered":"<h3><\/h3>\n<div>\n<div><a href=\"http:\/\/1.bp.blogspot.com\/-scQKkWGgtQk\/UDt477n50KI\/AAAAAAAAI-M\/JQi5uxsqDJc\/s1600\/eliana+4.jpg\"><\/a><\/p>\n<div>\n<h3 style=\"text-align: justify\">Padre Geovane saraiva*<\/h3>\n<p><a href=\"http:\/\/www.oarcanjo.net\/site\/wp-content\/uploads\/pe-geovane13.jpg\"><img loading=\"lazy\" decoding=\"async\" class=\"alignleft size-thumbnail wp-image-18539\" src=\"http:\/\/www.oarcanjo.net\/site\/wp-content\/uploads\/pe-geovane13-150x150.jpg\" alt=\"\" width=\"150\" height=\"150\" \/><\/a>O projeto e o grande sonho do Pai \u00e9 o da vida fraterna e solid\u00e1ria, em que todas as pessoas do mundo possam viver a vida de filhos de Deus e irm\u00e3o uns dos outros, sentando-se na mesma mesa e se alimentado do mesmo p\u00e3o. Dom Helder encarnou em sua pr\u00f3pria vida esse projeto de amor, na total e absoluta disponibilidade, unindo-se ao Filho de Deus, pelos la\u00e7os mais fortes, os la\u00e7os da caridade e da comunh\u00e3o, que foram traduzidos na sua vida de compromisso, no sentido de que na mesa todos pudessem se sentar e em volta da mesma, partilhar o mesmo alimento, ensinando-nos que a vida, \u201cbem certinha\u201d, dos fariseus e doutores da lei, exclu\u00eda os convidados do banquete: pobre, deserdados e pecadores, estando assim, bem distante do projeto do Pai.<\/div>\n<\/div>\n<div style=\"text-align: justify\"><\/div>\n<div style=\"text-align: justify\">\n<div>Uma can\u00e7\u00e3o, por ocasi\u00e3o do centen\u00e1rio de nascimento de Dom Helder C\u00e2mara (1909-2009), fala assim sobre o querido artes\u00e3o da paz: \u201co dom paz, tu \u00e9s muito mais, \u00e9s um dom do c\u00e9u!\u201d. Que bela e maravilhosa afirma\u00e7\u00e3o! Ele foi uma obra preciosa, criada por Deus e marcada com o selo de sua gra\u00e7a, presente no cora\u00e7\u00e3o do povo, com a miss\u00e3o de transformar vidas, consci\u00eancias e de semear a bondade por toda parte.<\/div>\n<\/div>\n<div style=\"text-align: justify\">\n<div>Suas id\u00e9ias e todo seu trabalho e realiza\u00e7\u00f5es, concretizado em toda sua plenitude na vida de ora\u00e7\u00e3o, contempla\u00e7\u00e3o e na sua a\u00e7\u00e3o pastoral, totalmente encarda na vida dos seus semelhantes, especialmente nos empobrecidos, enche-nos de esperan\u00e7a e nos leva crer que Dom Helder se imortalizar\u00e1, jamais morrer\u00e1.<\/div>\n<\/div>\n<div style=\"text-align: justify\"><\/div>\n<div style=\"text-align: justify\">\n<div>O te\u00f3logo, Padre Jos\u00e9 Comblin, com a grande sabedoria de que lhe \u00e9 peculiar, quis imprimir na nossa mente e no nosso cora\u00e7\u00e3o a imortalidade de Dom Helder, ao afirmar: \u201cEu sou daqueles que tem a convic\u00e7\u00e3o de que os escritos de Dom Helder ainda ser\u00e3o fonte de inspira\u00e7\u00e3o na Am\u00e9rica Latina, daqui a mil anos. Ele lan\u00e7ou sementes destinadas a produzir uma messe abundante nesta \u00e9poca do cristianismo que est\u00e1 come\u00e7ando agora. Suas sucessivas convers\u00f5es, sinalizando de certa maneira, a futura trajet\u00f3ria da Igreja neste momento da hist\u00f3ria da humanidade\u201d.<\/div>\n<\/div>\n<div style=\"text-align: justify\"><\/div>\n<div style=\"text-align: justify\">\n<div>Na caminhada do povo de Deus, tivemos figuras que marcaram em profundidade a hist\u00f3ria, as quais foram geniais, e por isso mesmo, exerceram uma decisiva influ\u00eancia sobre a nossa civiliza\u00e7\u00e3o crist\u00e3.<\/div>\n<\/div>\n<div style=\"text-align: justify\">\n<div>Gostaria de me deter um pouco sobre Martinho Lutero, que viveu de (1483 -1546). Ele foi uma dessas pessoas, que durante alguns s\u00e9culos significou para a grande maioria dos cat\u00f3licos um rebelde, um herege, o herege por excel\u00eancia, aquele que provocou, na Igreja, o cisma do ocidente e levou, com suas heresias, muitas almas \u00e0 perdi\u00e7\u00e3o. Mas para os protestantes, pelo contr\u00e1rio, ele foi um \u201csegundo Paulo\u201d, que redescobriu o Evangelho de Nosso senhor Jesus Cristo, tirando-o de baixo da mesa e colocando-o em um lugar de destaque, em lugar bem alto e elevado.<\/div>\n<\/div>\n<div style=\"text-align: justify\"><\/div>\n<div style=\"text-align: justify\">\n<div>Os protestantes acentuam a profunda religiosidade do reformador. Em 1970 chegou-se a dizer que \u201cLutero era mais cat\u00f3lico do que se imaginavam&#8230;\u201d. Estava longe dele a id\u00e9ia de uma separa\u00e7\u00e3o da Igreja. Na luta em favor do Evangelho, n\u00e3o s\u00f3 contribuiu substancialmente para a purifica\u00e7\u00e3o da Igreja Cat\u00f3lica, mas tamb\u00e9m para o aprofundamento das quest\u00f5es b\u00e1sicas, as da Sagrada Escritura, da f\u00e9, da consci\u00eancia e da exist\u00eancia crist\u00e3.<\/div>\n<\/div>\n<div style=\"text-align: justify\"><\/div>\n<div style=\"text-align: justify\">\n<div>Depois do Conc\u00edlio Vaticano II (1962-1965), num desejo de encontrar a unidade, o bispo cat\u00f3lico de Copenhagen (Dinamarca), Hans L. Martensen, em uma Confer\u00eancia sobre \u201cLutero e Ecumenismo hoje\u201d, declarou que tamb\u00e9m \u201ccat\u00f3licos reconhecem hoje que Lutero, como poucos outros, foi um te\u00f3logo genial e de grande influ\u00eancia na hist\u00f3ria.<\/div>\n<\/div>\n<div style=\"text-align: justify\"><\/div>\n<div style=\"text-align: justify\">\n<div>Dom Helder trabalhou incansavelmente pela unidade e foi considerado um \u201csanto rebelde\u201d, ao mesmo tempo ensinou que a pessoa humana \u00e9 sagrada, porque ela \u00e9 imagem e semelhan\u00e7a de Deus. O sonho carregado ao longo da vida e acalentado no seu cora\u00e7\u00e3o foi o de colocar a criatura humana em um lugar de destaque, tamb\u00e9m num lugar bem elevado. Marcou profundamente uma \u00e9poca e nos deixou um grande legado e li\u00e7\u00e3o. A li\u00e7\u00e3o de que o deserto da nossa vida tem que ser fertilizado pela Palavra de Deus e que a vida est\u00e1 acima de tudo, que ela \u00e9 mais forte do que tudo, mais forte do que a morte.<\/div>\n<\/div>\n<div style=\"text-align: justify\"><\/div>\n<div style=\"text-align: justify\">\n<div style=\"text-align: justify\">Quando no Brasil, em 1964, todos procuravam navegar nas \u00e1guas e nas tempestades do regime militar, foi a\u00ed que entrou Dom Helder C\u00e2mara, o grande irm\u00e3o e amigo, ensinando-nos a navegar nas \u00e1guas da vida, da esperan\u00e7a e da liberdade \u2013 \u00c9 o deserto que se torna santo, aben\u00e7oado e sagrado! E essa \u00e9 a imagem do homem de Deus, do dom da paz, tu \u00e9s muito mais, um dom do c\u00e9u! Guardemos a imagem do homem de Deus e patrim\u00f4nio da humanidade, que jamais morrer\u00e1, conforme seu desejo: \u201cA imagem que gostaria que ficasse de mim \u00e9 a imagem de um irm\u00e3o\u201d.<\/div>\n<\/div>\n<div style=\"text-align: justify\"><em>* Pe. Geovane Saraiva, padre da Arquidiocese de Fortaleza, Escritor, Membro da Academia de Letras dos Munic\u00edpios do Estado Cear\u00e1 (ALMECE), e da Academia Metropolitana de Letras de Fortaleza.<\/em><\/div>\n<div style=\"text-align: justify\"><em>P\u00e1roco de Santo Afonso<\/em><\/div>\n<div style=\"text-align: justify\"><a href=\"mailto:pegeovane@paroquiasantoafonso.org.br\"><em>pegeovane@paroquiasantoafonso.org.br<\/em><\/a><\/div>\n<div style=\"text-align: justify\"><strong>Autor dos livros:<\/strong><\/div>\n<div style=\"text-align: justify\"><strong>\u201cO peregrino da Paz\u201d e \u201cNascido Para as Coisas Maiores\u201d (centen\u00e1rio de Dom Helder C\u00e2mara).<\/strong><\/div>\n<div style=\"text-align: justify\"><strong>\u201cA Ternura de um Pastor\u201d, j\u00e1 2\u00aa edi\u00e7\u00e3o (homenagem ao Cardeal Lorscheider)<\/strong><\/div>\n<div style=\"text-align: justify\"><strong>\u201cA Esperan\u00e7a Tem Nome\u201d (espiritualidade e compromisso)<\/strong><\/div>\n<div style=\"text-align: justify\"><strong> \u201cDom Helder: Sonhos e Utopias\u201d (o pastor dos empobrecidos)<\/strong><\/div>\n<\/div>\n<div>\n<div>Postado por\u00a0<a title=\"author profile\" rel=\"author\" href=\"http:\/\/www.blogger.com\/profile\/12037961757835243213\">Par\u00f3quia de Santo Afonso <\/a><\/div>\n<\/div>\n<p>&nbsp;<\/p>\n<div id=\"themify_builder_content-19130\" data-postid=\"19130\" class=\"themify_builder_content themify_builder_content-19130 themify_builder themify_builder_front\">\n\t<\/div>\n<!-- \/themify_builder_content -->","protected":false},"excerpt":{"rendered":"<p>Padre Geovane saraiva* O projeto e o grande sonho do Pai \u00e9 o da vida fraterna e solid\u00e1ria, em que todas as pessoas do mundo possam viver a vida de filhos de Deus e irm\u00e3o uns dos outros, sentando-se na mesma mesa e se alimentado do mesmo p\u00e3o. Dom Helder encarnou em sua pr\u00f3pria vida [&hellip;]<\/p>\n","protected":false},"author":17,"featured_media":0,"comment_status":"open","ping_status":"open","sticky":false,"template":"","format":"standard","meta":{"ngg_post_thumbnail":0,"footnotes":""},"categories":[192],"tags":[],"yoast_head":"<!-- This site is optimized with the Yoast SEO plugin v23.5 - https:\/\/yoast.com\/wordpress\/plugins\/seo\/ -->\n<title>Todos em volta da mesma mesa - O Arcanjo no ar<\/title>\n<meta name=\"robots\" content=\"index, follow, max-snippet:-1, max-image-preview:large, max-video-preview:-1\" \/>\n<link rel=\"canonical\" href=\"https:\/\/www.oarcanjo.net\/site\/todos-em-volta-da-mesma-mesa\/\" \/>\n<meta property=\"og:locale\" content=\"pt_BR\" \/>\n<meta property=\"og:type\" content=\"article\" \/>\n<meta property=\"og:title\" content=\"Todos em volta da mesma mesa - O Arcanjo no ar\" \/>\n<meta property=\"og:description\" content=\"Padre Geovane saraiva* O projeto e o grande sonho do Pai \u00e9 o da vida fraterna e solid\u00e1ria, em que todas as pessoas do mundo possam viver a vida de filhos de Deus e irm\u00e3o uns dos outros, sentando-se na mesma mesa e se alimentado do mesmo p\u00e3o. Dom Helder encarnou em sua pr\u00f3pria vida [&hellip;]\" \/>\n<meta property=\"og:url\" content=\"https:\/\/www.oarcanjo.net\/site\/todos-em-volta-da-mesma-mesa\/\" \/>\n<meta property=\"og:site_name\" content=\"O Arcanjo no ar\" \/>\n<meta property=\"article:publisher\" content=\"https:\/\/www.facebook.com\/OArcanjoNoAr\/\" \/>\n<meta property=\"article:published_time\" content=\"2012-08-27T13:54:06+00:00\" \/>\n<meta property=\"og:image\" content=\"http:\/\/www.oarcanjo.net\/site\/wp-content\/uploads\/pe-geovane13-150x150.jpg\" \/>\n<meta name=\"author\" content=\"pe.geovane\" \/>\n<meta name=\"twitter:card\" content=\"summary_large_image\" \/>\n<meta name=\"twitter:label1\" content=\"Escrito por\" \/>\n\t<meta name=\"twitter:data1\" content=\"pe.geovane\" \/>\n\t<meta name=\"twitter:label2\" content=\"Est. tempo de leitura\" \/>\n\t<meta name=\"twitter:data2\" content=\"5 minutos\" \/>\n<script type=\"application\/ld+json\" class=\"yoast-schema-graph\">{\"@context\":\"https:\/\/schema.org\",\"@graph\":[{\"@type\":\"Article\",\"@id\":\"https:\/\/www.oarcanjo.net\/site\/todos-em-volta-da-mesma-mesa\/#article\",\"isPartOf\":{\"@id\":\"https:\/\/www.oarcanjo.net\/site\/todos-em-volta-da-mesma-mesa\/\"},\"author\":{\"name\":\"pe.geovane\",\"@id\":\"https:\/\/www.oarcanjo.net\/site\/#\/schema\/person\/58d7f78850a973b8e467c7ae4a7eb4ad\"},\"headline\":\"Todos em volta da mesma mesa\",\"datePublished\":\"2012-08-27T13:54:06+00:00\",\"dateModified\":\"2012-08-27T13:54:06+00:00\",\"mainEntityOfPage\":{\"@id\":\"https:\/\/www.oarcanjo.net\/site\/todos-em-volta-da-mesma-mesa\/\"},\"wordCount\":967,\"commentCount\":0,\"publisher\":{\"@id\":\"https:\/\/www.oarcanjo.net\/site\/#organization\"},\"image\":{\"@id\":\"https:\/\/www.oarcanjo.net\/site\/todos-em-volta-da-mesma-mesa\/#primaryimage\"},\"thumbnailUrl\":\"http:\/\/www.oarcanjo.net\/site\/wp-content\/uploads\/pe-geovane13-150x150.jpg\",\"articleSection\":[\"D. Helder C\u00e2mara\"],\"inLanguage\":\"pt-BR\",\"potentialAction\":[{\"@type\":\"CommentAction\",\"name\":\"Comment\",\"target\":[\"https:\/\/www.oarcanjo.net\/site\/todos-em-volta-da-mesma-mesa\/#respond\"]}]},{\"@type\":\"WebPage\",\"@id\":\"https:\/\/www.oarcanjo.net\/site\/todos-em-volta-da-mesma-mesa\/\",\"url\":\"https:\/\/www.oarcanjo.net\/site\/todos-em-volta-da-mesma-mesa\/\",\"name\":\"Todos em volta da mesma mesa - O Arcanjo no ar\",\"isPartOf\":{\"@id\":\"https:\/\/www.oarcanjo.net\/site\/#website\"},\"primaryImageOfPage\":{\"@id\":\"https:\/\/www.oarcanjo.net\/site\/todos-em-volta-da-mesma-mesa\/#primaryimage\"},\"image\":{\"@id\":\"https:\/\/www.oarcanjo.net\/site\/todos-em-volta-da-mesma-mesa\/#primaryimage\"},\"thumbnailUrl\":\"http:\/\/www.oarcanjo.net\/site\/wp-content\/uploads\/pe-geovane13-150x150.jpg\",\"datePublished\":\"2012-08-27T13:54:06+00:00\",\"dateModified\":\"2012-08-27T13:54:06+00:00\",\"breadcrumb\":{\"@id\":\"https:\/\/www.oarcanjo.net\/site\/todos-em-volta-da-mesma-mesa\/#breadcrumb\"},\"inLanguage\":\"pt-BR\",\"potentialAction\":[{\"@type\":\"ReadAction\",\"target\":[\"https:\/\/www.oarcanjo.net\/site\/todos-em-volta-da-mesma-mesa\/\"]}]},{\"@type\":\"ImageObject\",\"inLanguage\":\"pt-BR\",\"@id\":\"https:\/\/www.oarcanjo.net\/site\/todos-em-volta-da-mesma-mesa\/#primaryimage\",\"url\":\"https:\/\/www.oarcanjo.net\/site\/wp-content\/uploads\/pe-geovane13.jpg\",\"contentUrl\":\"https:\/\/www.oarcanjo.net\/site\/wp-content\/uploads\/pe-geovane13.jpg\",\"width\":\"320\",\"height\":\"480\"},{\"@type\":\"BreadcrumbList\",\"@id\":\"https:\/\/www.oarcanjo.net\/site\/todos-em-volta-da-mesma-mesa\/#breadcrumb\",\"itemListElement\":[{\"@type\":\"ListItem\",\"position\":1,\"name\":\"In\u00edcio\",\"item\":\"https:\/\/www.oarcanjo.net\/site\/\"},{\"@type\":\"ListItem\",\"position\":2,\"name\":\"Todos em volta da mesma mesa\"}]},{\"@type\":\"WebSite\",\"@id\":\"https:\/\/www.oarcanjo.net\/site\/#website\",\"url\":\"https:\/\/www.oarcanjo.net\/site\/\",\"name\":\"O Arcanjo no ar\",\"description\":\"Site da Par\u00f3quia S\u00e3o Miguel Arcanjo (Arquidiocese de SP)\",\"publisher\":{\"@id\":\"https:\/\/www.oarcanjo.net\/site\/#organization\"},\"potentialAction\":[{\"@type\":\"SearchAction\",\"target\":{\"@type\":\"EntryPoint\",\"urlTemplate\":\"https:\/\/www.oarcanjo.net\/site\/?s={search_term_string}\"},\"query-input\":{\"@type\":\"PropertyValueSpecification\",\"valueRequired\":true,\"valueName\":\"search_term_string\"}}],\"inLanguage\":\"pt-BR\"},{\"@type\":\"Organization\",\"@id\":\"https:\/\/www.oarcanjo.net\/site\/#organization\",\"name\":\"Par\u00f3quia S\u00e3o Miguel Arcanjo\",\"url\":\"https:\/\/www.oarcanjo.net\/site\/\",\"logo\":{\"@type\":\"ImageObject\",\"inLanguage\":\"pt-BR\",\"@id\":\"https:\/\/www.oarcanjo.net\/site\/#\/schema\/logo\/image\/\",\"url\":\"https:\/\/www.oarcanjo.net\/site\/wp-content\/uploads\/LogoOArcanjo.png\",\"contentUrl\":\"https:\/\/www.oarcanjo.net\/site\/wp-content\/uploads\/LogoOArcanjo.png\",\"width\":319,\"height\":99,\"caption\":\"Par\u00f3quia S\u00e3o Miguel Arcanjo\"},\"image\":{\"@id\":\"https:\/\/www.oarcanjo.net\/site\/#\/schema\/logo\/image\/\"},\"sameAs\":[\"https:\/\/www.facebook.com\/OArcanjoNoAr\/\"]},{\"@type\":\"Person\",\"@id\":\"https:\/\/www.oarcanjo.net\/site\/#\/schema\/person\/58d7f78850a973b8e467c7ae4a7eb4ad\",\"name\":\"pe.geovane\"}]}<\/script>\n<!-- \/ Yoast SEO plugin. -->","yoast_head_json":{"title":"Todos em volta da mesma mesa - O Arcanjo no ar","robots":{"index":"index","follow":"follow","max-snippet":"max-snippet:-1","max-image-preview":"max-image-preview:large","max-video-preview":"max-video-preview:-1"},"canonical":"https:\/\/www.oarcanjo.net\/site\/todos-em-volta-da-mesma-mesa\/","og_locale":"pt_BR","og_type":"article","og_title":"Todos em volta da mesma mesa - O Arcanjo no ar","og_description":"Padre Geovane saraiva* O projeto e o grande sonho do Pai \u00e9 o da vida fraterna e solid\u00e1ria, em que todas as pessoas do mundo possam viver a vida de filhos de Deus e irm\u00e3o uns dos outros, sentando-se na mesma mesa e se alimentado do mesmo p\u00e3o. Dom Helder encarnou em sua pr\u00f3pria vida [&hellip;]","og_url":"https:\/\/www.oarcanjo.net\/site\/todos-em-volta-da-mesma-mesa\/","og_site_name":"O Arcanjo no ar","article_publisher":"https:\/\/www.facebook.com\/OArcanjoNoAr\/","article_published_time":"2012-08-27T13:54:06+00:00","og_image":[{"url":"http:\/\/www.oarcanjo.net\/site\/wp-content\/uploads\/pe-geovane13-150x150.jpg"}],"author":"pe.geovane","twitter_card":"summary_large_image","twitter_misc":{"Escrito por":"pe.geovane","Est. tempo de leitura":"5 minutos"},"schema":{"@context":"https:\/\/schema.org","@graph":[{"@type":"Article","@id":"https:\/\/www.oarcanjo.net\/site\/todos-em-volta-da-mesma-mesa\/#article","isPartOf":{"@id":"https:\/\/www.oarcanjo.net\/site\/todos-em-volta-da-mesma-mesa\/"},"author":{"name":"pe.geovane","@id":"https:\/\/www.oarcanjo.net\/site\/#\/schema\/person\/58d7f78850a973b8e467c7ae4a7eb4ad"},"headline":"Todos em volta da mesma mesa","datePublished":"2012-08-27T13:54:06+00:00","dateModified":"2012-08-27T13:54:06+00:00","mainEntityOfPage":{"@id":"https:\/\/www.oarcanjo.net\/site\/todos-em-volta-da-mesma-mesa\/"},"wordCount":967,"commentCount":0,"publisher":{"@id":"https:\/\/www.oarcanjo.net\/site\/#organization"},"image":{"@id":"https:\/\/www.oarcanjo.net\/site\/todos-em-volta-da-mesma-mesa\/#primaryimage"},"thumbnailUrl":"http:\/\/www.oarcanjo.net\/site\/wp-content\/uploads\/pe-geovane13-150x150.jpg","articleSection":["D. Helder C\u00e2mara"],"inLanguage":"pt-BR","potentialAction":[{"@type":"CommentAction","name":"Comment","target":["https:\/\/www.oarcanjo.net\/site\/todos-em-volta-da-mesma-mesa\/#respond"]}]},{"@type":"WebPage","@id":"https:\/\/www.oarcanjo.net\/site\/todos-em-volta-da-mesma-mesa\/","url":"https:\/\/www.oarcanjo.net\/site\/todos-em-volta-da-mesma-mesa\/","name":"Todos em volta da mesma mesa - O Arcanjo no ar","isPartOf":{"@id":"https:\/\/www.oarcanjo.net\/site\/#website"},"primaryImageOfPage":{"@id":"https:\/\/www.oarcanjo.net\/site\/todos-em-volta-da-mesma-mesa\/#primaryimage"},"image":{"@id":"https:\/\/www.oarcanjo.net\/site\/todos-em-volta-da-mesma-mesa\/#primaryimage"},"thumbnailUrl":"http:\/\/www.oarcanjo.net\/site\/wp-content\/uploads\/pe-geovane13-150x150.jpg","datePublished":"2012-08-27T13:54:06+00:00","dateModified":"2012-08-27T13:54:06+00:00","breadcrumb":{"@id":"https:\/\/www.oarcanjo.net\/site\/todos-em-volta-da-mesma-mesa\/#breadcrumb"},"inLanguage":"pt-BR","potentialAction":[{"@type":"ReadAction","target":["https:\/\/www.oarcanjo.net\/site\/todos-em-volta-da-mesma-mesa\/"]}]},{"@type":"ImageObject","inLanguage":"pt-BR","@id":"https:\/\/www.oarcanjo.net\/site\/todos-em-volta-da-mesma-mesa\/#primaryimage","url":"https:\/\/www.oarcanjo.net\/site\/wp-content\/uploads\/pe-geovane13.jpg","contentUrl":"https:\/\/www.oarcanjo.net\/site\/wp-content\/uploads\/pe-geovane13.jpg","width":"320","height":"480"},{"@type":"BreadcrumbList","@id":"https:\/\/www.oarcanjo.net\/site\/todos-em-volta-da-mesma-mesa\/#breadcrumb","itemListElement":[{"@type":"ListItem","position":1,"name":"In\u00edcio","item":"https:\/\/www.oarcanjo.net\/site\/"},{"@type":"ListItem","position":2,"name":"Todos em volta da mesma mesa"}]},{"@type":"WebSite","@id":"https:\/\/www.oarcanjo.net\/site\/#website","url":"https:\/\/www.oarcanjo.net\/site\/","name":"O Arcanjo no ar","description":"Site da Par\u00f3quia S\u00e3o Miguel Arcanjo (Arquidiocese de SP)","publisher":{"@id":"https:\/\/www.oarcanjo.net\/site\/#organization"},"potentialAction":[{"@type":"SearchAction","target":{"@type":"EntryPoint","urlTemplate":"https:\/\/www.oarcanjo.net\/site\/?s={search_term_string}"},"query-input":{"@type":"PropertyValueSpecification","valueRequired":true,"valueName":"search_term_string"}}],"inLanguage":"pt-BR"},{"@type":"Organization","@id":"https:\/\/www.oarcanjo.net\/site\/#organization","name":"Par\u00f3quia S\u00e3o Miguel Arcanjo","url":"https:\/\/www.oarcanjo.net\/site\/","logo":{"@type":"ImageObject","inLanguage":"pt-BR","@id":"https:\/\/www.oarcanjo.net\/site\/#\/schema\/logo\/image\/","url":"https:\/\/www.oarcanjo.net\/site\/wp-content\/uploads\/LogoOArcanjo.png","contentUrl":"https:\/\/www.oarcanjo.net\/site\/wp-content\/uploads\/LogoOArcanjo.png","width":319,"height":99,"caption":"Par\u00f3quia S\u00e3o Miguel Arcanjo"},"image":{"@id":"https:\/\/www.oarcanjo.net\/site\/#\/schema\/logo\/image\/"},"sameAs":["https:\/\/www.facebook.com\/OArcanjoNoAr\/"]},{"@type":"Person","@id":"https:\/\/www.oarcanjo.net\/site\/#\/schema\/person\/58d7f78850a973b8e467c7ae4a7eb4ad","name":"pe.geovane"}]}},"publishpress_future_action":{"enabled":false,"date":"2026-05-08 13:04:12","action":"category","newStatus":"draft","terms":[],"taxonomy":"category"},"publishpress_future_workflow_manual_trigger":{"enabledWorkflows":[]},"_links":{"self":[{"href":"https:\/\/www.oarcanjo.net\/site\/wp-json\/wp\/v2\/posts\/19130"}],"collection":[{"href":"https:\/\/www.oarcanjo.net\/site\/wp-json\/wp\/v2\/posts"}],"about":[{"href":"https:\/\/www.oarcanjo.net\/site\/wp-json\/wp\/v2\/types\/post"}],"author":[{"embeddable":true,"href":"https:\/\/www.oarcanjo.net\/site\/wp-json\/wp\/v2\/users\/17"}],"replies":[{"embeddable":true,"href":"https:\/\/www.oarcanjo.net\/site\/wp-json\/wp\/v2\/comments?post=19130"}],"version-history":[{"count":0,"href":"https:\/\/www.oarcanjo.net\/site\/wp-json\/wp\/v2\/posts\/19130\/revisions"}],"wp:attachment":[{"href":"https:\/\/www.oarcanjo.net\/site\/wp-json\/wp\/v2\/media?parent=19130"}],"wp:term":[{"taxonomy":"category","embeddable":true,"href":"https:\/\/www.oarcanjo.net\/site\/wp-json\/wp\/v2\/categories?post=19130"},{"taxonomy":"post_tag","embeddable":true,"href":"https:\/\/www.oarcanjo.net\/site\/wp-json\/wp\/v2\/tags?post=19130"}],"curies":[{"name":"wp","href":"https:\/\/api.w.org\/{rel}","templated":true}]}}