
{"id":1915,"date":"2009-02-19T23:58:08","date_gmt":"2009-02-20T02:58:08","guid":{"rendered":"http:\/\/www.oarcanjo.net\/site\/?p=1915"},"modified":"2009-02-19T23:58:08","modified_gmt":"2009-02-20T02:58:08","slug":"articulacao-estuda-proposta-de-politica-publica-para-populacao-de-rua","status":"publish","type":"post","link":"https:\/\/www.oarcanjo.net\/site\/articulacao-estuda-proposta-de-politica-publica-para-populacao-de-rua\/","title":{"rendered":"Articula\u00e7\u00e3o estuda proposta de pol\u00edtica p\u00fablica para popula\u00e7\u00e3o de rua"},"content":{"rendered":"<p>A articula\u00e7\u00e3o nacional da Pastoral do Povo da Rua discutiu, entre os dias 13 e 16 de fevereiro, em Belo Horizonte (Minas Gerais), a proposta da &#8220;Pol\u00edtica Nacional para Inclus\u00e3o Social da Popula\u00e7\u00e3o em Situa\u00e7\u00e3o de Rua&#8221;. Os resultados da discuss\u00e3o ser\u00e3o apresentados no encontro do Grupo de Trabalho Interministerial (GTI), agendado para acontecer nos pr\u00f3ximos dias 9 e 10 de mar\u00e7o. <\/p>\n<p>Segundo Fernanda Gon\u00e7alves, membro da Pastoral do Povo da Rua de Fortaleza, o encontro foi para estudar a proposta da Pol\u00edtica Nacional, apontando poss\u00edveis altera\u00e7\u00f5es no documento. Ela explica que todas as sugest\u00f5es de mudan\u00e7as ser\u00e3o levadas para o encontro do GTI que, depois de uma ampla discuss\u00e3o com todos os \u00f3rg\u00e3os e entidades envolvidos, apresentar\u00e3o um documento final.<\/p>\n<p>A Pol\u00edtica Nacional define estrat\u00e9gias que visem a defesa e garantia dos direitos das pessoas que vivem nas ruas. O documento prop\u00f5e alternativas para diminuir a popula\u00e7\u00e3o de rua atrav\u00e9s da capacita\u00e7\u00e3o e da profissionaliza\u00e7\u00e3o dos indiv\u00edduos para que, dessa forma, eles possam se inserir no mercado de trabalho.  <\/p>\n<p>Apresentada pelo Governo Federal, a proposta da &#8220;Pol\u00edtica Nacional para Inclus\u00e3o Social da Popula\u00e7\u00e3o em Situa\u00e7\u00e3o de Rua&#8221; foi desenvolvida a partir do GTI, que tem a coordena\u00e7\u00e3o do Minist\u00e9rio do Desenvolvimento Social e Combate \u00e0 Fome (MDS). Al\u00e9m de diversos minist\u00e9rios, tamb\u00e9m participam do GTI: representantes do Movimento Nacional de Moradores de Rua (MNPR), da Pastoral do Povo da Rua e do Colegiado Nacional de Gestores Municipais de Assist\u00eancia Social (Congemas).<\/p>\n<div id=\"themify_builder_content-1915\" data-postid=\"1915\" class=\"themify_builder_content themify_builder_content-1915 themify_builder themify_builder_front\">\n\t<\/div>\n<!-- \/themify_builder_content -->","protected":false},"excerpt":{"rendered":"<p>A articula\u00e7\u00e3o nacional da Pastoral do Povo da Rua discutiu, entre os dias 13 e 16 de fevereiro, em Belo Horizonte (Minas Gerais), a proposta da &#8220;Pol\u00edtica Nacional para Inclus\u00e3o Social da Popula\u00e7\u00e3o em Situa\u00e7\u00e3o de Rua&#8221;. Os resultados da discuss\u00e3o ser\u00e3o apresentados no encontro do Grupo de Trabalho Interministerial (GTI), agendado para acontecer nos [&hellip;]<\/p>\n","protected":false},"author":5,"featured_media":0,"comment_status":"open","ping_status":"open","sticky":false,"template":"","format":"standard","meta":{"ngg_post_thumbnail":0,"footnotes":""},"categories":[8],"tags":[246],"yoast_head":"<!-- This site is optimized with the Yoast SEO plugin v23.5 - https:\/\/yoast.com\/wordpress\/plugins\/seo\/ -->\n<title>Articula\u00e7\u00e3o estuda proposta de pol\u00edtica p\u00fablica para popula\u00e7\u00e3o de rua - O Arcanjo no ar<\/title>\n<meta name=\"robots\" content=\"index, follow, max-snippet:-1, max-image-preview:large, max-video-preview:-1\" \/>\n<link rel=\"canonical\" href=\"https:\/\/www.oarcanjo.net\/site\/articulacao-estuda-proposta-de-politica-publica-para-populacao-de-rua\/\" \/>\n<meta property=\"og:locale\" content=\"pt_BR\" \/>\n<meta property=\"og:type\" content=\"article\" \/>\n<meta property=\"og:title\" content=\"Articula\u00e7\u00e3o estuda proposta de pol\u00edtica p\u00fablica para popula\u00e7\u00e3o de rua - O Arcanjo no ar\" \/>\n<meta property=\"og:description\" content=\"A articula\u00e7\u00e3o nacional da Pastoral do Povo da Rua discutiu, entre os dias 13 e 16 de fevereiro, em Belo Horizonte (Minas Gerais), a proposta da &#8220;Pol\u00edtica Nacional para Inclus\u00e3o Social da Popula\u00e7\u00e3o em Situa\u00e7\u00e3o de Rua&#8221;. Os resultados da discuss\u00e3o ser\u00e3o apresentados no encontro do Grupo de Trabalho Interministerial (GTI), agendado para acontecer nos [&hellip;]\" \/>\n<meta property=\"og:url\" content=\"https:\/\/www.oarcanjo.net\/site\/articulacao-estuda-proposta-de-politica-publica-para-populacao-de-rua\/\" \/>\n<meta property=\"og:site_name\" content=\"O Arcanjo no ar\" \/>\n<meta property=\"article:publisher\" content=\"https:\/\/www.facebook.com\/OArcanjoNoAr\/\" \/>\n<meta property=\"article:published_time\" content=\"2009-02-20T02:58:08+00:00\" \/>\n<meta property=\"og:image\" content=\"https:\/\/www.oarcanjo.net\/site\/wp-content\/uploads\/logo-o-arcanjo-no-ar-facebook.png\" \/>\n\t<meta property=\"og:image:width\" content=\"300\" \/>\n\t<meta property=\"og:image:height\" content=\"300\" \/>\n\t<meta property=\"og:image:type\" content=\"image\/png\" \/>\n<meta name=\"author\" content=\"editor\" \/>\n<meta name=\"twitter:card\" content=\"summary_large_image\" \/>\n<meta name=\"twitter:label1\" content=\"Escrito por\" \/>\n\t<meta name=\"twitter:data1\" content=\"editor\" \/>\n\t<meta name=\"twitter:label2\" content=\"Est. tempo de leitura\" \/>\n\t<meta name=\"twitter:data2\" content=\"1 minuto\" \/>\n<script type=\"application\/ld+json\" class=\"yoast-schema-graph\">{\"@context\":\"https:\/\/schema.org\",\"@graph\":[{\"@type\":\"Article\",\"@id\":\"https:\/\/www.oarcanjo.net\/site\/articulacao-estuda-proposta-de-politica-publica-para-populacao-de-rua\/#article\",\"isPartOf\":{\"@id\":\"https:\/\/www.oarcanjo.net\/site\/articulacao-estuda-proposta-de-politica-publica-para-populacao-de-rua\/\"},\"author\":{\"name\":\"editor\",\"@id\":\"https:\/\/www.oarcanjo.net\/site\/#\/schema\/person\/f7024d007863202483a31326673a0838\"},\"headline\":\"Articula\u00e7\u00e3o estuda proposta de pol\u00edtica p\u00fablica para popula\u00e7\u00e3o de rua\",\"datePublished\":\"2009-02-20T02:58:08+00:00\",\"dateModified\":\"2009-02-20T02:58:08+00:00\",\"mainEntityOfPage\":{\"@id\":\"https:\/\/www.oarcanjo.net\/site\/articulacao-estuda-proposta-de-politica-publica-para-populacao-de-rua\/\"},\"wordCount\":288,\"commentCount\":0,\"publisher\":{\"@id\":\"https:\/\/www.oarcanjo.net\/site\/#organization\"},\"keywords\":[\"povo de rua\"],\"articleSection\":[\"Not\u00edcias\"],\"inLanguage\":\"pt-BR\",\"potentialAction\":[{\"@type\":\"CommentAction\",\"name\":\"Comment\",\"target\":[\"https:\/\/www.oarcanjo.net\/site\/articulacao-estuda-proposta-de-politica-publica-para-populacao-de-rua\/#respond\"]}]},{\"@type\":\"WebPage\",\"@id\":\"https:\/\/www.oarcanjo.net\/site\/articulacao-estuda-proposta-de-politica-publica-para-populacao-de-rua\/\",\"url\":\"https:\/\/www.oarcanjo.net\/site\/articulacao-estuda-proposta-de-politica-publica-para-populacao-de-rua\/\",\"name\":\"Articula\u00e7\u00e3o estuda proposta de pol\u00edtica p\u00fablica para popula\u00e7\u00e3o de rua - O Arcanjo no ar\",\"isPartOf\":{\"@id\":\"https:\/\/www.oarcanjo.net\/site\/#website\"},\"datePublished\":\"2009-02-20T02:58:08+00:00\",\"dateModified\":\"2009-02-20T02:58:08+00:00\",\"breadcrumb\":{\"@id\":\"https:\/\/www.oarcanjo.net\/site\/articulacao-estuda-proposta-de-politica-publica-para-populacao-de-rua\/#breadcrumb\"},\"inLanguage\":\"pt-BR\",\"potentialAction\":[{\"@type\":\"ReadAction\",\"target\":[\"https:\/\/www.oarcanjo.net\/site\/articulacao-estuda-proposta-de-politica-publica-para-populacao-de-rua\/\"]}]},{\"@type\":\"BreadcrumbList\",\"@id\":\"https:\/\/www.oarcanjo.net\/site\/articulacao-estuda-proposta-de-politica-publica-para-populacao-de-rua\/#breadcrumb\",\"itemListElement\":[{\"@type\":\"ListItem\",\"position\":1,\"name\":\"In\u00edcio\",\"item\":\"https:\/\/www.oarcanjo.net\/site\/\"},{\"@type\":\"ListItem\",\"position\":2,\"name\":\"Articula\u00e7\u00e3o estuda proposta de pol\u00edtica p\u00fablica para popula\u00e7\u00e3o de rua\"}]},{\"@type\":\"WebSite\",\"@id\":\"https:\/\/www.oarcanjo.net\/site\/#website\",\"url\":\"https:\/\/www.oarcanjo.net\/site\/\",\"name\":\"O Arcanjo no ar\",\"description\":\"Site da Par\u00f3quia S\u00e3o Miguel Arcanjo (Arquidiocese de SP)\",\"publisher\":{\"@id\":\"https:\/\/www.oarcanjo.net\/site\/#organization\"},\"potentialAction\":[{\"@type\":\"SearchAction\",\"target\":{\"@type\":\"EntryPoint\",\"urlTemplate\":\"https:\/\/www.oarcanjo.net\/site\/?s={search_term_string}\"},\"query-input\":{\"@type\":\"PropertyValueSpecification\",\"valueRequired\":true,\"valueName\":\"search_term_string\"}}],\"inLanguage\":\"pt-BR\"},{\"@type\":\"Organization\",\"@id\":\"https:\/\/www.oarcanjo.net\/site\/#organization\",\"name\":\"Par\u00f3quia S\u00e3o Miguel Arcanjo\",\"url\":\"https:\/\/www.oarcanjo.net\/site\/\",\"logo\":{\"@type\":\"ImageObject\",\"inLanguage\":\"pt-BR\",\"@id\":\"https:\/\/www.oarcanjo.net\/site\/#\/schema\/logo\/image\/\",\"url\":\"https:\/\/www.oarcanjo.net\/site\/wp-content\/uploads\/LogoOArcanjo.png\",\"contentUrl\":\"https:\/\/www.oarcanjo.net\/site\/wp-content\/uploads\/LogoOArcanjo.png\",\"width\":319,\"height\":99,\"caption\":\"Par\u00f3quia S\u00e3o Miguel Arcanjo\"},\"image\":{\"@id\":\"https:\/\/www.oarcanjo.net\/site\/#\/schema\/logo\/image\/\"},\"sameAs\":[\"https:\/\/www.facebook.com\/OArcanjoNoAr\/\"]},{\"@type\":\"Person\",\"@id\":\"https:\/\/www.oarcanjo.net\/site\/#\/schema\/person\/f7024d007863202483a31326673a0838\",\"name\":\"editor\",\"sameAs\":[\"http:\/\/www.oarcanjo.net\"]}]}<\/script>\n<!-- \/ Yoast SEO plugin. -->","yoast_head_json":{"title":"Articula\u00e7\u00e3o estuda proposta de pol\u00edtica p\u00fablica para popula\u00e7\u00e3o de rua - O Arcanjo no ar","robots":{"index":"index","follow":"follow","max-snippet":"max-snippet:-1","max-image-preview":"max-image-preview:large","max-video-preview":"max-video-preview:-1"},"canonical":"https:\/\/www.oarcanjo.net\/site\/articulacao-estuda-proposta-de-politica-publica-para-populacao-de-rua\/","og_locale":"pt_BR","og_type":"article","og_title":"Articula\u00e7\u00e3o estuda proposta de pol\u00edtica p\u00fablica para popula\u00e7\u00e3o de rua - O Arcanjo no ar","og_description":"A articula\u00e7\u00e3o nacional da Pastoral do Povo da Rua discutiu, entre os dias 13 e 16 de fevereiro, em Belo Horizonte (Minas Gerais), a proposta da &#8220;Pol\u00edtica Nacional para Inclus\u00e3o Social da Popula\u00e7\u00e3o em Situa\u00e7\u00e3o de Rua&#8221;. Os resultados da discuss\u00e3o ser\u00e3o apresentados no encontro do Grupo de Trabalho Interministerial (GTI), agendado para acontecer nos [&hellip;]","og_url":"https:\/\/www.oarcanjo.net\/site\/articulacao-estuda-proposta-de-politica-publica-para-populacao-de-rua\/","og_site_name":"O Arcanjo no ar","article_publisher":"https:\/\/www.facebook.com\/OArcanjoNoAr\/","article_published_time":"2009-02-20T02:58:08+00:00","og_image":[{"width":300,"height":300,"url":"https:\/\/www.oarcanjo.net\/site\/wp-content\/uploads\/logo-o-arcanjo-no-ar-facebook.png","type":"image\/png"}],"author":"editor","twitter_card":"summary_large_image","twitter_misc":{"Escrito por":"editor","Est. tempo de leitura":"1 minuto"},"schema":{"@context":"https:\/\/schema.org","@graph":[{"@type":"Article","@id":"https:\/\/www.oarcanjo.net\/site\/articulacao-estuda-proposta-de-politica-publica-para-populacao-de-rua\/#article","isPartOf":{"@id":"https:\/\/www.oarcanjo.net\/site\/articulacao-estuda-proposta-de-politica-publica-para-populacao-de-rua\/"},"author":{"name":"editor","@id":"https:\/\/www.oarcanjo.net\/site\/#\/schema\/person\/f7024d007863202483a31326673a0838"},"headline":"Articula\u00e7\u00e3o estuda proposta de pol\u00edtica p\u00fablica para popula\u00e7\u00e3o de rua","datePublished":"2009-02-20T02:58:08+00:00","dateModified":"2009-02-20T02:58:08+00:00","mainEntityOfPage":{"@id":"https:\/\/www.oarcanjo.net\/site\/articulacao-estuda-proposta-de-politica-publica-para-populacao-de-rua\/"},"wordCount":288,"commentCount":0,"publisher":{"@id":"https:\/\/www.oarcanjo.net\/site\/#organization"},"keywords":["povo de rua"],"articleSection":["Not\u00edcias"],"inLanguage":"pt-BR","potentialAction":[{"@type":"CommentAction","name":"Comment","target":["https:\/\/www.oarcanjo.net\/site\/articulacao-estuda-proposta-de-politica-publica-para-populacao-de-rua\/#respond"]}]},{"@type":"WebPage","@id":"https:\/\/www.oarcanjo.net\/site\/articulacao-estuda-proposta-de-politica-publica-para-populacao-de-rua\/","url":"https:\/\/www.oarcanjo.net\/site\/articulacao-estuda-proposta-de-politica-publica-para-populacao-de-rua\/","name":"Articula\u00e7\u00e3o estuda proposta de pol\u00edtica p\u00fablica para popula\u00e7\u00e3o de rua - O Arcanjo no ar","isPartOf":{"@id":"https:\/\/www.oarcanjo.net\/site\/#website"},"datePublished":"2009-02-20T02:58:08+00:00","dateModified":"2009-02-20T02:58:08+00:00","breadcrumb":{"@id":"https:\/\/www.oarcanjo.net\/site\/articulacao-estuda-proposta-de-politica-publica-para-populacao-de-rua\/#breadcrumb"},"inLanguage":"pt-BR","potentialAction":[{"@type":"ReadAction","target":["https:\/\/www.oarcanjo.net\/site\/articulacao-estuda-proposta-de-politica-publica-para-populacao-de-rua\/"]}]},{"@type":"BreadcrumbList","@id":"https:\/\/www.oarcanjo.net\/site\/articulacao-estuda-proposta-de-politica-publica-para-populacao-de-rua\/#breadcrumb","itemListElement":[{"@type":"ListItem","position":1,"name":"In\u00edcio","item":"https:\/\/www.oarcanjo.net\/site\/"},{"@type":"ListItem","position":2,"name":"Articula\u00e7\u00e3o estuda proposta de pol\u00edtica p\u00fablica para popula\u00e7\u00e3o de rua"}]},{"@type":"WebSite","@id":"https:\/\/www.oarcanjo.net\/site\/#website","url":"https:\/\/www.oarcanjo.net\/site\/","name":"O Arcanjo no ar","description":"Site da Par\u00f3quia S\u00e3o Miguel Arcanjo (Arquidiocese de SP)","publisher":{"@id":"https:\/\/www.oarcanjo.net\/site\/#organization"},"potentialAction":[{"@type":"SearchAction","target":{"@type":"EntryPoint","urlTemplate":"https:\/\/www.oarcanjo.net\/site\/?s={search_term_string}"},"query-input":{"@type":"PropertyValueSpecification","valueRequired":true,"valueName":"search_term_string"}}],"inLanguage":"pt-BR"},{"@type":"Organization","@id":"https:\/\/www.oarcanjo.net\/site\/#organization","name":"Par\u00f3quia S\u00e3o Miguel Arcanjo","url":"https:\/\/www.oarcanjo.net\/site\/","logo":{"@type":"ImageObject","inLanguage":"pt-BR","@id":"https:\/\/www.oarcanjo.net\/site\/#\/schema\/logo\/image\/","url":"https:\/\/www.oarcanjo.net\/site\/wp-content\/uploads\/LogoOArcanjo.png","contentUrl":"https:\/\/www.oarcanjo.net\/site\/wp-content\/uploads\/LogoOArcanjo.png","width":319,"height":99,"caption":"Par\u00f3quia S\u00e3o Miguel Arcanjo"},"image":{"@id":"https:\/\/www.oarcanjo.net\/site\/#\/schema\/logo\/image\/"},"sameAs":["https:\/\/www.facebook.com\/OArcanjoNoAr\/"]},{"@type":"Person","@id":"https:\/\/www.oarcanjo.net\/site\/#\/schema\/person\/f7024d007863202483a31326673a0838","name":"editor","sameAs":["http:\/\/www.oarcanjo.net"]}]}},"publishpress_future_action":{"enabled":false,"date":"2026-05-08 19:34:47","action":"category","newStatus":"draft","terms":[],"taxonomy":"category"},"publishpress_future_workflow_manual_trigger":{"enabledWorkflows":[]},"_links":{"self":[{"href":"https:\/\/www.oarcanjo.net\/site\/wp-json\/wp\/v2\/posts\/1915"}],"collection":[{"href":"https:\/\/www.oarcanjo.net\/site\/wp-json\/wp\/v2\/posts"}],"about":[{"href":"https:\/\/www.oarcanjo.net\/site\/wp-json\/wp\/v2\/types\/post"}],"author":[{"embeddable":true,"href":"https:\/\/www.oarcanjo.net\/site\/wp-json\/wp\/v2\/users\/5"}],"replies":[{"embeddable":true,"href":"https:\/\/www.oarcanjo.net\/site\/wp-json\/wp\/v2\/comments?post=1915"}],"version-history":[{"count":0,"href":"https:\/\/www.oarcanjo.net\/site\/wp-json\/wp\/v2\/posts\/1915\/revisions"}],"wp:attachment":[{"href":"https:\/\/www.oarcanjo.net\/site\/wp-json\/wp\/v2\/media?parent=1915"}],"wp:term":[{"taxonomy":"category","embeddable":true,"href":"https:\/\/www.oarcanjo.net\/site\/wp-json\/wp\/v2\/categories?post=1915"},{"taxonomy":"post_tag","embeddable":true,"href":"https:\/\/www.oarcanjo.net\/site\/wp-json\/wp\/v2\/tags?post=1915"}],"curies":[{"name":"wp","href":"https:\/\/api.w.org\/{rel}","templated":true}]}}