
{"id":1917,"date":"2009-02-19T23:59:41","date_gmt":"2009-02-20T02:59:41","guid":{"rendered":"http:\/\/www.oarcanjo.net\/site\/?p=1917"},"modified":"2009-02-19T23:59:41","modified_gmt":"2009-02-20T02:59:41","slug":"mais-de-450-criancas-morreram-nos-ataques-a-gaza","status":"publish","type":"post","link":"https:\/\/www.oarcanjo.net\/site\/mais-de-450-criancas-morreram-nos-ataques-a-gaza\/","title":{"rendered":"Mais de 450 crian\u00e7as morreram nos ataques \u00e0 Gaza"},"content":{"rendered":"<p>O Tribunal Internacional sobre a Inf\u00e2ncia declarou, no dia 12 de fevereiro, o Estado de Israel culpado de crimes de lesa humanidade e genoc\u00eddio contra a inf\u00e2ncia palestina da Faixa de Gaza, durante os ataques que iniciaram no dia 27 de dezembro de 2008 e duraram 22 dias, matando mais de 450 crian\u00e7as. Na senten\u00e7a, o tribunal, formado por promotores internacionais de 11 pa\u00edses do mundo, sendo nove da Am\u00e9rica Latina, um da \u00c1frica e um da \u00c1sia, denuncia os crimes aberrantes e o avan\u00e7o sistem\u00e1tico do infantic\u00eddio contra as crian\u00e7as da Faixa de Gaza por parte do ex\u00e9rcito israelense. <\/p>\n<p>Segundo o tribunal, Israel violou todas as Conven\u00e7\u00f5es Humanit\u00e1rias de Genebra, todas as declara\u00e7\u00f5es internacionais de Direitos Humanos e apresentou como m\u00e9todo de guerra o ataque \u00e0 popula\u00e7\u00e3o civil. A senten\u00e7a \u00e9 constitu\u00edda de provas dos ataques \u00e0 popula\u00e7\u00e3o infantil palestina e da viola\u00e7\u00e3o das leis internacionais e do estatuto de Roma, com testemunhos de crian\u00e7as e m\u00e3es da Faixa de Gaza, junto a assinaturas e peti\u00e7\u00f5es de milhares de pessoas da Am\u00e9rica Latina, Europa, \u00c1frica e \u00c1sia. <\/p>\n<p>O organismo destaca ainda que a inf\u00e2ncia palestina tem vivido sob o genoc\u00eddio das bombas, das metralhadoras, e da utiliza\u00e7\u00e3o como escudos humanos das crian\u00e7as por parte do ex\u00e9rcito israelense. Afirma que 700 mil crian\u00e7as da regi\u00e3o foram submetidas a massacres, assassinatos, a crimes contra a humanidade, ao genoc\u00eddio, ao bloqueio humanit\u00e1rio, sequestro e \u00e0 destrui\u00e7\u00e3o de suas escolas, de seus lares, de suas fam\u00edlias e de suas casas. <\/p>\n<p>&#8220;\u00c9 a Senten\u00e7a Moral e \u00c9tica em mem\u00f3ria das crian\u00e7as palestinas que morrem em Gaza, pelo menos para devolve-lhes a dignidade que lhes roubaram com esses crimes da barb\u00e1rie humana, acompanhada por mais de 2.000 assinaturas e peti\u00e7\u00f5es de organiza\u00e7\u00f5es e cidad\u00e3os de mais de 50 pa\u00edses do mundo que ap\u00f3iam este Tribunal Internacional de Consci\u00eancia e solicitam \u00e0 Corte Penal Internacional e aos organismos internacionais de justi\u00e7a e direitos humanos da Uni\u00e3o Europ\u00e9ia e da Am\u00e9rica Latina a abertura de causa e investiga\u00e7\u00e3o e condena\u00e7\u00e3o dos culpados dos crimes&#8221;, afirma o documento. <\/p>\n<p>Ainda de acordo com a senten\u00e7a, as viola\u00e7\u00f5es do direito internacional humanit\u00e1rio devem ser perseguidas e investigadas pelos Estados, em especial pelos Estados parte dos Conv\u00eanios de Genebra de 1949. O tribunal lembra que Israel \u00e9 parte desde 1950 do IV Conv\u00eanio, aplic\u00e1vel \u00e0 prote\u00e7\u00e3o da popula\u00e7\u00e3o civil, mas n\u00e3o investiga nem persegue os atos que s\u00e3o denunciados ante seus tribunais militares e penais. <\/p>\n<p>O mais adequado para a realiza\u00e7\u00e3o do julgamento desses crimes seria a atua\u00e7\u00e3o da Corte Penal Internacional, de acordo com a senten\u00e7a. No entanto, o Estado de Israel n\u00e3o pe parte do Estatuto dessa Corte, permitindo que os crimes de guerra perpetrados em seu territ\u00f3rio ou por seus nacionais fiquem impunes. <\/p>\n<p>A senten\u00e7a na \u00edntegra pode ser acessada em: <a href=\"http:\/\/www.calameo.com\/viewer.swf?bkcode=00001604142f6507ebaac&#038;langid=en\" target=\"_blank\">www.calameo.com\/viewer.swf?bkcode=00001604142f6507ebaac&#038;langid=en<\/a><\/p>\n<div id=\"themify_builder_content-1917\" data-postid=\"1917\" class=\"themify_builder_content themify_builder_content-1917 themify_builder themify_builder_front\">\n\t<\/div>\n<!-- \/themify_builder_content -->","protected":false},"excerpt":{"rendered":"<p>O Tribunal Internacional sobre a Inf\u00e2ncia declarou, no dia 12 de fevereiro, o Estado de Israel culpado de crimes de lesa humanidade e genoc\u00eddio contra a inf\u00e2ncia palestina da Faixa de Gaza, durante os ataques que iniciaram no dia 27 de dezembro de 2008 e duraram 22 dias, matando mais de 450 crian\u00e7as. Na senten\u00e7a, [&hellip;]<\/p>\n","protected":false},"author":5,"featured_media":0,"comment_status":"open","ping_status":"open","sticky":false,"template":"","format":"standard","meta":{"ngg_post_thumbnail":0,"footnotes":""},"categories":[8],"tags":[181,178],"yoast_head":"<!-- This site is optimized with the Yoast SEO plugin v23.5 - https:\/\/yoast.com\/wordpress\/plugins\/seo\/ -->\n<title>Mais de 450 crian\u00e7as morreram nos ataques \u00e0 Gaza - O Arcanjo no ar<\/title>\n<meta name=\"robots\" content=\"index, follow, max-snippet:-1, max-image-preview:large, max-video-preview:-1\" \/>\n<link rel=\"canonical\" href=\"https:\/\/www.oarcanjo.net\/site\/mais-de-450-criancas-morreram-nos-ataques-a-gaza\/\" \/>\n<meta property=\"og:locale\" content=\"pt_BR\" \/>\n<meta property=\"og:type\" content=\"article\" \/>\n<meta property=\"og:title\" content=\"Mais de 450 crian\u00e7as morreram nos ataques \u00e0 Gaza - O Arcanjo no ar\" \/>\n<meta property=\"og:description\" content=\"O Tribunal Internacional sobre a Inf\u00e2ncia declarou, no dia 12 de fevereiro, o Estado de Israel culpado de crimes de lesa humanidade e genoc\u00eddio contra a inf\u00e2ncia palestina da Faixa de Gaza, durante os ataques que iniciaram no dia 27 de dezembro de 2008 e duraram 22 dias, matando mais de 450 crian\u00e7as. Na senten\u00e7a, [&hellip;]\" \/>\n<meta property=\"og:url\" content=\"https:\/\/www.oarcanjo.net\/site\/mais-de-450-criancas-morreram-nos-ataques-a-gaza\/\" \/>\n<meta property=\"og:site_name\" content=\"O Arcanjo no ar\" \/>\n<meta property=\"article:publisher\" content=\"https:\/\/www.facebook.com\/OArcanjoNoAr\/\" \/>\n<meta property=\"article:published_time\" content=\"2009-02-20T02:59:41+00:00\" \/>\n<meta property=\"og:image\" content=\"https:\/\/www.oarcanjo.net\/site\/wp-content\/uploads\/logo-o-arcanjo-no-ar-facebook.png\" \/>\n\t<meta property=\"og:image:width\" content=\"300\" \/>\n\t<meta property=\"og:image:height\" content=\"300\" \/>\n\t<meta property=\"og:image:type\" content=\"image\/png\" \/>\n<meta name=\"author\" content=\"editor\" \/>\n<meta name=\"twitter:card\" content=\"summary_large_image\" \/>\n<meta name=\"twitter:label1\" content=\"Escrito por\" \/>\n\t<meta name=\"twitter:data1\" content=\"editor\" \/>\n\t<meta name=\"twitter:label2\" content=\"Est. tempo de leitura\" \/>\n\t<meta name=\"twitter:data2\" content=\"3 minutos\" \/>\n<script type=\"application\/ld+json\" class=\"yoast-schema-graph\">{\"@context\":\"https:\/\/schema.org\",\"@graph\":[{\"@type\":\"Article\",\"@id\":\"https:\/\/www.oarcanjo.net\/site\/mais-de-450-criancas-morreram-nos-ataques-a-gaza\/#article\",\"isPartOf\":{\"@id\":\"https:\/\/www.oarcanjo.net\/site\/mais-de-450-criancas-morreram-nos-ataques-a-gaza\/\"},\"author\":{\"name\":\"editor\",\"@id\":\"https:\/\/www.oarcanjo.net\/site\/#\/schema\/person\/f7024d007863202483a31326673a0838\"},\"headline\":\"Mais de 450 crian\u00e7as morreram nos ataques \u00e0 Gaza\",\"datePublished\":\"2009-02-20T02:59:41+00:00\",\"dateModified\":\"2009-02-20T02:59:41+00:00\",\"mainEntityOfPage\":{\"@id\":\"https:\/\/www.oarcanjo.net\/site\/mais-de-450-criancas-morreram-nos-ataques-a-gaza\/\"},\"wordCount\":530,\"commentCount\":0,\"publisher\":{\"@id\":\"https:\/\/www.oarcanjo.net\/site\/#organization\"},\"keywords\":[\"Gaza\",\"oriente m\u00e9dio\"],\"articleSection\":[\"Not\u00edcias\"],\"inLanguage\":\"pt-BR\",\"potentialAction\":[{\"@type\":\"CommentAction\",\"name\":\"Comment\",\"target\":[\"https:\/\/www.oarcanjo.net\/site\/mais-de-450-criancas-morreram-nos-ataques-a-gaza\/#respond\"]}]},{\"@type\":\"WebPage\",\"@id\":\"https:\/\/www.oarcanjo.net\/site\/mais-de-450-criancas-morreram-nos-ataques-a-gaza\/\",\"url\":\"https:\/\/www.oarcanjo.net\/site\/mais-de-450-criancas-morreram-nos-ataques-a-gaza\/\",\"name\":\"Mais de 450 crian\u00e7as morreram nos ataques \u00e0 Gaza - O Arcanjo no ar\",\"isPartOf\":{\"@id\":\"https:\/\/www.oarcanjo.net\/site\/#website\"},\"datePublished\":\"2009-02-20T02:59:41+00:00\",\"dateModified\":\"2009-02-20T02:59:41+00:00\",\"breadcrumb\":{\"@id\":\"https:\/\/www.oarcanjo.net\/site\/mais-de-450-criancas-morreram-nos-ataques-a-gaza\/#breadcrumb\"},\"inLanguage\":\"pt-BR\",\"potentialAction\":[{\"@type\":\"ReadAction\",\"target\":[\"https:\/\/www.oarcanjo.net\/site\/mais-de-450-criancas-morreram-nos-ataques-a-gaza\/\"]}]},{\"@type\":\"BreadcrumbList\",\"@id\":\"https:\/\/www.oarcanjo.net\/site\/mais-de-450-criancas-morreram-nos-ataques-a-gaza\/#breadcrumb\",\"itemListElement\":[{\"@type\":\"ListItem\",\"position\":1,\"name\":\"In\u00edcio\",\"item\":\"https:\/\/www.oarcanjo.net\/site\/\"},{\"@type\":\"ListItem\",\"position\":2,\"name\":\"Mais de 450 crian\u00e7as morreram nos ataques \u00e0 Gaza\"}]},{\"@type\":\"WebSite\",\"@id\":\"https:\/\/www.oarcanjo.net\/site\/#website\",\"url\":\"https:\/\/www.oarcanjo.net\/site\/\",\"name\":\"O Arcanjo no ar\",\"description\":\"Site da Par\u00f3quia S\u00e3o Miguel Arcanjo (Arquidiocese de SP)\",\"publisher\":{\"@id\":\"https:\/\/www.oarcanjo.net\/site\/#organization\"},\"potentialAction\":[{\"@type\":\"SearchAction\",\"target\":{\"@type\":\"EntryPoint\",\"urlTemplate\":\"https:\/\/www.oarcanjo.net\/site\/?s={search_term_string}\"},\"query-input\":{\"@type\":\"PropertyValueSpecification\",\"valueRequired\":true,\"valueName\":\"search_term_string\"}}],\"inLanguage\":\"pt-BR\"},{\"@type\":\"Organization\",\"@id\":\"https:\/\/www.oarcanjo.net\/site\/#organization\",\"name\":\"Par\u00f3quia S\u00e3o Miguel Arcanjo\",\"url\":\"https:\/\/www.oarcanjo.net\/site\/\",\"logo\":{\"@type\":\"ImageObject\",\"inLanguage\":\"pt-BR\",\"@id\":\"https:\/\/www.oarcanjo.net\/site\/#\/schema\/logo\/image\/\",\"url\":\"https:\/\/www.oarcanjo.net\/site\/wp-content\/uploads\/LogoOArcanjo.png\",\"contentUrl\":\"https:\/\/www.oarcanjo.net\/site\/wp-content\/uploads\/LogoOArcanjo.png\",\"width\":319,\"height\":99,\"caption\":\"Par\u00f3quia S\u00e3o Miguel Arcanjo\"},\"image\":{\"@id\":\"https:\/\/www.oarcanjo.net\/site\/#\/schema\/logo\/image\/\"},\"sameAs\":[\"https:\/\/www.facebook.com\/OArcanjoNoAr\/\"]},{\"@type\":\"Person\",\"@id\":\"https:\/\/www.oarcanjo.net\/site\/#\/schema\/person\/f7024d007863202483a31326673a0838\",\"name\":\"editor\",\"sameAs\":[\"http:\/\/www.oarcanjo.net\"]}]}<\/script>\n<!-- \/ Yoast SEO plugin. -->","yoast_head_json":{"title":"Mais de 450 crian\u00e7as morreram nos ataques \u00e0 Gaza - O Arcanjo no ar","robots":{"index":"index","follow":"follow","max-snippet":"max-snippet:-1","max-image-preview":"max-image-preview:large","max-video-preview":"max-video-preview:-1"},"canonical":"https:\/\/www.oarcanjo.net\/site\/mais-de-450-criancas-morreram-nos-ataques-a-gaza\/","og_locale":"pt_BR","og_type":"article","og_title":"Mais de 450 crian\u00e7as morreram nos ataques \u00e0 Gaza - O Arcanjo no ar","og_description":"O Tribunal Internacional sobre a Inf\u00e2ncia declarou, no dia 12 de fevereiro, o Estado de Israel culpado de crimes de lesa humanidade e genoc\u00eddio contra a inf\u00e2ncia palestina da Faixa de Gaza, durante os ataques que iniciaram no dia 27 de dezembro de 2008 e duraram 22 dias, matando mais de 450 crian\u00e7as. Na senten\u00e7a, [&hellip;]","og_url":"https:\/\/www.oarcanjo.net\/site\/mais-de-450-criancas-morreram-nos-ataques-a-gaza\/","og_site_name":"O Arcanjo no ar","article_publisher":"https:\/\/www.facebook.com\/OArcanjoNoAr\/","article_published_time":"2009-02-20T02:59:41+00:00","og_image":[{"width":300,"height":300,"url":"https:\/\/www.oarcanjo.net\/site\/wp-content\/uploads\/logo-o-arcanjo-no-ar-facebook.png","type":"image\/png"}],"author":"editor","twitter_card":"summary_large_image","twitter_misc":{"Escrito por":"editor","Est. tempo de leitura":"3 minutos"},"schema":{"@context":"https:\/\/schema.org","@graph":[{"@type":"Article","@id":"https:\/\/www.oarcanjo.net\/site\/mais-de-450-criancas-morreram-nos-ataques-a-gaza\/#article","isPartOf":{"@id":"https:\/\/www.oarcanjo.net\/site\/mais-de-450-criancas-morreram-nos-ataques-a-gaza\/"},"author":{"name":"editor","@id":"https:\/\/www.oarcanjo.net\/site\/#\/schema\/person\/f7024d007863202483a31326673a0838"},"headline":"Mais de 450 crian\u00e7as morreram nos ataques \u00e0 Gaza","datePublished":"2009-02-20T02:59:41+00:00","dateModified":"2009-02-20T02:59:41+00:00","mainEntityOfPage":{"@id":"https:\/\/www.oarcanjo.net\/site\/mais-de-450-criancas-morreram-nos-ataques-a-gaza\/"},"wordCount":530,"commentCount":0,"publisher":{"@id":"https:\/\/www.oarcanjo.net\/site\/#organization"},"keywords":["Gaza","oriente m\u00e9dio"],"articleSection":["Not\u00edcias"],"inLanguage":"pt-BR","potentialAction":[{"@type":"CommentAction","name":"Comment","target":["https:\/\/www.oarcanjo.net\/site\/mais-de-450-criancas-morreram-nos-ataques-a-gaza\/#respond"]}]},{"@type":"WebPage","@id":"https:\/\/www.oarcanjo.net\/site\/mais-de-450-criancas-morreram-nos-ataques-a-gaza\/","url":"https:\/\/www.oarcanjo.net\/site\/mais-de-450-criancas-morreram-nos-ataques-a-gaza\/","name":"Mais de 450 crian\u00e7as morreram nos ataques \u00e0 Gaza - O Arcanjo no ar","isPartOf":{"@id":"https:\/\/www.oarcanjo.net\/site\/#website"},"datePublished":"2009-02-20T02:59:41+00:00","dateModified":"2009-02-20T02:59:41+00:00","breadcrumb":{"@id":"https:\/\/www.oarcanjo.net\/site\/mais-de-450-criancas-morreram-nos-ataques-a-gaza\/#breadcrumb"},"inLanguage":"pt-BR","potentialAction":[{"@type":"ReadAction","target":["https:\/\/www.oarcanjo.net\/site\/mais-de-450-criancas-morreram-nos-ataques-a-gaza\/"]}]},{"@type":"BreadcrumbList","@id":"https:\/\/www.oarcanjo.net\/site\/mais-de-450-criancas-morreram-nos-ataques-a-gaza\/#breadcrumb","itemListElement":[{"@type":"ListItem","position":1,"name":"In\u00edcio","item":"https:\/\/www.oarcanjo.net\/site\/"},{"@type":"ListItem","position":2,"name":"Mais de 450 crian\u00e7as morreram nos ataques \u00e0 Gaza"}]},{"@type":"WebSite","@id":"https:\/\/www.oarcanjo.net\/site\/#website","url":"https:\/\/www.oarcanjo.net\/site\/","name":"O Arcanjo no ar","description":"Site da Par\u00f3quia S\u00e3o Miguel Arcanjo (Arquidiocese de SP)","publisher":{"@id":"https:\/\/www.oarcanjo.net\/site\/#organization"},"potentialAction":[{"@type":"SearchAction","target":{"@type":"EntryPoint","urlTemplate":"https:\/\/www.oarcanjo.net\/site\/?s={search_term_string}"},"query-input":{"@type":"PropertyValueSpecification","valueRequired":true,"valueName":"search_term_string"}}],"inLanguage":"pt-BR"},{"@type":"Organization","@id":"https:\/\/www.oarcanjo.net\/site\/#organization","name":"Par\u00f3quia S\u00e3o Miguel Arcanjo","url":"https:\/\/www.oarcanjo.net\/site\/","logo":{"@type":"ImageObject","inLanguage":"pt-BR","@id":"https:\/\/www.oarcanjo.net\/site\/#\/schema\/logo\/image\/","url":"https:\/\/www.oarcanjo.net\/site\/wp-content\/uploads\/LogoOArcanjo.png","contentUrl":"https:\/\/www.oarcanjo.net\/site\/wp-content\/uploads\/LogoOArcanjo.png","width":319,"height":99,"caption":"Par\u00f3quia S\u00e3o Miguel Arcanjo"},"image":{"@id":"https:\/\/www.oarcanjo.net\/site\/#\/schema\/logo\/image\/"},"sameAs":["https:\/\/www.facebook.com\/OArcanjoNoAr\/"]},{"@type":"Person","@id":"https:\/\/www.oarcanjo.net\/site\/#\/schema\/person\/f7024d007863202483a31326673a0838","name":"editor","sameAs":["http:\/\/www.oarcanjo.net"]}]}},"publishpress_future_action":{"enabled":false,"date":"2026-05-08 19:34:41","action":"category","newStatus":"draft","terms":[],"taxonomy":"category"},"publishpress_future_workflow_manual_trigger":{"enabledWorkflows":[]},"_links":{"self":[{"href":"https:\/\/www.oarcanjo.net\/site\/wp-json\/wp\/v2\/posts\/1917"}],"collection":[{"href":"https:\/\/www.oarcanjo.net\/site\/wp-json\/wp\/v2\/posts"}],"about":[{"href":"https:\/\/www.oarcanjo.net\/site\/wp-json\/wp\/v2\/types\/post"}],"author":[{"embeddable":true,"href":"https:\/\/www.oarcanjo.net\/site\/wp-json\/wp\/v2\/users\/5"}],"replies":[{"embeddable":true,"href":"https:\/\/www.oarcanjo.net\/site\/wp-json\/wp\/v2\/comments?post=1917"}],"version-history":[{"count":0,"href":"https:\/\/www.oarcanjo.net\/site\/wp-json\/wp\/v2\/posts\/1917\/revisions"}],"wp:attachment":[{"href":"https:\/\/www.oarcanjo.net\/site\/wp-json\/wp\/v2\/media?parent=1917"}],"wp:term":[{"taxonomy":"category","embeddable":true,"href":"https:\/\/www.oarcanjo.net\/site\/wp-json\/wp\/v2\/categories?post=1917"},{"taxonomy":"post_tag","embeddable":true,"href":"https:\/\/www.oarcanjo.net\/site\/wp-json\/wp\/v2\/tags?post=1917"}],"curies":[{"name":"wp","href":"https:\/\/api.w.org\/{rel}","templated":true}]}}