
{"id":1919,"date":"2009-02-19T16:07:11","date_gmt":"2009-02-19T19:07:11","guid":{"rendered":"http:\/\/www.oarcanjo.net\/site\/?p=1919"},"modified":"2009-02-20T08:11:10","modified_gmt":"2009-02-20T11:11:10","slug":"geracao-jesus-cristo","status":"publish","type":"post","link":"https:\/\/www.oarcanjo.net\/site\/geracao-jesus-cristo\/","title":{"rendered":"Gera\u00e7\u00e3o Jesus Cristo?"},"content":{"rendered":"<p>Maria Clara Lucchetti Bingemer *<\/p>\n<p>O fan\u00e1tico, segundo a defini\u00e7\u00e3o do dicion\u00e1rio, \u00e9 aquele ou aquela que se considera inspirado por uma divindade, iluminado pelo esp\u00edrito divino e por isso melhor do que os outros. \u00c9 ainda aquele que tem zelo religioso cego, excessivo e intolerante. Exprime-se no transporte do furor divino. Severo e duro consigo mesmo, impondo-se restri\u00e7\u00f5es e limites desumanos, corre o risco de enxergar os outros com os mesmos olhos inclementes e frios com os quais se v\u00ea. E pode ver com frieza e indiferen\u00e7a a anula\u00e7\u00e3o daqueles que n\u00e3o partilham seus sentimentos e convic\u00e7\u00f5es.<\/p>\n<p>A cidade do Rio de Janeiro come\u00e7ou a semana passada sacudida por lament\u00e1vel epis\u00f3dio de fanatismo. Quatro jovens \u2013 tr\u00eas  homens e uma mulher &#8211; foram detidos ap\u00f3s invadir e destruir um centro esp\u00edrita no Catete, Zona Sul do Rio. Fora, mais de 60 pessoas aguardavam, em fila, para entrar e participar da celebra\u00e7\u00e3o. Os quatro entraram em f\u00faria, destruindo santos, imagens, tudo que viam pela frente e gritando palavras ofensivas \u00e0s pessoas presentes.<\/p>\n<p>Altar, objetos de culto, nada escapou \u00e0 viol\u00eancia cega e intolerante dos quatro jovens, que foram presos e liberados horas depois sem dar nenhuma declara\u00e7\u00e3o, a n\u00e3o ser que faziam parte de uma igreja evang\u00e9lica chamada Gera\u00e7\u00e3o Jesus Cristo. Apesar de o pastor respons\u00e1vel pela Igreja ter manifestado seu rep\u00fadio ao fato e declarado tratar-se de atitude isolada, uma vez que sua igreja prega a toler\u00e2ncia, o epis\u00f3dio n\u00e3o deixa de ser preocupante.<\/p>\n<p>Quando a intoler\u00e2ncia e o fanatismo assumem tais propor\u00e7\u00f5es, sobretudo em um grupo religioso que declara filiar-se ao cristianismo, algo muito distorcido e desviado est\u00e1 em curso.  Pois o evangelho de Jesus Cristo \u00e9 tudo, menos intolerante ou sect\u00e1rio. Por isso, o fato de os quatro jovens v\u00e2ndalos reconhecerem sua identidade em uma igreja que leva o nome &#8220;Gera\u00e7\u00e3o Jesus Cristo&#8221; impressiona e escandaliza. <\/p>\n<p>Se h\u00e1 coisa que nos ensina Jesus de Nazar\u00e9, o Cristo de Deus, \u00e9 a inclus\u00e3o de todos. O diferente, o exclu\u00eddo, o doente, o impuro, o pag\u00e3o, o id\u00f3latra, todos, absolutamente todos, encontram cidadania e acolhida em sua pessoa e sua pr\u00e1tica. O evangelho n\u00e3o relata um s\u00f3 epis\u00f3dio de Jesus em atitude excludente e intolerante com pessoas ou grupos devido \u00e0 sua origem, seu credo religioso, sua filia\u00e7\u00e3o de qualquer tipo. Exce\u00e7\u00e3o feita aos desonestos e corruptos vendilh\u00f5es do Templo, cujas bancadas derrubou sumariamente. <\/p>\n<p>A reprova\u00e7\u00e3o de Jesus dirige-se apenas \u00e0 atitude que contraria a \u00e9tica, a postura e comportamento.  Jamais \u00e0 proveni\u00eancia ou \u00e0 perten\u00e7a diferente da sua. \u00c9 assim que o vemos dialogando com pag\u00e3os como o centuri\u00e3o romano e cedendo ao pedido para curar seu criado. Ou dialogando com prazer \u00e0 beira do po\u00e7o com uma mulher samaritana e ad\u00faltera. Ou pondo como exemplo da caridade e do amor ao pr\u00f3ximo um samaritano considerado id\u00f3latra, e n\u00e3o o sacerdote e o levita que corriam para o lugar do culto, abandonando o ferido \u00e0 beira do caminho.<\/p>\n<p>No cora\u00e7\u00e3o e no minist\u00e9rio de Jesus h\u00e1 lugar para todos, mesmo para os n\u00e3o-judeus. Os mais pecadores puderam encontrar carinho e acolhida em sua pessoa inocente e santa. Nunca houve na hist\u00f3ria da humanidade algu\u00e9m t\u00e3o distante da postura fan\u00e1tica que desqualifica as cren\u00e7as alheias e comete violentas intoler\u00e2ncias contra os que pensam, sentem e cr\u00eaem diferentemente.<\/p>\n<p>No evangelho de Marcos vemos um exemplo claro disso quando os disc\u00edpulos, acossados  pela tenta\u00e7\u00e3o do fanatismo separatista, dizem: Mestre, vimos algu\u00e9m, que n\u00e3o nos segue, expulsar dem\u00f4nios em teu nome, e lho proibimos. E a resposta de Jesus vem r\u00e1pida e luminosa: Quem n\u00e3o \u00e9 contra n\u00f3s, \u00e9 a nosso favor. A\u00ed, nesta atitude, \u00e9 que se encontra o verdadeiro esp\u00edrito do que a Gera\u00e7\u00e3o Jesus Cristo \u00e9 chamada a ser.<\/p>\n<p><em>* Te\u00f3loga, professora e decana do Centro de Teologia e Ci\u00eancias Humanas da PUC-Rio. Autora de &#8220;Simone Weil &#8211; A for\u00e7a e a fraqueza do amor&#8221; (Ed. Rocco).<\/em><\/p>\n<div id=\"themify_builder_content-1919\" data-postid=\"1919\" class=\"themify_builder_content themify_builder_content-1919 themify_builder themify_builder_front\">\n\t<\/div>\n<!-- \/themify_builder_content -->","protected":false},"excerpt":{"rendered":"<p>Maria Clara Lucchetti Bingemer * O fan\u00e1tico, segundo a defini\u00e7\u00e3o do dicion\u00e1rio, \u00e9 aquele ou aquela que se considera inspirado por uma divindade, iluminado pelo esp\u00edrito divino e por isso melhor do que os outros. \u00c9 ainda aquele que tem zelo religioso cego, excessivo e intolerante. Exprime-se no transporte do furor divino. Severo e duro [&hellip;]<\/p>\n","protected":false},"author":5,"featured_media":0,"comment_status":"open","ping_status":"open","sticky":false,"template":"","format":"standard","meta":{"ngg_post_thumbnail":0,"footnotes":""},"categories":[9],"tags":[267,268],"yoast_head":"<!-- This site is optimized with the Yoast SEO plugin v23.5 - https:\/\/yoast.com\/wordpress\/plugins\/seo\/ -->\n<title>Gera\u00e7\u00e3o Jesus Cristo? - O Arcanjo no ar<\/title>\n<meta name=\"robots\" content=\"index, follow, max-snippet:-1, max-image-preview:large, max-video-preview:-1\" \/>\n<link rel=\"canonical\" href=\"https:\/\/www.oarcanjo.net\/site\/geracao-jesus-cristo\/\" \/>\n<meta property=\"og:locale\" content=\"pt_BR\" \/>\n<meta property=\"og:type\" content=\"article\" \/>\n<meta property=\"og:title\" content=\"Gera\u00e7\u00e3o Jesus Cristo? - O Arcanjo no ar\" \/>\n<meta property=\"og:description\" content=\"Maria Clara Lucchetti Bingemer * O fan\u00e1tico, segundo a defini\u00e7\u00e3o do dicion\u00e1rio, \u00e9 aquele ou aquela que se considera inspirado por uma divindade, iluminado pelo esp\u00edrito divino e por isso melhor do que os outros. \u00c9 ainda aquele que tem zelo religioso cego, excessivo e intolerante. Exprime-se no transporte do furor divino. Severo e duro [&hellip;]\" \/>\n<meta property=\"og:url\" content=\"https:\/\/www.oarcanjo.net\/site\/geracao-jesus-cristo\/\" \/>\n<meta property=\"og:site_name\" content=\"O Arcanjo no ar\" \/>\n<meta property=\"article:publisher\" content=\"https:\/\/www.facebook.com\/OArcanjoNoAr\/\" \/>\n<meta property=\"article:published_time\" content=\"2009-02-19T19:07:11+00:00\" \/>\n<meta property=\"article:modified_time\" content=\"2009-02-20T11:11:10+00:00\" \/>\n<meta property=\"og:image\" content=\"https:\/\/www.oarcanjo.net\/site\/wp-content\/uploads\/logo-o-arcanjo-no-ar-facebook.png\" \/>\n\t<meta property=\"og:image:width\" content=\"300\" \/>\n\t<meta property=\"og:image:height\" content=\"300\" \/>\n\t<meta property=\"og:image:type\" content=\"image\/png\" \/>\n<meta name=\"author\" content=\"editor\" \/>\n<meta name=\"twitter:card\" content=\"summary_large_image\" \/>\n<meta name=\"twitter:label1\" content=\"Escrito por\" \/>\n\t<meta name=\"twitter:data1\" content=\"editor\" \/>\n\t<meta name=\"twitter:label2\" content=\"Est. tempo de leitura\" \/>\n\t<meta name=\"twitter:data2\" content=\"4 minutos\" \/>\n<script type=\"application\/ld+json\" class=\"yoast-schema-graph\">{\"@context\":\"https:\/\/schema.org\",\"@graph\":[{\"@type\":\"Article\",\"@id\":\"https:\/\/www.oarcanjo.net\/site\/geracao-jesus-cristo\/#article\",\"isPartOf\":{\"@id\":\"https:\/\/www.oarcanjo.net\/site\/geracao-jesus-cristo\/\"},\"author\":{\"name\":\"editor\",\"@id\":\"https:\/\/www.oarcanjo.net\/site\/#\/schema\/person\/f7024d007863202483a31326673a0838\"},\"headline\":\"Gera\u00e7\u00e3o Jesus Cristo?\",\"datePublished\":\"2009-02-19T19:07:11+00:00\",\"dateModified\":\"2009-02-20T11:11:10+00:00\",\"mainEntityOfPage\":{\"@id\":\"https:\/\/www.oarcanjo.net\/site\/geracao-jesus-cristo\/\"},\"wordCount\":707,\"commentCount\":1,\"publisher\":{\"@id\":\"https:\/\/www.oarcanjo.net\/site\/#organization\"},\"keywords\":[\"intoler\u00e2ncia\",\"religi\u00e3o\"],\"articleSection\":[\"Reflex\u00f5es\"],\"inLanguage\":\"pt-BR\",\"potentialAction\":[{\"@type\":\"CommentAction\",\"name\":\"Comment\",\"target\":[\"https:\/\/www.oarcanjo.net\/site\/geracao-jesus-cristo\/#respond\"]}]},{\"@type\":\"WebPage\",\"@id\":\"https:\/\/www.oarcanjo.net\/site\/geracao-jesus-cristo\/\",\"url\":\"https:\/\/www.oarcanjo.net\/site\/geracao-jesus-cristo\/\",\"name\":\"Gera\u00e7\u00e3o Jesus Cristo? - O Arcanjo no ar\",\"isPartOf\":{\"@id\":\"https:\/\/www.oarcanjo.net\/site\/#website\"},\"datePublished\":\"2009-02-19T19:07:11+00:00\",\"dateModified\":\"2009-02-20T11:11:10+00:00\",\"breadcrumb\":{\"@id\":\"https:\/\/www.oarcanjo.net\/site\/geracao-jesus-cristo\/#breadcrumb\"},\"inLanguage\":\"pt-BR\",\"potentialAction\":[{\"@type\":\"ReadAction\",\"target\":[\"https:\/\/www.oarcanjo.net\/site\/geracao-jesus-cristo\/\"]}]},{\"@type\":\"BreadcrumbList\",\"@id\":\"https:\/\/www.oarcanjo.net\/site\/geracao-jesus-cristo\/#breadcrumb\",\"itemListElement\":[{\"@type\":\"ListItem\",\"position\":1,\"name\":\"In\u00edcio\",\"item\":\"https:\/\/www.oarcanjo.net\/site\/\"},{\"@type\":\"ListItem\",\"position\":2,\"name\":\"Gera\u00e7\u00e3o Jesus Cristo?\"}]},{\"@type\":\"WebSite\",\"@id\":\"https:\/\/www.oarcanjo.net\/site\/#website\",\"url\":\"https:\/\/www.oarcanjo.net\/site\/\",\"name\":\"O Arcanjo no ar\",\"description\":\"Site da Par\u00f3quia S\u00e3o Miguel Arcanjo (Arquidiocese de SP)\",\"publisher\":{\"@id\":\"https:\/\/www.oarcanjo.net\/site\/#organization\"},\"potentialAction\":[{\"@type\":\"SearchAction\",\"target\":{\"@type\":\"EntryPoint\",\"urlTemplate\":\"https:\/\/www.oarcanjo.net\/site\/?s={search_term_string}\"},\"query-input\":{\"@type\":\"PropertyValueSpecification\",\"valueRequired\":true,\"valueName\":\"search_term_string\"}}],\"inLanguage\":\"pt-BR\"},{\"@type\":\"Organization\",\"@id\":\"https:\/\/www.oarcanjo.net\/site\/#organization\",\"name\":\"Par\u00f3quia S\u00e3o Miguel Arcanjo\",\"url\":\"https:\/\/www.oarcanjo.net\/site\/\",\"logo\":{\"@type\":\"ImageObject\",\"inLanguage\":\"pt-BR\",\"@id\":\"https:\/\/www.oarcanjo.net\/site\/#\/schema\/logo\/image\/\",\"url\":\"https:\/\/www.oarcanjo.net\/site\/wp-content\/uploads\/LogoOArcanjo.png\",\"contentUrl\":\"https:\/\/www.oarcanjo.net\/site\/wp-content\/uploads\/LogoOArcanjo.png\",\"width\":319,\"height\":99,\"caption\":\"Par\u00f3quia S\u00e3o Miguel Arcanjo\"},\"image\":{\"@id\":\"https:\/\/www.oarcanjo.net\/site\/#\/schema\/logo\/image\/\"},\"sameAs\":[\"https:\/\/www.facebook.com\/OArcanjoNoAr\/\"]},{\"@type\":\"Person\",\"@id\":\"https:\/\/www.oarcanjo.net\/site\/#\/schema\/person\/f7024d007863202483a31326673a0838\",\"name\":\"editor\",\"sameAs\":[\"http:\/\/www.oarcanjo.net\"]}]}<\/script>\n<!-- \/ Yoast SEO plugin. -->","yoast_head_json":{"title":"Gera\u00e7\u00e3o Jesus Cristo? - O Arcanjo no ar","robots":{"index":"index","follow":"follow","max-snippet":"max-snippet:-1","max-image-preview":"max-image-preview:large","max-video-preview":"max-video-preview:-1"},"canonical":"https:\/\/www.oarcanjo.net\/site\/geracao-jesus-cristo\/","og_locale":"pt_BR","og_type":"article","og_title":"Gera\u00e7\u00e3o Jesus Cristo? - O Arcanjo no ar","og_description":"Maria Clara Lucchetti Bingemer * O fan\u00e1tico, segundo a defini\u00e7\u00e3o do dicion\u00e1rio, \u00e9 aquele ou aquela que se considera inspirado por uma divindade, iluminado pelo esp\u00edrito divino e por isso melhor do que os outros. \u00c9 ainda aquele que tem zelo religioso cego, excessivo e intolerante. Exprime-se no transporte do furor divino. Severo e duro [&hellip;]","og_url":"https:\/\/www.oarcanjo.net\/site\/geracao-jesus-cristo\/","og_site_name":"O Arcanjo no ar","article_publisher":"https:\/\/www.facebook.com\/OArcanjoNoAr\/","article_published_time":"2009-02-19T19:07:11+00:00","article_modified_time":"2009-02-20T11:11:10+00:00","og_image":[{"width":300,"height":300,"url":"https:\/\/www.oarcanjo.net\/site\/wp-content\/uploads\/logo-o-arcanjo-no-ar-facebook.png","type":"image\/png"}],"author":"editor","twitter_card":"summary_large_image","twitter_misc":{"Escrito por":"editor","Est. tempo de leitura":"4 minutos"},"schema":{"@context":"https:\/\/schema.org","@graph":[{"@type":"Article","@id":"https:\/\/www.oarcanjo.net\/site\/geracao-jesus-cristo\/#article","isPartOf":{"@id":"https:\/\/www.oarcanjo.net\/site\/geracao-jesus-cristo\/"},"author":{"name":"editor","@id":"https:\/\/www.oarcanjo.net\/site\/#\/schema\/person\/f7024d007863202483a31326673a0838"},"headline":"Gera\u00e7\u00e3o Jesus Cristo?","datePublished":"2009-02-19T19:07:11+00:00","dateModified":"2009-02-20T11:11:10+00:00","mainEntityOfPage":{"@id":"https:\/\/www.oarcanjo.net\/site\/geracao-jesus-cristo\/"},"wordCount":707,"commentCount":1,"publisher":{"@id":"https:\/\/www.oarcanjo.net\/site\/#organization"},"keywords":["intoler\u00e2ncia","religi\u00e3o"],"articleSection":["Reflex\u00f5es"],"inLanguage":"pt-BR","potentialAction":[{"@type":"CommentAction","name":"Comment","target":["https:\/\/www.oarcanjo.net\/site\/geracao-jesus-cristo\/#respond"]}]},{"@type":"WebPage","@id":"https:\/\/www.oarcanjo.net\/site\/geracao-jesus-cristo\/","url":"https:\/\/www.oarcanjo.net\/site\/geracao-jesus-cristo\/","name":"Gera\u00e7\u00e3o Jesus Cristo? - O Arcanjo no ar","isPartOf":{"@id":"https:\/\/www.oarcanjo.net\/site\/#website"},"datePublished":"2009-02-19T19:07:11+00:00","dateModified":"2009-02-20T11:11:10+00:00","breadcrumb":{"@id":"https:\/\/www.oarcanjo.net\/site\/geracao-jesus-cristo\/#breadcrumb"},"inLanguage":"pt-BR","potentialAction":[{"@type":"ReadAction","target":["https:\/\/www.oarcanjo.net\/site\/geracao-jesus-cristo\/"]}]},{"@type":"BreadcrumbList","@id":"https:\/\/www.oarcanjo.net\/site\/geracao-jesus-cristo\/#breadcrumb","itemListElement":[{"@type":"ListItem","position":1,"name":"In\u00edcio","item":"https:\/\/www.oarcanjo.net\/site\/"},{"@type":"ListItem","position":2,"name":"Gera\u00e7\u00e3o Jesus Cristo?"}]},{"@type":"WebSite","@id":"https:\/\/www.oarcanjo.net\/site\/#website","url":"https:\/\/www.oarcanjo.net\/site\/","name":"O Arcanjo no ar","description":"Site da Par\u00f3quia S\u00e3o Miguel Arcanjo (Arquidiocese de SP)","publisher":{"@id":"https:\/\/www.oarcanjo.net\/site\/#organization"},"potentialAction":[{"@type":"SearchAction","target":{"@type":"EntryPoint","urlTemplate":"https:\/\/www.oarcanjo.net\/site\/?s={search_term_string}"},"query-input":{"@type":"PropertyValueSpecification","valueRequired":true,"valueName":"search_term_string"}}],"inLanguage":"pt-BR"},{"@type":"Organization","@id":"https:\/\/www.oarcanjo.net\/site\/#organization","name":"Par\u00f3quia S\u00e3o Miguel Arcanjo","url":"https:\/\/www.oarcanjo.net\/site\/","logo":{"@type":"ImageObject","inLanguage":"pt-BR","@id":"https:\/\/www.oarcanjo.net\/site\/#\/schema\/logo\/image\/","url":"https:\/\/www.oarcanjo.net\/site\/wp-content\/uploads\/LogoOArcanjo.png","contentUrl":"https:\/\/www.oarcanjo.net\/site\/wp-content\/uploads\/LogoOArcanjo.png","width":319,"height":99,"caption":"Par\u00f3quia S\u00e3o Miguel Arcanjo"},"image":{"@id":"https:\/\/www.oarcanjo.net\/site\/#\/schema\/logo\/image\/"},"sameAs":["https:\/\/www.facebook.com\/OArcanjoNoAr\/"]},{"@type":"Person","@id":"https:\/\/www.oarcanjo.net\/site\/#\/schema\/person\/f7024d007863202483a31326673a0838","name":"editor","sameAs":["http:\/\/www.oarcanjo.net"]}]}},"publishpress_future_action":{"enabled":false,"date":"2026-05-08 21:43:46","action":"category","newStatus":"draft","terms":[],"taxonomy":"category"},"publishpress_future_workflow_manual_trigger":{"enabledWorkflows":[]},"_links":{"self":[{"href":"https:\/\/www.oarcanjo.net\/site\/wp-json\/wp\/v2\/posts\/1919"}],"collection":[{"href":"https:\/\/www.oarcanjo.net\/site\/wp-json\/wp\/v2\/posts"}],"about":[{"href":"https:\/\/www.oarcanjo.net\/site\/wp-json\/wp\/v2\/types\/post"}],"author":[{"embeddable":true,"href":"https:\/\/www.oarcanjo.net\/site\/wp-json\/wp\/v2\/users\/5"}],"replies":[{"embeddable":true,"href":"https:\/\/www.oarcanjo.net\/site\/wp-json\/wp\/v2\/comments?post=1919"}],"version-history":[{"count":0,"href":"https:\/\/www.oarcanjo.net\/site\/wp-json\/wp\/v2\/posts\/1919\/revisions"}],"wp:attachment":[{"href":"https:\/\/www.oarcanjo.net\/site\/wp-json\/wp\/v2\/media?parent=1919"}],"wp:term":[{"taxonomy":"category","embeddable":true,"href":"https:\/\/www.oarcanjo.net\/site\/wp-json\/wp\/v2\/categories?post=1919"},{"taxonomy":"post_tag","embeddable":true,"href":"https:\/\/www.oarcanjo.net\/site\/wp-json\/wp\/v2\/tags?post=1919"}],"curies":[{"name":"wp","href":"https:\/\/api.w.org\/{rel}","templated":true}]}}