
{"id":19205,"date":"2012-09-06T15:49:53","date_gmt":"2012-09-06T18:49:53","guid":{"rendered":"http:\/\/www.oarcanjo.net\/site\/?p=19205"},"modified":"2012-09-06T18:02:56","modified_gmt":"2012-09-06T21:02:56","slug":"a-vida-de-dom-helder-e-como-uma-mina-de-ouro","status":"publish","type":"post","link":"https:\/\/www.oarcanjo.net\/site\/a-vida-de-dom-helder-e-como-uma-mina-de-ouro\/","title":{"rendered":"A vida de Dom Helder \u00e9 como uma mina de ouro&#8230;"},"content":{"rendered":"<p><img loading=\"lazy\" decoding=\"async\" src=\"http:\/\/2.bp.blogspot.com\/-w73zIbFpwBQ\/UEi9SXhtRaI\/AAAAAAAAKCo\/Aup-jfq_rv4\/s200\/poema+dom_helder_camara.jpg\" border=\"0\" alt=\"\" width=\"179\" height=\"200\" \/><\/p>\n<p>A vida de Dom Helder \u00e9 como uma mina de ouro que precisa ser sempre e cada vez mais explorada, com um dom maravilhoso de Deus. Vida de uma beleza, que podemos dizer, diferenciada, nos seus gestos rar\u00edssimos em favor da vida dos empobrecidos, dos\u00a0 \u201csem voz e sem vez\u201d. Ao assumir a Arquidiocese de Olinda e Recife em abril de 1964, disse: \u201cQuem estiver sofrendo, no corpo ou na alma; quem, pobre ou rico, estiver desesperado, ter\u00e1 lugar no cora\u00e7\u00e3o do bispo\u201d (Padre Geovane Saraiva).<\/p>\n<p>O seu livro: \u201cSonhos e utopias\u201d, sobre Dom Helder, o dom da paz, o grande homem de Deus e pastor dos empobrecidos, no qual o humanismo transbordou,\u00a0quero meu amigo padre Geovane, adquirir quatro exemplares\u00a0(<strong>Francisco Ot\u00e1vio de Miranda).<\/strong><\/p>\n<p>Postado por\u00a0<a title=\"author profile\" rel=\"author\" href=\"http:\/\/www.blogger.com\/profile\/12037961757835243213\">Par\u00f3quia de Santo Afonso<\/a><\/p>\n<div id=\"themify_builder_content-19205\" data-postid=\"19205\" class=\"themify_builder_content themify_builder_content-19205 themify_builder themify_builder_front\">\n\t<\/div>\n<!-- \/themify_builder_content -->","protected":false},"excerpt":{"rendered":"<p>A vida de Dom Helder \u00e9 como uma mina de ouro que precisa ser sempre e cada vez mais explorada, com um dom maravilhoso de Deus. Vida de uma beleza, que podemos dizer, diferenciada, nos seus gestos rar\u00edssimos em favor da vida dos empobrecidos, dos\u00a0 \u201csem voz e sem vez\u201d. Ao assumir a Arquidiocese de [&hellip;]<\/p>\n","protected":false},"author":17,"featured_media":0,"comment_status":"open","ping_status":"open","sticky":false,"template":"","format":"standard","meta":{"ngg_post_thumbnail":0,"footnotes":""},"categories":[192],"tags":[],"yoast_head":"<!-- This site is optimized with the Yoast SEO plugin v23.5 - https:\/\/yoast.com\/wordpress\/plugins\/seo\/ -->\n<title>A vida de Dom Helder \u00e9 como uma mina de ouro... - O Arcanjo no ar<\/title>\n<meta name=\"robots\" content=\"index, follow, max-snippet:-1, max-image-preview:large, max-video-preview:-1\" \/>\n<link rel=\"canonical\" href=\"https:\/\/www.oarcanjo.net\/site\/a-vida-de-dom-helder-e-como-uma-mina-de-ouro\/\" \/>\n<meta property=\"og:locale\" content=\"pt_BR\" \/>\n<meta property=\"og:type\" content=\"article\" \/>\n<meta property=\"og:title\" content=\"A vida de Dom Helder \u00e9 como uma mina de ouro... - O Arcanjo no ar\" \/>\n<meta property=\"og:description\" content=\"A vida de Dom Helder \u00e9 como uma mina de ouro que precisa ser sempre e cada vez mais explorada, com um dom maravilhoso de Deus. Vida de uma beleza, que podemos dizer, diferenciada, nos seus gestos rar\u00edssimos em favor da vida dos empobrecidos, dos\u00a0 \u201csem voz e sem vez\u201d. Ao assumir a Arquidiocese de [&hellip;]\" \/>\n<meta property=\"og:url\" content=\"https:\/\/www.oarcanjo.net\/site\/a-vida-de-dom-helder-e-como-uma-mina-de-ouro\/\" \/>\n<meta property=\"og:site_name\" content=\"O Arcanjo no ar\" \/>\n<meta property=\"article:publisher\" content=\"https:\/\/www.facebook.com\/OArcanjoNoAr\/\" \/>\n<meta property=\"article:published_time\" content=\"2012-09-06T18:49:53+00:00\" \/>\n<meta property=\"article:modified_time\" content=\"2012-09-06T21:02:56+00:00\" \/>\n<meta property=\"og:image\" content=\"http:\/\/2.bp.blogspot.com\/-w73zIbFpwBQ\/UEi9SXhtRaI\/AAAAAAAAKCo\/Aup-jfq_rv4\/s200\/poema+dom_helder_camara.jpg\" \/>\n<meta name=\"author\" content=\"pe.geovane\" \/>\n<meta name=\"twitter:card\" content=\"summary_large_image\" \/>\n<meta name=\"twitter:label1\" content=\"Escrito por\" \/>\n\t<meta name=\"twitter:data1\" content=\"pe.geovane\" \/>\n\t<meta name=\"twitter:label2\" content=\"Est. tempo de leitura\" \/>\n\t<meta name=\"twitter:data2\" content=\"1 minuto\" \/>\n<script type=\"application\/ld+json\" class=\"yoast-schema-graph\">{\"@context\":\"https:\/\/schema.org\",\"@graph\":[{\"@type\":\"Article\",\"@id\":\"https:\/\/www.oarcanjo.net\/site\/a-vida-de-dom-helder-e-como-uma-mina-de-ouro\/#article\",\"isPartOf\":{\"@id\":\"https:\/\/www.oarcanjo.net\/site\/a-vida-de-dom-helder-e-como-uma-mina-de-ouro\/\"},\"author\":{\"name\":\"pe.geovane\",\"@id\":\"https:\/\/www.oarcanjo.net\/site\/#\/schema\/person\/58d7f78850a973b8e467c7ae4a7eb4ad\"},\"headline\":\"A vida de Dom Helder \u00e9 como uma mina de ouro&#8230;\",\"datePublished\":\"2012-09-06T18:49:53+00:00\",\"dateModified\":\"2012-09-06T21:02:56+00:00\",\"mainEntityOfPage\":{\"@id\":\"https:\/\/www.oarcanjo.net\/site\/a-vida-de-dom-helder-e-como-uma-mina-de-ouro\/\"},\"wordCount\":143,\"commentCount\":0,\"publisher\":{\"@id\":\"https:\/\/www.oarcanjo.net\/site\/#organization\"},\"image\":{\"@id\":\"https:\/\/www.oarcanjo.net\/site\/a-vida-de-dom-helder-e-como-uma-mina-de-ouro\/#primaryimage\"},\"thumbnailUrl\":\"http:\/\/2.bp.blogspot.com\/-w73zIbFpwBQ\/UEi9SXhtRaI\/AAAAAAAAKCo\/Aup-jfq_rv4\/s200\/poema+dom_helder_camara.jpg\",\"articleSection\":[\"D. Helder C\u00e2mara\"],\"inLanguage\":\"pt-BR\",\"potentialAction\":[{\"@type\":\"CommentAction\",\"name\":\"Comment\",\"target\":[\"https:\/\/www.oarcanjo.net\/site\/a-vida-de-dom-helder-e-como-uma-mina-de-ouro\/#respond\"]}]},{\"@type\":\"WebPage\",\"@id\":\"https:\/\/www.oarcanjo.net\/site\/a-vida-de-dom-helder-e-como-uma-mina-de-ouro\/\",\"url\":\"https:\/\/www.oarcanjo.net\/site\/a-vida-de-dom-helder-e-como-uma-mina-de-ouro\/\",\"name\":\"A vida de Dom Helder \u00e9 como uma mina de ouro... - O Arcanjo no ar\",\"isPartOf\":{\"@id\":\"https:\/\/www.oarcanjo.net\/site\/#website\"},\"primaryImageOfPage\":{\"@id\":\"https:\/\/www.oarcanjo.net\/site\/a-vida-de-dom-helder-e-como-uma-mina-de-ouro\/#primaryimage\"},\"image\":{\"@id\":\"https:\/\/www.oarcanjo.net\/site\/a-vida-de-dom-helder-e-como-uma-mina-de-ouro\/#primaryimage\"},\"thumbnailUrl\":\"http:\/\/2.bp.blogspot.com\/-w73zIbFpwBQ\/UEi9SXhtRaI\/AAAAAAAAKCo\/Aup-jfq_rv4\/s200\/poema+dom_helder_camara.jpg\",\"datePublished\":\"2012-09-06T18:49:53+00:00\",\"dateModified\":\"2012-09-06T21:02:56+00:00\",\"breadcrumb\":{\"@id\":\"https:\/\/www.oarcanjo.net\/site\/a-vida-de-dom-helder-e-como-uma-mina-de-ouro\/#breadcrumb\"},\"inLanguage\":\"pt-BR\",\"potentialAction\":[{\"@type\":\"ReadAction\",\"target\":[\"https:\/\/www.oarcanjo.net\/site\/a-vida-de-dom-helder-e-como-uma-mina-de-ouro\/\"]}]},{\"@type\":\"ImageObject\",\"inLanguage\":\"pt-BR\",\"@id\":\"https:\/\/www.oarcanjo.net\/site\/a-vida-de-dom-helder-e-como-uma-mina-de-ouro\/#primaryimage\",\"url\":\"http:\/\/2.bp.blogspot.com\/-w73zIbFpwBQ\/UEi9SXhtRaI\/AAAAAAAAKCo\/Aup-jfq_rv4\/s200\/poema+dom_helder_camara.jpg\",\"contentUrl\":\"http:\/\/2.bp.blogspot.com\/-w73zIbFpwBQ\/UEi9SXhtRaI\/AAAAAAAAKCo\/Aup-jfq_rv4\/s200\/poema+dom_helder_camara.jpg\"},{\"@type\":\"BreadcrumbList\",\"@id\":\"https:\/\/www.oarcanjo.net\/site\/a-vida-de-dom-helder-e-como-uma-mina-de-ouro\/#breadcrumb\",\"itemListElement\":[{\"@type\":\"ListItem\",\"position\":1,\"name\":\"In\u00edcio\",\"item\":\"https:\/\/www.oarcanjo.net\/site\/\"},{\"@type\":\"ListItem\",\"position\":2,\"name\":\"A vida de Dom Helder \u00e9 como uma mina de ouro&#8230;\"}]},{\"@type\":\"WebSite\",\"@id\":\"https:\/\/www.oarcanjo.net\/site\/#website\",\"url\":\"https:\/\/www.oarcanjo.net\/site\/\",\"name\":\"O Arcanjo no ar\",\"description\":\"Site da Par\u00f3quia S\u00e3o Miguel Arcanjo (Arquidiocese de SP)\",\"publisher\":{\"@id\":\"https:\/\/www.oarcanjo.net\/site\/#organization\"},\"potentialAction\":[{\"@type\":\"SearchAction\",\"target\":{\"@type\":\"EntryPoint\",\"urlTemplate\":\"https:\/\/www.oarcanjo.net\/site\/?s={search_term_string}\"},\"query-input\":{\"@type\":\"PropertyValueSpecification\",\"valueRequired\":true,\"valueName\":\"search_term_string\"}}],\"inLanguage\":\"pt-BR\"},{\"@type\":\"Organization\",\"@id\":\"https:\/\/www.oarcanjo.net\/site\/#organization\",\"name\":\"Par\u00f3quia S\u00e3o Miguel Arcanjo\",\"url\":\"https:\/\/www.oarcanjo.net\/site\/\",\"logo\":{\"@type\":\"ImageObject\",\"inLanguage\":\"pt-BR\",\"@id\":\"https:\/\/www.oarcanjo.net\/site\/#\/schema\/logo\/image\/\",\"url\":\"https:\/\/www.oarcanjo.net\/site\/wp-content\/uploads\/LogoOArcanjo.png\",\"contentUrl\":\"https:\/\/www.oarcanjo.net\/site\/wp-content\/uploads\/LogoOArcanjo.png\",\"width\":319,\"height\":99,\"caption\":\"Par\u00f3quia S\u00e3o Miguel Arcanjo\"},\"image\":{\"@id\":\"https:\/\/www.oarcanjo.net\/site\/#\/schema\/logo\/image\/\"},\"sameAs\":[\"https:\/\/www.facebook.com\/OArcanjoNoAr\/\"]},{\"@type\":\"Person\",\"@id\":\"https:\/\/www.oarcanjo.net\/site\/#\/schema\/person\/58d7f78850a973b8e467c7ae4a7eb4ad\",\"name\":\"pe.geovane\"}]}<\/script>\n<!-- \/ Yoast SEO plugin. -->","yoast_head_json":{"title":"A vida de Dom Helder \u00e9 como uma mina de ouro... - O Arcanjo no ar","robots":{"index":"index","follow":"follow","max-snippet":"max-snippet:-1","max-image-preview":"max-image-preview:large","max-video-preview":"max-video-preview:-1"},"canonical":"https:\/\/www.oarcanjo.net\/site\/a-vida-de-dom-helder-e-como-uma-mina-de-ouro\/","og_locale":"pt_BR","og_type":"article","og_title":"A vida de Dom Helder \u00e9 como uma mina de ouro... - O Arcanjo no ar","og_description":"A vida de Dom Helder \u00e9 como uma mina de ouro que precisa ser sempre e cada vez mais explorada, com um dom maravilhoso de Deus. Vida de uma beleza, que podemos dizer, diferenciada, nos seus gestos rar\u00edssimos em favor da vida dos empobrecidos, dos\u00a0 \u201csem voz e sem vez\u201d. Ao assumir a Arquidiocese de [&hellip;]","og_url":"https:\/\/www.oarcanjo.net\/site\/a-vida-de-dom-helder-e-como-uma-mina-de-ouro\/","og_site_name":"O Arcanjo no ar","article_publisher":"https:\/\/www.facebook.com\/OArcanjoNoAr\/","article_published_time":"2012-09-06T18:49:53+00:00","article_modified_time":"2012-09-06T21:02:56+00:00","og_image":[{"url":"http:\/\/2.bp.blogspot.com\/-w73zIbFpwBQ\/UEi9SXhtRaI\/AAAAAAAAKCo\/Aup-jfq_rv4\/s200\/poema+dom_helder_camara.jpg"}],"author":"pe.geovane","twitter_card":"summary_large_image","twitter_misc":{"Escrito por":"pe.geovane","Est. tempo de leitura":"1 minuto"},"schema":{"@context":"https:\/\/schema.org","@graph":[{"@type":"Article","@id":"https:\/\/www.oarcanjo.net\/site\/a-vida-de-dom-helder-e-como-uma-mina-de-ouro\/#article","isPartOf":{"@id":"https:\/\/www.oarcanjo.net\/site\/a-vida-de-dom-helder-e-como-uma-mina-de-ouro\/"},"author":{"name":"pe.geovane","@id":"https:\/\/www.oarcanjo.net\/site\/#\/schema\/person\/58d7f78850a973b8e467c7ae4a7eb4ad"},"headline":"A vida de Dom Helder \u00e9 como uma mina de ouro&#8230;","datePublished":"2012-09-06T18:49:53+00:00","dateModified":"2012-09-06T21:02:56+00:00","mainEntityOfPage":{"@id":"https:\/\/www.oarcanjo.net\/site\/a-vida-de-dom-helder-e-como-uma-mina-de-ouro\/"},"wordCount":143,"commentCount":0,"publisher":{"@id":"https:\/\/www.oarcanjo.net\/site\/#organization"},"image":{"@id":"https:\/\/www.oarcanjo.net\/site\/a-vida-de-dom-helder-e-como-uma-mina-de-ouro\/#primaryimage"},"thumbnailUrl":"http:\/\/2.bp.blogspot.com\/-w73zIbFpwBQ\/UEi9SXhtRaI\/AAAAAAAAKCo\/Aup-jfq_rv4\/s200\/poema+dom_helder_camara.jpg","articleSection":["D. Helder C\u00e2mara"],"inLanguage":"pt-BR","potentialAction":[{"@type":"CommentAction","name":"Comment","target":["https:\/\/www.oarcanjo.net\/site\/a-vida-de-dom-helder-e-como-uma-mina-de-ouro\/#respond"]}]},{"@type":"WebPage","@id":"https:\/\/www.oarcanjo.net\/site\/a-vida-de-dom-helder-e-como-uma-mina-de-ouro\/","url":"https:\/\/www.oarcanjo.net\/site\/a-vida-de-dom-helder-e-como-uma-mina-de-ouro\/","name":"A vida de Dom Helder \u00e9 como uma mina de ouro... - O Arcanjo no ar","isPartOf":{"@id":"https:\/\/www.oarcanjo.net\/site\/#website"},"primaryImageOfPage":{"@id":"https:\/\/www.oarcanjo.net\/site\/a-vida-de-dom-helder-e-como-uma-mina-de-ouro\/#primaryimage"},"image":{"@id":"https:\/\/www.oarcanjo.net\/site\/a-vida-de-dom-helder-e-como-uma-mina-de-ouro\/#primaryimage"},"thumbnailUrl":"http:\/\/2.bp.blogspot.com\/-w73zIbFpwBQ\/UEi9SXhtRaI\/AAAAAAAAKCo\/Aup-jfq_rv4\/s200\/poema+dom_helder_camara.jpg","datePublished":"2012-09-06T18:49:53+00:00","dateModified":"2012-09-06T21:02:56+00:00","breadcrumb":{"@id":"https:\/\/www.oarcanjo.net\/site\/a-vida-de-dom-helder-e-como-uma-mina-de-ouro\/#breadcrumb"},"inLanguage":"pt-BR","potentialAction":[{"@type":"ReadAction","target":["https:\/\/www.oarcanjo.net\/site\/a-vida-de-dom-helder-e-como-uma-mina-de-ouro\/"]}]},{"@type":"ImageObject","inLanguage":"pt-BR","@id":"https:\/\/www.oarcanjo.net\/site\/a-vida-de-dom-helder-e-como-uma-mina-de-ouro\/#primaryimage","url":"http:\/\/2.bp.blogspot.com\/-w73zIbFpwBQ\/UEi9SXhtRaI\/AAAAAAAAKCo\/Aup-jfq_rv4\/s200\/poema+dom_helder_camara.jpg","contentUrl":"http:\/\/2.bp.blogspot.com\/-w73zIbFpwBQ\/UEi9SXhtRaI\/AAAAAAAAKCo\/Aup-jfq_rv4\/s200\/poema+dom_helder_camara.jpg"},{"@type":"BreadcrumbList","@id":"https:\/\/www.oarcanjo.net\/site\/a-vida-de-dom-helder-e-como-uma-mina-de-ouro\/#breadcrumb","itemListElement":[{"@type":"ListItem","position":1,"name":"In\u00edcio","item":"https:\/\/www.oarcanjo.net\/site\/"},{"@type":"ListItem","position":2,"name":"A vida de Dom Helder \u00e9 como uma mina de ouro&#8230;"}]},{"@type":"WebSite","@id":"https:\/\/www.oarcanjo.net\/site\/#website","url":"https:\/\/www.oarcanjo.net\/site\/","name":"O Arcanjo no ar","description":"Site da Par\u00f3quia S\u00e3o Miguel Arcanjo (Arquidiocese de SP)","publisher":{"@id":"https:\/\/www.oarcanjo.net\/site\/#organization"},"potentialAction":[{"@type":"SearchAction","target":{"@type":"EntryPoint","urlTemplate":"https:\/\/www.oarcanjo.net\/site\/?s={search_term_string}"},"query-input":{"@type":"PropertyValueSpecification","valueRequired":true,"valueName":"search_term_string"}}],"inLanguage":"pt-BR"},{"@type":"Organization","@id":"https:\/\/www.oarcanjo.net\/site\/#organization","name":"Par\u00f3quia S\u00e3o Miguel Arcanjo","url":"https:\/\/www.oarcanjo.net\/site\/","logo":{"@type":"ImageObject","inLanguage":"pt-BR","@id":"https:\/\/www.oarcanjo.net\/site\/#\/schema\/logo\/image\/","url":"https:\/\/www.oarcanjo.net\/site\/wp-content\/uploads\/LogoOArcanjo.png","contentUrl":"https:\/\/www.oarcanjo.net\/site\/wp-content\/uploads\/LogoOArcanjo.png","width":319,"height":99,"caption":"Par\u00f3quia S\u00e3o Miguel Arcanjo"},"image":{"@id":"https:\/\/www.oarcanjo.net\/site\/#\/schema\/logo\/image\/"},"sameAs":["https:\/\/www.facebook.com\/OArcanjoNoAr\/"]},{"@type":"Person","@id":"https:\/\/www.oarcanjo.net\/site\/#\/schema\/person\/58d7f78850a973b8e467c7ae4a7eb4ad","name":"pe.geovane"}]}},"publishpress_future_action":{"enabled":false,"date":"2026-05-06 20:59:45","action":"category","newStatus":"draft","terms":[],"taxonomy":"category"},"publishpress_future_workflow_manual_trigger":{"enabledWorkflows":[]},"_links":{"self":[{"href":"https:\/\/www.oarcanjo.net\/site\/wp-json\/wp\/v2\/posts\/19205"}],"collection":[{"href":"https:\/\/www.oarcanjo.net\/site\/wp-json\/wp\/v2\/posts"}],"about":[{"href":"https:\/\/www.oarcanjo.net\/site\/wp-json\/wp\/v2\/types\/post"}],"author":[{"embeddable":true,"href":"https:\/\/www.oarcanjo.net\/site\/wp-json\/wp\/v2\/users\/17"}],"replies":[{"embeddable":true,"href":"https:\/\/www.oarcanjo.net\/site\/wp-json\/wp\/v2\/comments?post=19205"}],"version-history":[{"count":0,"href":"https:\/\/www.oarcanjo.net\/site\/wp-json\/wp\/v2\/posts\/19205\/revisions"}],"wp:attachment":[{"href":"https:\/\/www.oarcanjo.net\/site\/wp-json\/wp\/v2\/media?parent=19205"}],"wp:term":[{"taxonomy":"category","embeddable":true,"href":"https:\/\/www.oarcanjo.net\/site\/wp-json\/wp\/v2\/categories?post=19205"},{"taxonomy":"post_tag","embeddable":true,"href":"https:\/\/www.oarcanjo.net\/site\/wp-json\/wp\/v2\/tags?post=19205"}],"curies":[{"name":"wp","href":"https:\/\/api.w.org\/{rel}","templated":true}]}}