
{"id":1921,"date":"2009-02-20T08:14:58","date_gmt":"2009-02-20T11:14:58","guid":{"rendered":"http:\/\/www.oarcanjo.net\/site\/?p=1921"},"modified":"2009-02-20T08:14:58","modified_gmt":"2009-02-20T11:14:58","slug":"ilha-de-itamaraca-em-pernambuco-comemora-centenario-de-dom-helder","status":"publish","type":"post","link":"https:\/\/www.oarcanjo.net\/site\/ilha-de-itamaraca-em-pernambuco-comemora-centenario-de-dom-helder\/","title":{"rendered":"Ilha de Itamarac\u00e1, em Pernambuco, comemora centen\u00e1rio de Dom Helder"},"content":{"rendered":"<p>No dia 7 de fevereiro, data de nascimento de Dom Helder Camara, a Ilha de Itamarac\u00e1, em Pernambuco, realizou uma alvorada festiva, \u00e0s 6h, com rufar dos tambores, seguido de ato ecum\u00eanico e caf\u00e9 da manh\u00e3 com a comunidade. Ap\u00f3s a cerim\u00f4nia, a Ilha preparou uma programa\u00e7\u00e3o cultural no espa\u00e7o &#8220;Pedra que canta&#8221; que, a partir desse dia passou a ser denominado, oficialmente, de &#8220;Studio Scola Dom Helder Camara&#8221;.<\/p>\n<p>De acordo com Joacyr de Castro, senhor de 78 anos que preside o espa\u00e7o, o est\u00fadio ser\u00e1 uma escola com cursos e eventos formativos destinados \u00e0 comunidade. &#8220;Os cursos s\u00e3o voltados para as pessoas adquirirem tamb\u00e9m consci\u00eancia pol\u00edtica e social, assim como os trabalhos de Dom Helder&#8221;, explica. <\/p>\n<p>Para seu Joacyr, \u00e9 de grande import\u00e2ncia comemorar os 100 anos do Dom, pois ele trabalhou para formar uma sociedade mais justa e humana, sempre privilegiando os pobres e exclu\u00eddos: &#8220;Precisa-se de homens como Dom Helder na pol\u00edtica, na educa\u00e7\u00e3o, na cultura para a forma\u00e7\u00e3o de uma sociedade mais humana&#8221;, comenta.<\/p>\n<p>Al\u00e9m do trabalho com os pobres e a evangeliza\u00e7\u00e3o, seu Joacyr ressalta que o &#8220;irm\u00e3o dos pobres&#8221;, como o Dom tamb\u00e9m foi chamado, ainda teve suma import\u00e2ncia na pol\u00edtica, denunciando as torturas no Brasil, na \u00e9poca da ditadura militar, e no mundo, pregando a paz. &#8220;Dom Helder \u00e9, para n\u00f3s aqui, como se fosse um santo&#8221;, afirma. <\/p>\n<div id=\"themify_builder_content-1921\" data-postid=\"1921\" class=\"themify_builder_content themify_builder_content-1921 themify_builder themify_builder_front\">\n\t<\/div>\n<!-- \/themify_builder_content -->","protected":false},"excerpt":{"rendered":"<p>No dia 7 de fevereiro, data de nascimento de Dom Helder Camara, a Ilha de Itamarac\u00e1, em Pernambuco, realizou uma alvorada festiva, \u00e0s 6h, com rufar dos tambores, seguido de ato ecum\u00eanico e caf\u00e9 da manh\u00e3 com a comunidade. Ap\u00f3s a cerim\u00f4nia, a Ilha preparou uma programa\u00e7\u00e3o cultural no espa\u00e7o &#8220;Pedra que canta&#8221; que, a [&hellip;]<\/p>\n","protected":false},"author":5,"featured_media":0,"comment_status":"open","ping_status":"open","sticky":false,"template":"","format":"standard","meta":{"ngg_post_thumbnail":0,"footnotes":""},"categories":[192],"tags":[210,88],"yoast_head":"<!-- This site is optimized with the Yoast SEO plugin v23.5 - https:\/\/yoast.com\/wordpress\/plugins\/seo\/ -->\n<title>Ilha de Itamarac\u00e1, em Pernambuco, comemora centen\u00e1rio de Dom Helder - O Arcanjo no ar<\/title>\n<meta name=\"robots\" content=\"index, follow, max-snippet:-1, max-image-preview:large, max-video-preview:-1\" \/>\n<link rel=\"canonical\" href=\"https:\/\/www.oarcanjo.net\/site\/ilha-de-itamaraca-em-pernambuco-comemora-centenario-de-dom-helder\/\" \/>\n<meta property=\"og:locale\" content=\"pt_BR\" \/>\n<meta property=\"og:type\" content=\"article\" \/>\n<meta property=\"og:title\" content=\"Ilha de Itamarac\u00e1, em Pernambuco, comemora centen\u00e1rio de Dom Helder - O Arcanjo no ar\" \/>\n<meta property=\"og:description\" content=\"No dia 7 de fevereiro, data de nascimento de Dom Helder Camara, a Ilha de Itamarac\u00e1, em Pernambuco, realizou uma alvorada festiva, \u00e0s 6h, com rufar dos tambores, seguido de ato ecum\u00eanico e caf\u00e9 da manh\u00e3 com a comunidade. Ap\u00f3s a cerim\u00f4nia, a Ilha preparou uma programa\u00e7\u00e3o cultural no espa\u00e7o &#8220;Pedra que canta&#8221; que, a [&hellip;]\" \/>\n<meta property=\"og:url\" content=\"https:\/\/www.oarcanjo.net\/site\/ilha-de-itamaraca-em-pernambuco-comemora-centenario-de-dom-helder\/\" \/>\n<meta property=\"og:site_name\" content=\"O Arcanjo no ar\" \/>\n<meta property=\"article:publisher\" content=\"https:\/\/www.facebook.com\/OArcanjoNoAr\/\" \/>\n<meta property=\"article:published_time\" content=\"2009-02-20T11:14:58+00:00\" \/>\n<meta property=\"og:image\" content=\"https:\/\/www.oarcanjo.net\/site\/wp-content\/uploads\/logo-o-arcanjo-no-ar-facebook.png\" \/>\n\t<meta property=\"og:image:width\" content=\"300\" \/>\n\t<meta property=\"og:image:height\" content=\"300\" \/>\n\t<meta property=\"og:image:type\" content=\"image\/png\" \/>\n<meta name=\"author\" content=\"editor\" \/>\n<meta name=\"twitter:card\" content=\"summary_large_image\" \/>\n<meta name=\"twitter:label1\" content=\"Escrito por\" \/>\n\t<meta name=\"twitter:data1\" content=\"editor\" \/>\n\t<meta name=\"twitter:label2\" content=\"Est. tempo de leitura\" \/>\n\t<meta name=\"twitter:data2\" content=\"1 minuto\" \/>\n<script type=\"application\/ld+json\" class=\"yoast-schema-graph\">{\"@context\":\"https:\/\/schema.org\",\"@graph\":[{\"@type\":\"Article\",\"@id\":\"https:\/\/www.oarcanjo.net\/site\/ilha-de-itamaraca-em-pernambuco-comemora-centenario-de-dom-helder\/#article\",\"isPartOf\":{\"@id\":\"https:\/\/www.oarcanjo.net\/site\/ilha-de-itamaraca-em-pernambuco-comemora-centenario-de-dom-helder\/\"},\"author\":{\"name\":\"editor\",\"@id\":\"https:\/\/www.oarcanjo.net\/site\/#\/schema\/person\/f7024d007863202483a31326673a0838\"},\"headline\":\"Ilha de Itamarac\u00e1, em Pernambuco, comemora centen\u00e1rio de Dom Helder\",\"datePublished\":\"2009-02-20T11:14:58+00:00\",\"dateModified\":\"2009-02-20T11:14:58+00:00\",\"mainEntityOfPage\":{\"@id\":\"https:\/\/www.oarcanjo.net\/site\/ilha-de-itamaraca-em-pernambuco-comemora-centenario-de-dom-helder\/\"},\"wordCount\":253,\"commentCount\":1,\"publisher\":{\"@id\":\"https:\/\/www.oarcanjo.net\/site\/#organization\"},\"keywords\":[\"Dom Helder Camara\",\"solidariedade\"],\"articleSection\":[\"D. Helder C\u00e2mara\"],\"inLanguage\":\"pt-BR\",\"potentialAction\":[{\"@type\":\"CommentAction\",\"name\":\"Comment\",\"target\":[\"https:\/\/www.oarcanjo.net\/site\/ilha-de-itamaraca-em-pernambuco-comemora-centenario-de-dom-helder\/#respond\"]}]},{\"@type\":\"WebPage\",\"@id\":\"https:\/\/www.oarcanjo.net\/site\/ilha-de-itamaraca-em-pernambuco-comemora-centenario-de-dom-helder\/\",\"url\":\"https:\/\/www.oarcanjo.net\/site\/ilha-de-itamaraca-em-pernambuco-comemora-centenario-de-dom-helder\/\",\"name\":\"Ilha de Itamarac\u00e1, em Pernambuco, comemora centen\u00e1rio de Dom Helder - O Arcanjo no ar\",\"isPartOf\":{\"@id\":\"https:\/\/www.oarcanjo.net\/site\/#website\"},\"datePublished\":\"2009-02-20T11:14:58+00:00\",\"dateModified\":\"2009-02-20T11:14:58+00:00\",\"breadcrumb\":{\"@id\":\"https:\/\/www.oarcanjo.net\/site\/ilha-de-itamaraca-em-pernambuco-comemora-centenario-de-dom-helder\/#breadcrumb\"},\"inLanguage\":\"pt-BR\",\"potentialAction\":[{\"@type\":\"ReadAction\",\"target\":[\"https:\/\/www.oarcanjo.net\/site\/ilha-de-itamaraca-em-pernambuco-comemora-centenario-de-dom-helder\/\"]}]},{\"@type\":\"BreadcrumbList\",\"@id\":\"https:\/\/www.oarcanjo.net\/site\/ilha-de-itamaraca-em-pernambuco-comemora-centenario-de-dom-helder\/#breadcrumb\",\"itemListElement\":[{\"@type\":\"ListItem\",\"position\":1,\"name\":\"In\u00edcio\",\"item\":\"https:\/\/www.oarcanjo.net\/site\/\"},{\"@type\":\"ListItem\",\"position\":2,\"name\":\"Ilha de Itamarac\u00e1, em Pernambuco, comemora centen\u00e1rio de Dom Helder\"}]},{\"@type\":\"WebSite\",\"@id\":\"https:\/\/www.oarcanjo.net\/site\/#website\",\"url\":\"https:\/\/www.oarcanjo.net\/site\/\",\"name\":\"O Arcanjo no ar\",\"description\":\"Site da Par\u00f3quia S\u00e3o Miguel Arcanjo (Arquidiocese de SP)\",\"publisher\":{\"@id\":\"https:\/\/www.oarcanjo.net\/site\/#organization\"},\"potentialAction\":[{\"@type\":\"SearchAction\",\"target\":{\"@type\":\"EntryPoint\",\"urlTemplate\":\"https:\/\/www.oarcanjo.net\/site\/?s={search_term_string}\"},\"query-input\":{\"@type\":\"PropertyValueSpecification\",\"valueRequired\":true,\"valueName\":\"search_term_string\"}}],\"inLanguage\":\"pt-BR\"},{\"@type\":\"Organization\",\"@id\":\"https:\/\/www.oarcanjo.net\/site\/#organization\",\"name\":\"Par\u00f3quia S\u00e3o Miguel Arcanjo\",\"url\":\"https:\/\/www.oarcanjo.net\/site\/\",\"logo\":{\"@type\":\"ImageObject\",\"inLanguage\":\"pt-BR\",\"@id\":\"https:\/\/www.oarcanjo.net\/site\/#\/schema\/logo\/image\/\",\"url\":\"https:\/\/www.oarcanjo.net\/site\/wp-content\/uploads\/LogoOArcanjo.png\",\"contentUrl\":\"https:\/\/www.oarcanjo.net\/site\/wp-content\/uploads\/LogoOArcanjo.png\",\"width\":319,\"height\":99,\"caption\":\"Par\u00f3quia S\u00e3o Miguel Arcanjo\"},\"image\":{\"@id\":\"https:\/\/www.oarcanjo.net\/site\/#\/schema\/logo\/image\/\"},\"sameAs\":[\"https:\/\/www.facebook.com\/OArcanjoNoAr\/\"]},{\"@type\":\"Person\",\"@id\":\"https:\/\/www.oarcanjo.net\/site\/#\/schema\/person\/f7024d007863202483a31326673a0838\",\"name\":\"editor\",\"sameAs\":[\"http:\/\/www.oarcanjo.net\"]}]}<\/script>\n<!-- \/ Yoast SEO plugin. -->","yoast_head_json":{"title":"Ilha de Itamarac\u00e1, em Pernambuco, comemora centen\u00e1rio de Dom Helder - O Arcanjo no ar","robots":{"index":"index","follow":"follow","max-snippet":"max-snippet:-1","max-image-preview":"max-image-preview:large","max-video-preview":"max-video-preview:-1"},"canonical":"https:\/\/www.oarcanjo.net\/site\/ilha-de-itamaraca-em-pernambuco-comemora-centenario-de-dom-helder\/","og_locale":"pt_BR","og_type":"article","og_title":"Ilha de Itamarac\u00e1, em Pernambuco, comemora centen\u00e1rio de Dom Helder - O Arcanjo no ar","og_description":"No dia 7 de fevereiro, data de nascimento de Dom Helder Camara, a Ilha de Itamarac\u00e1, em Pernambuco, realizou uma alvorada festiva, \u00e0s 6h, com rufar dos tambores, seguido de ato ecum\u00eanico e caf\u00e9 da manh\u00e3 com a comunidade. Ap\u00f3s a cerim\u00f4nia, a Ilha preparou uma programa\u00e7\u00e3o cultural no espa\u00e7o &#8220;Pedra que canta&#8221; que, a [&hellip;]","og_url":"https:\/\/www.oarcanjo.net\/site\/ilha-de-itamaraca-em-pernambuco-comemora-centenario-de-dom-helder\/","og_site_name":"O Arcanjo no ar","article_publisher":"https:\/\/www.facebook.com\/OArcanjoNoAr\/","article_published_time":"2009-02-20T11:14:58+00:00","og_image":[{"width":300,"height":300,"url":"https:\/\/www.oarcanjo.net\/site\/wp-content\/uploads\/logo-o-arcanjo-no-ar-facebook.png","type":"image\/png"}],"author":"editor","twitter_card":"summary_large_image","twitter_misc":{"Escrito por":"editor","Est. tempo de leitura":"1 minuto"},"schema":{"@context":"https:\/\/schema.org","@graph":[{"@type":"Article","@id":"https:\/\/www.oarcanjo.net\/site\/ilha-de-itamaraca-em-pernambuco-comemora-centenario-de-dom-helder\/#article","isPartOf":{"@id":"https:\/\/www.oarcanjo.net\/site\/ilha-de-itamaraca-em-pernambuco-comemora-centenario-de-dom-helder\/"},"author":{"name":"editor","@id":"https:\/\/www.oarcanjo.net\/site\/#\/schema\/person\/f7024d007863202483a31326673a0838"},"headline":"Ilha de Itamarac\u00e1, em Pernambuco, comemora centen\u00e1rio de Dom Helder","datePublished":"2009-02-20T11:14:58+00:00","dateModified":"2009-02-20T11:14:58+00:00","mainEntityOfPage":{"@id":"https:\/\/www.oarcanjo.net\/site\/ilha-de-itamaraca-em-pernambuco-comemora-centenario-de-dom-helder\/"},"wordCount":253,"commentCount":1,"publisher":{"@id":"https:\/\/www.oarcanjo.net\/site\/#organization"},"keywords":["Dom Helder Camara","solidariedade"],"articleSection":["D. Helder C\u00e2mara"],"inLanguage":"pt-BR","potentialAction":[{"@type":"CommentAction","name":"Comment","target":["https:\/\/www.oarcanjo.net\/site\/ilha-de-itamaraca-em-pernambuco-comemora-centenario-de-dom-helder\/#respond"]}]},{"@type":"WebPage","@id":"https:\/\/www.oarcanjo.net\/site\/ilha-de-itamaraca-em-pernambuco-comemora-centenario-de-dom-helder\/","url":"https:\/\/www.oarcanjo.net\/site\/ilha-de-itamaraca-em-pernambuco-comemora-centenario-de-dom-helder\/","name":"Ilha de Itamarac\u00e1, em Pernambuco, comemora centen\u00e1rio de Dom Helder - O Arcanjo no ar","isPartOf":{"@id":"https:\/\/www.oarcanjo.net\/site\/#website"},"datePublished":"2009-02-20T11:14:58+00:00","dateModified":"2009-02-20T11:14:58+00:00","breadcrumb":{"@id":"https:\/\/www.oarcanjo.net\/site\/ilha-de-itamaraca-em-pernambuco-comemora-centenario-de-dom-helder\/#breadcrumb"},"inLanguage":"pt-BR","potentialAction":[{"@type":"ReadAction","target":["https:\/\/www.oarcanjo.net\/site\/ilha-de-itamaraca-em-pernambuco-comemora-centenario-de-dom-helder\/"]}]},{"@type":"BreadcrumbList","@id":"https:\/\/www.oarcanjo.net\/site\/ilha-de-itamaraca-em-pernambuco-comemora-centenario-de-dom-helder\/#breadcrumb","itemListElement":[{"@type":"ListItem","position":1,"name":"In\u00edcio","item":"https:\/\/www.oarcanjo.net\/site\/"},{"@type":"ListItem","position":2,"name":"Ilha de Itamarac\u00e1, em Pernambuco, comemora centen\u00e1rio de Dom Helder"}]},{"@type":"WebSite","@id":"https:\/\/www.oarcanjo.net\/site\/#website","url":"https:\/\/www.oarcanjo.net\/site\/","name":"O Arcanjo no ar","description":"Site da Par\u00f3quia S\u00e3o Miguel Arcanjo (Arquidiocese de SP)","publisher":{"@id":"https:\/\/www.oarcanjo.net\/site\/#organization"},"potentialAction":[{"@type":"SearchAction","target":{"@type":"EntryPoint","urlTemplate":"https:\/\/www.oarcanjo.net\/site\/?s={search_term_string}"},"query-input":{"@type":"PropertyValueSpecification","valueRequired":true,"valueName":"search_term_string"}}],"inLanguage":"pt-BR"},{"@type":"Organization","@id":"https:\/\/www.oarcanjo.net\/site\/#organization","name":"Par\u00f3quia S\u00e3o Miguel Arcanjo","url":"https:\/\/www.oarcanjo.net\/site\/","logo":{"@type":"ImageObject","inLanguage":"pt-BR","@id":"https:\/\/www.oarcanjo.net\/site\/#\/schema\/logo\/image\/","url":"https:\/\/www.oarcanjo.net\/site\/wp-content\/uploads\/LogoOArcanjo.png","contentUrl":"https:\/\/www.oarcanjo.net\/site\/wp-content\/uploads\/LogoOArcanjo.png","width":319,"height":99,"caption":"Par\u00f3quia S\u00e3o Miguel Arcanjo"},"image":{"@id":"https:\/\/www.oarcanjo.net\/site\/#\/schema\/logo\/image\/"},"sameAs":["https:\/\/www.facebook.com\/OArcanjoNoAr\/"]},{"@type":"Person","@id":"https:\/\/www.oarcanjo.net\/site\/#\/schema\/person\/f7024d007863202483a31326673a0838","name":"editor","sameAs":["http:\/\/www.oarcanjo.net"]}]}},"publishpress_future_action":{"enabled":false,"date":"2026-05-07 08:33:15","action":"category","newStatus":"draft","terms":[],"taxonomy":"category"},"publishpress_future_workflow_manual_trigger":{"enabledWorkflows":[]},"_links":{"self":[{"href":"https:\/\/www.oarcanjo.net\/site\/wp-json\/wp\/v2\/posts\/1921"}],"collection":[{"href":"https:\/\/www.oarcanjo.net\/site\/wp-json\/wp\/v2\/posts"}],"about":[{"href":"https:\/\/www.oarcanjo.net\/site\/wp-json\/wp\/v2\/types\/post"}],"author":[{"embeddable":true,"href":"https:\/\/www.oarcanjo.net\/site\/wp-json\/wp\/v2\/users\/5"}],"replies":[{"embeddable":true,"href":"https:\/\/www.oarcanjo.net\/site\/wp-json\/wp\/v2\/comments?post=1921"}],"version-history":[{"count":0,"href":"https:\/\/www.oarcanjo.net\/site\/wp-json\/wp\/v2\/posts\/1921\/revisions"}],"wp:attachment":[{"href":"https:\/\/www.oarcanjo.net\/site\/wp-json\/wp\/v2\/media?parent=1921"}],"wp:term":[{"taxonomy":"category","embeddable":true,"href":"https:\/\/www.oarcanjo.net\/site\/wp-json\/wp\/v2\/categories?post=1921"},{"taxonomy":"post_tag","embeddable":true,"href":"https:\/\/www.oarcanjo.net\/site\/wp-json\/wp\/v2\/tags?post=1921"}],"curies":[{"name":"wp","href":"https:\/\/api.w.org\/{rel}","templated":true}]}}