
{"id":19211,"date":"2012-09-07T12:55:53","date_gmt":"2012-09-07T15:55:53","guid":{"rendered":"http:\/\/www.oarcanjo.net\/site\/?p=19211"},"modified":"2012-09-07T12:55:53","modified_gmt":"2012-09-07T15:55:53","slug":"medalha-dom-helder-para-os-moradores-de-rua-de-fortaleza","status":"publish","type":"post","link":"https:\/\/www.oarcanjo.net\/site\/medalha-dom-helder-para-os-moradores-de-rua-de-fortaleza\/","title":{"rendered":"Medalha Dom Helder para os moradores de rua de Fortaleza"},"content":{"rendered":"<h3><\/h3>\n<div>\n<div><a href=\"http:\/\/3.bp.blogspot.com\/-72yAkvOUA9o\/UElIp7n7rvI\/AAAAAAAAKHc\/oE5Y6AYURXc\/s1600\/Convite.jpg\"><img loading=\"lazy\" decoding=\"async\" src=\"http:\/\/3.bp.blogspot.com\/-72yAkvOUA9o\/UElIp7n7rvI\/AAAAAAAAKHc\/oE5Y6AYURXc\/s200\/Convite.jpg\" border=\"0\" alt=\"\" width=\"200\" height=\"158\" \/><\/a><\/div>\n<div>A Academia de Letras dos Munic\u00edpios do Estado do Cear\u00e1 &#8211; ALMECE, na pessoa do seu presidente, o escritor Francisco Lima Freitas e com anu\u00eancia dos seus pares, no uso de suas atribui\u00e7\u00f5es, tem a honra de \u00a0acolher e homenageiar a &#8220;Pastoral dos Moradores de Rua&#8221; da nosso cidade de Fortaleza, concedendo-lhe a Medalha Dom Helder C\u00e2mara, O Artes\u00e3o da Paz.<br \/>\n<a href=\"http:\/\/2.bp.blogspot.com\/-uI8_qhI08fU\/UEoXAppIpsI\/AAAAAAAAKKk\/3qHnD8ifOuM\/s1600\/Dom+helder+e+paluo+VI.jpg\"><img loading=\"lazy\" decoding=\"async\" src=\"http:\/\/2.bp.blogspot.com\/-uI8_qhI08fU\/UEoXAppIpsI\/AAAAAAAAKKk\/3qHnD8ifOuM\/s200\/Dom+helder+e+paluo+VI.jpg\" border=\"0\" alt=\"\" width=\"200\" height=\"158\" \/><\/a> Nossos aplausos \u00e0\u00a0coordena\u00e7\u00e3o,\u00a0nas seguintes pessoas: Padre Lino Allegri, Jo\u00e3o Lino Neto e Fernanda Gon\u00e7alves de Souza, no inquestion\u00e1vel e generoso trabalho junto a este bom povo, no qual \u00a0visibilizamos o rosto desfigurado do servo de Jav\u00e9, Cristo Jesus. Dom Helder dizia: &#8220;Quando os problemas s\u00e3o absurdos, os desafios s\u00e3o apaixonantes&#8221;. Dizia tamb\u00e9m: &#8220;N\u00e3o h\u00e1 penit\u00eancia maior do que aquela que Deus coloca em nossa vida todos os dias&#8221;. Deus seja louvado pela Pastoral dos Moradores de Rua e por sua coordena\u00e7\u00e3o!<\/div>\n<p><strong>Dia:<\/strong> 03 de outubro de 2012<br \/>\n<strong>Hora:<\/strong> 19:00<br \/>\n<strong>Local:<\/strong> Academia Cearense de Letras (rua do Ros\u00e1rio &#8211; n\u00ba 01 &#8211; Pal\u00e1cio da Luz, Centro, Fortaleza, Cear\u00e1).<\/div>\n<div>\n<div>Postado por\u00a0<a title=\"author profile\" rel=\"author\" href=\"http:\/\/www.blogger.com\/profile\/12037961757835243213\">Par\u00f3quia de Santo Afonso<\/a><\/div>\n<\/div>\n<p>&nbsp;<\/p>\n<div id=\"themify_builder_content-19211\" data-postid=\"19211\" class=\"themify_builder_content themify_builder_content-19211 themify_builder themify_builder_front\">\n\t<\/div>\n<!-- \/themify_builder_content -->","protected":false},"excerpt":{"rendered":"<p>A Academia de Letras dos Munic\u00edpios do Estado do Cear\u00e1 &#8211; ALMECE, na pessoa do seu presidente, o escritor Francisco Lima Freitas e com anu\u00eancia dos seus pares, no uso de suas atribui\u00e7\u00f5es, tem a honra de \u00a0acolher e homenageiar a &#8220;Pastoral dos Moradores de Rua&#8221; da nosso cidade de Fortaleza, concedendo-lhe a Medalha Dom [&hellip;]<\/p>\n","protected":false},"author":17,"featured_media":0,"comment_status":"open","ping_status":"open","sticky":false,"template":"","format":"standard","meta":{"ngg_post_thumbnail":0,"footnotes":""},"categories":[8],"tags":[],"yoast_head":"<!-- This site is optimized with the Yoast SEO plugin v23.5 - https:\/\/yoast.com\/wordpress\/plugins\/seo\/ -->\n<title>Medalha Dom Helder para os moradores de rua de Fortaleza - O Arcanjo no ar<\/title>\n<meta name=\"robots\" content=\"index, follow, max-snippet:-1, max-image-preview:large, max-video-preview:-1\" \/>\n<link rel=\"canonical\" href=\"https:\/\/www.oarcanjo.net\/site\/medalha-dom-helder-para-os-moradores-de-rua-de-fortaleza\/\" \/>\n<meta property=\"og:locale\" content=\"pt_BR\" \/>\n<meta property=\"og:type\" content=\"article\" \/>\n<meta property=\"og:title\" content=\"Medalha Dom Helder para os moradores de rua de Fortaleza - O Arcanjo no ar\" \/>\n<meta property=\"og:description\" content=\"A Academia de Letras dos Munic\u00edpios do Estado do Cear\u00e1 &#8211; ALMECE, na pessoa do seu presidente, o escritor Francisco Lima Freitas e com anu\u00eancia dos seus pares, no uso de suas atribui\u00e7\u00f5es, tem a honra de \u00a0acolher e homenageiar a &#8220;Pastoral dos Moradores de Rua&#8221; da nosso cidade de Fortaleza, concedendo-lhe a Medalha Dom [&hellip;]\" \/>\n<meta property=\"og:url\" content=\"https:\/\/www.oarcanjo.net\/site\/medalha-dom-helder-para-os-moradores-de-rua-de-fortaleza\/\" \/>\n<meta property=\"og:site_name\" content=\"O Arcanjo no ar\" \/>\n<meta property=\"article:publisher\" content=\"https:\/\/www.facebook.com\/OArcanjoNoAr\/\" \/>\n<meta property=\"article:published_time\" content=\"2012-09-07T15:55:53+00:00\" \/>\n<meta property=\"og:image\" content=\"http:\/\/3.bp.blogspot.com\/-72yAkvOUA9o\/UElIp7n7rvI\/AAAAAAAAKHc\/oE5Y6AYURXc\/s200\/Convite.jpg\" \/>\n<meta name=\"author\" content=\"pe.geovane\" \/>\n<meta name=\"twitter:card\" content=\"summary_large_image\" \/>\n<meta name=\"twitter:label1\" content=\"Escrito por\" \/>\n\t<meta name=\"twitter:data1\" content=\"pe.geovane\" \/>\n\t<meta name=\"twitter:label2\" content=\"Est. tempo de leitura\" \/>\n\t<meta name=\"twitter:data2\" content=\"1 minuto\" \/>\n<script type=\"application\/ld+json\" class=\"yoast-schema-graph\">{\"@context\":\"https:\/\/schema.org\",\"@graph\":[{\"@type\":\"Article\",\"@id\":\"https:\/\/www.oarcanjo.net\/site\/medalha-dom-helder-para-os-moradores-de-rua-de-fortaleza\/#article\",\"isPartOf\":{\"@id\":\"https:\/\/www.oarcanjo.net\/site\/medalha-dom-helder-para-os-moradores-de-rua-de-fortaleza\/\"},\"author\":{\"name\":\"pe.geovane\",\"@id\":\"https:\/\/www.oarcanjo.net\/site\/#\/schema\/person\/58d7f78850a973b8e467c7ae4a7eb4ad\"},\"headline\":\"Medalha Dom Helder para os moradores de rua de Fortaleza\",\"datePublished\":\"2012-09-07T15:55:53+00:00\",\"dateModified\":\"2012-09-07T15:55:53+00:00\",\"mainEntityOfPage\":{\"@id\":\"https:\/\/www.oarcanjo.net\/site\/medalha-dom-helder-para-os-moradores-de-rua-de-fortaleza\/\"},\"wordCount\":200,\"commentCount\":0,\"publisher\":{\"@id\":\"https:\/\/www.oarcanjo.net\/site\/#organization\"},\"image\":{\"@id\":\"https:\/\/www.oarcanjo.net\/site\/medalha-dom-helder-para-os-moradores-de-rua-de-fortaleza\/#primaryimage\"},\"thumbnailUrl\":\"http:\/\/3.bp.blogspot.com\/-72yAkvOUA9o\/UElIp7n7rvI\/AAAAAAAAKHc\/oE5Y6AYURXc\/s200\/Convite.jpg\",\"articleSection\":[\"Not\u00edcias\"],\"inLanguage\":\"pt-BR\",\"potentialAction\":[{\"@type\":\"CommentAction\",\"name\":\"Comment\",\"target\":[\"https:\/\/www.oarcanjo.net\/site\/medalha-dom-helder-para-os-moradores-de-rua-de-fortaleza\/#respond\"]}]},{\"@type\":\"WebPage\",\"@id\":\"https:\/\/www.oarcanjo.net\/site\/medalha-dom-helder-para-os-moradores-de-rua-de-fortaleza\/\",\"url\":\"https:\/\/www.oarcanjo.net\/site\/medalha-dom-helder-para-os-moradores-de-rua-de-fortaleza\/\",\"name\":\"Medalha Dom Helder para os moradores de rua de Fortaleza - O Arcanjo no ar\",\"isPartOf\":{\"@id\":\"https:\/\/www.oarcanjo.net\/site\/#website\"},\"primaryImageOfPage\":{\"@id\":\"https:\/\/www.oarcanjo.net\/site\/medalha-dom-helder-para-os-moradores-de-rua-de-fortaleza\/#primaryimage\"},\"image\":{\"@id\":\"https:\/\/www.oarcanjo.net\/site\/medalha-dom-helder-para-os-moradores-de-rua-de-fortaleza\/#primaryimage\"},\"thumbnailUrl\":\"http:\/\/3.bp.blogspot.com\/-72yAkvOUA9o\/UElIp7n7rvI\/AAAAAAAAKHc\/oE5Y6AYURXc\/s200\/Convite.jpg\",\"datePublished\":\"2012-09-07T15:55:53+00:00\",\"dateModified\":\"2012-09-07T15:55:53+00:00\",\"breadcrumb\":{\"@id\":\"https:\/\/www.oarcanjo.net\/site\/medalha-dom-helder-para-os-moradores-de-rua-de-fortaleza\/#breadcrumb\"},\"inLanguage\":\"pt-BR\",\"potentialAction\":[{\"@type\":\"ReadAction\",\"target\":[\"https:\/\/www.oarcanjo.net\/site\/medalha-dom-helder-para-os-moradores-de-rua-de-fortaleza\/\"]}]},{\"@type\":\"ImageObject\",\"inLanguage\":\"pt-BR\",\"@id\":\"https:\/\/www.oarcanjo.net\/site\/medalha-dom-helder-para-os-moradores-de-rua-de-fortaleza\/#primaryimage\",\"url\":\"http:\/\/3.bp.blogspot.com\/-72yAkvOUA9o\/UElIp7n7rvI\/AAAAAAAAKHc\/oE5Y6AYURXc\/s200\/Convite.jpg\",\"contentUrl\":\"http:\/\/3.bp.blogspot.com\/-72yAkvOUA9o\/UElIp7n7rvI\/AAAAAAAAKHc\/oE5Y6AYURXc\/s200\/Convite.jpg\"},{\"@type\":\"BreadcrumbList\",\"@id\":\"https:\/\/www.oarcanjo.net\/site\/medalha-dom-helder-para-os-moradores-de-rua-de-fortaleza\/#breadcrumb\",\"itemListElement\":[{\"@type\":\"ListItem\",\"position\":1,\"name\":\"In\u00edcio\",\"item\":\"https:\/\/www.oarcanjo.net\/site\/\"},{\"@type\":\"ListItem\",\"position\":2,\"name\":\"Medalha Dom Helder para os moradores de rua de Fortaleza\"}]},{\"@type\":\"WebSite\",\"@id\":\"https:\/\/www.oarcanjo.net\/site\/#website\",\"url\":\"https:\/\/www.oarcanjo.net\/site\/\",\"name\":\"O Arcanjo no ar\",\"description\":\"Site da Par\u00f3quia S\u00e3o Miguel Arcanjo (Arquidiocese de SP)\",\"publisher\":{\"@id\":\"https:\/\/www.oarcanjo.net\/site\/#organization\"},\"potentialAction\":[{\"@type\":\"SearchAction\",\"target\":{\"@type\":\"EntryPoint\",\"urlTemplate\":\"https:\/\/www.oarcanjo.net\/site\/?s={search_term_string}\"},\"query-input\":{\"@type\":\"PropertyValueSpecification\",\"valueRequired\":true,\"valueName\":\"search_term_string\"}}],\"inLanguage\":\"pt-BR\"},{\"@type\":\"Organization\",\"@id\":\"https:\/\/www.oarcanjo.net\/site\/#organization\",\"name\":\"Par\u00f3quia S\u00e3o Miguel Arcanjo\",\"url\":\"https:\/\/www.oarcanjo.net\/site\/\",\"logo\":{\"@type\":\"ImageObject\",\"inLanguage\":\"pt-BR\",\"@id\":\"https:\/\/www.oarcanjo.net\/site\/#\/schema\/logo\/image\/\",\"url\":\"https:\/\/www.oarcanjo.net\/site\/wp-content\/uploads\/LogoOArcanjo.png\",\"contentUrl\":\"https:\/\/www.oarcanjo.net\/site\/wp-content\/uploads\/LogoOArcanjo.png\",\"width\":319,\"height\":99,\"caption\":\"Par\u00f3quia S\u00e3o Miguel Arcanjo\"},\"image\":{\"@id\":\"https:\/\/www.oarcanjo.net\/site\/#\/schema\/logo\/image\/\"},\"sameAs\":[\"https:\/\/www.facebook.com\/OArcanjoNoAr\/\"]},{\"@type\":\"Person\",\"@id\":\"https:\/\/www.oarcanjo.net\/site\/#\/schema\/person\/58d7f78850a973b8e467c7ae4a7eb4ad\",\"name\":\"pe.geovane\"}]}<\/script>\n<!-- \/ Yoast SEO plugin. -->","yoast_head_json":{"title":"Medalha Dom Helder para os moradores de rua de Fortaleza - O Arcanjo no ar","robots":{"index":"index","follow":"follow","max-snippet":"max-snippet:-1","max-image-preview":"max-image-preview:large","max-video-preview":"max-video-preview:-1"},"canonical":"https:\/\/www.oarcanjo.net\/site\/medalha-dom-helder-para-os-moradores-de-rua-de-fortaleza\/","og_locale":"pt_BR","og_type":"article","og_title":"Medalha Dom Helder para os moradores de rua de Fortaleza - O Arcanjo no ar","og_description":"A Academia de Letras dos Munic\u00edpios do Estado do Cear\u00e1 &#8211; ALMECE, na pessoa do seu presidente, o escritor Francisco Lima Freitas e com anu\u00eancia dos seus pares, no uso de suas atribui\u00e7\u00f5es, tem a honra de \u00a0acolher e homenageiar a &#8220;Pastoral dos Moradores de Rua&#8221; da nosso cidade de Fortaleza, concedendo-lhe a Medalha Dom [&hellip;]","og_url":"https:\/\/www.oarcanjo.net\/site\/medalha-dom-helder-para-os-moradores-de-rua-de-fortaleza\/","og_site_name":"O Arcanjo no ar","article_publisher":"https:\/\/www.facebook.com\/OArcanjoNoAr\/","article_published_time":"2012-09-07T15:55:53+00:00","og_image":[{"url":"http:\/\/3.bp.blogspot.com\/-72yAkvOUA9o\/UElIp7n7rvI\/AAAAAAAAKHc\/oE5Y6AYURXc\/s200\/Convite.jpg"}],"author":"pe.geovane","twitter_card":"summary_large_image","twitter_misc":{"Escrito por":"pe.geovane","Est. tempo de leitura":"1 minuto"},"schema":{"@context":"https:\/\/schema.org","@graph":[{"@type":"Article","@id":"https:\/\/www.oarcanjo.net\/site\/medalha-dom-helder-para-os-moradores-de-rua-de-fortaleza\/#article","isPartOf":{"@id":"https:\/\/www.oarcanjo.net\/site\/medalha-dom-helder-para-os-moradores-de-rua-de-fortaleza\/"},"author":{"name":"pe.geovane","@id":"https:\/\/www.oarcanjo.net\/site\/#\/schema\/person\/58d7f78850a973b8e467c7ae4a7eb4ad"},"headline":"Medalha Dom Helder para os moradores de rua de Fortaleza","datePublished":"2012-09-07T15:55:53+00:00","dateModified":"2012-09-07T15:55:53+00:00","mainEntityOfPage":{"@id":"https:\/\/www.oarcanjo.net\/site\/medalha-dom-helder-para-os-moradores-de-rua-de-fortaleza\/"},"wordCount":200,"commentCount":0,"publisher":{"@id":"https:\/\/www.oarcanjo.net\/site\/#organization"},"image":{"@id":"https:\/\/www.oarcanjo.net\/site\/medalha-dom-helder-para-os-moradores-de-rua-de-fortaleza\/#primaryimage"},"thumbnailUrl":"http:\/\/3.bp.blogspot.com\/-72yAkvOUA9o\/UElIp7n7rvI\/AAAAAAAAKHc\/oE5Y6AYURXc\/s200\/Convite.jpg","articleSection":["Not\u00edcias"],"inLanguage":"pt-BR","potentialAction":[{"@type":"CommentAction","name":"Comment","target":["https:\/\/www.oarcanjo.net\/site\/medalha-dom-helder-para-os-moradores-de-rua-de-fortaleza\/#respond"]}]},{"@type":"WebPage","@id":"https:\/\/www.oarcanjo.net\/site\/medalha-dom-helder-para-os-moradores-de-rua-de-fortaleza\/","url":"https:\/\/www.oarcanjo.net\/site\/medalha-dom-helder-para-os-moradores-de-rua-de-fortaleza\/","name":"Medalha Dom Helder para os moradores de rua de Fortaleza - O Arcanjo no ar","isPartOf":{"@id":"https:\/\/www.oarcanjo.net\/site\/#website"},"primaryImageOfPage":{"@id":"https:\/\/www.oarcanjo.net\/site\/medalha-dom-helder-para-os-moradores-de-rua-de-fortaleza\/#primaryimage"},"image":{"@id":"https:\/\/www.oarcanjo.net\/site\/medalha-dom-helder-para-os-moradores-de-rua-de-fortaleza\/#primaryimage"},"thumbnailUrl":"http:\/\/3.bp.blogspot.com\/-72yAkvOUA9o\/UElIp7n7rvI\/AAAAAAAAKHc\/oE5Y6AYURXc\/s200\/Convite.jpg","datePublished":"2012-09-07T15:55:53+00:00","dateModified":"2012-09-07T15:55:53+00:00","breadcrumb":{"@id":"https:\/\/www.oarcanjo.net\/site\/medalha-dom-helder-para-os-moradores-de-rua-de-fortaleza\/#breadcrumb"},"inLanguage":"pt-BR","potentialAction":[{"@type":"ReadAction","target":["https:\/\/www.oarcanjo.net\/site\/medalha-dom-helder-para-os-moradores-de-rua-de-fortaleza\/"]}]},{"@type":"ImageObject","inLanguage":"pt-BR","@id":"https:\/\/www.oarcanjo.net\/site\/medalha-dom-helder-para-os-moradores-de-rua-de-fortaleza\/#primaryimage","url":"http:\/\/3.bp.blogspot.com\/-72yAkvOUA9o\/UElIp7n7rvI\/AAAAAAAAKHc\/oE5Y6AYURXc\/s200\/Convite.jpg","contentUrl":"http:\/\/3.bp.blogspot.com\/-72yAkvOUA9o\/UElIp7n7rvI\/AAAAAAAAKHc\/oE5Y6AYURXc\/s200\/Convite.jpg"},{"@type":"BreadcrumbList","@id":"https:\/\/www.oarcanjo.net\/site\/medalha-dom-helder-para-os-moradores-de-rua-de-fortaleza\/#breadcrumb","itemListElement":[{"@type":"ListItem","position":1,"name":"In\u00edcio","item":"https:\/\/www.oarcanjo.net\/site\/"},{"@type":"ListItem","position":2,"name":"Medalha Dom Helder para os moradores de rua de Fortaleza"}]},{"@type":"WebSite","@id":"https:\/\/www.oarcanjo.net\/site\/#website","url":"https:\/\/www.oarcanjo.net\/site\/","name":"O Arcanjo no ar","description":"Site da Par\u00f3quia S\u00e3o Miguel Arcanjo (Arquidiocese de SP)","publisher":{"@id":"https:\/\/www.oarcanjo.net\/site\/#organization"},"potentialAction":[{"@type":"SearchAction","target":{"@type":"EntryPoint","urlTemplate":"https:\/\/www.oarcanjo.net\/site\/?s={search_term_string}"},"query-input":{"@type":"PropertyValueSpecification","valueRequired":true,"valueName":"search_term_string"}}],"inLanguage":"pt-BR"},{"@type":"Organization","@id":"https:\/\/www.oarcanjo.net\/site\/#organization","name":"Par\u00f3quia S\u00e3o Miguel Arcanjo","url":"https:\/\/www.oarcanjo.net\/site\/","logo":{"@type":"ImageObject","inLanguage":"pt-BR","@id":"https:\/\/www.oarcanjo.net\/site\/#\/schema\/logo\/image\/","url":"https:\/\/www.oarcanjo.net\/site\/wp-content\/uploads\/LogoOArcanjo.png","contentUrl":"https:\/\/www.oarcanjo.net\/site\/wp-content\/uploads\/LogoOArcanjo.png","width":319,"height":99,"caption":"Par\u00f3quia S\u00e3o Miguel Arcanjo"},"image":{"@id":"https:\/\/www.oarcanjo.net\/site\/#\/schema\/logo\/image\/"},"sameAs":["https:\/\/www.facebook.com\/OArcanjoNoAr\/"]},{"@type":"Person","@id":"https:\/\/www.oarcanjo.net\/site\/#\/schema\/person\/58d7f78850a973b8e467c7ae4a7eb4ad","name":"pe.geovane"}]}},"publishpress_future_action":{"enabled":false,"date":"2026-05-09 09:38:16","action":"category","newStatus":"draft","terms":[],"taxonomy":"category"},"publishpress_future_workflow_manual_trigger":{"enabledWorkflows":[]},"_links":{"self":[{"href":"https:\/\/www.oarcanjo.net\/site\/wp-json\/wp\/v2\/posts\/19211"}],"collection":[{"href":"https:\/\/www.oarcanjo.net\/site\/wp-json\/wp\/v2\/posts"}],"about":[{"href":"https:\/\/www.oarcanjo.net\/site\/wp-json\/wp\/v2\/types\/post"}],"author":[{"embeddable":true,"href":"https:\/\/www.oarcanjo.net\/site\/wp-json\/wp\/v2\/users\/17"}],"replies":[{"embeddable":true,"href":"https:\/\/www.oarcanjo.net\/site\/wp-json\/wp\/v2\/comments?post=19211"}],"version-history":[{"count":0,"href":"https:\/\/www.oarcanjo.net\/site\/wp-json\/wp\/v2\/posts\/19211\/revisions"}],"wp:attachment":[{"href":"https:\/\/www.oarcanjo.net\/site\/wp-json\/wp\/v2\/media?parent=19211"}],"wp:term":[{"taxonomy":"category","embeddable":true,"href":"https:\/\/www.oarcanjo.net\/site\/wp-json\/wp\/v2\/categories?post=19211"},{"taxonomy":"post_tag","embeddable":true,"href":"https:\/\/www.oarcanjo.net\/site\/wp-json\/wp\/v2\/tags?post=19211"}],"curies":[{"name":"wp","href":"https:\/\/api.w.org\/{rel}","templated":true}]}}