
{"id":1927,"date":"2009-02-20T18:28:52","date_gmt":"2009-02-20T21:28:52","guid":{"rendered":"http:\/\/www.oarcanjo.net\/site\/?p=1927"},"modified":"2009-02-20T18:28:52","modified_gmt":"2009-02-20T21:28:52","slug":"medicos-sem-fronteiras","status":"publish","type":"post","link":"https:\/\/www.oarcanjo.net\/site\/medicos-sem-fronteiras\/","title":{"rendered":"M\u00e9dicos Sem Fronteiras"},"content":{"rendered":"<p>Durante o m\u00eas de fevereiro, a exposi\u00e7\u00e3o da organiza\u00e7\u00e3o humanit\u00e1ria internacional M\u00e9dicos Sem Fronteiras (MSF) permite ao p\u00fablico conhecer a atua\u00e7\u00e3o de seus volunt\u00e1rios em situa\u00e7\u00f5es de emerg\u00eancia, ou seja, guerras, exclus\u00e3o social, cat\u00e1strofes naturais e epidemias. Instalada na Esta\u00e7\u00e3o S\u00e9 do Metr\u00f4, a mostra \u00e9 multissensorial e possibilita a intera\u00e7\u00e3o virtual dos visitantes em quatro tipos de situa\u00e7\u00f5es exibidas em v\u00eddeo.<\/p>\n<p>A participa\u00e7\u00e3o ocorre numa cabine (de 2,55 metros quadrados, escura e com ch\u00e3o de brita) onde a pessoa escuta sons dos ambientes das interven\u00e7\u00f5es e pode decidir o que fazer numa situa\u00e7\u00e3o de emerg\u00eancia mostrada no v\u00eddeo. Depois acompanha a decis\u00e3o tomada pela equipe de m\u00e9dicos da ONG. Durante os tr\u00eas minutos de dura\u00e7\u00e3o do v\u00eddeo, o visitante vivencia o cotidiano desses profissionais, atendendo casos de desnutri\u00e7\u00e3o, cat\u00e1strofe natural, conflitos armados e epidemias. <\/p>\n<p>Al\u00e9m da cabine, h\u00e1 uma exposi\u00e7\u00e3o fotogr\u00e1fica com 12 imagens da atua\u00e7\u00e3o do movimento humanit\u00e1rio criado em 1971, por m\u00e9dicos e jornalistas franceses insatisfeitos com a ajuda humanit\u00e1ria oferecida durante a guerra de Biafra, na Nig\u00e9ria. Hoje com 25 mil profissionais espalhados pelo mundo, leva cuidados m\u00e9dicos \u00e0 popula\u00e7\u00e3o em situa\u00e7\u00e3o de risco de mais de 60 pa\u00edses. Pelo trabalho realizado, recebeu o Pr\u00eamio Nobel da Paz em 1999. Chegou ao Brasil, em 1991, para ajudar a cuidar da epidemia de c\u00f3lera na Amaz\u00f4nia. Desde ent\u00e3o, desenvolve projetos assistenciais no Complexo do Alem\u00e3o, capital carioca, onde est\u00e1 sediada.<\/p>\n<p>Na exposi\u00e7\u00e3o, o visitante poder\u00e1 ver mapas interativos das miss\u00f5es do movimento humanit\u00e1rio e ouvir explica\u00e7\u00f5es de seus integrantes e volunt\u00e1rios presentes no local. A ideia da mostra \u00e9 tornar o trabalho de MSF mais conhecido pelo p\u00fablico e mostrar a participa\u00e7\u00e3o do Brasil, explica a assessora de imprensa da institui\u00e7\u00e3o, Juliana Braga. H\u00e1 40 brasileiros atuando na organiza\u00e7\u00e3o. A mostra passou pelo metr\u00f4 carioca, quando deixar a capital paulista (h\u00e1 previs\u00e3o de se deslocar para outra esta\u00e7\u00e3o do Metr\u00f4), seguir\u00e1 para Porto Alegre, Recife e Salvador. <\/p>\n<p><strong>Servi\u00e7o:<\/strong><br \/>\nExposi\u00e7\u00e3o Interativa M\u00e9dicos Sem Fronteiras no Mundo<br \/>\nEsta\u00e7\u00e3o da S\u00e9 \u2013 \u00e1rea paga do mezanino<br \/>\nDurante todo o m\u00eas de fevereiro<br \/>\nDe segunda a sexta-feira, das 6 \u00e0s 20 horas<br \/>\nS\u00e1bados, das 12 \u00e0s 17 horas<br \/>\nEntrada gratuita <\/p>\n<div id=\"themify_builder_content-1927\" data-postid=\"1927\" class=\"themify_builder_content themify_builder_content-1927 themify_builder themify_builder_front\">\n\t<\/div>\n<!-- \/themify_builder_content -->","protected":false},"excerpt":{"rendered":"<p>Durante o m\u00eas de fevereiro, a exposi\u00e7\u00e3o da organiza\u00e7\u00e3o humanit\u00e1ria internacional M\u00e9dicos Sem Fronteiras (MSF) permite ao p\u00fablico conhecer a atua\u00e7\u00e3o de seus volunt\u00e1rios em situa\u00e7\u00f5es de emerg\u00eancia, ou seja, guerras, exclus\u00e3o social, cat\u00e1strofes naturais e epidemias. Instalada na Esta\u00e7\u00e3o S\u00e9 do Metr\u00f4, a mostra \u00e9 multissensorial e possibilita a intera\u00e7\u00e3o virtual dos visitantes em [&hellip;]<\/p>\n","protected":false},"author":5,"featured_media":0,"comment_status":"open","ping_status":"open","sticky":false,"template":"","format":"standard","meta":{"ngg_post_thumbnail":0,"footnotes":""},"categories":[8],"tags":[269,88],"yoast_head":"<!-- This site is optimized with the Yoast SEO plugin v23.5 - https:\/\/yoast.com\/wordpress\/plugins\/seo\/ -->\n<title>M\u00e9dicos Sem Fronteiras - O Arcanjo no ar<\/title>\n<meta name=\"robots\" content=\"index, follow, max-snippet:-1, max-image-preview:large, max-video-preview:-1\" \/>\n<link rel=\"canonical\" href=\"https:\/\/www.oarcanjo.net\/site\/medicos-sem-fronteiras\/\" \/>\n<meta property=\"og:locale\" content=\"pt_BR\" \/>\n<meta property=\"og:type\" content=\"article\" \/>\n<meta property=\"og:title\" content=\"M\u00e9dicos Sem Fronteiras - O Arcanjo no ar\" \/>\n<meta property=\"og:description\" content=\"Durante o m\u00eas de fevereiro, a exposi\u00e7\u00e3o da organiza\u00e7\u00e3o humanit\u00e1ria internacional M\u00e9dicos Sem Fronteiras (MSF) permite ao p\u00fablico conhecer a atua\u00e7\u00e3o de seus volunt\u00e1rios em situa\u00e7\u00f5es de emerg\u00eancia, ou seja, guerras, exclus\u00e3o social, cat\u00e1strofes naturais e epidemias. Instalada na Esta\u00e7\u00e3o S\u00e9 do Metr\u00f4, a mostra \u00e9 multissensorial e possibilita a intera\u00e7\u00e3o virtual dos visitantes em [&hellip;]\" \/>\n<meta property=\"og:url\" content=\"https:\/\/www.oarcanjo.net\/site\/medicos-sem-fronteiras\/\" \/>\n<meta property=\"og:site_name\" content=\"O Arcanjo no ar\" \/>\n<meta property=\"article:publisher\" content=\"https:\/\/www.facebook.com\/OArcanjoNoAr\/\" \/>\n<meta property=\"article:published_time\" content=\"2009-02-20T21:28:52+00:00\" \/>\n<meta property=\"og:image\" content=\"https:\/\/www.oarcanjo.net\/site\/wp-content\/uploads\/logo-o-arcanjo-no-ar-facebook.png\" \/>\n\t<meta property=\"og:image:width\" content=\"300\" \/>\n\t<meta property=\"og:image:height\" content=\"300\" \/>\n\t<meta property=\"og:image:type\" content=\"image\/png\" \/>\n<meta name=\"author\" content=\"editor\" \/>\n<meta name=\"twitter:card\" content=\"summary_large_image\" \/>\n<meta name=\"twitter:label1\" content=\"Escrito por\" \/>\n\t<meta name=\"twitter:data1\" content=\"editor\" \/>\n\t<meta name=\"twitter:label2\" content=\"Est. tempo de leitura\" \/>\n\t<meta name=\"twitter:data2\" content=\"2 minutos\" \/>\n<script type=\"application\/ld+json\" class=\"yoast-schema-graph\">{\"@context\":\"https:\/\/schema.org\",\"@graph\":[{\"@type\":\"Article\",\"@id\":\"https:\/\/www.oarcanjo.net\/site\/medicos-sem-fronteiras\/#article\",\"isPartOf\":{\"@id\":\"https:\/\/www.oarcanjo.net\/site\/medicos-sem-fronteiras\/\"},\"author\":{\"name\":\"editor\",\"@id\":\"https:\/\/www.oarcanjo.net\/site\/#\/schema\/person\/f7024d007863202483a31326673a0838\"},\"headline\":\"M\u00e9dicos Sem Fronteiras\",\"datePublished\":\"2009-02-20T21:28:52+00:00\",\"dateModified\":\"2009-02-20T21:28:52+00:00\",\"mainEntityOfPage\":{\"@id\":\"https:\/\/www.oarcanjo.net\/site\/medicos-sem-fronteiras\/\"},\"wordCount\":410,\"commentCount\":1,\"publisher\":{\"@id\":\"https:\/\/www.oarcanjo.net\/site\/#organization\"},\"keywords\":[\"MSF\",\"solidariedade\"],\"articleSection\":[\"Not\u00edcias\"],\"inLanguage\":\"pt-BR\",\"potentialAction\":[{\"@type\":\"CommentAction\",\"name\":\"Comment\",\"target\":[\"https:\/\/www.oarcanjo.net\/site\/medicos-sem-fronteiras\/#respond\"]}]},{\"@type\":\"WebPage\",\"@id\":\"https:\/\/www.oarcanjo.net\/site\/medicos-sem-fronteiras\/\",\"url\":\"https:\/\/www.oarcanjo.net\/site\/medicos-sem-fronteiras\/\",\"name\":\"M\u00e9dicos Sem Fronteiras - O Arcanjo no ar\",\"isPartOf\":{\"@id\":\"https:\/\/www.oarcanjo.net\/site\/#website\"},\"datePublished\":\"2009-02-20T21:28:52+00:00\",\"dateModified\":\"2009-02-20T21:28:52+00:00\",\"breadcrumb\":{\"@id\":\"https:\/\/www.oarcanjo.net\/site\/medicos-sem-fronteiras\/#breadcrumb\"},\"inLanguage\":\"pt-BR\",\"potentialAction\":[{\"@type\":\"ReadAction\",\"target\":[\"https:\/\/www.oarcanjo.net\/site\/medicos-sem-fronteiras\/\"]}]},{\"@type\":\"BreadcrumbList\",\"@id\":\"https:\/\/www.oarcanjo.net\/site\/medicos-sem-fronteiras\/#breadcrumb\",\"itemListElement\":[{\"@type\":\"ListItem\",\"position\":1,\"name\":\"In\u00edcio\",\"item\":\"https:\/\/www.oarcanjo.net\/site\/\"},{\"@type\":\"ListItem\",\"position\":2,\"name\":\"M\u00e9dicos Sem Fronteiras\"}]},{\"@type\":\"WebSite\",\"@id\":\"https:\/\/www.oarcanjo.net\/site\/#website\",\"url\":\"https:\/\/www.oarcanjo.net\/site\/\",\"name\":\"O Arcanjo no ar\",\"description\":\"Site da Par\u00f3quia S\u00e3o Miguel Arcanjo (Arquidiocese de SP)\",\"publisher\":{\"@id\":\"https:\/\/www.oarcanjo.net\/site\/#organization\"},\"potentialAction\":[{\"@type\":\"SearchAction\",\"target\":{\"@type\":\"EntryPoint\",\"urlTemplate\":\"https:\/\/www.oarcanjo.net\/site\/?s={search_term_string}\"},\"query-input\":{\"@type\":\"PropertyValueSpecification\",\"valueRequired\":true,\"valueName\":\"search_term_string\"}}],\"inLanguage\":\"pt-BR\"},{\"@type\":\"Organization\",\"@id\":\"https:\/\/www.oarcanjo.net\/site\/#organization\",\"name\":\"Par\u00f3quia S\u00e3o Miguel Arcanjo\",\"url\":\"https:\/\/www.oarcanjo.net\/site\/\",\"logo\":{\"@type\":\"ImageObject\",\"inLanguage\":\"pt-BR\",\"@id\":\"https:\/\/www.oarcanjo.net\/site\/#\/schema\/logo\/image\/\",\"url\":\"https:\/\/www.oarcanjo.net\/site\/wp-content\/uploads\/LogoOArcanjo.png\",\"contentUrl\":\"https:\/\/www.oarcanjo.net\/site\/wp-content\/uploads\/LogoOArcanjo.png\",\"width\":319,\"height\":99,\"caption\":\"Par\u00f3quia S\u00e3o Miguel Arcanjo\"},\"image\":{\"@id\":\"https:\/\/www.oarcanjo.net\/site\/#\/schema\/logo\/image\/\"},\"sameAs\":[\"https:\/\/www.facebook.com\/OArcanjoNoAr\/\"]},{\"@type\":\"Person\",\"@id\":\"https:\/\/www.oarcanjo.net\/site\/#\/schema\/person\/f7024d007863202483a31326673a0838\",\"name\":\"editor\",\"sameAs\":[\"http:\/\/www.oarcanjo.net\"]}]}<\/script>\n<!-- \/ Yoast SEO plugin. -->","yoast_head_json":{"title":"M\u00e9dicos Sem Fronteiras - O Arcanjo no ar","robots":{"index":"index","follow":"follow","max-snippet":"max-snippet:-1","max-image-preview":"max-image-preview:large","max-video-preview":"max-video-preview:-1"},"canonical":"https:\/\/www.oarcanjo.net\/site\/medicos-sem-fronteiras\/","og_locale":"pt_BR","og_type":"article","og_title":"M\u00e9dicos Sem Fronteiras - O Arcanjo no ar","og_description":"Durante o m\u00eas de fevereiro, a exposi\u00e7\u00e3o da organiza\u00e7\u00e3o humanit\u00e1ria internacional M\u00e9dicos Sem Fronteiras (MSF) permite ao p\u00fablico conhecer a atua\u00e7\u00e3o de seus volunt\u00e1rios em situa\u00e7\u00f5es de emerg\u00eancia, ou seja, guerras, exclus\u00e3o social, cat\u00e1strofes naturais e epidemias. Instalada na Esta\u00e7\u00e3o S\u00e9 do Metr\u00f4, a mostra \u00e9 multissensorial e possibilita a intera\u00e7\u00e3o virtual dos visitantes em [&hellip;]","og_url":"https:\/\/www.oarcanjo.net\/site\/medicos-sem-fronteiras\/","og_site_name":"O Arcanjo no ar","article_publisher":"https:\/\/www.facebook.com\/OArcanjoNoAr\/","article_published_time":"2009-02-20T21:28:52+00:00","og_image":[{"width":300,"height":300,"url":"https:\/\/www.oarcanjo.net\/site\/wp-content\/uploads\/logo-o-arcanjo-no-ar-facebook.png","type":"image\/png"}],"author":"editor","twitter_card":"summary_large_image","twitter_misc":{"Escrito por":"editor","Est. tempo de leitura":"2 minutos"},"schema":{"@context":"https:\/\/schema.org","@graph":[{"@type":"Article","@id":"https:\/\/www.oarcanjo.net\/site\/medicos-sem-fronteiras\/#article","isPartOf":{"@id":"https:\/\/www.oarcanjo.net\/site\/medicos-sem-fronteiras\/"},"author":{"name":"editor","@id":"https:\/\/www.oarcanjo.net\/site\/#\/schema\/person\/f7024d007863202483a31326673a0838"},"headline":"M\u00e9dicos Sem Fronteiras","datePublished":"2009-02-20T21:28:52+00:00","dateModified":"2009-02-20T21:28:52+00:00","mainEntityOfPage":{"@id":"https:\/\/www.oarcanjo.net\/site\/medicos-sem-fronteiras\/"},"wordCount":410,"commentCount":1,"publisher":{"@id":"https:\/\/www.oarcanjo.net\/site\/#organization"},"keywords":["MSF","solidariedade"],"articleSection":["Not\u00edcias"],"inLanguage":"pt-BR","potentialAction":[{"@type":"CommentAction","name":"Comment","target":["https:\/\/www.oarcanjo.net\/site\/medicos-sem-fronteiras\/#respond"]}]},{"@type":"WebPage","@id":"https:\/\/www.oarcanjo.net\/site\/medicos-sem-fronteiras\/","url":"https:\/\/www.oarcanjo.net\/site\/medicos-sem-fronteiras\/","name":"M\u00e9dicos Sem Fronteiras - O Arcanjo no ar","isPartOf":{"@id":"https:\/\/www.oarcanjo.net\/site\/#website"},"datePublished":"2009-02-20T21:28:52+00:00","dateModified":"2009-02-20T21:28:52+00:00","breadcrumb":{"@id":"https:\/\/www.oarcanjo.net\/site\/medicos-sem-fronteiras\/#breadcrumb"},"inLanguage":"pt-BR","potentialAction":[{"@type":"ReadAction","target":["https:\/\/www.oarcanjo.net\/site\/medicos-sem-fronteiras\/"]}]},{"@type":"BreadcrumbList","@id":"https:\/\/www.oarcanjo.net\/site\/medicos-sem-fronteiras\/#breadcrumb","itemListElement":[{"@type":"ListItem","position":1,"name":"In\u00edcio","item":"https:\/\/www.oarcanjo.net\/site\/"},{"@type":"ListItem","position":2,"name":"M\u00e9dicos Sem Fronteiras"}]},{"@type":"WebSite","@id":"https:\/\/www.oarcanjo.net\/site\/#website","url":"https:\/\/www.oarcanjo.net\/site\/","name":"O Arcanjo no ar","description":"Site da Par\u00f3quia S\u00e3o Miguel Arcanjo (Arquidiocese de SP)","publisher":{"@id":"https:\/\/www.oarcanjo.net\/site\/#organization"},"potentialAction":[{"@type":"SearchAction","target":{"@type":"EntryPoint","urlTemplate":"https:\/\/www.oarcanjo.net\/site\/?s={search_term_string}"},"query-input":{"@type":"PropertyValueSpecification","valueRequired":true,"valueName":"search_term_string"}}],"inLanguage":"pt-BR"},{"@type":"Organization","@id":"https:\/\/www.oarcanjo.net\/site\/#organization","name":"Par\u00f3quia S\u00e3o Miguel Arcanjo","url":"https:\/\/www.oarcanjo.net\/site\/","logo":{"@type":"ImageObject","inLanguage":"pt-BR","@id":"https:\/\/www.oarcanjo.net\/site\/#\/schema\/logo\/image\/","url":"https:\/\/www.oarcanjo.net\/site\/wp-content\/uploads\/LogoOArcanjo.png","contentUrl":"https:\/\/www.oarcanjo.net\/site\/wp-content\/uploads\/LogoOArcanjo.png","width":319,"height":99,"caption":"Par\u00f3quia S\u00e3o Miguel Arcanjo"},"image":{"@id":"https:\/\/www.oarcanjo.net\/site\/#\/schema\/logo\/image\/"},"sameAs":["https:\/\/www.facebook.com\/OArcanjoNoAr\/"]},{"@type":"Person","@id":"https:\/\/www.oarcanjo.net\/site\/#\/schema\/person\/f7024d007863202483a31326673a0838","name":"editor","sameAs":["http:\/\/www.oarcanjo.net"]}]}},"publishpress_future_action":{"enabled":false,"date":"2026-05-08 19:34:39","action":"category","newStatus":"draft","terms":[],"taxonomy":"category"},"publishpress_future_workflow_manual_trigger":{"enabledWorkflows":[]},"_links":{"self":[{"href":"https:\/\/www.oarcanjo.net\/site\/wp-json\/wp\/v2\/posts\/1927"}],"collection":[{"href":"https:\/\/www.oarcanjo.net\/site\/wp-json\/wp\/v2\/posts"}],"about":[{"href":"https:\/\/www.oarcanjo.net\/site\/wp-json\/wp\/v2\/types\/post"}],"author":[{"embeddable":true,"href":"https:\/\/www.oarcanjo.net\/site\/wp-json\/wp\/v2\/users\/5"}],"replies":[{"embeddable":true,"href":"https:\/\/www.oarcanjo.net\/site\/wp-json\/wp\/v2\/comments?post=1927"}],"version-history":[{"count":0,"href":"https:\/\/www.oarcanjo.net\/site\/wp-json\/wp\/v2\/posts\/1927\/revisions"}],"wp:attachment":[{"href":"https:\/\/www.oarcanjo.net\/site\/wp-json\/wp\/v2\/media?parent=1927"}],"wp:term":[{"taxonomy":"category","embeddable":true,"href":"https:\/\/www.oarcanjo.net\/site\/wp-json\/wp\/v2\/categories?post=1927"},{"taxonomy":"post_tag","embeddable":true,"href":"https:\/\/www.oarcanjo.net\/site\/wp-json\/wp\/v2\/tags?post=1927"}],"curies":[{"name":"wp","href":"https:\/\/api.w.org\/{rel}","templated":true}]}}