
{"id":1931,"date":"2009-02-20T18:51:05","date_gmt":"2009-02-20T21:51:05","guid":{"rendered":"http:\/\/www.oarcanjo.net\/site\/?p=1931"},"modified":"2009-02-20T18:51:05","modified_gmt":"2009-02-20T21:51:05","slug":"circular-de-d-pedro-casaldaliga","status":"publish","type":"post","link":"https:\/\/www.oarcanjo.net\/site\/circular-de-d-pedro-casaldaliga\/","title":{"rendered":"&#8216;Circular&#8217; de D. Pedro Casald\u00e1liga"},"content":{"rendered":"<p>O cardeal Carlo M. Martini, jesu\u00edta, biblista, arcebispo que foi de Milan e colega meu de Parkinson, \u00e9 um eclesi\u00e1stico de di\u00e1logo, de acolhida, de renova\u00e7\u00e3o a fundo, tanto na Igreja como na Sociedade. Em seu livro de confid\u00eancias e confiss\u00f5es Col\u00f3quios noturnos em Jerusal\u00e9m, declara: &#8220;Antes eu tinha sonhos acerca da Igreja. Sonhava com uma Igreja que percorre seu caminho na pobreza e na humildade, que n\u00e3o depende dos poderes deste mundo; na qual se extirpasse de raiz a desconfian\u00e7a; que desse espa\u00e7o \u00e0s pessoas que pensem com mais amplid\u00e3o; que desse \u00e2nimo, especialmente, \u00e0queles que se sentem pequenos ou pecadores. Sonhava com uma Igreja jovem. Hoje n\u00e3o tenho mais esses sonhos&#8221;. Esta afirma\u00e7\u00e3o categ\u00f3rica de Martini n\u00e3o \u00e9, n\u00e3o pode ser, uma declara\u00e7\u00e3o de fracasso, de decep\u00e7\u00e3o eclesial, de ren\u00fancia \u00e0 utopia. Martini continua sonhando nada menos que com o Reino, que \u00e9 a utopia das utopias, um sonho do pr\u00f3prio Deus.<\/p>\n<p>Ele e milh\u00f5es de pessoas na Igreja sonhamos com a &#8220;outra Igreja poss\u00edvel&#8221;, ao servi\u00e7o do &#8220;outro Mundo poss\u00edvel&#8221;. E o cardeal Martini \u00e9 uma boa testemunha e um bom guia nesse caminho alternativo; o tem demonstrado.<\/p>\n<p>Tanto na Igreja (na Igreja de Jesus que s\u00e3o v\u00e1rias Igrejas) como na Sociedade (que s\u00e3o v\u00e1rios povos, v\u00e1rias culturas, v\u00e1rios processos hist\u00f3ricos) hoje mais do que nunca devemos radicalizar na procura da justi\u00e7a e da paz, da dignidade humana e da igualdade na alteridade, do verdadeiro progresso dentro da ecologia profunda. E, como diz Bobbio, &#8220;\u00e9 preciso instalar a liberdade no cora\u00e7\u00e3o mesmo da igualdade&#8221;; hoje com uma vis\u00e3o e uma a\u00e7\u00e3o estritamente mundiais. \u00c9 a outra globaliza\u00e7\u00e3o, a que reivindicam nossos pensadores, nossos militantes, nossos m\u00e1rtires, nossos famintos&#8230;<\/p>\n<p>A grande crise econ\u00f4mica atual \u00e9 uma crise global de Humanidade que n\u00e3o se resolver\u00e1 com nenhum tipo de capitalismo, porque n\u00e3o \u00e9 poss\u00edvel um capitalismo humano; o capitalismo continua a ser homicida, ecocida, suicida. N\u00e3o h\u00e1 modo de servir simultaneamente ao deus dos bancos e ao Deus da Vida, conjugar a prepot\u00eancia e a usura com a conviv\u00eancia fraterna. A quest\u00e3o axial \u00e9: Trata-se de salvar o Sistema ou se trata de salvar \u00e0 Humanidade? A grandes crises, grandes oportunidades. No idioma chin\u00eas a palavra crise se desdobra em dois sentidos: crise como perigo, crise como oportunidade.<\/p>\n<p>Na campanha eleitoral dos EUA se arvorou repetidamente &#8220;o sonho de Luther King&#8221;, querendo atualizar esse sonho; e, por ocasi\u00e3o dos 50 anos da convocat\u00f3ria do Vaticano II, tem-se recordado, com saudade, o Pacto das Catacumbas da Igreja serva e pobre. No dia 16 de novembro de 1965, poucos dias antes da clausura do Conc\u00edlio, 40 Padres Conciliares celebraram a Eucaristia nas catacumbas romanas de Domitila, e firmaram o Pacto das Catacumbas. Dom H\u00e9lder C\u00e2mara, cujo centen\u00e1rio de nascimento estamos celebrando neste ano, era um dos principais animadores do grupo prof\u00e9tico. O Pacto em seus 13 pontos insiste na pobreza evang\u00e9lica da Igreja, sem t\u00edtulos honor\u00edficos, sem privil\u00e9gios e sem ostenta\u00e7\u00f5es mundanas; insiste na colegialidade e na corresponsabilidade da Igreja como Povo de Deus e na abertura ao mundo e na acolhida fraterna.<\/p>\n<p>Hoje, n\u00f3s, na convulsa conjuntura atual, professamos a vig\u00eancia de muitos sonhos, sociais, pol\u00edticos, eclesiais, aos quais de jeito nenhum modo podemos renunciar. Seguimos recha\u00e7ando o capitalismo neoliberal, o neoimperialismo do dinheiro e das armas, uma economia de mercado e de consumismo que sepulta na pobreza e na fome a uma grande maioria da Humanidade. E seguiremos recha\u00e7ando toda discrimina\u00e7\u00e3o por motivos de g\u00eanero, de cultura, de ra\u00e7a. Exigimos a transforma\u00e7\u00e3o substancial dos organismos mundiais (a ONU, o FMI, o Banco Mundial, a OMC&#8230;). Comprometemo-nos a vivermos uma &#8220;ecologia profunda e integral&#8221;, propiciando uma pol\u00edtica agr\u00e1ria-agr\u00edcola alternativa \u00e0 pol\u00edtica depredadora do latif\u00fandio, da monocultura, do agrot\u00f3xico. Participaremos nas transforma\u00e7\u00f5es sociais, pol\u00edticas e econ\u00f4micas, para uma democracia de &#8220;alta intensidade&#8221;.<\/p>\n<p>Como Igreja queremos viver, \u00e0 luz do Evangelho, a paix\u00e3o obsessiva de Jesus, o Reino. Queremos ser Igreja da op\u00e7\u00e3o pelos pobres, comunidade ecum\u00eanica e macroecum\u00eanica tamb\u00e9m. O Deus em quem acreditamos, o Abb\u00e1 de Jesus, n\u00e3o pode ser de jeito nenhum causa de fundamentalismos, de exclus\u00f5es, de inclus\u00f5es absorventes, de orgulho proselitista. Chega de fazermos do nosso Deus o \u00fanico Deus verdadeiro. &#8220;Meu Deus, me deixa ver a Deus?&#8221;. Com todo respeito pela opini\u00e3o do Papa Bento XVI, o di\u00e1logo interreligioso n\u00e3o somente \u00e9 poss\u00edvel, \u00e9 necess\u00e1rio. Faremos da corresponsabilidade eclesial a express\u00e3o leg\u00edtima de uma f\u00e9 adulta. Exigiremos, corrigindo s\u00e9culos de descrimina\u00e7\u00e3o, a plena igualdade da mulher na vida e nos minist\u00e9rios da Igreja. Estimularemos a liberdade e o servi\u00e7o reconhecido de nossos te\u00f3logos e te\u00f3logas. A Igreja ser\u00e1 uma rede de comunidades orantes, servidoras, prof\u00e9ticas, testemunhas da Boa Nova: uma Boa Nova de vida, de liberdade, de comunh\u00e3o feliz. Uma Boa Nova de miseric\u00f3rdia, de acolhida, de perd\u00e3o, de ternura, samaritana \u00e0 beira de todos os caminhos da Humanidade. Seguiremos fazendo que se viva na pr\u00e1tica eclesial a advert\u00eancia de Jesus: &#8220;N\u00e3o ser\u00e1 assim entre voc\u00eas&#8221; (Mt 21,26). Seja a autoridade servi\u00e7o. O Vaticano deixar\u00e1 de ser Estado e o Papa n\u00e3o ser\u00e1 mais chefe de Estado. A C\u00faria ter\u00e1 de ser profundamente reformada e as Igrejas locais cultivar\u00e3o a incultura\u00e7\u00e3o do Evangelho e a ministerialidade compartilhada. A Igreja se comprometer\u00e1, sem medo, sem evas\u00f5es, com as grandes causas de justi\u00e7a e da paz, dos direitos humanos e da igualdade reconhecida de todos os povos. Ser\u00e1 profecia de anuncio, de den\u00fancia, de consola\u00e7\u00e3o. A pol\u00edtica vivida por todos os crist\u00e3os e crist\u00e3s ser\u00e1 aquela &#8220;express\u00e3o mais alta do amor fraterno&#8221; (Pio XI).<\/p>\n<p>N\u00f3s nos negamos a renunciar a estes sonhos mesmo quando possam parecer quimera. &#8220;Ainda cantamos, ainda sonhamos&#8221;. N\u00f3s nos atemos \u00e0 palavra de Jesus: &#8220;Fogo vim trazer \u00e0 Terra; e que mais posso querer sen\u00e3o que arda&#8221; (Lc 12,49). Com humildade e coragem, no seguimento de Jesus, tentaremos viver estes sonhos no dia a dia de nossas vidas. Seguir\u00e1 havendo crises e a Humanidade, com suas religi\u00f5es e suas Igrejas, seguir\u00e1 sendo santa e pecadora. Mas n\u00e3o faltar\u00e3o as campanhas universais de solidariedade, os Foros Sociais, as Vias Campesinas, os movimentos populares, as conquistas dos Sem Terra, os pactos ecol\u00f3gicos, os caminhos alternativos da Nossa Am\u00e9rica, as Comunidades Eclesiais de Base, os processos de reconcilia\u00e7\u00e3o entre o Shalom e o Salam, as vit\u00f3rias ind\u00edgenas e afro y, em todo o caso, mais uma vez e sempre, &#8220;eu me atenho ao dito: a Esperan\u00e7a&#8221;.<\/p>\n<p>Cada um e cada uma a quem possa chegar esta circular fraterna, em comunh\u00e3o de f\u00e9 religiosa ou de paix\u00e3o humana, receba um abra\u00e7o do tamanho destes sonhos. Os velhos ainda temos vis\u00f5es, diz a B\u00edblia (Jl 3,1). Li nestes dias esta defini\u00e7\u00e3o: &#8220;A velhice \u00e9 uma esp\u00e9cie de p\u00f3s-guerra&#8221;; n\u00e3o precisamente de claudica\u00e7\u00e3o. O Parkinson \u00e9 apenas um percal\u00e7o do caminho e seguimos Reino adentro.<\/p>\n<div id=\"themify_builder_content-1931\" data-postid=\"1931\" class=\"themify_builder_content themify_builder_content-1931 themify_builder themify_builder_front\">\n\t<\/div>\n<!-- \/themify_builder_content -->","protected":false},"excerpt":{"rendered":"<p>O cardeal Carlo M. Martini, jesu\u00edta, biblista, arcebispo que foi de Milan e colega meu de Parkinson, \u00e9 um eclesi\u00e1stico de di\u00e1logo, de acolhida, de renova\u00e7\u00e3o a fundo, tanto na Igreja como na Sociedade. Em seu livro de confid\u00eancias e confiss\u00f5es Col\u00f3quios noturnos em Jerusal\u00e9m, declara: &#8220;Antes eu tinha sonhos acerca da Igreja. Sonhava com [&hellip;]<\/p>\n","protected":false},"author":5,"featured_media":0,"comment_status":"open","ping_status":"open","sticky":false,"template":"","format":"standard","meta":{"ngg_post_thumbnail":0,"footnotes":""},"categories":[9],"tags":[36,99,39],"yoast_head":"<!-- This site is optimized with the Yoast SEO plugin v23.5 - https:\/\/yoast.com\/wordpress\/plugins\/seo\/ -->\n<title>&#039;Circular&#039; de D. Pedro Casald\u00e1liga - O Arcanjo no ar<\/title>\n<meta name=\"robots\" content=\"index, follow, max-snippet:-1, max-image-preview:large, max-video-preview:-1\" \/>\n<link rel=\"canonical\" href=\"https:\/\/www.oarcanjo.net\/site\/circular-de-d-pedro-casaldaliga\/\" \/>\n<meta property=\"og:locale\" content=\"pt_BR\" \/>\n<meta property=\"og:type\" content=\"article\" \/>\n<meta property=\"og:title\" content=\"&#039;Circular&#039; de D. Pedro Casald\u00e1liga - O Arcanjo no ar\" \/>\n<meta property=\"og:description\" content=\"O cardeal Carlo M. Martini, jesu\u00edta, biblista, arcebispo que foi de Milan e colega meu de Parkinson, \u00e9 um eclesi\u00e1stico de di\u00e1logo, de acolhida, de renova\u00e7\u00e3o a fundo, tanto na Igreja como na Sociedade. Em seu livro de confid\u00eancias e confiss\u00f5es Col\u00f3quios noturnos em Jerusal\u00e9m, declara: &#8220;Antes eu tinha sonhos acerca da Igreja. Sonhava com [&hellip;]\" \/>\n<meta property=\"og:url\" content=\"https:\/\/www.oarcanjo.net\/site\/circular-de-d-pedro-casaldaliga\/\" \/>\n<meta property=\"og:site_name\" content=\"O Arcanjo no ar\" \/>\n<meta property=\"article:publisher\" content=\"https:\/\/www.facebook.com\/OArcanjoNoAr\/\" \/>\n<meta property=\"article:published_time\" content=\"2009-02-20T21:51:05+00:00\" \/>\n<meta property=\"og:image\" content=\"https:\/\/www.oarcanjo.net\/site\/wp-content\/uploads\/logo-o-arcanjo-no-ar-facebook.png\" \/>\n\t<meta property=\"og:image:width\" content=\"300\" \/>\n\t<meta property=\"og:image:height\" content=\"300\" \/>\n\t<meta property=\"og:image:type\" content=\"image\/png\" \/>\n<meta name=\"author\" content=\"editor\" \/>\n<meta name=\"twitter:card\" content=\"summary_large_image\" \/>\n<meta name=\"twitter:label1\" content=\"Escrito por\" \/>\n\t<meta name=\"twitter:data1\" content=\"editor\" \/>\n\t<meta name=\"twitter:label2\" content=\"Est. tempo de leitura\" \/>\n\t<meta name=\"twitter:data2\" content=\"6 minutos\" \/>\n<script type=\"application\/ld+json\" class=\"yoast-schema-graph\">{\"@context\":\"https:\/\/schema.org\",\"@graph\":[{\"@type\":\"Article\",\"@id\":\"https:\/\/www.oarcanjo.net\/site\/circular-de-d-pedro-casaldaliga\/#article\",\"isPartOf\":{\"@id\":\"https:\/\/www.oarcanjo.net\/site\/circular-de-d-pedro-casaldaliga\/\"},\"author\":{\"name\":\"editor\",\"@id\":\"https:\/\/www.oarcanjo.net\/site\/#\/schema\/person\/f7024d007863202483a31326673a0838\"},\"headline\":\"&#8216;Circular&#8217; de D. Pedro Casald\u00e1liga\",\"datePublished\":\"2009-02-20T21:51:05+00:00\",\"dateModified\":\"2009-02-20T21:51:05+00:00\",\"mainEntityOfPage\":{\"@id\":\"https:\/\/www.oarcanjo.net\/site\/circular-de-d-pedro-casaldaliga\/\"},\"wordCount\":1245,\"commentCount\":2,\"publisher\":{\"@id\":\"https:\/\/www.oarcanjo.net\/site\/#organization\"},\"keywords\":[\"crise\",\"igreja\",\"neoliberalismo\"],\"articleSection\":[\"Reflex\u00f5es\"],\"inLanguage\":\"pt-BR\",\"potentialAction\":[{\"@type\":\"CommentAction\",\"name\":\"Comment\",\"target\":[\"https:\/\/www.oarcanjo.net\/site\/circular-de-d-pedro-casaldaliga\/#respond\"]}]},{\"@type\":\"WebPage\",\"@id\":\"https:\/\/www.oarcanjo.net\/site\/circular-de-d-pedro-casaldaliga\/\",\"url\":\"https:\/\/www.oarcanjo.net\/site\/circular-de-d-pedro-casaldaliga\/\",\"name\":\"'Circular' de D. Pedro Casald\u00e1liga - O Arcanjo no ar\",\"isPartOf\":{\"@id\":\"https:\/\/www.oarcanjo.net\/site\/#website\"},\"datePublished\":\"2009-02-20T21:51:05+00:00\",\"dateModified\":\"2009-02-20T21:51:05+00:00\",\"breadcrumb\":{\"@id\":\"https:\/\/www.oarcanjo.net\/site\/circular-de-d-pedro-casaldaliga\/#breadcrumb\"},\"inLanguage\":\"pt-BR\",\"potentialAction\":[{\"@type\":\"ReadAction\",\"target\":[\"https:\/\/www.oarcanjo.net\/site\/circular-de-d-pedro-casaldaliga\/\"]}]},{\"@type\":\"BreadcrumbList\",\"@id\":\"https:\/\/www.oarcanjo.net\/site\/circular-de-d-pedro-casaldaliga\/#breadcrumb\",\"itemListElement\":[{\"@type\":\"ListItem\",\"position\":1,\"name\":\"In\u00edcio\",\"item\":\"https:\/\/www.oarcanjo.net\/site\/\"},{\"@type\":\"ListItem\",\"position\":2,\"name\":\"&#8216;Circular&#8217; de D. Pedro Casald\u00e1liga\"}]},{\"@type\":\"WebSite\",\"@id\":\"https:\/\/www.oarcanjo.net\/site\/#website\",\"url\":\"https:\/\/www.oarcanjo.net\/site\/\",\"name\":\"O Arcanjo no ar\",\"description\":\"Site da Par\u00f3quia S\u00e3o Miguel Arcanjo (Arquidiocese de SP)\",\"publisher\":{\"@id\":\"https:\/\/www.oarcanjo.net\/site\/#organization\"},\"potentialAction\":[{\"@type\":\"SearchAction\",\"target\":{\"@type\":\"EntryPoint\",\"urlTemplate\":\"https:\/\/www.oarcanjo.net\/site\/?s={search_term_string}\"},\"query-input\":{\"@type\":\"PropertyValueSpecification\",\"valueRequired\":true,\"valueName\":\"search_term_string\"}}],\"inLanguage\":\"pt-BR\"},{\"@type\":\"Organization\",\"@id\":\"https:\/\/www.oarcanjo.net\/site\/#organization\",\"name\":\"Par\u00f3quia S\u00e3o Miguel Arcanjo\",\"url\":\"https:\/\/www.oarcanjo.net\/site\/\",\"logo\":{\"@type\":\"ImageObject\",\"inLanguage\":\"pt-BR\",\"@id\":\"https:\/\/www.oarcanjo.net\/site\/#\/schema\/logo\/image\/\",\"url\":\"https:\/\/www.oarcanjo.net\/site\/wp-content\/uploads\/LogoOArcanjo.png\",\"contentUrl\":\"https:\/\/www.oarcanjo.net\/site\/wp-content\/uploads\/LogoOArcanjo.png\",\"width\":319,\"height\":99,\"caption\":\"Par\u00f3quia S\u00e3o Miguel Arcanjo\"},\"image\":{\"@id\":\"https:\/\/www.oarcanjo.net\/site\/#\/schema\/logo\/image\/\"},\"sameAs\":[\"https:\/\/www.facebook.com\/OArcanjoNoAr\/\"]},{\"@type\":\"Person\",\"@id\":\"https:\/\/www.oarcanjo.net\/site\/#\/schema\/person\/f7024d007863202483a31326673a0838\",\"name\":\"editor\",\"sameAs\":[\"http:\/\/www.oarcanjo.net\"]}]}<\/script>\n<!-- \/ Yoast SEO plugin. -->","yoast_head_json":{"title":"'Circular' de D. Pedro Casald\u00e1liga - O Arcanjo no ar","robots":{"index":"index","follow":"follow","max-snippet":"max-snippet:-1","max-image-preview":"max-image-preview:large","max-video-preview":"max-video-preview:-1"},"canonical":"https:\/\/www.oarcanjo.net\/site\/circular-de-d-pedro-casaldaliga\/","og_locale":"pt_BR","og_type":"article","og_title":"'Circular' de D. Pedro Casald\u00e1liga - O Arcanjo no ar","og_description":"O cardeal Carlo M. Martini, jesu\u00edta, biblista, arcebispo que foi de Milan e colega meu de Parkinson, \u00e9 um eclesi\u00e1stico de di\u00e1logo, de acolhida, de renova\u00e7\u00e3o a fundo, tanto na Igreja como na Sociedade. Em seu livro de confid\u00eancias e confiss\u00f5es Col\u00f3quios noturnos em Jerusal\u00e9m, declara: &#8220;Antes eu tinha sonhos acerca da Igreja. Sonhava com [&hellip;]","og_url":"https:\/\/www.oarcanjo.net\/site\/circular-de-d-pedro-casaldaliga\/","og_site_name":"O Arcanjo no ar","article_publisher":"https:\/\/www.facebook.com\/OArcanjoNoAr\/","article_published_time":"2009-02-20T21:51:05+00:00","og_image":[{"width":300,"height":300,"url":"https:\/\/www.oarcanjo.net\/site\/wp-content\/uploads\/logo-o-arcanjo-no-ar-facebook.png","type":"image\/png"}],"author":"editor","twitter_card":"summary_large_image","twitter_misc":{"Escrito por":"editor","Est. tempo de leitura":"6 minutos"},"schema":{"@context":"https:\/\/schema.org","@graph":[{"@type":"Article","@id":"https:\/\/www.oarcanjo.net\/site\/circular-de-d-pedro-casaldaliga\/#article","isPartOf":{"@id":"https:\/\/www.oarcanjo.net\/site\/circular-de-d-pedro-casaldaliga\/"},"author":{"name":"editor","@id":"https:\/\/www.oarcanjo.net\/site\/#\/schema\/person\/f7024d007863202483a31326673a0838"},"headline":"&#8216;Circular&#8217; de D. Pedro Casald\u00e1liga","datePublished":"2009-02-20T21:51:05+00:00","dateModified":"2009-02-20T21:51:05+00:00","mainEntityOfPage":{"@id":"https:\/\/www.oarcanjo.net\/site\/circular-de-d-pedro-casaldaliga\/"},"wordCount":1245,"commentCount":2,"publisher":{"@id":"https:\/\/www.oarcanjo.net\/site\/#organization"},"keywords":["crise","igreja","neoliberalismo"],"articleSection":["Reflex\u00f5es"],"inLanguage":"pt-BR","potentialAction":[{"@type":"CommentAction","name":"Comment","target":["https:\/\/www.oarcanjo.net\/site\/circular-de-d-pedro-casaldaliga\/#respond"]}]},{"@type":"WebPage","@id":"https:\/\/www.oarcanjo.net\/site\/circular-de-d-pedro-casaldaliga\/","url":"https:\/\/www.oarcanjo.net\/site\/circular-de-d-pedro-casaldaliga\/","name":"'Circular' de D. Pedro Casald\u00e1liga - O Arcanjo no ar","isPartOf":{"@id":"https:\/\/www.oarcanjo.net\/site\/#website"},"datePublished":"2009-02-20T21:51:05+00:00","dateModified":"2009-02-20T21:51:05+00:00","breadcrumb":{"@id":"https:\/\/www.oarcanjo.net\/site\/circular-de-d-pedro-casaldaliga\/#breadcrumb"},"inLanguage":"pt-BR","potentialAction":[{"@type":"ReadAction","target":["https:\/\/www.oarcanjo.net\/site\/circular-de-d-pedro-casaldaliga\/"]}]},{"@type":"BreadcrumbList","@id":"https:\/\/www.oarcanjo.net\/site\/circular-de-d-pedro-casaldaliga\/#breadcrumb","itemListElement":[{"@type":"ListItem","position":1,"name":"In\u00edcio","item":"https:\/\/www.oarcanjo.net\/site\/"},{"@type":"ListItem","position":2,"name":"&#8216;Circular&#8217; de D. Pedro Casald\u00e1liga"}]},{"@type":"WebSite","@id":"https:\/\/www.oarcanjo.net\/site\/#website","url":"https:\/\/www.oarcanjo.net\/site\/","name":"O Arcanjo no ar","description":"Site da Par\u00f3quia S\u00e3o Miguel Arcanjo (Arquidiocese de SP)","publisher":{"@id":"https:\/\/www.oarcanjo.net\/site\/#organization"},"potentialAction":[{"@type":"SearchAction","target":{"@type":"EntryPoint","urlTemplate":"https:\/\/www.oarcanjo.net\/site\/?s={search_term_string}"},"query-input":{"@type":"PropertyValueSpecification","valueRequired":true,"valueName":"search_term_string"}}],"inLanguage":"pt-BR"},{"@type":"Organization","@id":"https:\/\/www.oarcanjo.net\/site\/#organization","name":"Par\u00f3quia S\u00e3o Miguel Arcanjo","url":"https:\/\/www.oarcanjo.net\/site\/","logo":{"@type":"ImageObject","inLanguage":"pt-BR","@id":"https:\/\/www.oarcanjo.net\/site\/#\/schema\/logo\/image\/","url":"https:\/\/www.oarcanjo.net\/site\/wp-content\/uploads\/LogoOArcanjo.png","contentUrl":"https:\/\/www.oarcanjo.net\/site\/wp-content\/uploads\/LogoOArcanjo.png","width":319,"height":99,"caption":"Par\u00f3quia S\u00e3o Miguel Arcanjo"},"image":{"@id":"https:\/\/www.oarcanjo.net\/site\/#\/schema\/logo\/image\/"},"sameAs":["https:\/\/www.facebook.com\/OArcanjoNoAr\/"]},{"@type":"Person","@id":"https:\/\/www.oarcanjo.net\/site\/#\/schema\/person\/f7024d007863202483a31326673a0838","name":"editor","sameAs":["http:\/\/www.oarcanjo.net"]}]}},"publishpress_future_action":{"enabled":false,"date":"2026-05-08 21:43:54","action":"category","newStatus":"draft","terms":[],"taxonomy":"category"},"publishpress_future_workflow_manual_trigger":{"enabledWorkflows":[]},"_links":{"self":[{"href":"https:\/\/www.oarcanjo.net\/site\/wp-json\/wp\/v2\/posts\/1931"}],"collection":[{"href":"https:\/\/www.oarcanjo.net\/site\/wp-json\/wp\/v2\/posts"}],"about":[{"href":"https:\/\/www.oarcanjo.net\/site\/wp-json\/wp\/v2\/types\/post"}],"author":[{"embeddable":true,"href":"https:\/\/www.oarcanjo.net\/site\/wp-json\/wp\/v2\/users\/5"}],"replies":[{"embeddable":true,"href":"https:\/\/www.oarcanjo.net\/site\/wp-json\/wp\/v2\/comments?post=1931"}],"version-history":[{"count":0,"href":"https:\/\/www.oarcanjo.net\/site\/wp-json\/wp\/v2\/posts\/1931\/revisions"}],"wp:attachment":[{"href":"https:\/\/www.oarcanjo.net\/site\/wp-json\/wp\/v2\/media?parent=1931"}],"wp:term":[{"taxonomy":"category","embeddable":true,"href":"https:\/\/www.oarcanjo.net\/site\/wp-json\/wp\/v2\/categories?post=1931"},{"taxonomy":"post_tag","embeddable":true,"href":"https:\/\/www.oarcanjo.net\/site\/wp-json\/wp\/v2\/tags?post=1931"}],"curies":[{"name":"wp","href":"https:\/\/api.w.org\/{rel}","templated":true}]}}