
{"id":19315,"date":"2012-09-16T22:49:31","date_gmt":"2012-09-17T01:49:31","guid":{"rendered":"http:\/\/www.oarcanjo.net\/site\/?p=19315"},"modified":"2012-09-16T22:55:40","modified_gmt":"2012-09-17T01:55:40","slug":"nota-de-repudio-arquidiocese-de-sao-paulo","status":"publish","type":"post","link":"https:\/\/www.oarcanjo.net\/site\/nota-de-repudio-arquidiocese-de-sao-paulo\/","title":{"rendered":"Nota de Rep\u00fadio &#8211; Arquidiocese de S\u00e3o Paulo"},"content":{"rendered":"<p>Em nota divulgada no dia 12 de setembro \u00faltimo, a Arquidiocese de S\u00e3o Paulo \u2013 atrav\u00e9s da assessoria de imprensa \u2013 repudia o texto escrito por Marcos Pereira, presidente do PRB, no blog que possui no portal \u201cr7.com\u201d. Marcos Pereira \u00e9 pastor da Igreja Universal e, atualmente, tamb\u00e9m coordenada a campanha de Celso Russomano para a Prefeitura de S\u00e3o Paulo.<\/p>\n<p>Na postagem, publicada em maio de 2011 e mantida at\u00e9 hoje (\u201cQual o futuro da educa\u00e7\u00e3o no Brasil?\u201d), o presidente do PRB faz cr\u00edticas infundadas \u00e0 Igreja Cat\u00f3lica.<\/p>\n<p>&nbsp;<\/p>\n<p><a href=\"http:\/\/www.oarcanjo.net\/site\/wp-content\/uploads\/logo-curia-metropolitana-de-sao-paulo.jpg\"><img loading=\"lazy\" decoding=\"async\" class=\"alignnone size-full wp-image-19316\" title=\"Curia Metropolitana de S\u00e3o Paulo\" src=\"http:\/\/www.oarcanjo.net\/site\/wp-content\/uploads\/logo-curia-metropolitana-de-sao-paulo.jpg\" alt=\"Curia Metropolitana de S\u00e3o Paulo\" width=\"300\" height=\"120\" \/><\/a><\/p>\n<p><strong>NOTA DE REP\u00daDIO<br \/>\n<\/strong><\/p>\n<p>O \u201cPastor\u201d Marcos Pereira, presidente do Partido Republicano Brasileiro (PRB), do candidato \u00e0 Prefeitura de S\u00e3o Paulo, Celso Russumano, partido que \u00e9 manifestadamente ligado \u00e0 Igreja Universal, publicou no seu Blog, em um site vinculado ao portal da Record, uma s\u00e9rie de ataques \u00e0 Igreja Cat\u00f3lica (\u201cQual o futuro da educa\u00e7\u00e3o no Brasil?\u201d \u2013 R7). Numa clara demonstra\u00e7\u00e3o de destempero, ele atribui \u00e0 Igreja o tal \u201ckit gay\u201d do governo e se coloca totalmente contra o ensino religioso nas escolas, esquecendo-se que o \u201cAcordo Brasil-Santa S\u00e9\u201d poder\u00e1 ser interpretado a favor de todas as religi\u00f5es. E n\u00e3o se imp\u00f5e a ningu\u00e9m, sendo a matr\u00edcula de livre escolha.<\/p>\n<p>Qual seria o motivo para ataques t\u00e3o gratuitos, infundados e rid\u00edculos \u00e0 Igreja Cat\u00f3lica em tempo de Campanha Eleitoral? Lamentavelmente, se j\u00e1 fomentam disc\u00f3rdia, ataques e ofensas, sem o Poder, o que esperar, se o conquistarem, mesmo parcialmente, pelo voto? \u00c9 pra pensar!<\/p>\n<p>Levou tempo e custou caro o retorno do Brasil \u00e0 normalidade democr\u00e1tica. Vidas foram ceifadas at\u00e9 que os direitos mais elementares negados pelo regime militar fossem novamente respeitados.<\/p>\n<p>Entre esses direitos, a reconquista do direito de express\u00e3o, de manifesta\u00e7\u00e3o do pensamento, foi a mais festejada. Por isso mesmo, esse direito figura hoje entre os que mais s\u00e3o proclamados e defendidos. At\u00e9 mesmo quando se ouvem ou se l\u00eaem posicionamentos rid\u00edculos, confusos, desrespeitosos e sem fundamento algum, como os de Marcos Pereira.<\/p>\n<p>Ele se pavoneia gritando um curr\u00edculo invej\u00e1vel, como se isso lhe desse o direito de falar inverdades, para n\u00e3o dizer bobagens.<\/p>\n<p>Deliciem-se os que gostam de perder tempo com as elocubra\u00e7\u00f5es fantasiosas de Marcos Pereira. Atribuir o malfadado \u201cKit Gay\u201d e os males da educa\u00e7\u00e3o no Brasil \u00e0 Igreja Cat\u00f3lica n\u00e3o faz nenhum sentido e cheira a intoler\u00e2ncia religiosa, que nunca foi e nem dever\u00e1 ser alimentada ou incentivada. Atribuir esses males \u00e0 influ\u00eancia do Vaticano \u00e9 um disparate t\u00e3o grotesco que, sendo verdade o t\u00e3o propalado curr\u00edculo, o dono dele deve ter passado por um devaneio.<\/p>\n<p>No seu destempero, Marcos Pereira vai mais longe, criticando o ensino religioso nas escolas, embora se afirme \u201cPastor\u201d. Ele se bate contra a ditadura das minorias e nega o direito da maioria cat\u00f3lica, que paga impostos e quer uma educa\u00e7\u00e3o integral para seus filhos, educa\u00e7\u00e3o intelectual, moral e religiosa. Queira ou n\u00e3o o nobre \u201cjurista\u201d, os cat\u00f3licos ainda somam mais de 60% da popula\u00e7\u00e3o brasileira (dados do IBGE 2010).<\/p>\n<p>Assessoria de Imprensa da Arquidiocese de S\u00e3o Paulo<\/p>\n<p>&nbsp;<\/p>\n<p><em>Texto do site da Arquidiocese de S\u00e3o Paulo<\/em><\/p>\n<div id=\"themify_builder_content-19315\" data-postid=\"19315\" class=\"themify_builder_content themify_builder_content-19315 themify_builder themify_builder_front\">\n\t<\/div>\n<!-- \/themify_builder_content -->","protected":false},"excerpt":{"rendered":"<p>Em nota divulgada no dia 12 de setembro \u00faltimo, a Arquidiocese de S\u00e3o Paulo \u2013 atrav\u00e9s da assessoria de imprensa \u2013 repudia o texto escrito por Marcos Pereira, presidente do PRB, no blog que possui no portal \u201cr7.com\u201d. Marcos Pereira \u00e9 pastor da Igreja Universal e, atualmente, tamb\u00e9m coordenada a campanha de Celso Russomano para [&hellip;]<\/p>\n","protected":false},"author":5,"featured_media":0,"comment_status":"open","ping_status":"open","sticky":false,"template":"","format":"standard","meta":{"ngg_post_thumbnail":0,"footnotes":""},"categories":[3,8],"tags":[],"yoast_head":"<!-- This site is optimized with the Yoast SEO plugin v23.5 - https:\/\/yoast.com\/wordpress\/plugins\/seo\/ -->\n<title>Nota de Rep\u00fadio - Arquidiocese de S\u00e3o Paulo - O Arcanjo no ar<\/title>\n<meta name=\"robots\" content=\"index, follow, max-snippet:-1, max-image-preview:large, max-video-preview:-1\" \/>\n<link rel=\"canonical\" href=\"https:\/\/www.oarcanjo.net\/site\/nota-de-repudio-arquidiocese-de-sao-paulo\/\" \/>\n<meta property=\"og:locale\" content=\"pt_BR\" \/>\n<meta property=\"og:type\" content=\"article\" \/>\n<meta property=\"og:title\" content=\"Nota de Rep\u00fadio - Arquidiocese de S\u00e3o Paulo - O Arcanjo no ar\" \/>\n<meta property=\"og:description\" content=\"Em nota divulgada no dia 12 de setembro \u00faltimo, a Arquidiocese de S\u00e3o Paulo \u2013 atrav\u00e9s da assessoria de imprensa \u2013 repudia o texto escrito por Marcos Pereira, presidente do PRB, no blog que possui no portal \u201cr7.com\u201d. Marcos Pereira \u00e9 pastor da Igreja Universal e, atualmente, tamb\u00e9m coordenada a campanha de Celso Russomano para [&hellip;]\" \/>\n<meta property=\"og:url\" content=\"https:\/\/www.oarcanjo.net\/site\/nota-de-repudio-arquidiocese-de-sao-paulo\/\" \/>\n<meta property=\"og:site_name\" content=\"O Arcanjo no ar\" \/>\n<meta property=\"article:publisher\" content=\"https:\/\/www.facebook.com\/OArcanjoNoAr\/\" \/>\n<meta property=\"article:published_time\" content=\"2012-09-17T01:49:31+00:00\" \/>\n<meta property=\"article:modified_time\" content=\"2012-09-17T01:55:40+00:00\" \/>\n<meta property=\"og:image\" content=\"http:\/\/www.oarcanjo.net\/site\/wp-content\/uploads\/logo-curia-metropolitana-de-sao-paulo.jpg\" \/>\n<meta name=\"author\" content=\"editor\" \/>\n<meta name=\"twitter:card\" content=\"summary_large_image\" \/>\n<meta name=\"twitter:label1\" content=\"Escrito por\" \/>\n\t<meta name=\"twitter:data1\" content=\"editor\" \/>\n\t<meta name=\"twitter:label2\" content=\"Est. tempo de leitura\" \/>\n\t<meta name=\"twitter:data2\" content=\"3 minutos\" \/>\n<script type=\"application\/ld+json\" class=\"yoast-schema-graph\">{\"@context\":\"https:\/\/schema.org\",\"@graph\":[{\"@type\":\"Article\",\"@id\":\"https:\/\/www.oarcanjo.net\/site\/nota-de-repudio-arquidiocese-de-sao-paulo\/#article\",\"isPartOf\":{\"@id\":\"https:\/\/www.oarcanjo.net\/site\/nota-de-repudio-arquidiocese-de-sao-paulo\/\"},\"author\":{\"name\":\"editor\",\"@id\":\"https:\/\/www.oarcanjo.net\/site\/#\/schema\/person\/f7024d007863202483a31326673a0838\"},\"headline\":\"Nota de Rep\u00fadio &#8211; Arquidiocese de S\u00e3o Paulo\",\"datePublished\":\"2012-09-17T01:49:31+00:00\",\"dateModified\":\"2012-09-17T01:55:40+00:00\",\"mainEntityOfPage\":{\"@id\":\"https:\/\/www.oarcanjo.net\/site\/nota-de-repudio-arquidiocese-de-sao-paulo\/\"},\"wordCount\":545,\"commentCount\":0,\"publisher\":{\"@id\":\"https:\/\/www.oarcanjo.net\/site\/#organization\"},\"image\":{\"@id\":\"https:\/\/www.oarcanjo.net\/site\/nota-de-repudio-arquidiocese-de-sao-paulo\/#primaryimage\"},\"thumbnailUrl\":\"http:\/\/www.oarcanjo.net\/site\/wp-content\/uploads\/logo-curia-metropolitana-de-sao-paulo.jpg\",\"articleSection\":[\"Destaques\",\"Not\u00edcias\"],\"inLanguage\":\"pt-BR\",\"potentialAction\":[{\"@type\":\"CommentAction\",\"name\":\"Comment\",\"target\":[\"https:\/\/www.oarcanjo.net\/site\/nota-de-repudio-arquidiocese-de-sao-paulo\/#respond\"]}]},{\"@type\":\"WebPage\",\"@id\":\"https:\/\/www.oarcanjo.net\/site\/nota-de-repudio-arquidiocese-de-sao-paulo\/\",\"url\":\"https:\/\/www.oarcanjo.net\/site\/nota-de-repudio-arquidiocese-de-sao-paulo\/\",\"name\":\"Nota de Rep\u00fadio - Arquidiocese de S\u00e3o Paulo - O Arcanjo no ar\",\"isPartOf\":{\"@id\":\"https:\/\/www.oarcanjo.net\/site\/#website\"},\"primaryImageOfPage\":{\"@id\":\"https:\/\/www.oarcanjo.net\/site\/nota-de-repudio-arquidiocese-de-sao-paulo\/#primaryimage\"},\"image\":{\"@id\":\"https:\/\/www.oarcanjo.net\/site\/nota-de-repudio-arquidiocese-de-sao-paulo\/#primaryimage\"},\"thumbnailUrl\":\"http:\/\/www.oarcanjo.net\/site\/wp-content\/uploads\/logo-curia-metropolitana-de-sao-paulo.jpg\",\"datePublished\":\"2012-09-17T01:49:31+00:00\",\"dateModified\":\"2012-09-17T01:55:40+00:00\",\"breadcrumb\":{\"@id\":\"https:\/\/www.oarcanjo.net\/site\/nota-de-repudio-arquidiocese-de-sao-paulo\/#breadcrumb\"},\"inLanguage\":\"pt-BR\",\"potentialAction\":[{\"@type\":\"ReadAction\",\"target\":[\"https:\/\/www.oarcanjo.net\/site\/nota-de-repudio-arquidiocese-de-sao-paulo\/\"]}]},{\"@type\":\"ImageObject\",\"inLanguage\":\"pt-BR\",\"@id\":\"https:\/\/www.oarcanjo.net\/site\/nota-de-repudio-arquidiocese-de-sao-paulo\/#primaryimage\",\"url\":\"http:\/\/www.oarcanjo.net\/site\/wp-content\/uploads\/logo-curia-metropolitana-de-sao-paulo.jpg\",\"contentUrl\":\"http:\/\/www.oarcanjo.net\/site\/wp-content\/uploads\/logo-curia-metropolitana-de-sao-paulo.jpg\"},{\"@type\":\"BreadcrumbList\",\"@id\":\"https:\/\/www.oarcanjo.net\/site\/nota-de-repudio-arquidiocese-de-sao-paulo\/#breadcrumb\",\"itemListElement\":[{\"@type\":\"ListItem\",\"position\":1,\"name\":\"In\u00edcio\",\"item\":\"https:\/\/www.oarcanjo.net\/site\/\"},{\"@type\":\"ListItem\",\"position\":2,\"name\":\"Nota de Rep\u00fadio &#8211; Arquidiocese de S\u00e3o Paulo\"}]},{\"@type\":\"WebSite\",\"@id\":\"https:\/\/www.oarcanjo.net\/site\/#website\",\"url\":\"https:\/\/www.oarcanjo.net\/site\/\",\"name\":\"O Arcanjo no ar\",\"description\":\"Site da Par\u00f3quia S\u00e3o Miguel Arcanjo (Arquidiocese de SP)\",\"publisher\":{\"@id\":\"https:\/\/www.oarcanjo.net\/site\/#organization\"},\"potentialAction\":[{\"@type\":\"SearchAction\",\"target\":{\"@type\":\"EntryPoint\",\"urlTemplate\":\"https:\/\/www.oarcanjo.net\/site\/?s={search_term_string}\"},\"query-input\":{\"@type\":\"PropertyValueSpecification\",\"valueRequired\":true,\"valueName\":\"search_term_string\"}}],\"inLanguage\":\"pt-BR\"},{\"@type\":\"Organization\",\"@id\":\"https:\/\/www.oarcanjo.net\/site\/#organization\",\"name\":\"Par\u00f3quia S\u00e3o Miguel Arcanjo\",\"url\":\"https:\/\/www.oarcanjo.net\/site\/\",\"logo\":{\"@type\":\"ImageObject\",\"inLanguage\":\"pt-BR\",\"@id\":\"https:\/\/www.oarcanjo.net\/site\/#\/schema\/logo\/image\/\",\"url\":\"https:\/\/www.oarcanjo.net\/site\/wp-content\/uploads\/LogoOArcanjo.png\",\"contentUrl\":\"https:\/\/www.oarcanjo.net\/site\/wp-content\/uploads\/LogoOArcanjo.png\",\"width\":319,\"height\":99,\"caption\":\"Par\u00f3quia S\u00e3o Miguel Arcanjo\"},\"image\":{\"@id\":\"https:\/\/www.oarcanjo.net\/site\/#\/schema\/logo\/image\/\"},\"sameAs\":[\"https:\/\/www.facebook.com\/OArcanjoNoAr\/\"]},{\"@type\":\"Person\",\"@id\":\"https:\/\/www.oarcanjo.net\/site\/#\/schema\/person\/f7024d007863202483a31326673a0838\",\"name\":\"editor\",\"sameAs\":[\"http:\/\/www.oarcanjo.net\"]}]}<\/script>\n<!-- \/ Yoast SEO plugin. -->","yoast_head_json":{"title":"Nota de Rep\u00fadio - Arquidiocese de S\u00e3o Paulo - O Arcanjo no ar","robots":{"index":"index","follow":"follow","max-snippet":"max-snippet:-1","max-image-preview":"max-image-preview:large","max-video-preview":"max-video-preview:-1"},"canonical":"https:\/\/www.oarcanjo.net\/site\/nota-de-repudio-arquidiocese-de-sao-paulo\/","og_locale":"pt_BR","og_type":"article","og_title":"Nota de Rep\u00fadio - Arquidiocese de S\u00e3o Paulo - O Arcanjo no ar","og_description":"Em nota divulgada no dia 12 de setembro \u00faltimo, a Arquidiocese de S\u00e3o Paulo \u2013 atrav\u00e9s da assessoria de imprensa \u2013 repudia o texto escrito por Marcos Pereira, presidente do PRB, no blog que possui no portal \u201cr7.com\u201d. Marcos Pereira \u00e9 pastor da Igreja Universal e, atualmente, tamb\u00e9m coordenada a campanha de Celso Russomano para [&hellip;]","og_url":"https:\/\/www.oarcanjo.net\/site\/nota-de-repudio-arquidiocese-de-sao-paulo\/","og_site_name":"O Arcanjo no ar","article_publisher":"https:\/\/www.facebook.com\/OArcanjoNoAr\/","article_published_time":"2012-09-17T01:49:31+00:00","article_modified_time":"2012-09-17T01:55:40+00:00","og_image":[{"url":"http:\/\/www.oarcanjo.net\/site\/wp-content\/uploads\/logo-curia-metropolitana-de-sao-paulo.jpg"}],"author":"editor","twitter_card":"summary_large_image","twitter_misc":{"Escrito por":"editor","Est. tempo de leitura":"3 minutos"},"schema":{"@context":"https:\/\/schema.org","@graph":[{"@type":"Article","@id":"https:\/\/www.oarcanjo.net\/site\/nota-de-repudio-arquidiocese-de-sao-paulo\/#article","isPartOf":{"@id":"https:\/\/www.oarcanjo.net\/site\/nota-de-repudio-arquidiocese-de-sao-paulo\/"},"author":{"name":"editor","@id":"https:\/\/www.oarcanjo.net\/site\/#\/schema\/person\/f7024d007863202483a31326673a0838"},"headline":"Nota de Rep\u00fadio &#8211; Arquidiocese de S\u00e3o Paulo","datePublished":"2012-09-17T01:49:31+00:00","dateModified":"2012-09-17T01:55:40+00:00","mainEntityOfPage":{"@id":"https:\/\/www.oarcanjo.net\/site\/nota-de-repudio-arquidiocese-de-sao-paulo\/"},"wordCount":545,"commentCount":0,"publisher":{"@id":"https:\/\/www.oarcanjo.net\/site\/#organization"},"image":{"@id":"https:\/\/www.oarcanjo.net\/site\/nota-de-repudio-arquidiocese-de-sao-paulo\/#primaryimage"},"thumbnailUrl":"http:\/\/www.oarcanjo.net\/site\/wp-content\/uploads\/logo-curia-metropolitana-de-sao-paulo.jpg","articleSection":["Destaques","Not\u00edcias"],"inLanguage":"pt-BR","potentialAction":[{"@type":"CommentAction","name":"Comment","target":["https:\/\/www.oarcanjo.net\/site\/nota-de-repudio-arquidiocese-de-sao-paulo\/#respond"]}]},{"@type":"WebPage","@id":"https:\/\/www.oarcanjo.net\/site\/nota-de-repudio-arquidiocese-de-sao-paulo\/","url":"https:\/\/www.oarcanjo.net\/site\/nota-de-repudio-arquidiocese-de-sao-paulo\/","name":"Nota de Rep\u00fadio - Arquidiocese de S\u00e3o Paulo - O Arcanjo no ar","isPartOf":{"@id":"https:\/\/www.oarcanjo.net\/site\/#website"},"primaryImageOfPage":{"@id":"https:\/\/www.oarcanjo.net\/site\/nota-de-repudio-arquidiocese-de-sao-paulo\/#primaryimage"},"image":{"@id":"https:\/\/www.oarcanjo.net\/site\/nota-de-repudio-arquidiocese-de-sao-paulo\/#primaryimage"},"thumbnailUrl":"http:\/\/www.oarcanjo.net\/site\/wp-content\/uploads\/logo-curia-metropolitana-de-sao-paulo.jpg","datePublished":"2012-09-17T01:49:31+00:00","dateModified":"2012-09-17T01:55:40+00:00","breadcrumb":{"@id":"https:\/\/www.oarcanjo.net\/site\/nota-de-repudio-arquidiocese-de-sao-paulo\/#breadcrumb"},"inLanguage":"pt-BR","potentialAction":[{"@type":"ReadAction","target":["https:\/\/www.oarcanjo.net\/site\/nota-de-repudio-arquidiocese-de-sao-paulo\/"]}]},{"@type":"ImageObject","inLanguage":"pt-BR","@id":"https:\/\/www.oarcanjo.net\/site\/nota-de-repudio-arquidiocese-de-sao-paulo\/#primaryimage","url":"http:\/\/www.oarcanjo.net\/site\/wp-content\/uploads\/logo-curia-metropolitana-de-sao-paulo.jpg","contentUrl":"http:\/\/www.oarcanjo.net\/site\/wp-content\/uploads\/logo-curia-metropolitana-de-sao-paulo.jpg"},{"@type":"BreadcrumbList","@id":"https:\/\/www.oarcanjo.net\/site\/nota-de-repudio-arquidiocese-de-sao-paulo\/#breadcrumb","itemListElement":[{"@type":"ListItem","position":1,"name":"In\u00edcio","item":"https:\/\/www.oarcanjo.net\/site\/"},{"@type":"ListItem","position":2,"name":"Nota de Rep\u00fadio &#8211; Arquidiocese de S\u00e3o Paulo"}]},{"@type":"WebSite","@id":"https:\/\/www.oarcanjo.net\/site\/#website","url":"https:\/\/www.oarcanjo.net\/site\/","name":"O Arcanjo no ar","description":"Site da Par\u00f3quia S\u00e3o Miguel Arcanjo (Arquidiocese de SP)","publisher":{"@id":"https:\/\/www.oarcanjo.net\/site\/#organization"},"potentialAction":[{"@type":"SearchAction","target":{"@type":"EntryPoint","urlTemplate":"https:\/\/www.oarcanjo.net\/site\/?s={search_term_string}"},"query-input":{"@type":"PropertyValueSpecification","valueRequired":true,"valueName":"search_term_string"}}],"inLanguage":"pt-BR"},{"@type":"Organization","@id":"https:\/\/www.oarcanjo.net\/site\/#organization","name":"Par\u00f3quia S\u00e3o Miguel Arcanjo","url":"https:\/\/www.oarcanjo.net\/site\/","logo":{"@type":"ImageObject","inLanguage":"pt-BR","@id":"https:\/\/www.oarcanjo.net\/site\/#\/schema\/logo\/image\/","url":"https:\/\/www.oarcanjo.net\/site\/wp-content\/uploads\/LogoOArcanjo.png","contentUrl":"https:\/\/www.oarcanjo.net\/site\/wp-content\/uploads\/LogoOArcanjo.png","width":319,"height":99,"caption":"Par\u00f3quia S\u00e3o Miguel Arcanjo"},"image":{"@id":"https:\/\/www.oarcanjo.net\/site\/#\/schema\/logo\/image\/"},"sameAs":["https:\/\/www.facebook.com\/OArcanjoNoAr\/"]},{"@type":"Person","@id":"https:\/\/www.oarcanjo.net\/site\/#\/schema\/person\/f7024d007863202483a31326673a0838","name":"editor","sameAs":["http:\/\/www.oarcanjo.net"]}]}},"publishpress_future_action":{"enabled":false,"date":"2026-05-09 06:40:41","action":"category","newStatus":"draft","terms":[],"taxonomy":"category"},"publishpress_future_workflow_manual_trigger":{"enabledWorkflows":[]},"_links":{"self":[{"href":"https:\/\/www.oarcanjo.net\/site\/wp-json\/wp\/v2\/posts\/19315"}],"collection":[{"href":"https:\/\/www.oarcanjo.net\/site\/wp-json\/wp\/v2\/posts"}],"about":[{"href":"https:\/\/www.oarcanjo.net\/site\/wp-json\/wp\/v2\/types\/post"}],"author":[{"embeddable":true,"href":"https:\/\/www.oarcanjo.net\/site\/wp-json\/wp\/v2\/users\/5"}],"replies":[{"embeddable":true,"href":"https:\/\/www.oarcanjo.net\/site\/wp-json\/wp\/v2\/comments?post=19315"}],"version-history":[{"count":0,"href":"https:\/\/www.oarcanjo.net\/site\/wp-json\/wp\/v2\/posts\/19315\/revisions"}],"wp:attachment":[{"href":"https:\/\/www.oarcanjo.net\/site\/wp-json\/wp\/v2\/media?parent=19315"}],"wp:term":[{"taxonomy":"category","embeddable":true,"href":"https:\/\/www.oarcanjo.net\/site\/wp-json\/wp\/v2\/categories?post=19315"},{"taxonomy":"post_tag","embeddable":true,"href":"https:\/\/www.oarcanjo.net\/site\/wp-json\/wp\/v2\/tags?post=19315"}],"curies":[{"name":"wp","href":"https:\/\/api.w.org\/{rel}","templated":true}]}}