
{"id":19324,"date":"2012-09-17T10:20:39","date_gmt":"2012-09-17T13:20:39","guid":{"rendered":"http:\/\/www.oarcanjo.net\/site\/?p=19324"},"modified":"2012-09-19T01:37:50","modified_gmt":"2012-09-19T04:37:50","slug":"politica-com-ofensas-a-igreja-nao","status":"publish","type":"post","link":"https:\/\/www.oarcanjo.net\/site\/politica-com-ofensas-a-igreja-nao\/","title":{"rendered":"Pol\u00edtica, com ofensas \u00e0 Igreja, n\u00e3o!"},"content":{"rendered":"<p>Na atual campanha eleitoral para os cargos do Poder Municipal, a Arquidiocese de S\u00e3o Paulo tem procurado manter uma postura coerente com as disposi\u00e7\u00f5es can\u00f4nicas da Igreja Cat\u00f3lica e com suas pr\u00f3prias orienta\u00e7\u00f5es pastorais. Instru\u00e7\u00f5es foram passadas ao clero, para que os espa\u00e7os e os momentos de celebra\u00e7\u00f5es religiosas n\u00e3o sejam utilizados para a propaganda eleitoral partid\u00e1ria, nem para pedir votos para candidatos. Estas orienta\u00e7\u00f5es tamb\u00e9m est\u00e3o sintonizadas com as pr\u00f3prias normas da Justi\u00e7a Eleitoral.<\/p>\n<p>Entretanto, a mesma Arquidiocese, atrav\u00e9s de seu Arcebispo e dos Bispos Auxiliares, tamb\u00e9m deu orienta\u00e7\u00f5es e crit\u00e9rios sobre a participa\u00e7\u00e3o dos fi\u00e9is na campanha eleitoral e na vida pol\u00edtica da cidade e sobre a escolha de candidatos id\u00f4neos, embora sem citar nomes ou partidos. Essas orienta\u00e7\u00f5es est\u00e3o amplamente divulgadas. Entendemos que o voto dos cidad\u00e3os \u00e9 livre e n\u00e3o deve ser imposto aos fi\u00e9is, como por \u201ccabresto eleitoral\u201d, pelos ministros religiosos; nem devem nossos templos e organiza\u00e7\u00f5es religiosas ser transformados em \u201ccurrais eleitorais\u201d, reeditando pr\u00e1ticas de uma pol\u00edtica viciada, que deveriam estar superadas. A manipula\u00e7\u00e3o pol\u00edtica da religi\u00e3o n\u00e3o \u00e9 um benef\u00edcio para o conv\u00edvio democr\u00e1tico e pluralista e pode colocar em risco a toler\u00e2ncia e a paz social.<\/p>\n<p>Tamb\u00e9m com este prop\u00f3sito, enquanto organiza\u00e7\u00e3o presente de maneira capilar na cidade, a Arquidiocese de S\u00e3o Paulo convidou os 5 candidatos, atualmente mais bem posicionados nas pesquisas eleitorais, sem distin\u00e7\u00e3o de partido, para um col\u00f3quio com o clero e os religiosos, no pr\u00f3ximo dia 20 de setembro, para que os candidatos tenham a ocasi\u00e3o de apresentar seus projetos e prop\u00f3sitos de governo e, da parte do clero e dos religiosos, possam ouvir os questionamentos sobre assuntos que interessam muito o povo de S\u00e3o Paulo e dizem respeito a realidades e quest\u00f5es, nas quais as organiza\u00e7\u00f5es da nossa Igreja est\u00e3o profundamente inseridas e envolvidas.<\/p>\n<p>Consideramos que a manipula\u00e7\u00e3o e instrumentaliza\u00e7\u00e3o da religi\u00e3o, em fun\u00e7\u00e3o da busca do poder pol\u00edtico, n\u00e3o prometem ser um bem para a sociedade e n\u00e3o s\u00e3o coerentes com os princ\u00edpios da liberdade de consci\u00eancia e do leg\u00edtimo pluralismo no conv\u00edvio dos cidad\u00e3os. Al\u00e9m de tudo, isso poderia deixar divis\u00f5es e feridas dificilmente cicatriz\u00e1veis no seio das religi\u00f5es e das comunidades religiosas.<\/p>\n<p>Muito nos entristeceu, no contexto da propaganda eleitoral partid\u00e1ria, ver a Igreja Cat\u00f3lica Apost\u00f3lica Romana atacada e injuriada, de maneira injustificada e gratuita, justamente num artigo do chefe da campanha de um candidato \u00e0 Prefeitura de S\u00e3o Paulo. Coisas ali ditas sobre a Igreja Cat\u00f3lica s\u00e3o difamat\u00f3rias e beiram ao absurdo, merecendo todo o rep\u00fadio. N\u00e3o foram ofendidos e desprezados apenas os fi\u00e9is cat\u00f3licos da Arquidiocese de S\u00e3o Paulo, mas de toda a Igreja Cat\u00f3lica no Brasil, uma vez que o autor do infeliz escrito tamb\u00e9m \u00e9 chefe nacional do partido que representa.<\/p>\n<p>Semelhantes ataques s\u00e3o inaceit\u00e1veis e a Arquidiocese de S\u00e3o Paulo n\u00e3o podia deixar de se manifestar, como fez com uma Nota de Rep\u00fadio, atrav\u00e9s de sua Assessoria de imprensa, durante a semana que passou. A Arquidiocese n\u00e3o aceita a afirma\u00e7\u00e3o de que o fato foi trazido \u00e0 tona por ela mesma, ou por um \u201cfalso blogueiro\u201d, uma vez que nem o pr\u00f3prio autor negou a autoria do escrito, que se encontra atualmente no seu blog, e tamb\u00e9m nos \u201csites\u201d relacionados com o mesmo partido. Portanto, o artigo j\u00e1 estava sendo usado na campanha eleitoral, antes da manifesta\u00e7\u00e3o da Arquidiocese.<\/p>\n<p>Tamb\u00e9m \u00e9 inaceit\u00e1vel que na campanha eleitoral se fomente um clima de intranq\u00fcilidade entre os crist\u00e3os das diversas comunidades e denomina\u00e7\u00f5es, que convivem na cidade de S\u00e3o Paulo. Temos muito em comum na nossa f\u00e9 e somos todos cidad\u00e3os desta cidade imensa, onde nossa atua\u00e7\u00e3o e testemunho comum de f\u00e9 t\u00eam muito a contribuir para o bem da cidade, especialmente no servi\u00e7o \u00e0 justi\u00e7a social, \u00e0 verdade, \u00e0 dignidade humana e na solidariedade para com os que mais sofrem e mais precisam das aten\u00e7\u00f5es do Poder P\u00fablico municipal.<\/p>\n<p>Reiteramos nossa orienta\u00e7\u00e3o para que os fi\u00e9is cat\u00f3licos votem de maneira consciente, livre e respons\u00e1vel, e de acordo com os princ\u00edpios e valores que orientam suas pr\u00f3prias vidas e da f\u00e9 que abra\u00e7am, contribuindo para que nossa cidade seja governada por Autoridades dignas e atentas \u00e0 promo\u00e7\u00e3o do bem da cidade, mais que aos interesses de parte, e capazes de promover a solidariedade e a paz entre todos os habitantes desta Metr\u00f3pole.<\/p>\n<p>S\u00c3O PAULO, 16. 09. 2012<br \/>\n<em>Cardeal D.Odilo P. Scherer<\/em><br \/>\nArcebispo de S\u00e3o Paulo<\/p>\n<p>&nbsp;<\/p>\n<div id=\"themify_builder_content-19324\" data-postid=\"19324\" class=\"themify_builder_content themify_builder_content-19324 themify_builder themify_builder_front\">\n\t<\/div>\n<!-- \/themify_builder_content -->","protected":false},"excerpt":{"rendered":"<p>Na atual campanha eleitoral para os cargos do Poder Municipal, a Arquidiocese de S\u00e3o Paulo tem procurado manter uma postura coerente com as disposi\u00e7\u00f5es can\u00f4nicas da Igreja Cat\u00f3lica e com suas pr\u00f3prias orienta\u00e7\u00f5es pastorais. Instru\u00e7\u00f5es foram passadas ao clero, para que os espa\u00e7os e os momentos de celebra\u00e7\u00f5es religiosas n\u00e3o sejam utilizados para a propaganda [&hellip;]<\/p>\n","protected":false},"author":5,"featured_media":0,"comment_status":"open","ping_status":"open","sticky":false,"template":"","format":"standard","meta":{"ngg_post_thumbnail":0,"footnotes":""},"categories":[8],"tags":[],"yoast_head":"<!-- This site is optimized with the Yoast SEO plugin v23.5 - https:\/\/yoast.com\/wordpress\/plugins\/seo\/ -->\n<title>Pol\u00edtica, com ofensas \u00e0 Igreja, n\u00e3o! - O Arcanjo no ar<\/title>\n<meta name=\"robots\" content=\"index, follow, max-snippet:-1, max-image-preview:large, max-video-preview:-1\" \/>\n<link rel=\"canonical\" href=\"https:\/\/www.oarcanjo.net\/site\/politica-com-ofensas-a-igreja-nao\/\" \/>\n<meta property=\"og:locale\" content=\"pt_BR\" \/>\n<meta property=\"og:type\" content=\"article\" \/>\n<meta property=\"og:title\" content=\"Pol\u00edtica, com ofensas \u00e0 Igreja, n\u00e3o! - O Arcanjo no ar\" \/>\n<meta property=\"og:description\" content=\"Na atual campanha eleitoral para os cargos do Poder Municipal, a Arquidiocese de S\u00e3o Paulo tem procurado manter uma postura coerente com as disposi\u00e7\u00f5es can\u00f4nicas da Igreja Cat\u00f3lica e com suas pr\u00f3prias orienta\u00e7\u00f5es pastorais. Instru\u00e7\u00f5es foram passadas ao clero, para que os espa\u00e7os e os momentos de celebra\u00e7\u00f5es religiosas n\u00e3o sejam utilizados para a propaganda [&hellip;]\" \/>\n<meta property=\"og:url\" content=\"https:\/\/www.oarcanjo.net\/site\/politica-com-ofensas-a-igreja-nao\/\" \/>\n<meta property=\"og:site_name\" content=\"O Arcanjo no ar\" \/>\n<meta property=\"article:publisher\" content=\"https:\/\/www.facebook.com\/OArcanjoNoAr\/\" \/>\n<meta property=\"article:published_time\" content=\"2012-09-17T13:20:39+00:00\" \/>\n<meta property=\"article:modified_time\" content=\"2012-09-19T04:37:50+00:00\" \/>\n<meta property=\"og:image\" content=\"https:\/\/www.oarcanjo.net\/site\/wp-content\/uploads\/logo-o-arcanjo-no-ar-facebook.png\" \/>\n\t<meta property=\"og:image:width\" content=\"300\" \/>\n\t<meta property=\"og:image:height\" content=\"300\" \/>\n\t<meta property=\"og:image:type\" content=\"image\/png\" \/>\n<meta name=\"author\" content=\"editor\" \/>\n<meta name=\"twitter:card\" content=\"summary_large_image\" \/>\n<meta name=\"twitter:label1\" content=\"Escrito por\" \/>\n\t<meta name=\"twitter:data1\" content=\"editor\" \/>\n\t<meta name=\"twitter:label2\" content=\"Est. tempo de leitura\" \/>\n\t<meta name=\"twitter:data2\" content=\"4 minutos\" \/>\n<script type=\"application\/ld+json\" class=\"yoast-schema-graph\">{\"@context\":\"https:\/\/schema.org\",\"@graph\":[{\"@type\":\"Article\",\"@id\":\"https:\/\/www.oarcanjo.net\/site\/politica-com-ofensas-a-igreja-nao\/#article\",\"isPartOf\":{\"@id\":\"https:\/\/www.oarcanjo.net\/site\/politica-com-ofensas-a-igreja-nao\/\"},\"author\":{\"name\":\"editor\",\"@id\":\"https:\/\/www.oarcanjo.net\/site\/#\/schema\/person\/f7024d007863202483a31326673a0838\"},\"headline\":\"Pol\u00edtica, com ofensas \u00e0 Igreja, n\u00e3o!\",\"datePublished\":\"2012-09-17T13:20:39+00:00\",\"dateModified\":\"2012-09-19T04:37:50+00:00\",\"mainEntityOfPage\":{\"@id\":\"https:\/\/www.oarcanjo.net\/site\/politica-com-ofensas-a-igreja-nao\/\"},\"wordCount\":836,\"commentCount\":0,\"publisher\":{\"@id\":\"https:\/\/www.oarcanjo.net\/site\/#organization\"},\"articleSection\":[\"Not\u00edcias\"],\"inLanguage\":\"pt-BR\",\"potentialAction\":[{\"@type\":\"CommentAction\",\"name\":\"Comment\",\"target\":[\"https:\/\/www.oarcanjo.net\/site\/politica-com-ofensas-a-igreja-nao\/#respond\"]}]},{\"@type\":\"WebPage\",\"@id\":\"https:\/\/www.oarcanjo.net\/site\/politica-com-ofensas-a-igreja-nao\/\",\"url\":\"https:\/\/www.oarcanjo.net\/site\/politica-com-ofensas-a-igreja-nao\/\",\"name\":\"Pol\u00edtica, com ofensas \u00e0 Igreja, n\u00e3o! - O Arcanjo no ar\",\"isPartOf\":{\"@id\":\"https:\/\/www.oarcanjo.net\/site\/#website\"},\"datePublished\":\"2012-09-17T13:20:39+00:00\",\"dateModified\":\"2012-09-19T04:37:50+00:00\",\"breadcrumb\":{\"@id\":\"https:\/\/www.oarcanjo.net\/site\/politica-com-ofensas-a-igreja-nao\/#breadcrumb\"},\"inLanguage\":\"pt-BR\",\"potentialAction\":[{\"@type\":\"ReadAction\",\"target\":[\"https:\/\/www.oarcanjo.net\/site\/politica-com-ofensas-a-igreja-nao\/\"]}]},{\"@type\":\"BreadcrumbList\",\"@id\":\"https:\/\/www.oarcanjo.net\/site\/politica-com-ofensas-a-igreja-nao\/#breadcrumb\",\"itemListElement\":[{\"@type\":\"ListItem\",\"position\":1,\"name\":\"In\u00edcio\",\"item\":\"https:\/\/www.oarcanjo.net\/site\/\"},{\"@type\":\"ListItem\",\"position\":2,\"name\":\"Pol\u00edtica, com ofensas \u00e0 Igreja, n\u00e3o!\"}]},{\"@type\":\"WebSite\",\"@id\":\"https:\/\/www.oarcanjo.net\/site\/#website\",\"url\":\"https:\/\/www.oarcanjo.net\/site\/\",\"name\":\"O Arcanjo no ar\",\"description\":\"Site da Par\u00f3quia S\u00e3o Miguel Arcanjo (Arquidiocese de SP)\",\"publisher\":{\"@id\":\"https:\/\/www.oarcanjo.net\/site\/#organization\"},\"potentialAction\":[{\"@type\":\"SearchAction\",\"target\":{\"@type\":\"EntryPoint\",\"urlTemplate\":\"https:\/\/www.oarcanjo.net\/site\/?s={search_term_string}\"},\"query-input\":{\"@type\":\"PropertyValueSpecification\",\"valueRequired\":true,\"valueName\":\"search_term_string\"}}],\"inLanguage\":\"pt-BR\"},{\"@type\":\"Organization\",\"@id\":\"https:\/\/www.oarcanjo.net\/site\/#organization\",\"name\":\"Par\u00f3quia S\u00e3o Miguel Arcanjo\",\"url\":\"https:\/\/www.oarcanjo.net\/site\/\",\"logo\":{\"@type\":\"ImageObject\",\"inLanguage\":\"pt-BR\",\"@id\":\"https:\/\/www.oarcanjo.net\/site\/#\/schema\/logo\/image\/\",\"url\":\"https:\/\/www.oarcanjo.net\/site\/wp-content\/uploads\/LogoOArcanjo.png\",\"contentUrl\":\"https:\/\/www.oarcanjo.net\/site\/wp-content\/uploads\/LogoOArcanjo.png\",\"width\":319,\"height\":99,\"caption\":\"Par\u00f3quia S\u00e3o Miguel Arcanjo\"},\"image\":{\"@id\":\"https:\/\/www.oarcanjo.net\/site\/#\/schema\/logo\/image\/\"},\"sameAs\":[\"https:\/\/www.facebook.com\/OArcanjoNoAr\/\"]},{\"@type\":\"Person\",\"@id\":\"https:\/\/www.oarcanjo.net\/site\/#\/schema\/person\/f7024d007863202483a31326673a0838\",\"name\":\"editor\",\"sameAs\":[\"http:\/\/www.oarcanjo.net\"]}]}<\/script>\n<!-- \/ Yoast SEO plugin. -->","yoast_head_json":{"title":"Pol\u00edtica, com ofensas \u00e0 Igreja, n\u00e3o! - O Arcanjo no ar","robots":{"index":"index","follow":"follow","max-snippet":"max-snippet:-1","max-image-preview":"max-image-preview:large","max-video-preview":"max-video-preview:-1"},"canonical":"https:\/\/www.oarcanjo.net\/site\/politica-com-ofensas-a-igreja-nao\/","og_locale":"pt_BR","og_type":"article","og_title":"Pol\u00edtica, com ofensas \u00e0 Igreja, n\u00e3o! - O Arcanjo no ar","og_description":"Na atual campanha eleitoral para os cargos do Poder Municipal, a Arquidiocese de S\u00e3o Paulo tem procurado manter uma postura coerente com as disposi\u00e7\u00f5es can\u00f4nicas da Igreja Cat\u00f3lica e com suas pr\u00f3prias orienta\u00e7\u00f5es pastorais. Instru\u00e7\u00f5es foram passadas ao clero, para que os espa\u00e7os e os momentos de celebra\u00e7\u00f5es religiosas n\u00e3o sejam utilizados para a propaganda [&hellip;]","og_url":"https:\/\/www.oarcanjo.net\/site\/politica-com-ofensas-a-igreja-nao\/","og_site_name":"O Arcanjo no ar","article_publisher":"https:\/\/www.facebook.com\/OArcanjoNoAr\/","article_published_time":"2012-09-17T13:20:39+00:00","article_modified_time":"2012-09-19T04:37:50+00:00","og_image":[{"width":300,"height":300,"url":"https:\/\/www.oarcanjo.net\/site\/wp-content\/uploads\/logo-o-arcanjo-no-ar-facebook.png","type":"image\/png"}],"author":"editor","twitter_card":"summary_large_image","twitter_misc":{"Escrito por":"editor","Est. tempo de leitura":"4 minutos"},"schema":{"@context":"https:\/\/schema.org","@graph":[{"@type":"Article","@id":"https:\/\/www.oarcanjo.net\/site\/politica-com-ofensas-a-igreja-nao\/#article","isPartOf":{"@id":"https:\/\/www.oarcanjo.net\/site\/politica-com-ofensas-a-igreja-nao\/"},"author":{"name":"editor","@id":"https:\/\/www.oarcanjo.net\/site\/#\/schema\/person\/f7024d007863202483a31326673a0838"},"headline":"Pol\u00edtica, com ofensas \u00e0 Igreja, n\u00e3o!","datePublished":"2012-09-17T13:20:39+00:00","dateModified":"2012-09-19T04:37:50+00:00","mainEntityOfPage":{"@id":"https:\/\/www.oarcanjo.net\/site\/politica-com-ofensas-a-igreja-nao\/"},"wordCount":836,"commentCount":0,"publisher":{"@id":"https:\/\/www.oarcanjo.net\/site\/#organization"},"articleSection":["Not\u00edcias"],"inLanguage":"pt-BR","potentialAction":[{"@type":"CommentAction","name":"Comment","target":["https:\/\/www.oarcanjo.net\/site\/politica-com-ofensas-a-igreja-nao\/#respond"]}]},{"@type":"WebPage","@id":"https:\/\/www.oarcanjo.net\/site\/politica-com-ofensas-a-igreja-nao\/","url":"https:\/\/www.oarcanjo.net\/site\/politica-com-ofensas-a-igreja-nao\/","name":"Pol\u00edtica, com ofensas \u00e0 Igreja, n\u00e3o! - O Arcanjo no ar","isPartOf":{"@id":"https:\/\/www.oarcanjo.net\/site\/#website"},"datePublished":"2012-09-17T13:20:39+00:00","dateModified":"2012-09-19T04:37:50+00:00","breadcrumb":{"@id":"https:\/\/www.oarcanjo.net\/site\/politica-com-ofensas-a-igreja-nao\/#breadcrumb"},"inLanguage":"pt-BR","potentialAction":[{"@type":"ReadAction","target":["https:\/\/www.oarcanjo.net\/site\/politica-com-ofensas-a-igreja-nao\/"]}]},{"@type":"BreadcrumbList","@id":"https:\/\/www.oarcanjo.net\/site\/politica-com-ofensas-a-igreja-nao\/#breadcrumb","itemListElement":[{"@type":"ListItem","position":1,"name":"In\u00edcio","item":"https:\/\/www.oarcanjo.net\/site\/"},{"@type":"ListItem","position":2,"name":"Pol\u00edtica, com ofensas \u00e0 Igreja, n\u00e3o!"}]},{"@type":"WebSite","@id":"https:\/\/www.oarcanjo.net\/site\/#website","url":"https:\/\/www.oarcanjo.net\/site\/","name":"O Arcanjo no ar","description":"Site da Par\u00f3quia S\u00e3o Miguel Arcanjo (Arquidiocese de SP)","publisher":{"@id":"https:\/\/www.oarcanjo.net\/site\/#organization"},"potentialAction":[{"@type":"SearchAction","target":{"@type":"EntryPoint","urlTemplate":"https:\/\/www.oarcanjo.net\/site\/?s={search_term_string}"},"query-input":{"@type":"PropertyValueSpecification","valueRequired":true,"valueName":"search_term_string"}}],"inLanguage":"pt-BR"},{"@type":"Organization","@id":"https:\/\/www.oarcanjo.net\/site\/#organization","name":"Par\u00f3quia S\u00e3o Miguel Arcanjo","url":"https:\/\/www.oarcanjo.net\/site\/","logo":{"@type":"ImageObject","inLanguage":"pt-BR","@id":"https:\/\/www.oarcanjo.net\/site\/#\/schema\/logo\/image\/","url":"https:\/\/www.oarcanjo.net\/site\/wp-content\/uploads\/LogoOArcanjo.png","contentUrl":"https:\/\/www.oarcanjo.net\/site\/wp-content\/uploads\/LogoOArcanjo.png","width":319,"height":99,"caption":"Par\u00f3quia S\u00e3o Miguel Arcanjo"},"image":{"@id":"https:\/\/www.oarcanjo.net\/site\/#\/schema\/logo\/image\/"},"sameAs":["https:\/\/www.facebook.com\/OArcanjoNoAr\/"]},{"@type":"Person","@id":"https:\/\/www.oarcanjo.net\/site\/#\/schema\/person\/f7024d007863202483a31326673a0838","name":"editor","sameAs":["http:\/\/www.oarcanjo.net"]}]}},"publishpress_future_action":{"enabled":false,"date":"2026-05-09 08:15:21","action":"category","newStatus":"draft","terms":[],"taxonomy":"category"},"publishpress_future_workflow_manual_trigger":{"enabledWorkflows":[]},"_links":{"self":[{"href":"https:\/\/www.oarcanjo.net\/site\/wp-json\/wp\/v2\/posts\/19324"}],"collection":[{"href":"https:\/\/www.oarcanjo.net\/site\/wp-json\/wp\/v2\/posts"}],"about":[{"href":"https:\/\/www.oarcanjo.net\/site\/wp-json\/wp\/v2\/types\/post"}],"author":[{"embeddable":true,"href":"https:\/\/www.oarcanjo.net\/site\/wp-json\/wp\/v2\/users\/5"}],"replies":[{"embeddable":true,"href":"https:\/\/www.oarcanjo.net\/site\/wp-json\/wp\/v2\/comments?post=19324"}],"version-history":[{"count":0,"href":"https:\/\/www.oarcanjo.net\/site\/wp-json\/wp\/v2\/posts\/19324\/revisions"}],"wp:attachment":[{"href":"https:\/\/www.oarcanjo.net\/site\/wp-json\/wp\/v2\/media?parent=19324"}],"wp:term":[{"taxonomy":"category","embeddable":true,"href":"https:\/\/www.oarcanjo.net\/site\/wp-json\/wp\/v2\/categories?post=19324"},{"taxonomy":"post_tag","embeddable":true,"href":"https:\/\/www.oarcanjo.net\/site\/wp-json\/wp\/v2\/tags?post=19324"}],"curies":[{"name":"wp","href":"https:\/\/api.w.org\/{rel}","templated":true}]}}