
{"id":1933,"date":"2009-02-20T18:54:54","date_gmt":"2009-02-20T21:54:54","guid":{"rendered":"http:\/\/www.oarcanjo.net\/site\/?p=1933"},"modified":"2009-02-20T18:54:54","modified_gmt":"2009-02-20T21:54:54","slug":"carnaval-quaresma-e-povo-brasileiro","status":"publish","type":"post","link":"https:\/\/www.oarcanjo.net\/site\/carnaval-quaresma-e-povo-brasileiro\/","title":{"rendered":"Carnaval, Quaresma e povo brasileiro"},"content":{"rendered":"<p>Dom Dem\u00e9trio Valentini<\/p>\n<p>O carnaval do Brasil tem marca registrada. Nenhum outro pa\u00eds faz igual. Onde querem imitar, s\u00f3 conseguem arremedos sem ritmo e sem gra\u00e7a. <\/p>\n<p>O carnaval se torna, assim, manifesta\u00e7\u00e3o t\u00edpica e profunda da identidade do povo brasileiro. As escolas de samba do Rio, o frevo de Recife, ou o carnaval da Bahia, n\u00e3o fazem s\u00f3 coreografias e movimentos que revelam a agilidade e o encanto f\u00edsico das pessoas. Junto com a beleza do corpo, o carnaval revela a riqueza da alma brasileira.  <\/p>\n<p>N\u00e3o se entende o carnaval brasileiro, sem levar em conta a peculiar composi\u00e7\u00e3o \u00e9tnica do povo brasileiro. Ela \u00e9 fruto de um longo e complexo processo de integra\u00e7\u00e3o racial, feito muitas vezes ao arrepio da \u00e9tica, mas que resultou numa surpreendente realidade humana e cultural, que constitui, sem sombra de d\u00favida, a riqueza maior deste pa\u00eds. <\/p>\n<p>O Brasil tem um testemunho a dar ao mundo, de viv\u00eancia harm\u00f4nica da diversidade, de integra\u00e7\u00e3o das ra\u00e7as e das culturas, e da fus\u00e3o dos contrastes em novas express\u00f5es de vida.<\/p>\n<p>No f\u00f3rum das migra\u00e7\u00f5es, realizado na Espanha no ano passado, o soci\u00f3logo franc\u00eas Samir Nair surpreendeu a todos, ao afirmar que nenhuma solu\u00e7\u00e3o dada aos migrantes \u00e9 adequada, a n\u00e3o ser que se realize a &#8220;solu\u00e7\u00e3o brasileira&#8221;.   <\/p>\n<p>Alguns pa\u00edses chegam a tolerar a diversidade racial, e a reconhec\u00ea-la. Mas permanece a separa\u00e7\u00e3o. Ao passo que no Brasil se realizou uma profunda miscigena\u00e7\u00e3o racial, como nenhum outro pa\u00eds realizou. Esta seria a &#8220;solu\u00e7\u00e3o brasileira&#8221;, proposta pelo soci\u00f3logo franc\u00eas. <\/p>\n<p>Para entender o carnaval brasileiro, \u00e9 preciso ter presente o longo itiner\u00e1rio de integra\u00e7\u00e3o racial, que resultou no povo brasileiro que agora somos.  A miscigena\u00e7\u00e3o fez parte da coloniza\u00e7\u00e3o portuguesa, iniciou com o componente ind\u00edgena, se aprofundou com a participa\u00e7\u00e3o africana, e continuou com a chegada dos migrantes, sobretudo europeus, mas tamb\u00e9m asi\u00e1ticos. <\/p>\n<p>A contribui\u00e7\u00e3o mais sutil, e mais dif\u00edcil de mensurar, \u00e9 a ind\u00edgena. Ela foi simbolizada claramente num epis\u00f3dio, que ainda hoje espelha seu prop\u00f3sito e sua consist\u00eancia. Em 1531 a coroa portuguesa resolveu povoar o Brasil. Enviou uma esquadra de cinco navios, comandada por Martin de Souza, trazendo 400 homens, e nenhuma mulher. A inten\u00e7\u00e3o era evidente. As mulheres seriam encontradas aqui, entre as ind\u00edgenas. <\/p>\n<p>Estava lan\u00e7ada a f\u00f3rmula do povo brasileiro. A contribui\u00e7\u00e3o ind\u00edgena n\u00e3o se limitou ao sangue que passou a circular nos mamelucos. Foi muito mais profunda e sutil. A casa passou a ter duas partes bem distintas. Na sala se falava portugu\u00eas e se cultivava a consci\u00eancia de perten\u00e7a \u00e0 coroa. Na cozinha se transmitiam os valores culturais ind\u00edgenas, expressos n\u00e3o s\u00f3 nas comidas t\u00edpicas destes tr\u00f3picos, mas tamb\u00e9m nos sentimentos religiosos e na cosmovis\u00e3o pr\u00f3pria dos povos nativos.<\/p>\n<p>Com a chegada posterior dos tr\u00eas milh\u00f5es de escravos e escravas, o processo de miscigena\u00e7\u00e3o ficou mais expl\u00edcito e mais evidente, com repercuss\u00f5es raciais e culturais mais duradouras e decisivas.  <\/p>\n<p>Este processo se acentuou com a chegada dos migrantes de outros pa\u00edses, sobretudo no final do s\u00e9culo 19. <\/p>\n<p>Pois bem, \u00e9 no contexto desta complexa e diversificada composi\u00e7\u00e3o \u00e9tica que precisamos situar o carnaval, se queremos nos dar conta de sua consist\u00eancia humana e cultural.  O mundo se encanta com sua beleza exterior e sua manifesta\u00e7\u00e3o epis\u00f3dica.<\/p>\n<p>O grande desafio do povo brasileiro \u00e9 n\u00e3o ficar s\u00f3 na exterioridade do carnaval. A experi\u00eancia \u00fanica de sua profunda miscigena\u00e7\u00e3o racial, se constitui em precioso testemunho de abertura, de toler\u00e2ncia, de conviv\u00eancia fraterna, de alegria de viver, que precisa se traduzir em justi\u00e7a social e em respeito \u00e0 dignidade da pessoa humana. <\/p>\n<p>O povo brasileiro n\u00e3o pode limitar ao carnaval a afirma\u00e7\u00e3o de sua identidade. Ele precisa traduzi-la na efetiva realiza\u00e7\u00e3o da democracia econ\u00f4mica e social.<\/p>\n<p>O carnaval, breve e fugaz, precisa ser complementado pela quaresma, longa e consistente, feita da busca de valores aut\u00eanticos e perenes.<\/p>\n<div id=\"themify_builder_content-1933\" data-postid=\"1933\" class=\"themify_builder_content themify_builder_content-1933 themify_builder themify_builder_front\">\n\t<\/div>\n<!-- \/themify_builder_content -->","protected":false},"excerpt":{"rendered":"<p>Dom Dem\u00e9trio Valentini O carnaval do Brasil tem marca registrada. Nenhum outro pa\u00eds faz igual. Onde querem imitar, s\u00f3 conseguem arremedos sem ritmo e sem gra\u00e7a. O carnaval se torna, assim, manifesta\u00e7\u00e3o t\u00edpica e profunda da identidade do povo brasileiro. As escolas de samba do Rio, o frevo de Recife, ou o carnaval da Bahia, [&hellip;]<\/p>\n","protected":false},"author":5,"featured_media":0,"comment_status":"open","ping_status":"open","sticky":false,"template":"","format":"standard","meta":{"ngg_post_thumbnail":0,"footnotes":""},"categories":[9],"tags":[270,271,227],"yoast_head":"<!-- This site is optimized with the Yoast SEO plugin v23.5 - https:\/\/yoast.com\/wordpress\/plugins\/seo\/ -->\n<title>Carnaval, Quaresma e povo brasileiro - O Arcanjo no ar<\/title>\n<meta name=\"robots\" content=\"index, follow, max-snippet:-1, max-image-preview:large, max-video-preview:-1\" \/>\n<link rel=\"canonical\" href=\"https:\/\/www.oarcanjo.net\/site\/carnaval-quaresma-e-povo-brasileiro\/\" \/>\n<meta property=\"og:locale\" content=\"pt_BR\" \/>\n<meta property=\"og:type\" content=\"article\" \/>\n<meta property=\"og:title\" content=\"Carnaval, Quaresma e povo brasileiro - O Arcanjo no ar\" \/>\n<meta property=\"og:description\" content=\"Dom Dem\u00e9trio Valentini O carnaval do Brasil tem marca registrada. Nenhum outro pa\u00eds faz igual. Onde querem imitar, s\u00f3 conseguem arremedos sem ritmo e sem gra\u00e7a. O carnaval se torna, assim, manifesta\u00e7\u00e3o t\u00edpica e profunda da identidade do povo brasileiro. As escolas de samba do Rio, o frevo de Recife, ou o carnaval da Bahia, [&hellip;]\" \/>\n<meta property=\"og:url\" content=\"https:\/\/www.oarcanjo.net\/site\/carnaval-quaresma-e-povo-brasileiro\/\" \/>\n<meta property=\"og:site_name\" content=\"O Arcanjo no ar\" \/>\n<meta property=\"article:publisher\" content=\"https:\/\/www.facebook.com\/OArcanjoNoAr\/\" \/>\n<meta property=\"article:published_time\" content=\"2009-02-20T21:54:54+00:00\" \/>\n<meta property=\"og:image\" content=\"https:\/\/www.oarcanjo.net\/site\/wp-content\/uploads\/logo-o-arcanjo-no-ar-facebook.png\" \/>\n\t<meta property=\"og:image:width\" content=\"300\" \/>\n\t<meta property=\"og:image:height\" content=\"300\" \/>\n\t<meta property=\"og:image:type\" content=\"image\/png\" \/>\n<meta name=\"author\" content=\"editor\" \/>\n<meta name=\"twitter:card\" content=\"summary_large_image\" \/>\n<meta name=\"twitter:label1\" content=\"Escrito por\" \/>\n\t<meta name=\"twitter:data1\" content=\"editor\" \/>\n\t<meta name=\"twitter:label2\" content=\"Est. tempo de leitura\" \/>\n\t<meta name=\"twitter:data2\" content=\"4 minutos\" \/>\n<script type=\"application\/ld+json\" class=\"yoast-schema-graph\">{\"@context\":\"https:\/\/schema.org\",\"@graph\":[{\"@type\":\"Article\",\"@id\":\"https:\/\/www.oarcanjo.net\/site\/carnaval-quaresma-e-povo-brasileiro\/#article\",\"isPartOf\":{\"@id\":\"https:\/\/www.oarcanjo.net\/site\/carnaval-quaresma-e-povo-brasileiro\/\"},\"author\":{\"name\":\"editor\",\"@id\":\"https:\/\/www.oarcanjo.net\/site\/#\/schema\/person\/f7024d007863202483a31326673a0838\"},\"headline\":\"Carnaval, Quaresma e povo brasileiro\",\"datePublished\":\"2009-02-20T21:54:54+00:00\",\"dateModified\":\"2009-02-20T21:54:54+00:00\",\"mainEntityOfPage\":{\"@id\":\"https:\/\/www.oarcanjo.net\/site\/carnaval-quaresma-e-povo-brasileiro\/\"},\"wordCount\":710,\"commentCount\":1,\"publisher\":{\"@id\":\"https:\/\/www.oarcanjo.net\/site\/#organization\"},\"keywords\":[\"carnaval\",\"festas populares\",\"Quaresma\"],\"articleSection\":[\"Reflex\u00f5es\"],\"inLanguage\":\"pt-BR\",\"potentialAction\":[{\"@type\":\"CommentAction\",\"name\":\"Comment\",\"target\":[\"https:\/\/www.oarcanjo.net\/site\/carnaval-quaresma-e-povo-brasileiro\/#respond\"]}]},{\"@type\":\"WebPage\",\"@id\":\"https:\/\/www.oarcanjo.net\/site\/carnaval-quaresma-e-povo-brasileiro\/\",\"url\":\"https:\/\/www.oarcanjo.net\/site\/carnaval-quaresma-e-povo-brasileiro\/\",\"name\":\"Carnaval, Quaresma e povo brasileiro - O Arcanjo no ar\",\"isPartOf\":{\"@id\":\"https:\/\/www.oarcanjo.net\/site\/#website\"},\"datePublished\":\"2009-02-20T21:54:54+00:00\",\"dateModified\":\"2009-02-20T21:54:54+00:00\",\"breadcrumb\":{\"@id\":\"https:\/\/www.oarcanjo.net\/site\/carnaval-quaresma-e-povo-brasileiro\/#breadcrumb\"},\"inLanguage\":\"pt-BR\",\"potentialAction\":[{\"@type\":\"ReadAction\",\"target\":[\"https:\/\/www.oarcanjo.net\/site\/carnaval-quaresma-e-povo-brasileiro\/\"]}]},{\"@type\":\"BreadcrumbList\",\"@id\":\"https:\/\/www.oarcanjo.net\/site\/carnaval-quaresma-e-povo-brasileiro\/#breadcrumb\",\"itemListElement\":[{\"@type\":\"ListItem\",\"position\":1,\"name\":\"In\u00edcio\",\"item\":\"https:\/\/www.oarcanjo.net\/site\/\"},{\"@type\":\"ListItem\",\"position\":2,\"name\":\"Carnaval, Quaresma e povo brasileiro\"}]},{\"@type\":\"WebSite\",\"@id\":\"https:\/\/www.oarcanjo.net\/site\/#website\",\"url\":\"https:\/\/www.oarcanjo.net\/site\/\",\"name\":\"O Arcanjo no ar\",\"description\":\"Site da Par\u00f3quia S\u00e3o Miguel Arcanjo (Arquidiocese de SP)\",\"publisher\":{\"@id\":\"https:\/\/www.oarcanjo.net\/site\/#organization\"},\"potentialAction\":[{\"@type\":\"SearchAction\",\"target\":{\"@type\":\"EntryPoint\",\"urlTemplate\":\"https:\/\/www.oarcanjo.net\/site\/?s={search_term_string}\"},\"query-input\":{\"@type\":\"PropertyValueSpecification\",\"valueRequired\":true,\"valueName\":\"search_term_string\"}}],\"inLanguage\":\"pt-BR\"},{\"@type\":\"Organization\",\"@id\":\"https:\/\/www.oarcanjo.net\/site\/#organization\",\"name\":\"Par\u00f3quia S\u00e3o Miguel Arcanjo\",\"url\":\"https:\/\/www.oarcanjo.net\/site\/\",\"logo\":{\"@type\":\"ImageObject\",\"inLanguage\":\"pt-BR\",\"@id\":\"https:\/\/www.oarcanjo.net\/site\/#\/schema\/logo\/image\/\",\"url\":\"https:\/\/www.oarcanjo.net\/site\/wp-content\/uploads\/LogoOArcanjo.png\",\"contentUrl\":\"https:\/\/www.oarcanjo.net\/site\/wp-content\/uploads\/LogoOArcanjo.png\",\"width\":319,\"height\":99,\"caption\":\"Par\u00f3quia S\u00e3o Miguel Arcanjo\"},\"image\":{\"@id\":\"https:\/\/www.oarcanjo.net\/site\/#\/schema\/logo\/image\/\"},\"sameAs\":[\"https:\/\/www.facebook.com\/OArcanjoNoAr\/\"]},{\"@type\":\"Person\",\"@id\":\"https:\/\/www.oarcanjo.net\/site\/#\/schema\/person\/f7024d007863202483a31326673a0838\",\"name\":\"editor\",\"sameAs\":[\"http:\/\/www.oarcanjo.net\"]}]}<\/script>\n<!-- \/ Yoast SEO plugin. -->","yoast_head_json":{"title":"Carnaval, Quaresma e povo brasileiro - O Arcanjo no ar","robots":{"index":"index","follow":"follow","max-snippet":"max-snippet:-1","max-image-preview":"max-image-preview:large","max-video-preview":"max-video-preview:-1"},"canonical":"https:\/\/www.oarcanjo.net\/site\/carnaval-quaresma-e-povo-brasileiro\/","og_locale":"pt_BR","og_type":"article","og_title":"Carnaval, Quaresma e povo brasileiro - O Arcanjo no ar","og_description":"Dom Dem\u00e9trio Valentini O carnaval do Brasil tem marca registrada. Nenhum outro pa\u00eds faz igual. Onde querem imitar, s\u00f3 conseguem arremedos sem ritmo e sem gra\u00e7a. O carnaval se torna, assim, manifesta\u00e7\u00e3o t\u00edpica e profunda da identidade do povo brasileiro. As escolas de samba do Rio, o frevo de Recife, ou o carnaval da Bahia, [&hellip;]","og_url":"https:\/\/www.oarcanjo.net\/site\/carnaval-quaresma-e-povo-brasileiro\/","og_site_name":"O Arcanjo no ar","article_publisher":"https:\/\/www.facebook.com\/OArcanjoNoAr\/","article_published_time":"2009-02-20T21:54:54+00:00","og_image":[{"width":300,"height":300,"url":"https:\/\/www.oarcanjo.net\/site\/wp-content\/uploads\/logo-o-arcanjo-no-ar-facebook.png","type":"image\/png"}],"author":"editor","twitter_card":"summary_large_image","twitter_misc":{"Escrito por":"editor","Est. tempo de leitura":"4 minutos"},"schema":{"@context":"https:\/\/schema.org","@graph":[{"@type":"Article","@id":"https:\/\/www.oarcanjo.net\/site\/carnaval-quaresma-e-povo-brasileiro\/#article","isPartOf":{"@id":"https:\/\/www.oarcanjo.net\/site\/carnaval-quaresma-e-povo-brasileiro\/"},"author":{"name":"editor","@id":"https:\/\/www.oarcanjo.net\/site\/#\/schema\/person\/f7024d007863202483a31326673a0838"},"headline":"Carnaval, Quaresma e povo brasileiro","datePublished":"2009-02-20T21:54:54+00:00","dateModified":"2009-02-20T21:54:54+00:00","mainEntityOfPage":{"@id":"https:\/\/www.oarcanjo.net\/site\/carnaval-quaresma-e-povo-brasileiro\/"},"wordCount":710,"commentCount":1,"publisher":{"@id":"https:\/\/www.oarcanjo.net\/site\/#organization"},"keywords":["carnaval","festas populares","Quaresma"],"articleSection":["Reflex\u00f5es"],"inLanguage":"pt-BR","potentialAction":[{"@type":"CommentAction","name":"Comment","target":["https:\/\/www.oarcanjo.net\/site\/carnaval-quaresma-e-povo-brasileiro\/#respond"]}]},{"@type":"WebPage","@id":"https:\/\/www.oarcanjo.net\/site\/carnaval-quaresma-e-povo-brasileiro\/","url":"https:\/\/www.oarcanjo.net\/site\/carnaval-quaresma-e-povo-brasileiro\/","name":"Carnaval, Quaresma e povo brasileiro - O Arcanjo no ar","isPartOf":{"@id":"https:\/\/www.oarcanjo.net\/site\/#website"},"datePublished":"2009-02-20T21:54:54+00:00","dateModified":"2009-02-20T21:54:54+00:00","breadcrumb":{"@id":"https:\/\/www.oarcanjo.net\/site\/carnaval-quaresma-e-povo-brasileiro\/#breadcrumb"},"inLanguage":"pt-BR","potentialAction":[{"@type":"ReadAction","target":["https:\/\/www.oarcanjo.net\/site\/carnaval-quaresma-e-povo-brasileiro\/"]}]},{"@type":"BreadcrumbList","@id":"https:\/\/www.oarcanjo.net\/site\/carnaval-quaresma-e-povo-brasileiro\/#breadcrumb","itemListElement":[{"@type":"ListItem","position":1,"name":"In\u00edcio","item":"https:\/\/www.oarcanjo.net\/site\/"},{"@type":"ListItem","position":2,"name":"Carnaval, Quaresma e povo brasileiro"}]},{"@type":"WebSite","@id":"https:\/\/www.oarcanjo.net\/site\/#website","url":"https:\/\/www.oarcanjo.net\/site\/","name":"O Arcanjo no ar","description":"Site da Par\u00f3quia S\u00e3o Miguel Arcanjo (Arquidiocese de SP)","publisher":{"@id":"https:\/\/www.oarcanjo.net\/site\/#organization"},"potentialAction":[{"@type":"SearchAction","target":{"@type":"EntryPoint","urlTemplate":"https:\/\/www.oarcanjo.net\/site\/?s={search_term_string}"},"query-input":{"@type":"PropertyValueSpecification","valueRequired":true,"valueName":"search_term_string"}}],"inLanguage":"pt-BR"},{"@type":"Organization","@id":"https:\/\/www.oarcanjo.net\/site\/#organization","name":"Par\u00f3quia S\u00e3o Miguel Arcanjo","url":"https:\/\/www.oarcanjo.net\/site\/","logo":{"@type":"ImageObject","inLanguage":"pt-BR","@id":"https:\/\/www.oarcanjo.net\/site\/#\/schema\/logo\/image\/","url":"https:\/\/www.oarcanjo.net\/site\/wp-content\/uploads\/LogoOArcanjo.png","contentUrl":"https:\/\/www.oarcanjo.net\/site\/wp-content\/uploads\/LogoOArcanjo.png","width":319,"height":99,"caption":"Par\u00f3quia S\u00e3o Miguel Arcanjo"},"image":{"@id":"https:\/\/www.oarcanjo.net\/site\/#\/schema\/logo\/image\/"},"sameAs":["https:\/\/www.facebook.com\/OArcanjoNoAr\/"]},{"@type":"Person","@id":"https:\/\/www.oarcanjo.net\/site\/#\/schema\/person\/f7024d007863202483a31326673a0838","name":"editor","sameAs":["http:\/\/www.oarcanjo.net"]}]}},"publishpress_future_action":{"enabled":false,"date":"2026-05-08 23:08:43","action":"category","newStatus":"draft","terms":[],"taxonomy":"category"},"publishpress_future_workflow_manual_trigger":{"enabledWorkflows":[]},"_links":{"self":[{"href":"https:\/\/www.oarcanjo.net\/site\/wp-json\/wp\/v2\/posts\/1933"}],"collection":[{"href":"https:\/\/www.oarcanjo.net\/site\/wp-json\/wp\/v2\/posts"}],"about":[{"href":"https:\/\/www.oarcanjo.net\/site\/wp-json\/wp\/v2\/types\/post"}],"author":[{"embeddable":true,"href":"https:\/\/www.oarcanjo.net\/site\/wp-json\/wp\/v2\/users\/5"}],"replies":[{"embeddable":true,"href":"https:\/\/www.oarcanjo.net\/site\/wp-json\/wp\/v2\/comments?post=1933"}],"version-history":[{"count":0,"href":"https:\/\/www.oarcanjo.net\/site\/wp-json\/wp\/v2\/posts\/1933\/revisions"}],"wp:attachment":[{"href":"https:\/\/www.oarcanjo.net\/site\/wp-json\/wp\/v2\/media?parent=1933"}],"wp:term":[{"taxonomy":"category","embeddable":true,"href":"https:\/\/www.oarcanjo.net\/site\/wp-json\/wp\/v2\/categories?post=1933"},{"taxonomy":"post_tag","embeddable":true,"href":"https:\/\/www.oarcanjo.net\/site\/wp-json\/wp\/v2\/tags?post=1933"}],"curies":[{"name":"wp","href":"https:\/\/api.w.org\/{rel}","templated":true}]}}