
{"id":19334,"date":"2012-09-17T12:24:54","date_gmt":"2012-09-17T15:24:54","guid":{"rendered":"http:\/\/www.oarcanjo.net\/site\/?p=19334"},"modified":"2012-09-17T12:27:57","modified_gmt":"2012-09-17T15:27:57","slug":"pe-julio-le-a-nota-de-repudio-da-arquidiocese-ao-presidente-do-prb","status":"publish","type":"post","link":"https:\/\/www.oarcanjo.net\/site\/pe-julio-le-a-nota-de-repudio-da-arquidiocese-ao-presidente-do-prb\/","title":{"rendered":"Pe. Julio l\u00ea a nota de rep\u00fadio da Arquidiocese ao presidente do PRB"},"content":{"rendered":"<p>No encerramento das missas de domingo, 16\/09, o Pe. Julio Lancellotti leu a nota de rep\u00fadio da Arquidiocese de S\u00e3o Paulo ao texto publicado pelo presidente do PRB, Marcos Pereira, pastor da Igreja Universal do Reino de Deus e coordenador da campanha de Celso Russomano \u00e0 prefeitura da capital. A leitura come\u00e7a aos 9 minutos do v\u00eddeo abaixo.<\/p>\n<p>Antes, ele falou tamb\u00e9m da organiza\u00e7\u00e3o da Semana Mission\u00e1ria que antecede a Jornada Mundial da Juventude e lembrou da festa de S\u00e3o Miguel, que ser\u00e1 dia 29:<\/p>\n<p><iframe loading=\"lazy\" width=\"560\" height=\"315\" src=\"http:\/\/www.youtube.com\/embed\/hollDtqNj-U?rel=0\" frameborder=\"0\" allowfullscreen><\/iframe><\/p>\n<div id=\"themify_builder_content-19334\" data-postid=\"19334\" class=\"themify_builder_content themify_builder_content-19334 themify_builder themify_builder_front\">\n\t<\/div>\n<!-- \/themify_builder_content -->","protected":false},"excerpt":{"rendered":"<p>No encerramento das missas de domingo, 16\/09, o Pe. Julio Lancellotti leu a nota de rep\u00fadio da Arquidiocese de S\u00e3o Paulo ao texto publicado pelo presidente do PRB, Marcos Pereira, pastor da Igreja Universal do Reino de Deus e coordenador da campanha de Celso Russomano \u00e0 prefeitura da capital. A leitura come\u00e7a aos 9 minutos [&hellip;]<\/p>\n","protected":false},"author":5,"featured_media":0,"comment_status":"open","ping_status":"open","sticky":false,"template":"","format":"standard","meta":{"ngg_post_thumbnail":0,"footnotes":""},"categories":[476,8],"tags":[239,1544,41,103,1058,1937,1938,2277,2272],"yoast_head":"<!-- This site is optimized with the Yoast SEO plugin v23.5 - https:\/\/yoast.com\/wordpress\/plugins\/seo\/ -->\n<title>Pe. Julio l\u00ea a nota de rep\u00fadio da Arquidiocese ao presidente do PRB - O Arcanjo no ar<\/title>\n<meta name=\"robots\" content=\"index, follow, max-snippet:-1, max-image-preview:large, max-video-preview:-1\" \/>\n<link rel=\"canonical\" href=\"https:\/\/www.oarcanjo.net\/site\/pe-julio-le-a-nota-de-repudio-da-arquidiocese-ao-presidente-do-prb\/\" \/>\n<meta property=\"og:locale\" content=\"pt_BR\" \/>\n<meta property=\"og:type\" content=\"article\" \/>\n<meta property=\"og:title\" content=\"Pe. Julio l\u00ea a nota de rep\u00fadio da Arquidiocese ao presidente do PRB - O Arcanjo no ar\" \/>\n<meta property=\"og:description\" content=\"No encerramento das missas de domingo, 16\/09, o Pe. Julio Lancellotti leu a nota de rep\u00fadio da Arquidiocese de S\u00e3o Paulo ao texto publicado pelo presidente do PRB, Marcos Pereira, pastor da Igreja Universal do Reino de Deus e coordenador da campanha de Celso Russomano \u00e0 prefeitura da capital. A leitura come\u00e7a aos 9 minutos [&hellip;]\" \/>\n<meta property=\"og:url\" content=\"https:\/\/www.oarcanjo.net\/site\/pe-julio-le-a-nota-de-repudio-da-arquidiocese-ao-presidente-do-prb\/\" \/>\n<meta property=\"og:site_name\" content=\"O Arcanjo no ar\" \/>\n<meta property=\"article:publisher\" content=\"https:\/\/www.facebook.com\/OArcanjoNoAr\/\" \/>\n<meta property=\"article:published_time\" content=\"2012-09-17T15:24:54+00:00\" \/>\n<meta property=\"article:modified_time\" content=\"2012-09-17T15:27:57+00:00\" \/>\n<meta property=\"og:image\" content=\"https:\/\/www.oarcanjo.net\/site\/wp-content\/uploads\/logo-o-arcanjo-no-ar-facebook.png\" \/>\n\t<meta property=\"og:image:width\" content=\"300\" \/>\n\t<meta property=\"og:image:height\" content=\"300\" \/>\n\t<meta property=\"og:image:type\" content=\"image\/png\" \/>\n<meta name=\"author\" content=\"editor\" \/>\n<meta name=\"twitter:card\" content=\"summary_large_image\" \/>\n<meta name=\"twitter:label1\" content=\"Escrito por\" \/>\n\t<meta name=\"twitter:data1\" content=\"editor\" \/>\n<script type=\"application\/ld+json\" class=\"yoast-schema-graph\">{\"@context\":\"https:\/\/schema.org\",\"@graph\":[{\"@type\":\"Article\",\"@id\":\"https:\/\/www.oarcanjo.net\/site\/pe-julio-le-a-nota-de-repudio-da-arquidiocese-ao-presidente-do-prb\/#article\",\"isPartOf\":{\"@id\":\"https:\/\/www.oarcanjo.net\/site\/pe-julio-le-a-nota-de-repudio-da-arquidiocese-ao-presidente-do-prb\/\"},\"author\":{\"name\":\"editor\",\"@id\":\"https:\/\/www.oarcanjo.net\/site\/#\/schema\/person\/f7024d007863202483a31326673a0838\"},\"headline\":\"Pe. Julio l\u00ea a nota de rep\u00fadio da Arquidiocese ao presidente do PRB\",\"datePublished\":\"2012-09-17T15:24:54+00:00\",\"dateModified\":\"2012-09-17T15:27:57+00:00\",\"mainEntityOfPage\":{\"@id\":\"https:\/\/www.oarcanjo.net\/site\/pe-julio-le-a-nota-de-repudio-da-arquidiocese-ao-presidente-do-prb\/\"},\"wordCount\":103,\"commentCount\":0,\"publisher\":{\"@id\":\"https:\/\/www.oarcanjo.net\/site\/#organization\"},\"keywords\":[\"Arquidiocese de S\u00e3o Paulo\",\"Dom Odilo Scherer\",\"elei\u00e7\u00f5es\",\"f\u00e9 e pol\u00edtica\",\"Festa de S\u00e3o Miguel\",\"JMJ\",\"Jornada Mundial da Juventude\",\"rep\u00fadio\",\"Semana Mission\u00e1ria\"],\"articleSection\":[\"Avisos\",\"Not\u00edcias\"],\"inLanguage\":\"pt-BR\",\"potentialAction\":[{\"@type\":\"CommentAction\",\"name\":\"Comment\",\"target\":[\"https:\/\/www.oarcanjo.net\/site\/pe-julio-le-a-nota-de-repudio-da-arquidiocese-ao-presidente-do-prb\/#respond\"]}]},{\"@type\":\"WebPage\",\"@id\":\"https:\/\/www.oarcanjo.net\/site\/pe-julio-le-a-nota-de-repudio-da-arquidiocese-ao-presidente-do-prb\/\",\"url\":\"https:\/\/www.oarcanjo.net\/site\/pe-julio-le-a-nota-de-repudio-da-arquidiocese-ao-presidente-do-prb\/\",\"name\":\"Pe. Julio l\u00ea a nota de rep\u00fadio da Arquidiocese ao presidente do PRB - O Arcanjo no ar\",\"isPartOf\":{\"@id\":\"https:\/\/www.oarcanjo.net\/site\/#website\"},\"datePublished\":\"2012-09-17T15:24:54+00:00\",\"dateModified\":\"2012-09-17T15:27:57+00:00\",\"breadcrumb\":{\"@id\":\"https:\/\/www.oarcanjo.net\/site\/pe-julio-le-a-nota-de-repudio-da-arquidiocese-ao-presidente-do-prb\/#breadcrumb\"},\"inLanguage\":\"pt-BR\",\"potentialAction\":[{\"@type\":\"ReadAction\",\"target\":[\"https:\/\/www.oarcanjo.net\/site\/pe-julio-le-a-nota-de-repudio-da-arquidiocese-ao-presidente-do-prb\/\"]}]},{\"@type\":\"BreadcrumbList\",\"@id\":\"https:\/\/www.oarcanjo.net\/site\/pe-julio-le-a-nota-de-repudio-da-arquidiocese-ao-presidente-do-prb\/#breadcrumb\",\"itemListElement\":[{\"@type\":\"ListItem\",\"position\":1,\"name\":\"In\u00edcio\",\"item\":\"https:\/\/www.oarcanjo.net\/site\/\"},{\"@type\":\"ListItem\",\"position\":2,\"name\":\"Pe. Julio l\u00ea a nota de rep\u00fadio da Arquidiocese ao presidente do PRB\"}]},{\"@type\":\"WebSite\",\"@id\":\"https:\/\/www.oarcanjo.net\/site\/#website\",\"url\":\"https:\/\/www.oarcanjo.net\/site\/\",\"name\":\"O Arcanjo no ar\",\"description\":\"Site da Par\u00f3quia S\u00e3o Miguel Arcanjo (Arquidiocese de SP)\",\"publisher\":{\"@id\":\"https:\/\/www.oarcanjo.net\/site\/#organization\"},\"potentialAction\":[{\"@type\":\"SearchAction\",\"target\":{\"@type\":\"EntryPoint\",\"urlTemplate\":\"https:\/\/www.oarcanjo.net\/site\/?s={search_term_string}\"},\"query-input\":{\"@type\":\"PropertyValueSpecification\",\"valueRequired\":true,\"valueName\":\"search_term_string\"}}],\"inLanguage\":\"pt-BR\"},{\"@type\":\"Organization\",\"@id\":\"https:\/\/www.oarcanjo.net\/site\/#organization\",\"name\":\"Par\u00f3quia S\u00e3o Miguel Arcanjo\",\"url\":\"https:\/\/www.oarcanjo.net\/site\/\",\"logo\":{\"@type\":\"ImageObject\",\"inLanguage\":\"pt-BR\",\"@id\":\"https:\/\/www.oarcanjo.net\/site\/#\/schema\/logo\/image\/\",\"url\":\"https:\/\/www.oarcanjo.net\/site\/wp-content\/uploads\/LogoOArcanjo.png\",\"contentUrl\":\"https:\/\/www.oarcanjo.net\/site\/wp-content\/uploads\/LogoOArcanjo.png\",\"width\":319,\"height\":99,\"caption\":\"Par\u00f3quia S\u00e3o Miguel Arcanjo\"},\"image\":{\"@id\":\"https:\/\/www.oarcanjo.net\/site\/#\/schema\/logo\/image\/\"},\"sameAs\":[\"https:\/\/www.facebook.com\/OArcanjoNoAr\/\"]},{\"@type\":\"Person\",\"@id\":\"https:\/\/www.oarcanjo.net\/site\/#\/schema\/person\/f7024d007863202483a31326673a0838\",\"name\":\"editor\",\"sameAs\":[\"http:\/\/www.oarcanjo.net\"]}]}<\/script>\n<!-- \/ Yoast SEO plugin. -->","yoast_head_json":{"title":"Pe. Julio l\u00ea a nota de rep\u00fadio da Arquidiocese ao presidente do PRB - O Arcanjo no ar","robots":{"index":"index","follow":"follow","max-snippet":"max-snippet:-1","max-image-preview":"max-image-preview:large","max-video-preview":"max-video-preview:-1"},"canonical":"https:\/\/www.oarcanjo.net\/site\/pe-julio-le-a-nota-de-repudio-da-arquidiocese-ao-presidente-do-prb\/","og_locale":"pt_BR","og_type":"article","og_title":"Pe. Julio l\u00ea a nota de rep\u00fadio da Arquidiocese ao presidente do PRB - O Arcanjo no ar","og_description":"No encerramento das missas de domingo, 16\/09, o Pe. Julio Lancellotti leu a nota de rep\u00fadio da Arquidiocese de S\u00e3o Paulo ao texto publicado pelo presidente do PRB, Marcos Pereira, pastor da Igreja Universal do Reino de Deus e coordenador da campanha de Celso Russomano \u00e0 prefeitura da capital. A leitura come\u00e7a aos 9 minutos [&hellip;]","og_url":"https:\/\/www.oarcanjo.net\/site\/pe-julio-le-a-nota-de-repudio-da-arquidiocese-ao-presidente-do-prb\/","og_site_name":"O Arcanjo no ar","article_publisher":"https:\/\/www.facebook.com\/OArcanjoNoAr\/","article_published_time":"2012-09-17T15:24:54+00:00","article_modified_time":"2012-09-17T15:27:57+00:00","og_image":[{"width":300,"height":300,"url":"https:\/\/www.oarcanjo.net\/site\/wp-content\/uploads\/logo-o-arcanjo-no-ar-facebook.png","type":"image\/png"}],"author":"editor","twitter_card":"summary_large_image","twitter_misc":{"Escrito por":"editor"},"schema":{"@context":"https:\/\/schema.org","@graph":[{"@type":"Article","@id":"https:\/\/www.oarcanjo.net\/site\/pe-julio-le-a-nota-de-repudio-da-arquidiocese-ao-presidente-do-prb\/#article","isPartOf":{"@id":"https:\/\/www.oarcanjo.net\/site\/pe-julio-le-a-nota-de-repudio-da-arquidiocese-ao-presidente-do-prb\/"},"author":{"name":"editor","@id":"https:\/\/www.oarcanjo.net\/site\/#\/schema\/person\/f7024d007863202483a31326673a0838"},"headline":"Pe. Julio l\u00ea a nota de rep\u00fadio da Arquidiocese ao presidente do PRB","datePublished":"2012-09-17T15:24:54+00:00","dateModified":"2012-09-17T15:27:57+00:00","mainEntityOfPage":{"@id":"https:\/\/www.oarcanjo.net\/site\/pe-julio-le-a-nota-de-repudio-da-arquidiocese-ao-presidente-do-prb\/"},"wordCount":103,"commentCount":0,"publisher":{"@id":"https:\/\/www.oarcanjo.net\/site\/#organization"},"keywords":["Arquidiocese de S\u00e3o Paulo","Dom Odilo Scherer","elei\u00e7\u00f5es","f\u00e9 e pol\u00edtica","Festa de S\u00e3o Miguel","JMJ","Jornada Mundial da Juventude","rep\u00fadio","Semana Mission\u00e1ria"],"articleSection":["Avisos","Not\u00edcias"],"inLanguage":"pt-BR","potentialAction":[{"@type":"CommentAction","name":"Comment","target":["https:\/\/www.oarcanjo.net\/site\/pe-julio-le-a-nota-de-repudio-da-arquidiocese-ao-presidente-do-prb\/#respond"]}]},{"@type":"WebPage","@id":"https:\/\/www.oarcanjo.net\/site\/pe-julio-le-a-nota-de-repudio-da-arquidiocese-ao-presidente-do-prb\/","url":"https:\/\/www.oarcanjo.net\/site\/pe-julio-le-a-nota-de-repudio-da-arquidiocese-ao-presidente-do-prb\/","name":"Pe. Julio l\u00ea a nota de rep\u00fadio da Arquidiocese ao presidente do PRB - O Arcanjo no ar","isPartOf":{"@id":"https:\/\/www.oarcanjo.net\/site\/#website"},"datePublished":"2012-09-17T15:24:54+00:00","dateModified":"2012-09-17T15:27:57+00:00","breadcrumb":{"@id":"https:\/\/www.oarcanjo.net\/site\/pe-julio-le-a-nota-de-repudio-da-arquidiocese-ao-presidente-do-prb\/#breadcrumb"},"inLanguage":"pt-BR","potentialAction":[{"@type":"ReadAction","target":["https:\/\/www.oarcanjo.net\/site\/pe-julio-le-a-nota-de-repudio-da-arquidiocese-ao-presidente-do-prb\/"]}]},{"@type":"BreadcrumbList","@id":"https:\/\/www.oarcanjo.net\/site\/pe-julio-le-a-nota-de-repudio-da-arquidiocese-ao-presidente-do-prb\/#breadcrumb","itemListElement":[{"@type":"ListItem","position":1,"name":"In\u00edcio","item":"https:\/\/www.oarcanjo.net\/site\/"},{"@type":"ListItem","position":2,"name":"Pe. Julio l\u00ea a nota de rep\u00fadio da Arquidiocese ao presidente do PRB"}]},{"@type":"WebSite","@id":"https:\/\/www.oarcanjo.net\/site\/#website","url":"https:\/\/www.oarcanjo.net\/site\/","name":"O Arcanjo no ar","description":"Site da Par\u00f3quia S\u00e3o Miguel Arcanjo (Arquidiocese de SP)","publisher":{"@id":"https:\/\/www.oarcanjo.net\/site\/#organization"},"potentialAction":[{"@type":"SearchAction","target":{"@type":"EntryPoint","urlTemplate":"https:\/\/www.oarcanjo.net\/site\/?s={search_term_string}"},"query-input":{"@type":"PropertyValueSpecification","valueRequired":true,"valueName":"search_term_string"}}],"inLanguage":"pt-BR"},{"@type":"Organization","@id":"https:\/\/www.oarcanjo.net\/site\/#organization","name":"Par\u00f3quia S\u00e3o Miguel Arcanjo","url":"https:\/\/www.oarcanjo.net\/site\/","logo":{"@type":"ImageObject","inLanguage":"pt-BR","@id":"https:\/\/www.oarcanjo.net\/site\/#\/schema\/logo\/image\/","url":"https:\/\/www.oarcanjo.net\/site\/wp-content\/uploads\/LogoOArcanjo.png","contentUrl":"https:\/\/www.oarcanjo.net\/site\/wp-content\/uploads\/LogoOArcanjo.png","width":319,"height":99,"caption":"Par\u00f3quia S\u00e3o Miguel Arcanjo"},"image":{"@id":"https:\/\/www.oarcanjo.net\/site\/#\/schema\/logo\/image\/"},"sameAs":["https:\/\/www.facebook.com\/OArcanjoNoAr\/"]},{"@type":"Person","@id":"https:\/\/www.oarcanjo.net\/site\/#\/schema\/person\/f7024d007863202483a31326673a0838","name":"editor","sameAs":["http:\/\/www.oarcanjo.net"]}]}},"publishpress_future_action":{"enabled":false,"date":"2026-05-09 09:59:31","action":"category","newStatus":"draft","terms":[],"taxonomy":"category"},"publishpress_future_workflow_manual_trigger":{"enabledWorkflows":[]},"_links":{"self":[{"href":"https:\/\/www.oarcanjo.net\/site\/wp-json\/wp\/v2\/posts\/19334"}],"collection":[{"href":"https:\/\/www.oarcanjo.net\/site\/wp-json\/wp\/v2\/posts"}],"about":[{"href":"https:\/\/www.oarcanjo.net\/site\/wp-json\/wp\/v2\/types\/post"}],"author":[{"embeddable":true,"href":"https:\/\/www.oarcanjo.net\/site\/wp-json\/wp\/v2\/users\/5"}],"replies":[{"embeddable":true,"href":"https:\/\/www.oarcanjo.net\/site\/wp-json\/wp\/v2\/comments?post=19334"}],"version-history":[{"count":0,"href":"https:\/\/www.oarcanjo.net\/site\/wp-json\/wp\/v2\/posts\/19334\/revisions"}],"wp:attachment":[{"href":"https:\/\/www.oarcanjo.net\/site\/wp-json\/wp\/v2\/media?parent=19334"}],"wp:term":[{"taxonomy":"category","embeddable":true,"href":"https:\/\/www.oarcanjo.net\/site\/wp-json\/wp\/v2\/categories?post=19334"},{"taxonomy":"post_tag","embeddable":true,"href":"https:\/\/www.oarcanjo.net\/site\/wp-json\/wp\/v2\/tags?post=19334"}],"curies":[{"name":"wp","href":"https:\/\/api.w.org\/{rel}","templated":true}]}}