
{"id":1935,"date":"2009-02-20T18:58:44","date_gmt":"2009-02-20T21:58:44","guid":{"rendered":"http:\/\/www.oarcanjo.net\/site\/?p=1935"},"modified":"2009-02-20T18:58:44","modified_gmt":"2009-02-20T21:58:44","slug":"os-dons-da-poesia","status":"publish","type":"post","link":"https:\/\/www.oarcanjo.net\/site\/os-dons-da-poesia\/","title":{"rendered":"Os Dons da poesia"},"content":{"rendered":"<p>Roberto Malvezzi, Gog\u00f3<\/p>\n<p>&#8220;O camelo que n\u00e3o passa pelo fundo da agulha,<br \/>\nCostuma entrar pelas portas das catedrais&#8221;.<br \/>\n(Casald\u00e1liga) <\/p>\n<p>\u00c9 rar\u00edssimo um bispo poeta. Ali\u00e1s, a linguagem po\u00e9tica \u00e9 muito rara na hist\u00f3ria da Igreja. Predomina a racionalidade filos\u00f3fica, teol\u00f3gica, discursiva, embora na B\u00edblia ela esteja t\u00e3o presente. O pr\u00f3logo do Evangelho de Jo\u00e3o \u00e9 &#8211; ao menos para mim &#8211; o poema religioso mais belo que j\u00e1 se escreveu.<\/p>\n<p>No papado, ent\u00e3o, apenas Jo\u00e3o Paulo II tinha um vi\u00e9s po\u00e9tico. Fora ator na juventude. Deixou uma frase que \u00e9 a senha para os crist\u00e3os dos tempos atuais: &#8220;\u00e9 preciso rastrear as digitais de Deus impressas no Universo&#8221;. Pura poesia.<\/p>\n<p>Comemoramos cem anos de Dom Helder, o poeta. Seus versos curtos, no estilo dos Hay Kay dos japoneses, s\u00e3o capazes de dizer em poucas palavras o que outros gastariam uma tese de quinhentas p\u00e1ginas para dizer. O outro poeta bispo, Casald\u00e1liga, continua no meio de n\u00f3s, capaz de fazer versos estonteantes como esse da ep\u00edgrafe. Contei essa poesia no encontro das Pastorais Sociais do CELAM. A rea\u00e7\u00e3o dos presentes, inclusive bispos, foi uma gargalhada despudorada.<\/p>\n<p>&#8220;Para que contradizer a crian\u00e7a<br \/>\nSegura de ter nas m\u00e3os uma varinha de cond\u00e3o?<br \/>\nQue ela cr\u00ea ser invis\u00edvel ao dizer &#8220;abracadabra&#8221;?<br \/>\nSe ela cr\u00ea nessa magia que \u00e9 dizer &#8220;abracadabra&#8221;?<br \/>\nMas, para que maior castigo<br \/>\nDo que n\u00e3o ter senso po\u00e9tico<br \/>\nOu n\u00e3o ter imagina\u00e7\u00e3o&#8221;? (D. Helder)<\/p>\n<p>Esses homens fizeram de suas vidas uma ora\u00e7\u00e3o, de suas falas um verso de fina e simples poesia. Mas, a poesia s\u00f3 existe onde reina o olhar l\u00fadico sobre a vida. Onde o amor \u00e9 vis\u00edvel, a beleza admirada, a compaix\u00e3o \u00e9 vivida e at\u00e9 a morte \u00e9 irm\u00e3, quanto mais o mal de Parkinson.<\/p>\n<p>&#8220;Querer ficar na mem\u00f3ria dos homens<br \/>\n\u00c9 t\u00e3o in\u00fatil quanto procurar<br \/>\nNas ondas de hoje<br \/>\nOs sinais das ondas de ontem&#8221;. (D. Helder)<\/p>\n<p>Mas, os Dons do amor e da poesia permanecem para sempre.<\/p>\n<div id=\"themify_builder_content-1935\" data-postid=\"1935\" class=\"themify_builder_content themify_builder_content-1935 themify_builder themify_builder_front\">\n\t<\/div>\n<!-- \/themify_builder_content -->","protected":false},"excerpt":{"rendered":"<p>Roberto Malvezzi, Gog\u00f3 &#8220;O camelo que n\u00e3o passa pelo fundo da agulha, Costuma entrar pelas portas das catedrais&#8221;. (Casald\u00e1liga) \u00c9 rar\u00edssimo um bispo poeta. Ali\u00e1s, a linguagem po\u00e9tica \u00e9 muito rara na hist\u00f3ria da Igreja. Predomina a racionalidade filos\u00f3fica, teol\u00f3gica, discursiva, embora na B\u00edblia ela esteja t\u00e3o presente. O pr\u00f3logo do Evangelho de Jo\u00e3o \u00e9 [&hellip;]<\/p>\n","protected":false},"author":5,"featured_media":0,"comment_status":"open","ping_status":"open","sticky":false,"template":"","format":"standard","meta":{"ngg_post_thumbnail":0,"footnotes":""},"categories":[192],"tags":[210,272],"yoast_head":"<!-- This site is optimized with the Yoast SEO plugin v23.5 - https:\/\/yoast.com\/wordpress\/plugins\/seo\/ -->\n<title>Os Dons da poesia - O Arcanjo no ar<\/title>\n<meta name=\"robots\" content=\"index, follow, max-snippet:-1, max-image-preview:large, max-video-preview:-1\" \/>\n<link rel=\"canonical\" href=\"https:\/\/www.oarcanjo.net\/site\/os-dons-da-poesia\/\" \/>\n<meta property=\"og:locale\" content=\"pt_BR\" \/>\n<meta property=\"og:type\" content=\"article\" \/>\n<meta property=\"og:title\" content=\"Os Dons da poesia - O Arcanjo no ar\" \/>\n<meta property=\"og:description\" content=\"Roberto Malvezzi, Gog\u00f3 &#8220;O camelo que n\u00e3o passa pelo fundo da agulha, Costuma entrar pelas portas das catedrais&#8221;. (Casald\u00e1liga) \u00c9 rar\u00edssimo um bispo poeta. Ali\u00e1s, a linguagem po\u00e9tica \u00e9 muito rara na hist\u00f3ria da Igreja. Predomina a racionalidade filos\u00f3fica, teol\u00f3gica, discursiva, embora na B\u00edblia ela esteja t\u00e3o presente. O pr\u00f3logo do Evangelho de Jo\u00e3o \u00e9 [&hellip;]\" \/>\n<meta property=\"og:url\" content=\"https:\/\/www.oarcanjo.net\/site\/os-dons-da-poesia\/\" \/>\n<meta property=\"og:site_name\" content=\"O Arcanjo no ar\" \/>\n<meta property=\"article:publisher\" content=\"https:\/\/www.facebook.com\/OArcanjoNoAr\/\" \/>\n<meta property=\"article:published_time\" content=\"2009-02-20T21:58:44+00:00\" \/>\n<meta property=\"og:image\" content=\"https:\/\/www.oarcanjo.net\/site\/wp-content\/uploads\/logo-o-arcanjo-no-ar-facebook.png\" \/>\n\t<meta property=\"og:image:width\" content=\"300\" \/>\n\t<meta property=\"og:image:height\" content=\"300\" \/>\n\t<meta property=\"og:image:type\" content=\"image\/png\" \/>\n<meta name=\"author\" content=\"editor\" \/>\n<meta name=\"twitter:card\" content=\"summary_large_image\" \/>\n<meta name=\"twitter:label1\" content=\"Escrito por\" \/>\n\t<meta name=\"twitter:data1\" content=\"editor\" \/>\n\t<meta name=\"twitter:label2\" content=\"Est. tempo de leitura\" \/>\n\t<meta name=\"twitter:data2\" content=\"2 minutos\" \/>\n<script type=\"application\/ld+json\" class=\"yoast-schema-graph\">{\"@context\":\"https:\/\/schema.org\",\"@graph\":[{\"@type\":\"Article\",\"@id\":\"https:\/\/www.oarcanjo.net\/site\/os-dons-da-poesia\/#article\",\"isPartOf\":{\"@id\":\"https:\/\/www.oarcanjo.net\/site\/os-dons-da-poesia\/\"},\"author\":{\"name\":\"editor\",\"@id\":\"https:\/\/www.oarcanjo.net\/site\/#\/schema\/person\/f7024d007863202483a31326673a0838\"},\"headline\":\"Os Dons da poesia\",\"datePublished\":\"2009-02-20T21:58:44+00:00\",\"dateModified\":\"2009-02-20T21:58:44+00:00\",\"mainEntityOfPage\":{\"@id\":\"https:\/\/www.oarcanjo.net\/site\/os-dons-da-poesia\/\"},\"wordCount\":354,\"commentCount\":0,\"publisher\":{\"@id\":\"https:\/\/www.oarcanjo.net\/site\/#organization\"},\"keywords\":[\"Dom Helder Camara\",\"Dom Pedro Casaldaliga\"],\"articleSection\":[\"D. Helder C\u00e2mara\"],\"inLanguage\":\"pt-BR\",\"potentialAction\":[{\"@type\":\"CommentAction\",\"name\":\"Comment\",\"target\":[\"https:\/\/www.oarcanjo.net\/site\/os-dons-da-poesia\/#respond\"]}]},{\"@type\":\"WebPage\",\"@id\":\"https:\/\/www.oarcanjo.net\/site\/os-dons-da-poesia\/\",\"url\":\"https:\/\/www.oarcanjo.net\/site\/os-dons-da-poesia\/\",\"name\":\"Os Dons da poesia - O Arcanjo no ar\",\"isPartOf\":{\"@id\":\"https:\/\/www.oarcanjo.net\/site\/#website\"},\"datePublished\":\"2009-02-20T21:58:44+00:00\",\"dateModified\":\"2009-02-20T21:58:44+00:00\",\"breadcrumb\":{\"@id\":\"https:\/\/www.oarcanjo.net\/site\/os-dons-da-poesia\/#breadcrumb\"},\"inLanguage\":\"pt-BR\",\"potentialAction\":[{\"@type\":\"ReadAction\",\"target\":[\"https:\/\/www.oarcanjo.net\/site\/os-dons-da-poesia\/\"]}]},{\"@type\":\"BreadcrumbList\",\"@id\":\"https:\/\/www.oarcanjo.net\/site\/os-dons-da-poesia\/#breadcrumb\",\"itemListElement\":[{\"@type\":\"ListItem\",\"position\":1,\"name\":\"In\u00edcio\",\"item\":\"https:\/\/www.oarcanjo.net\/site\/\"},{\"@type\":\"ListItem\",\"position\":2,\"name\":\"Os Dons da poesia\"}]},{\"@type\":\"WebSite\",\"@id\":\"https:\/\/www.oarcanjo.net\/site\/#website\",\"url\":\"https:\/\/www.oarcanjo.net\/site\/\",\"name\":\"O Arcanjo no ar\",\"description\":\"Site da Par\u00f3quia S\u00e3o Miguel Arcanjo (Arquidiocese de SP)\",\"publisher\":{\"@id\":\"https:\/\/www.oarcanjo.net\/site\/#organization\"},\"potentialAction\":[{\"@type\":\"SearchAction\",\"target\":{\"@type\":\"EntryPoint\",\"urlTemplate\":\"https:\/\/www.oarcanjo.net\/site\/?s={search_term_string}\"},\"query-input\":{\"@type\":\"PropertyValueSpecification\",\"valueRequired\":true,\"valueName\":\"search_term_string\"}}],\"inLanguage\":\"pt-BR\"},{\"@type\":\"Organization\",\"@id\":\"https:\/\/www.oarcanjo.net\/site\/#organization\",\"name\":\"Par\u00f3quia S\u00e3o Miguel Arcanjo\",\"url\":\"https:\/\/www.oarcanjo.net\/site\/\",\"logo\":{\"@type\":\"ImageObject\",\"inLanguage\":\"pt-BR\",\"@id\":\"https:\/\/www.oarcanjo.net\/site\/#\/schema\/logo\/image\/\",\"url\":\"https:\/\/www.oarcanjo.net\/site\/wp-content\/uploads\/LogoOArcanjo.png\",\"contentUrl\":\"https:\/\/www.oarcanjo.net\/site\/wp-content\/uploads\/LogoOArcanjo.png\",\"width\":319,\"height\":99,\"caption\":\"Par\u00f3quia S\u00e3o Miguel Arcanjo\"},\"image\":{\"@id\":\"https:\/\/www.oarcanjo.net\/site\/#\/schema\/logo\/image\/\"},\"sameAs\":[\"https:\/\/www.facebook.com\/OArcanjoNoAr\/\"]},{\"@type\":\"Person\",\"@id\":\"https:\/\/www.oarcanjo.net\/site\/#\/schema\/person\/f7024d007863202483a31326673a0838\",\"name\":\"editor\",\"sameAs\":[\"http:\/\/www.oarcanjo.net\"]}]}<\/script>\n<!-- \/ Yoast SEO plugin. -->","yoast_head_json":{"title":"Os Dons da poesia - O Arcanjo no ar","robots":{"index":"index","follow":"follow","max-snippet":"max-snippet:-1","max-image-preview":"max-image-preview:large","max-video-preview":"max-video-preview:-1"},"canonical":"https:\/\/www.oarcanjo.net\/site\/os-dons-da-poesia\/","og_locale":"pt_BR","og_type":"article","og_title":"Os Dons da poesia - O Arcanjo no ar","og_description":"Roberto Malvezzi, Gog\u00f3 &#8220;O camelo que n\u00e3o passa pelo fundo da agulha, Costuma entrar pelas portas das catedrais&#8221;. (Casald\u00e1liga) \u00c9 rar\u00edssimo um bispo poeta. Ali\u00e1s, a linguagem po\u00e9tica \u00e9 muito rara na hist\u00f3ria da Igreja. Predomina a racionalidade filos\u00f3fica, teol\u00f3gica, discursiva, embora na B\u00edblia ela esteja t\u00e3o presente. O pr\u00f3logo do Evangelho de Jo\u00e3o \u00e9 [&hellip;]","og_url":"https:\/\/www.oarcanjo.net\/site\/os-dons-da-poesia\/","og_site_name":"O Arcanjo no ar","article_publisher":"https:\/\/www.facebook.com\/OArcanjoNoAr\/","article_published_time":"2009-02-20T21:58:44+00:00","og_image":[{"width":300,"height":300,"url":"https:\/\/www.oarcanjo.net\/site\/wp-content\/uploads\/logo-o-arcanjo-no-ar-facebook.png","type":"image\/png"}],"author":"editor","twitter_card":"summary_large_image","twitter_misc":{"Escrito por":"editor","Est. tempo de leitura":"2 minutos"},"schema":{"@context":"https:\/\/schema.org","@graph":[{"@type":"Article","@id":"https:\/\/www.oarcanjo.net\/site\/os-dons-da-poesia\/#article","isPartOf":{"@id":"https:\/\/www.oarcanjo.net\/site\/os-dons-da-poesia\/"},"author":{"name":"editor","@id":"https:\/\/www.oarcanjo.net\/site\/#\/schema\/person\/f7024d007863202483a31326673a0838"},"headline":"Os Dons da poesia","datePublished":"2009-02-20T21:58:44+00:00","dateModified":"2009-02-20T21:58:44+00:00","mainEntityOfPage":{"@id":"https:\/\/www.oarcanjo.net\/site\/os-dons-da-poesia\/"},"wordCount":354,"commentCount":0,"publisher":{"@id":"https:\/\/www.oarcanjo.net\/site\/#organization"},"keywords":["Dom Helder Camara","Dom Pedro Casaldaliga"],"articleSection":["D. Helder C\u00e2mara"],"inLanguage":"pt-BR","potentialAction":[{"@type":"CommentAction","name":"Comment","target":["https:\/\/www.oarcanjo.net\/site\/os-dons-da-poesia\/#respond"]}]},{"@type":"WebPage","@id":"https:\/\/www.oarcanjo.net\/site\/os-dons-da-poesia\/","url":"https:\/\/www.oarcanjo.net\/site\/os-dons-da-poesia\/","name":"Os Dons da poesia - O Arcanjo no ar","isPartOf":{"@id":"https:\/\/www.oarcanjo.net\/site\/#website"},"datePublished":"2009-02-20T21:58:44+00:00","dateModified":"2009-02-20T21:58:44+00:00","breadcrumb":{"@id":"https:\/\/www.oarcanjo.net\/site\/os-dons-da-poesia\/#breadcrumb"},"inLanguage":"pt-BR","potentialAction":[{"@type":"ReadAction","target":["https:\/\/www.oarcanjo.net\/site\/os-dons-da-poesia\/"]}]},{"@type":"BreadcrumbList","@id":"https:\/\/www.oarcanjo.net\/site\/os-dons-da-poesia\/#breadcrumb","itemListElement":[{"@type":"ListItem","position":1,"name":"In\u00edcio","item":"https:\/\/www.oarcanjo.net\/site\/"},{"@type":"ListItem","position":2,"name":"Os Dons da poesia"}]},{"@type":"WebSite","@id":"https:\/\/www.oarcanjo.net\/site\/#website","url":"https:\/\/www.oarcanjo.net\/site\/","name":"O Arcanjo no ar","description":"Site da Par\u00f3quia S\u00e3o Miguel Arcanjo (Arquidiocese de SP)","publisher":{"@id":"https:\/\/www.oarcanjo.net\/site\/#organization"},"potentialAction":[{"@type":"SearchAction","target":{"@type":"EntryPoint","urlTemplate":"https:\/\/www.oarcanjo.net\/site\/?s={search_term_string}"},"query-input":{"@type":"PropertyValueSpecification","valueRequired":true,"valueName":"search_term_string"}}],"inLanguage":"pt-BR"},{"@type":"Organization","@id":"https:\/\/www.oarcanjo.net\/site\/#organization","name":"Par\u00f3quia S\u00e3o Miguel Arcanjo","url":"https:\/\/www.oarcanjo.net\/site\/","logo":{"@type":"ImageObject","inLanguage":"pt-BR","@id":"https:\/\/www.oarcanjo.net\/site\/#\/schema\/logo\/image\/","url":"https:\/\/www.oarcanjo.net\/site\/wp-content\/uploads\/LogoOArcanjo.png","contentUrl":"https:\/\/www.oarcanjo.net\/site\/wp-content\/uploads\/LogoOArcanjo.png","width":319,"height":99,"caption":"Par\u00f3quia S\u00e3o Miguel Arcanjo"},"image":{"@id":"https:\/\/www.oarcanjo.net\/site\/#\/schema\/logo\/image\/"},"sameAs":["https:\/\/www.facebook.com\/OArcanjoNoAr\/"]},{"@type":"Person","@id":"https:\/\/www.oarcanjo.net\/site\/#\/schema\/person\/f7024d007863202483a31326673a0838","name":"editor","sameAs":["http:\/\/www.oarcanjo.net"]}]}},"publishpress_future_action":{"enabled":false,"date":"2026-05-07 08:35:01","action":"category","newStatus":"draft","terms":[],"taxonomy":"category"},"publishpress_future_workflow_manual_trigger":{"enabledWorkflows":[]},"_links":{"self":[{"href":"https:\/\/www.oarcanjo.net\/site\/wp-json\/wp\/v2\/posts\/1935"}],"collection":[{"href":"https:\/\/www.oarcanjo.net\/site\/wp-json\/wp\/v2\/posts"}],"about":[{"href":"https:\/\/www.oarcanjo.net\/site\/wp-json\/wp\/v2\/types\/post"}],"author":[{"embeddable":true,"href":"https:\/\/www.oarcanjo.net\/site\/wp-json\/wp\/v2\/users\/5"}],"replies":[{"embeddable":true,"href":"https:\/\/www.oarcanjo.net\/site\/wp-json\/wp\/v2\/comments?post=1935"}],"version-history":[{"count":0,"href":"https:\/\/www.oarcanjo.net\/site\/wp-json\/wp\/v2\/posts\/1935\/revisions"}],"wp:attachment":[{"href":"https:\/\/www.oarcanjo.net\/site\/wp-json\/wp\/v2\/media?parent=1935"}],"wp:term":[{"taxonomy":"category","embeddable":true,"href":"https:\/\/www.oarcanjo.net\/site\/wp-json\/wp\/v2\/categories?post=1935"},{"taxonomy":"post_tag","embeddable":true,"href":"https:\/\/www.oarcanjo.net\/site\/wp-json\/wp\/v2\/tags?post=1935"}],"curies":[{"name":"wp","href":"https:\/\/api.w.org\/{rel}","templated":true}]}}