
{"id":19447,"date":"2012-09-27T15:19:32","date_gmt":"2012-09-27T18:19:32","guid":{"rendered":"http:\/\/www.oarcanjo.net\/site\/?p=19447"},"modified":"2012-09-27T15:19:32","modified_gmt":"2012-09-27T18:19:32","slug":"o-jovem-como-solucao-padre-geovane","status":"publish","type":"post","link":"https:\/\/www.oarcanjo.net\/site\/o-jovem-como-solucao-padre-geovane\/","title":{"rendered":"O jovem como solu\u00e7\u00e3o &#8211; Padre Geovane"},"content":{"rendered":"<h3><\/h3>\n<div>\n<div style=\"text-align: justify\">Padre Geovane Saraiva*<\/div>\n<div style=\"text-align: justify\"><a href=\"http:\/\/www.oarcanjo.net\/site\/wp-content\/uploads\/DSC03049.jpg\"><img loading=\"lazy\" decoding=\"async\" class=\"alignleft size-thumbnail wp-image-19151\" src=\"http:\/\/www.oarcanjo.net\/site\/wp-content\/uploads\/DSC03049-150x150.jpg\" alt=\"\" width=\"150\" height=\"150\" \/><\/a>\u00c9-nos por demais grato e com raz\u00f5es at\u00e9 de sobra, apresentar o tema da juventude, com muita\u00a0<a rel=\"nofollow\" href=\"http:\/\/www.juventudesanta.com\/o-jovem-como-solucao-recebido-por-e-mail#\">alegria<\/a> no cora\u00e7\u00e3o e um abra\u00e7o bem caloroso a todos quantos possam acolher nossa mensagem, suplicando fervorosamente a paz t\u00e3o sonhada para os nossos jovens, que com muita garra lutam em favor da sua pr\u00f3pria dignidade, desejando v\u00ea-los mais gente, criatura humana mais digna e, portanto, mais imagem e semelhan\u00e7a de Deus, o esplendor da verdade, que\u00a0 brilha em todas obras do Criador (cf.Gn 1,26).<\/div>\n<div style=\"text-align: justify\"><\/div>\n<div>\n<div style=\"text-align: justify\"><img loading=\"lazy\" decoding=\"async\" src=\"http:\/\/www.juventudesanta.com\/wp-content\/uploads\/2011\/09\/250822.jpg\" alt=\"\" width=\"286\" height=\"320\" \/>Na primeira viagem do Papa Bento XVI fez \u00e0 Am\u00e9rica Latina, por ocasi\u00e3o da\u00a0<a rel=\"nofollow\" href=\"http:\/\/www.juventudesanta.com\/o-jovem-como-solucao-recebido-por-e-mail#\">realiza\u00e7\u00e3o<\/a> da V Confer\u00eancia da Am\u00e9rica Latina e do Caribe, quando n\u00f3s brasileiros tivemos o privil\u00e9gio e alegria de acolh\u00ea-lo, em Aparecida, no Santu\u00e1rio Nacional, falou para a juventude. Foi no dia 10 de maio de 2007, que o Sumo Pont\u00edfice se dirigiu aos jovens do Brasil, no Est\u00e1dio do Pacaembu, com a seguinte frase, logo no in\u00edcio do seu discurso: \u201cDesejei ardentemente encontrar-me convosco nesta primeira viagem \u00e0 Am\u00e9rica Latina\u201d. E diz tamb\u00e9m com veem\u00eancia: \u201cS\u00e3o voc\u00eas que v\u00e3o tra\u00e7ar os rumos desta nova etapa da humanidade\u201d e ainda acrescentou: \u201cPor isso eu vos envio para a grande miss\u00e3o de evangelizar os jovens, que andam por este mundo errantes, como ovelhas sem pastor. Sede ap\u00f3stolos dos jovens\u201d.\u00a0 E o Papa fez uma afirma\u00e7\u00e3o extremamente oportuna, ao encorajar nossa juventude, muito amada por Deus:<strong> <\/strong>\u201cSem o rosto jovem a Igreja se apresentaria desfigurada\u201d.<\/div>\n<div style=\"text-align: justify\">Na Igreja tivemos a for\u00e7a de uma figura humana fascinada por Deus e suas criaturas, que exerceu tal fasc\u00ednio vendo Deus atrav\u00e9s da juventude empobrecida do seu tempo. Trata-se do dom maravilhoso de S\u00e3o Jo\u00e3o Bosco, italiano de Turim (1815-1888), uma das pessoas mais populares da nossa civiliza\u00e7\u00e3o crist\u00e3. Seu grande e maior legado foi de se preocupar com a educa\u00e7\u00e3o integral dos jovens, num tempo em que essa por\u00e7\u00e3o da sociedade come\u00e7ava a ser profundamente atingida por perigos de toda natureza; quis ele ser ap\u00f3stolos dos jovens. Para bem desempenhar sua miss\u00e3o libertadora em favor dessa gente t\u00e3o querida por Deus, jamais lhe faltaram\u00a0<a rel=\"nofollow\" href=\"http:\/\/www.juventudesanta.com\/o-jovem-como-solucao-recebido-por-e-mail#\">sabedoria<\/a> e dons humanos e sobrenaturais. Jesus, o bom Pastor, iluminou sua intelig\u00eancia e a modelou, de modo que, foi levado a conhecer e a amar o Senhor, como t\u00e3o bem expressa o Salmo: \u201cFazei brilhar sobre n\u00f3s, Senhor, a luz da vossa face\u201d (Sl 4, 7).<\/div>\n<div style=\"text-align: justify\">Ele pensava de ser sacerdote e sempre afirmava:\u00a0<em>\u201cQuando crescer quero ser sacerdote para tomar conta dos meninos. Os meninos s\u00e3o bons; se h\u00e1 meninos maus \u00e9 porque n\u00e3o h\u00e1 quem\u00a0<a rel=\"nofollow\" href=\"http:\/\/www.juventudesanta.com\/o-jovem-como-solucao-recebido-por-e-mail#\">cuide<\/a> deles\u201d.<\/em> A Divina Provid\u00eancia atendeu os seus anseios. Em 1835 entrou para o semin\u00e1rio de Chieri, perto de Turim, It\u00e1lia.<\/div>\n<div style=\"text-align: justify\">Ordenado Sacerdote no dia 05.06 1841, logo deu provas do seu zelo apost\u00f3lico. No dia 8 de dezembro do mesmo ano iniciou o seu apostolado juvenil em Turim, catequizando um humilde rapaz de nome Bartolomeu Garelli. \u00c9 a\u00ed que iniciou a origem de sua grande obra, que n\u00f3s a conhecemos como os orat\u00f3rios salesianos destinados aos jovens pobres, em tempos dif\u00edceis. Sua inten\u00e7\u00e3o era de ampar\u00e1-los, preservando-os da ignor\u00e2ncia religiosa e de todo tipo mal que os envolviam. Em 1846 estabeleceu-se definitivamente em Valdocco, bairro de Turim, onde fundou o Orat\u00f3rio de S\u00e3o Francisco de Sales. Ao orat\u00f3rio juntou uma escola profissional, depois um gin\u00e1sio, um internato etc. Em 1855 deu o nome de Salesianos aos seus colaboradores, fundando assim, em 1859, com os seus jovens salesianos a Sociedade ou Congrega\u00e7\u00e3o Salesiana, que para eles foi pai e guia no caminho da salva\u00e7\u00e3o, sempre pronto a prevenir em vez de reprimir. Criou ainda a Associa\u00e7\u00e3o dos Cooperadores Salesianos, como prod\u00edgio da provid\u00eancia divina. Podemos, evidentemente, contemplar todo trabalho de Dom Bosco como hino de louvor, com um poema de Deus Pai, que tem sua raz\u00e3o ser, na firmeza de sua f\u00e9, esperan\u00e7a e caridade.<\/div>\n<div style=\"text-align: justify\"><img loading=\"lazy\" decoding=\"async\" src=\"http:\/\/www.juventudesanta.com\/wp-content\/uploads\/2011\/09\/Dom-Bosco-e-os-jovens.jpg\" alt=\"\" width=\"300\" height=\"400\" \/>Amou em profundidade a criatura humana, com um carinho especial para com os jovens de seu tempo, a ponto de sensibiliz\u00e1-los atrav\u00e9s de seus pensamentos e frases, a saber:\u00a0<em>\u201cBasta que sejam jovens para que eu vos ame\u201d.<\/em><em>\u201cPrometi a Deus que at\u00e9 meu \u00faltimo suspiro seria para os jovens.\u201d<\/em>,\u00a0<em>\u201cO que somos \u00e9 presente de Deus; no que nos transformamos \u00e9 o nosso presente a Ele\u201d<\/em>,\u00a0<em>\u201cGanhai o cora\u00e7\u00e3o dos jovens por meio do amor\u201d<\/em>,\u00a0<em>\u201cA m\u00fasica dos jovens se escuta com o cora\u00e7\u00e3o, n\u00e3o com os ouvidos.\u201d<\/em><\/div>\n<div style=\"text-align: justify\">O m\u00e9todo educativo e apost\u00f3lico de Dom Bosco se inspirou num humanismo crist\u00e3o, buscando motiva\u00e7\u00f5es e energia nas fontes da sabedoria evang\u00e9lica, de partilhar em tudo a vida dos jovens; para isto concretizou seu desejo, abrindo escolas de alfabetiza\u00e7\u00e3o, artesanato, casas de hospedagem, ambiente de divers\u00e3o, com catequese e qualifica\u00e7\u00e3o profissional. E \u00e9 exatamente por isso que a Igreja reza: \u201c\u00d3 Deus que suscitastes S\u00e3o Jo\u00e3o Bosco para educador e pai dos adolescentes, fazei que, inflamados da mesma caridade, procuremos a salva\u00e7\u00e3o de nossos irm\u00e3os\u201d (Missal Romano, pg. 546).<\/div>\n<div style=\"text-align: justify\">O uso did\u00e1tico de suas frases e pensamentos, relacionados aos meninos pobres dos orat\u00f3rios, padres e irm\u00e3s, que se tornaram seus parceiros e colaboradores, foram de uma vitalidade tal, que o tornou um extraordin\u00e1rio benfeitor da humanidade. Embora os seus pensamentos sejam do s\u00e9culo XIX, os temos como atuais e profundamente carregados de sabedoria, demonstrando o imenso carinho que Dom Bosco nutriu pelos jovens. Tratando-os jamais como um problema, mas como uma solu\u00e7\u00e3o, tornando-se patrim\u00f4nio da humanidade, na sua larga vis\u00e3o do mundo, dentro de uma realidade desafiadora, olhando para o futuro.<\/div>\n<div style=\"text-align: justify\">De estatura atl\u00e9tica, mem\u00f3ria descomunal, inclinado \u00e0 m\u00fasica e a arte, Dom Bosco tinha uma linguagem f\u00e1cil, esp\u00edrito de lideran\u00e7a, al\u00e9m de ser um escritor de rar\u00edssima qualidade.\u00a0 O grande ap\u00f3stolo da juventude partiu para o c\u00e9u aos 31 de janeiro de 1888, na cidade de Turim, deixando indelevelmente sua marca espalhada por diversos pa\u00edses da Europa e da Am\u00e9rica. Sua vida e seu ideal perseguido foi o do amor ao pr\u00f3ximo, como costumava afirmar que Deus o chamou e o colocou no mundo, n\u00e3o para viver para si e sim para Ele, atrav\u00e9s do pr\u00f3ximo, vendo com os pr\u00f3prios olhos sua obra crescer e prosperar. Ele mesmo enviou seus filhos salesianos em 1883, para fundar o Col\u00e9gio Santa Rosa em Niter\u00f3i, primeira casa salesiana do Brasil, de ensino fundamental. A segunda casa dos filhos de Dom Bosco, foi em 1886, com a funda\u00e7\u00e3o do Liceu Cora\u00e7\u00e3o de Jesus, na cidade de S\u00e3o Paulo.<\/div>\n<div style=\"text-align: justify\">Homem que marcou em profundidade uma \u00e9poca, at\u00e9 mesmo com vis\u00f5es e sonhos. Ele que viveu na It\u00e1lia, teve vis\u00f5es reveladoras, inclusive o grande sonho que viria a ser revelado, tornando-se realmente importante nas \u00faltimas decis\u00f5es de Juscelino Kubitschek, no que diz respeito a constru\u00e7\u00e3o da Capital Federal no Planalto Central. No seu sonho, revelou que foi arrebatado pelos anjos, entre os paralelos 15\u00ba e 20\u00ba graus, onde havia uma enseada bastante extensa e larga, partindo de um ponto onde se formava um lago. Eis o sonho do Dom Bosco, verdade ou n\u00e3o, a cidade de Bras\u00edlia, tornou-se realidade.<\/div>\n<div><strong> <\/strong><\/div>\n<div>\n<p><em>*Padre da Arquidiocese de Fortaleza, Escritor, Membro da Academia de Letras dos Munic\u00edpios do Estado Cear\u00e1 (ALMECE), e da Academia Metropolitana de Letras de Fortaleza.<\/em><\/p>\n<p><em>P\u00e1roco de Santo Afonso<\/em><\/p>\n<p><a href=\"mailto:pegeovane@paroquiasantoafonso.org.br\"><em>pegeovane@paroquiasantoafonso.org.br<\/em><\/a><\/p>\n<p>&nbsp;<\/p>\n<p><strong>Autor dos livros: <\/strong><\/p>\n<p><strong>\u201cO peregrino da Paz\u201d e \u201cNascido Para as Coisas Maiores\u201d (centen\u00e1rio de Dom Helder C\u00e2mara);<\/strong><\/p>\n<p><strong>\u201cA Ternura de um Pastor\u201d &#8211; 2\u00aa Edi\u00e7\u00e3o (homenagem ao Cardeal Lorscheider);<\/strong><\/p>\n<p><strong>\u201cA Esperan\u00e7a Tem Nome\u201d (espiritualidade e compromisso);<\/strong><\/p>\n<p><strong>&#8220;Dom Helder: sonhos e utopias&#8221; (o pastor dos empobrecidos).<\/strong><\/p>\n<\/div>\n<\/div>\n<\/div>\n<div>\n<div>Postado por\u00a0<a title=\"author profile\" rel=\"author\" href=\"http:\/\/www.blogger.com\/profile\/12037961757835243213\">Par\u00f3quia de Santo Afonso <\/a><\/div>\n<\/div>\n<p>&nbsp;<\/p>\n<div id=\"themify_builder_content-19447\" data-postid=\"19447\" class=\"themify_builder_content themify_builder_content-19447 themify_builder themify_builder_front\">\n\t<\/div>\n<!-- \/themify_builder_content -->","protected":false},"excerpt":{"rendered":"<p>Padre Geovane Saraiva* \u00c9-nos por demais grato e com raz\u00f5es at\u00e9 de sobra, apresentar o tema da juventude, com muita\u00a0alegria no cora\u00e7\u00e3o e um abra\u00e7o bem caloroso a todos quantos possam acolher nossa mensagem, suplicando fervorosamente a paz t\u00e3o sonhada para os nossos jovens, que com muita garra lutam em favor da sua pr\u00f3pria dignidade, [&hellip;]<\/p>\n","protected":false},"author":17,"featured_media":0,"comment_status":"open","ping_status":"open","sticky":false,"template":"","format":"standard","meta":{"ngg_post_thumbnail":0,"footnotes":""},"categories":[9],"tags":[],"yoast_head":"<!-- This site is optimized with the Yoast SEO plugin v23.5 - https:\/\/yoast.com\/wordpress\/plugins\/seo\/ -->\n<title>O jovem como solu\u00e7\u00e3o - Padre Geovane - O Arcanjo no ar<\/title>\n<meta name=\"robots\" content=\"index, follow, max-snippet:-1, max-image-preview:large, max-video-preview:-1\" \/>\n<link rel=\"canonical\" href=\"https:\/\/www.oarcanjo.net\/site\/o-jovem-como-solucao-padre-geovane\/\" \/>\n<meta property=\"og:locale\" content=\"pt_BR\" \/>\n<meta property=\"og:type\" content=\"article\" \/>\n<meta property=\"og:title\" content=\"O jovem como solu\u00e7\u00e3o - Padre Geovane - O Arcanjo no ar\" \/>\n<meta property=\"og:description\" content=\"Padre Geovane Saraiva* \u00c9-nos por demais grato e com raz\u00f5es at\u00e9 de sobra, apresentar o tema da juventude, com muita\u00a0alegria no cora\u00e7\u00e3o e um abra\u00e7o bem caloroso a todos quantos possam acolher nossa mensagem, suplicando fervorosamente a paz t\u00e3o sonhada para os nossos jovens, que com muita garra lutam em favor da sua pr\u00f3pria dignidade, [&hellip;]\" \/>\n<meta property=\"og:url\" content=\"https:\/\/www.oarcanjo.net\/site\/o-jovem-como-solucao-padre-geovane\/\" \/>\n<meta property=\"og:site_name\" content=\"O Arcanjo no ar\" \/>\n<meta property=\"article:publisher\" content=\"https:\/\/www.facebook.com\/OArcanjoNoAr\/\" \/>\n<meta property=\"article:published_time\" content=\"2012-09-27T18:19:32+00:00\" \/>\n<meta property=\"og:image\" content=\"http:\/\/www.oarcanjo.net\/site\/wp-content\/uploads\/DSC03049-150x150.jpg\" \/>\n<meta name=\"author\" content=\"pe.geovane\" \/>\n<meta name=\"twitter:card\" content=\"summary_large_image\" \/>\n<meta name=\"twitter:label1\" content=\"Escrito por\" \/>\n\t<meta name=\"twitter:data1\" content=\"pe.geovane\" \/>\n\t<meta name=\"twitter:label2\" content=\"Est. tempo de leitura\" \/>\n\t<meta name=\"twitter:data2\" content=\"7 minutos\" \/>\n<script type=\"application\/ld+json\" class=\"yoast-schema-graph\">{\"@context\":\"https:\/\/schema.org\",\"@graph\":[{\"@type\":\"Article\",\"@id\":\"https:\/\/www.oarcanjo.net\/site\/o-jovem-como-solucao-padre-geovane\/#article\",\"isPartOf\":{\"@id\":\"https:\/\/www.oarcanjo.net\/site\/o-jovem-como-solucao-padre-geovane\/\"},\"author\":{\"name\":\"pe.geovane\",\"@id\":\"https:\/\/www.oarcanjo.net\/site\/#\/schema\/person\/58d7f78850a973b8e467c7ae4a7eb4ad\"},\"headline\":\"O jovem como solu\u00e7\u00e3o &#8211; Padre Geovane\",\"datePublished\":\"2012-09-27T18:19:32+00:00\",\"dateModified\":\"2012-09-27T18:19:32+00:00\",\"mainEntityOfPage\":{\"@id\":\"https:\/\/www.oarcanjo.net\/site\/o-jovem-como-solucao-padre-geovane\/\"},\"wordCount\":1359,\"commentCount\":0,\"publisher\":{\"@id\":\"https:\/\/www.oarcanjo.net\/site\/#organization\"},\"image\":{\"@id\":\"https:\/\/www.oarcanjo.net\/site\/o-jovem-como-solucao-padre-geovane\/#primaryimage\"},\"thumbnailUrl\":\"http:\/\/www.oarcanjo.net\/site\/wp-content\/uploads\/DSC03049-150x150.jpg\",\"articleSection\":[\"Reflex\u00f5es\"],\"inLanguage\":\"pt-BR\",\"potentialAction\":[{\"@type\":\"CommentAction\",\"name\":\"Comment\",\"target\":[\"https:\/\/www.oarcanjo.net\/site\/o-jovem-como-solucao-padre-geovane\/#respond\"]}]},{\"@type\":\"WebPage\",\"@id\":\"https:\/\/www.oarcanjo.net\/site\/o-jovem-como-solucao-padre-geovane\/\",\"url\":\"https:\/\/www.oarcanjo.net\/site\/o-jovem-como-solucao-padre-geovane\/\",\"name\":\"O jovem como solu\u00e7\u00e3o - Padre Geovane - O Arcanjo no ar\",\"isPartOf\":{\"@id\":\"https:\/\/www.oarcanjo.net\/site\/#website\"},\"primaryImageOfPage\":{\"@id\":\"https:\/\/www.oarcanjo.net\/site\/o-jovem-como-solucao-padre-geovane\/#primaryimage\"},\"image\":{\"@id\":\"https:\/\/www.oarcanjo.net\/site\/o-jovem-como-solucao-padre-geovane\/#primaryimage\"},\"thumbnailUrl\":\"http:\/\/www.oarcanjo.net\/site\/wp-content\/uploads\/DSC03049-150x150.jpg\",\"datePublished\":\"2012-09-27T18:19:32+00:00\",\"dateModified\":\"2012-09-27T18:19:32+00:00\",\"breadcrumb\":{\"@id\":\"https:\/\/www.oarcanjo.net\/site\/o-jovem-como-solucao-padre-geovane\/#breadcrumb\"},\"inLanguage\":\"pt-BR\",\"potentialAction\":[{\"@type\":\"ReadAction\",\"target\":[\"https:\/\/www.oarcanjo.net\/site\/o-jovem-como-solucao-padre-geovane\/\"]}]},{\"@type\":\"ImageObject\",\"inLanguage\":\"pt-BR\",\"@id\":\"https:\/\/www.oarcanjo.net\/site\/o-jovem-como-solucao-padre-geovane\/#primaryimage\",\"url\":\"https:\/\/www.oarcanjo.net\/site\/wp-content\/uploads\/DSC03049.jpg\",\"contentUrl\":\"https:\/\/www.oarcanjo.net\/site\/wp-content\/uploads\/DSC03049.jpg\",\"width\":\"655\",\"height\":\"917\"},{\"@type\":\"BreadcrumbList\",\"@id\":\"https:\/\/www.oarcanjo.net\/site\/o-jovem-como-solucao-padre-geovane\/#breadcrumb\",\"itemListElement\":[{\"@type\":\"ListItem\",\"position\":1,\"name\":\"In\u00edcio\",\"item\":\"https:\/\/www.oarcanjo.net\/site\/\"},{\"@type\":\"ListItem\",\"position\":2,\"name\":\"O jovem como solu\u00e7\u00e3o &#8211; Padre Geovane\"}]},{\"@type\":\"WebSite\",\"@id\":\"https:\/\/www.oarcanjo.net\/site\/#website\",\"url\":\"https:\/\/www.oarcanjo.net\/site\/\",\"name\":\"O Arcanjo no ar\",\"description\":\"Site da Par\u00f3quia S\u00e3o Miguel Arcanjo (Arquidiocese de SP)\",\"publisher\":{\"@id\":\"https:\/\/www.oarcanjo.net\/site\/#organization\"},\"potentialAction\":[{\"@type\":\"SearchAction\",\"target\":{\"@type\":\"EntryPoint\",\"urlTemplate\":\"https:\/\/www.oarcanjo.net\/site\/?s={search_term_string}\"},\"query-input\":{\"@type\":\"PropertyValueSpecification\",\"valueRequired\":true,\"valueName\":\"search_term_string\"}}],\"inLanguage\":\"pt-BR\"},{\"@type\":\"Organization\",\"@id\":\"https:\/\/www.oarcanjo.net\/site\/#organization\",\"name\":\"Par\u00f3quia S\u00e3o Miguel Arcanjo\",\"url\":\"https:\/\/www.oarcanjo.net\/site\/\",\"logo\":{\"@type\":\"ImageObject\",\"inLanguage\":\"pt-BR\",\"@id\":\"https:\/\/www.oarcanjo.net\/site\/#\/schema\/logo\/image\/\",\"url\":\"https:\/\/www.oarcanjo.net\/site\/wp-content\/uploads\/LogoOArcanjo.png\",\"contentUrl\":\"https:\/\/www.oarcanjo.net\/site\/wp-content\/uploads\/LogoOArcanjo.png\",\"width\":319,\"height\":99,\"caption\":\"Par\u00f3quia S\u00e3o Miguel Arcanjo\"},\"image\":{\"@id\":\"https:\/\/www.oarcanjo.net\/site\/#\/schema\/logo\/image\/\"},\"sameAs\":[\"https:\/\/www.facebook.com\/OArcanjoNoAr\/\"]},{\"@type\":\"Person\",\"@id\":\"https:\/\/www.oarcanjo.net\/site\/#\/schema\/person\/58d7f78850a973b8e467c7ae4a7eb4ad\",\"name\":\"pe.geovane\"}]}<\/script>\n<!-- \/ Yoast SEO plugin. -->","yoast_head_json":{"title":"O jovem como solu\u00e7\u00e3o - Padre Geovane - O Arcanjo no ar","robots":{"index":"index","follow":"follow","max-snippet":"max-snippet:-1","max-image-preview":"max-image-preview:large","max-video-preview":"max-video-preview:-1"},"canonical":"https:\/\/www.oarcanjo.net\/site\/o-jovem-como-solucao-padre-geovane\/","og_locale":"pt_BR","og_type":"article","og_title":"O jovem como solu\u00e7\u00e3o - Padre Geovane - O Arcanjo no ar","og_description":"Padre Geovane Saraiva* \u00c9-nos por demais grato e com raz\u00f5es at\u00e9 de sobra, apresentar o tema da juventude, com muita\u00a0alegria no cora\u00e7\u00e3o e um abra\u00e7o bem caloroso a todos quantos possam acolher nossa mensagem, suplicando fervorosamente a paz t\u00e3o sonhada para os nossos jovens, que com muita garra lutam em favor da sua pr\u00f3pria dignidade, [&hellip;]","og_url":"https:\/\/www.oarcanjo.net\/site\/o-jovem-como-solucao-padre-geovane\/","og_site_name":"O Arcanjo no ar","article_publisher":"https:\/\/www.facebook.com\/OArcanjoNoAr\/","article_published_time":"2012-09-27T18:19:32+00:00","og_image":[{"url":"http:\/\/www.oarcanjo.net\/site\/wp-content\/uploads\/DSC03049-150x150.jpg"}],"author":"pe.geovane","twitter_card":"summary_large_image","twitter_misc":{"Escrito por":"pe.geovane","Est. tempo de leitura":"7 minutos"},"schema":{"@context":"https:\/\/schema.org","@graph":[{"@type":"Article","@id":"https:\/\/www.oarcanjo.net\/site\/o-jovem-como-solucao-padre-geovane\/#article","isPartOf":{"@id":"https:\/\/www.oarcanjo.net\/site\/o-jovem-como-solucao-padre-geovane\/"},"author":{"name":"pe.geovane","@id":"https:\/\/www.oarcanjo.net\/site\/#\/schema\/person\/58d7f78850a973b8e467c7ae4a7eb4ad"},"headline":"O jovem como solu\u00e7\u00e3o &#8211; Padre Geovane","datePublished":"2012-09-27T18:19:32+00:00","dateModified":"2012-09-27T18:19:32+00:00","mainEntityOfPage":{"@id":"https:\/\/www.oarcanjo.net\/site\/o-jovem-como-solucao-padre-geovane\/"},"wordCount":1359,"commentCount":0,"publisher":{"@id":"https:\/\/www.oarcanjo.net\/site\/#organization"},"image":{"@id":"https:\/\/www.oarcanjo.net\/site\/o-jovem-como-solucao-padre-geovane\/#primaryimage"},"thumbnailUrl":"http:\/\/www.oarcanjo.net\/site\/wp-content\/uploads\/DSC03049-150x150.jpg","articleSection":["Reflex\u00f5es"],"inLanguage":"pt-BR","potentialAction":[{"@type":"CommentAction","name":"Comment","target":["https:\/\/www.oarcanjo.net\/site\/o-jovem-como-solucao-padre-geovane\/#respond"]}]},{"@type":"WebPage","@id":"https:\/\/www.oarcanjo.net\/site\/o-jovem-como-solucao-padre-geovane\/","url":"https:\/\/www.oarcanjo.net\/site\/o-jovem-como-solucao-padre-geovane\/","name":"O jovem como solu\u00e7\u00e3o - Padre Geovane - O Arcanjo no ar","isPartOf":{"@id":"https:\/\/www.oarcanjo.net\/site\/#website"},"primaryImageOfPage":{"@id":"https:\/\/www.oarcanjo.net\/site\/o-jovem-como-solucao-padre-geovane\/#primaryimage"},"image":{"@id":"https:\/\/www.oarcanjo.net\/site\/o-jovem-como-solucao-padre-geovane\/#primaryimage"},"thumbnailUrl":"http:\/\/www.oarcanjo.net\/site\/wp-content\/uploads\/DSC03049-150x150.jpg","datePublished":"2012-09-27T18:19:32+00:00","dateModified":"2012-09-27T18:19:32+00:00","breadcrumb":{"@id":"https:\/\/www.oarcanjo.net\/site\/o-jovem-como-solucao-padre-geovane\/#breadcrumb"},"inLanguage":"pt-BR","potentialAction":[{"@type":"ReadAction","target":["https:\/\/www.oarcanjo.net\/site\/o-jovem-como-solucao-padre-geovane\/"]}]},{"@type":"ImageObject","inLanguage":"pt-BR","@id":"https:\/\/www.oarcanjo.net\/site\/o-jovem-como-solucao-padre-geovane\/#primaryimage","url":"https:\/\/www.oarcanjo.net\/site\/wp-content\/uploads\/DSC03049.jpg","contentUrl":"https:\/\/www.oarcanjo.net\/site\/wp-content\/uploads\/DSC03049.jpg","width":"655","height":"917"},{"@type":"BreadcrumbList","@id":"https:\/\/www.oarcanjo.net\/site\/o-jovem-como-solucao-padre-geovane\/#breadcrumb","itemListElement":[{"@type":"ListItem","position":1,"name":"In\u00edcio","item":"https:\/\/www.oarcanjo.net\/site\/"},{"@type":"ListItem","position":2,"name":"O jovem como solu\u00e7\u00e3o &#8211; Padre Geovane"}]},{"@type":"WebSite","@id":"https:\/\/www.oarcanjo.net\/site\/#website","url":"https:\/\/www.oarcanjo.net\/site\/","name":"O Arcanjo no ar","description":"Site da Par\u00f3quia S\u00e3o Miguel Arcanjo (Arquidiocese de SP)","publisher":{"@id":"https:\/\/www.oarcanjo.net\/site\/#organization"},"potentialAction":[{"@type":"SearchAction","target":{"@type":"EntryPoint","urlTemplate":"https:\/\/www.oarcanjo.net\/site\/?s={search_term_string}"},"query-input":{"@type":"PropertyValueSpecification","valueRequired":true,"valueName":"search_term_string"}}],"inLanguage":"pt-BR"},{"@type":"Organization","@id":"https:\/\/www.oarcanjo.net\/site\/#organization","name":"Par\u00f3quia S\u00e3o Miguel Arcanjo","url":"https:\/\/www.oarcanjo.net\/site\/","logo":{"@type":"ImageObject","inLanguage":"pt-BR","@id":"https:\/\/www.oarcanjo.net\/site\/#\/schema\/logo\/image\/","url":"https:\/\/www.oarcanjo.net\/site\/wp-content\/uploads\/LogoOArcanjo.png","contentUrl":"https:\/\/www.oarcanjo.net\/site\/wp-content\/uploads\/LogoOArcanjo.png","width":319,"height":99,"caption":"Par\u00f3quia S\u00e3o Miguel Arcanjo"},"image":{"@id":"https:\/\/www.oarcanjo.net\/site\/#\/schema\/logo\/image\/"},"sameAs":["https:\/\/www.facebook.com\/OArcanjoNoAr\/"]},{"@type":"Person","@id":"https:\/\/www.oarcanjo.net\/site\/#\/schema\/person\/58d7f78850a973b8e467c7ae4a7eb4ad","name":"pe.geovane"}]}},"publishpress_future_action":{"enabled":false,"date":"2026-05-09 09:30:07","action":"category","newStatus":"draft","terms":[],"taxonomy":"category"},"publishpress_future_workflow_manual_trigger":{"enabledWorkflows":[]},"_links":{"self":[{"href":"https:\/\/www.oarcanjo.net\/site\/wp-json\/wp\/v2\/posts\/19447"}],"collection":[{"href":"https:\/\/www.oarcanjo.net\/site\/wp-json\/wp\/v2\/posts"}],"about":[{"href":"https:\/\/www.oarcanjo.net\/site\/wp-json\/wp\/v2\/types\/post"}],"author":[{"embeddable":true,"href":"https:\/\/www.oarcanjo.net\/site\/wp-json\/wp\/v2\/users\/17"}],"replies":[{"embeddable":true,"href":"https:\/\/www.oarcanjo.net\/site\/wp-json\/wp\/v2\/comments?post=19447"}],"version-history":[{"count":0,"href":"https:\/\/www.oarcanjo.net\/site\/wp-json\/wp\/v2\/posts\/19447\/revisions"}],"wp:attachment":[{"href":"https:\/\/www.oarcanjo.net\/site\/wp-json\/wp\/v2\/media?parent=19447"}],"wp:term":[{"taxonomy":"category","embeddable":true,"href":"https:\/\/www.oarcanjo.net\/site\/wp-json\/wp\/v2\/categories?post=19447"},{"taxonomy":"post_tag","embeddable":true,"href":"https:\/\/www.oarcanjo.net\/site\/wp-json\/wp\/v2\/tags?post=19447"}],"curies":[{"name":"wp","href":"https:\/\/api.w.org\/{rel}","templated":true}]}}