
{"id":19462,"date":"2012-09-28T12:13:55","date_gmt":"2012-09-28T15:13:55","guid":{"rendered":"http:\/\/www.oarcanjo.net\/site\/?p=19462"},"modified":"2012-09-28T12:41:52","modified_gmt":"2012-09-28T15:41:52","slug":"testemunhas-de-jesus-cristo-na-cidade-de-sao-paulo-2","status":"publish","type":"post","link":"https:\/\/www.oarcanjo.net\/site\/testemunhas-de-jesus-cristo-na-cidade-de-sao-paulo-2\/","title":{"rendered":"Testemunhas de Jesus Cristo na cidade de S\u00e3o Paulo"},"content":{"rendered":"<p>Quais s\u00e3o os objetivos da presen\u00e7a da Igreja numa cidade? Tantas poderiam ser as respostas, mas uma delas \u00e9 a principal: a Igreja est\u00e1 na cidade e em qualquer parte para ser testemunha de Jesus Cristo e do Evangelho do Reino de Deus. E para isso que a Arquidiocese de S\u00e3o Paulo, enquanto express\u00e3o local da nossa Igreja, est\u00e1 presente na grande cidade de S\u00e3o Paulo.<\/p>\n<p>Isso foi recomenda\u00e7\u00e3o do pr\u00f3prio Jesus Cristo aos ap\u00f3stolos, ao prometer-lhes o Esp\u00edrito Santo, antes de se elevar ao c\u00e9u: \u201cv\u00f3s sereis minhas testemunhas em Jerusal\u00e9m, por toda a Jud\u00e9ia e Samaria e at\u00e9 os confins da terra\u201d (cf At 1,8); interessante \u00e9 observar que Jesus manda ser testemunhas dele, em primeiro lugar, na cidade de Jerusal\u00e9m, que para os ap\u00f3stolos era \u201ca grande cidade\u201d daquela \u00e9poca.<\/p>\n<p>No seu novo <a title=\"11\u00ba Plano de Pastoral\" href=\"http:\/\/www.oarcanjo.net\/site\/wp-content\/uploads\/11-PlanoPastoral.pdf\" target=\"_blank\">Plano de Pastoral<\/a>, a Arquidiocese de S\u00e3o Paulo assume isso como meta orientadora: SER TESTEMUNHA DE JESUS CRISTO NA CIDADE DE S\u00c3O PAULO. Esta miss\u00e3o e este prop\u00f3sito d\u00e3o sentido e orienta\u00e7\u00e3o a tudo o que a Igreja \u00e9 e faz em S\u00e3o Paulo: para todas as suas organiza\u00e7\u00f5es pastorais, institui\u00e7\u00f5es educativas, caritativas e solidariedade social; para seus Meios de Comunica\u00e7\u00e3o e entes culturais, para as organiza\u00e7\u00f5es e a atua\u00e7\u00e3o dos fi\u00e9is leigos, para a atua\u00e7\u00e3o dos bispos, padres e religiosos; para a exist\u00eancia e atua\u00e7\u00e3o das par\u00f3quias, igrejas, santu\u00e1rios, conventos, mosteiros, pequenas e grandes comunidades; para as celebra\u00e7\u00f5es lit\u00fargicas e manifesta\u00e7\u00f5es religiosas, art\u00edsticas e culturais, e at\u00e9 para o badalar dos sinos nas torres das igrejas&#8230; Tudo isso existe a servi\u00e7o do testemunho Jesus Cristo e de seu Evangelho na cidade de S\u00e3o Paulo.<\/p>\n<p>O <a title=\"11\u00ba Plano de Pastoral\" href=\"http:\/\/www.oarcanjo.net\/site\/wp-content\/uploads\/11-PlanoPastoral.pdf\" target=\"_blank\">11\u00ba Plano de Pastoral<\/a> parte de uma refer\u00eancia hist\u00f3rica \u00e0 presen\u00e7a e atua\u00e7\u00e3o da Arquidiocese de S\u00e3o Paulo e ao caminho de fidelidade a Cristo, que ela procurou seguir. Hoje esta Igreja v\u00ea-se hoje diante de situa\u00e7\u00f5es novas do ponto de vista religioso e pastoral, do ponto de vista social, pol\u00edtico e cultural; essas situa\u00e7\u00f5es representam, uma chance e um convite para atuar de forma nova e perseverante; mas tamb\u00e9m mostram situa\u00e7\u00f5es desafiadoras, em que a nossa Igreja precisa exercer sua miss\u00e3o com renovada aten\u00e7\u00e3o.<\/p>\n<p>Em sintonia com as Diretrizes Gerais da A\u00e7\u00e3o Evangelizadora da Igreja no Brasil, tamb\u00e9m a Arquidiocese de S\u00e3o Paulo coloca-se diante das urg\u00eancias, que requerem o nosso empenho especial de todos os cat\u00f3licos e de todas as organiza\u00e7\u00f5es desta Igreja na Metr\u00f3pole. As urg\u00eancias assumidas no <a title=\"11\u00ba Plano de Pastoral\" href=\"http:\/\/www.oarcanjo.net\/site\/wp-content\/uploads\/11-PlanoPastoral.pdf\" target=\"_blank\">11\u00ba Plano de Pastoral<\/a> s\u00e3o seis: que a Igreja em S\u00e3o Paulo se coloque em estado permanente de miss\u00e3o; seja uma acolhedora casa de inicia\u00e7\u00e3o \u00e0 vida crist\u00e3; que toda a sua vida e a\u00e7\u00e3o sejam animadas pela a Palavra de Deus; que se torne sempre mais uma variada e rica Comunidade de comunidades\u201d crist\u00e3s; que ela se coloque generosamente ao servi\u00e7o da vida plena para todos; que concentre esfor\u00e7os para a evangelizar a juventude.<\/p>\n<p>Para cada uma dessas urg\u00eancias, o 11\u00ba Plano oferece indica\u00e7\u00f5es pastorais, que dever\u00e3o ser traduzidas em iniciativas e programas de a\u00e7\u00e3o pelas par\u00f3quias, comunidades e organiza\u00e7\u00f5es eclesiais e pastorai da Arquidiocese. O <a title=\"11\u00ba Plano de Pastoral\" href=\"http:\/\/www.oarcanjo.net\/site\/wp-content\/uploads\/11-PlanoPastoral.pdf\" target=\"_blank\">Plano de Pastoral<\/a> \u00e9 norteador da a\u00e7\u00e3o evangelizadora e pastoral da Arquidiocese e n\u00e3o oferece programas detalhados de a\u00e7\u00f5es, que dever\u00e3o agora ser elaborados pelas organiza\u00e7\u00f5es eclesiais e pastorais.<\/p>\n<p>Com o novo <a title=\"11\u00ba Plano de Pastoral\" href=\"http:\/\/www.oarcanjo.net\/site\/wp-content\/uploads\/11-PlanoPastoral.pdf\" target=\"_blank\">Plano de Pastoral<\/a>, j\u00e1 s\u00e3o feitas algumas indica\u00e7\u00f5es para um projeto pastoral de 4 anos, com a finalidade de melhor traduzir o <a title=\"11\u00ba Plano de Pastoral\" href=\"http:\/\/www.oarcanjo.net\/site\/wp-content\/uploads\/11-PlanoPastoral.pdf\" target=\"_blank\">11\u00ba Plano<\/a> em programas pastorais org\u00e2nicos. O projeto pastoral leva em conta o 50\u00ba anivers\u00e1rio do Conc\u00edlio Ecum\u00eanico Vaticano II, o Ano da F\u00e9 e o Catecismo da Igreja Cat\u00f3lica, para ajudar nossa Arquidiocese a viver esses pr\u00f3ximos 4 anos bem sintonizada e em comunh\u00e3o com a Igreja no Brasil em do mundo inteiro.<\/p>\n<p>O primeiro ano de vig\u00eancia do <a title=\"11\u00ba Plano de Pastoral\" href=\"http:\/\/www.oarcanjo.net\/site\/wp-content\/uploads\/11-PlanoPastoral.pdf\" target=\"_blank\">Plano de Pastoral<\/a> coincide com a realiza\u00e7\u00e3o do Ano da F\u00e9, que toda a Igreja celebra de 11 de outubro de 2012 at\u00e9 24 de novembro de 2013. Por isso, e com o objetivo de estimular a todos a viverem intensamente o Ano da F\u00e9, o Arcebispo oferecer\u00e1 \u00e0 Arquidiocese sua segunda Carta Pastoral \u2013 Senhor, aumentai a nossa f\u00e9! &#8211; na qual tamb\u00e9m ser\u00e3o apresentada indica\u00e7\u00f5es e sugest\u00f5es program\u00e1ticas para a viv\u00eancia do Ano da F\u00e9. Que o Esp\u00edrito de Deus d\u00ea vida e fa\u00e7a frutificar as sementes que lan\u00e7amos no campo de Deus com nossos esfor\u00e7os!<\/p>\n<p><strong><em>Cardeal Odilo Pedro Scherer<br \/>\nArcebispo de S\u00e3o Paulo (SP)<\/em><\/strong><\/p>\n<p>&nbsp;<\/p>\n<p>11\u00ba Plano de Pastoral para download:<\/p>\n<p><a title=\"11\u00ba Plano de Pastoral\" href=\"http:\/\/www.oarcanjo.net\/site\/wp-content\/uploads\/11-PlanoPastoral.pdf\" target=\"_blank\"><img loading=\"lazy\" decoding=\"async\" class=\"alignnone size-full wp-image-19467\" title=\"11\u00ba Plano de Pastoral\" src=\"http:\/\/www.oarcanjo.net\/site\/wp-content\/uploads\/11-Plano-Pastoral-Thumbnail.jpg\" alt=\"11\u00ba Plano de Pastoral\" width=\"137\" height=\"200\" \/><\/a><\/p>\n<div id=\"themify_builder_content-19462\" data-postid=\"19462\" class=\"themify_builder_content themify_builder_content-19462 themify_builder themify_builder_front\">\n\t<\/div>\n<!-- \/themify_builder_content -->","protected":false},"excerpt":{"rendered":"<p>Quais s\u00e3o os objetivos da presen\u00e7a da Igreja numa cidade? Tantas poderiam ser as respostas, mas uma delas \u00e9 a principal: a Igreja est\u00e1 na cidade e em qualquer parte para ser testemunha de Jesus Cristo e do Evangelho do Reino de Deus. E para isso que a Arquidiocese de S\u00e3o Paulo, enquanto express\u00e3o local [&hellip;]<\/p>\n","protected":false},"author":5,"featured_media":0,"comment_status":"open","ping_status":"open","sticky":false,"template":"","format":"standard","meta":{"ngg_post_thumbnail":0,"footnotes":""},"categories":[3,9],"tags":[2282,2284,3213,239,2283],"yoast_head":"<!-- This site is optimized with the Yoast SEO plugin v23.5 - https:\/\/yoast.com\/wordpress\/plugins\/seo\/ -->\n<title>Testemunhas de Jesus Cristo na cidade de S\u00e3o Paulo - O Arcanjo no ar<\/title>\n<meta name=\"robots\" content=\"index, follow, max-snippet:-1, max-image-preview:large, max-video-preview:-1\" \/>\n<link rel=\"canonical\" href=\"https:\/\/www.oarcanjo.net\/site\/testemunhas-de-jesus-cristo-na-cidade-de-sao-paulo-2\/\" \/>\n<meta property=\"og:locale\" content=\"pt_BR\" \/>\n<meta property=\"og:type\" content=\"article\" \/>\n<meta property=\"og:title\" content=\"Testemunhas de Jesus Cristo na cidade de S\u00e3o Paulo - O Arcanjo no ar\" \/>\n<meta property=\"og:description\" content=\"Quais s\u00e3o os objetivos da presen\u00e7a da Igreja numa cidade? Tantas poderiam ser as respostas, mas uma delas \u00e9 a principal: a Igreja est\u00e1 na cidade e em qualquer parte para ser testemunha de Jesus Cristo e do Evangelho do Reino de Deus. E para isso que a Arquidiocese de S\u00e3o Paulo, enquanto express\u00e3o local [&hellip;]\" \/>\n<meta property=\"og:url\" content=\"https:\/\/www.oarcanjo.net\/site\/testemunhas-de-jesus-cristo-na-cidade-de-sao-paulo-2\/\" \/>\n<meta property=\"og:site_name\" content=\"O Arcanjo no ar\" \/>\n<meta property=\"article:publisher\" content=\"https:\/\/www.facebook.com\/OArcanjoNoAr\/\" \/>\n<meta property=\"article:published_time\" content=\"2012-09-28T15:13:55+00:00\" \/>\n<meta property=\"article:modified_time\" content=\"2012-09-28T15:41:52+00:00\" \/>\n<meta property=\"og:image\" content=\"http:\/\/www.oarcanjo.net\/site\/wp-content\/uploads\/11-Plano-Pastoral-Thumbnail.jpg\" \/>\n<meta name=\"author\" content=\"editor\" \/>\n<meta name=\"twitter:card\" content=\"summary_large_image\" \/>\n<meta name=\"twitter:label1\" content=\"Escrito por\" \/>\n\t<meta name=\"twitter:data1\" content=\"editor\" \/>\n\t<meta name=\"twitter:label2\" content=\"Est. tempo de leitura\" \/>\n\t<meta name=\"twitter:data2\" content=\"4 minutos\" \/>\n<script type=\"application\/ld+json\" class=\"yoast-schema-graph\">{\"@context\":\"https:\/\/schema.org\",\"@graph\":[{\"@type\":\"Article\",\"@id\":\"https:\/\/www.oarcanjo.net\/site\/testemunhas-de-jesus-cristo-na-cidade-de-sao-paulo-2\/#article\",\"isPartOf\":{\"@id\":\"https:\/\/www.oarcanjo.net\/site\/testemunhas-de-jesus-cristo-na-cidade-de-sao-paulo-2\/\"},\"author\":{\"name\":\"editor\",\"@id\":\"https:\/\/www.oarcanjo.net\/site\/#\/schema\/person\/f7024d007863202483a31326673a0838\"},\"headline\":\"Testemunhas de Jesus Cristo na cidade de S\u00e3o Paulo\",\"datePublished\":\"2012-09-28T15:13:55+00:00\",\"dateModified\":\"2012-09-28T15:41:52+00:00\",\"mainEntityOfPage\":{\"@id\":\"https:\/\/www.oarcanjo.net\/site\/testemunhas-de-jesus-cristo-na-cidade-de-sao-paulo-2\/\"},\"wordCount\":828,\"commentCount\":0,\"publisher\":{\"@id\":\"https:\/\/www.oarcanjo.net\/site\/#organization\"},\"image\":{\"@id\":\"https:\/\/www.oarcanjo.net\/site\/testemunhas-de-jesus-cristo-na-cidade-de-sao-paulo-2\/#primaryimage\"},\"thumbnailUrl\":\"http:\/\/www.oarcanjo.net\/site\/wp-content\/uploads\/11-Plano-Pastoral-Thumbnail.jpg\",\"keywords\":[\"11\u00b0 Plano de Pastoral\",\"A\u00e7\u00e3o Evangelizadora da Igreja no Brasil\",\"Ano da F\u00e9\",\"Arquidiocese de S\u00e3o Paulo\",\"Cardeal Odilo Pedro Scherer\"],\"articleSection\":[\"Destaques\",\"Reflex\u00f5es\"],\"inLanguage\":\"pt-BR\",\"potentialAction\":[{\"@type\":\"CommentAction\",\"name\":\"Comment\",\"target\":[\"https:\/\/www.oarcanjo.net\/site\/testemunhas-de-jesus-cristo-na-cidade-de-sao-paulo-2\/#respond\"]}]},{\"@type\":\"WebPage\",\"@id\":\"https:\/\/www.oarcanjo.net\/site\/testemunhas-de-jesus-cristo-na-cidade-de-sao-paulo-2\/\",\"url\":\"https:\/\/www.oarcanjo.net\/site\/testemunhas-de-jesus-cristo-na-cidade-de-sao-paulo-2\/\",\"name\":\"Testemunhas de Jesus Cristo na cidade de S\u00e3o Paulo - O Arcanjo no ar\",\"isPartOf\":{\"@id\":\"https:\/\/www.oarcanjo.net\/site\/#website\"},\"primaryImageOfPage\":{\"@id\":\"https:\/\/www.oarcanjo.net\/site\/testemunhas-de-jesus-cristo-na-cidade-de-sao-paulo-2\/#primaryimage\"},\"image\":{\"@id\":\"https:\/\/www.oarcanjo.net\/site\/testemunhas-de-jesus-cristo-na-cidade-de-sao-paulo-2\/#primaryimage\"},\"thumbnailUrl\":\"http:\/\/www.oarcanjo.net\/site\/wp-content\/uploads\/11-Plano-Pastoral-Thumbnail.jpg\",\"datePublished\":\"2012-09-28T15:13:55+00:00\",\"dateModified\":\"2012-09-28T15:41:52+00:00\",\"breadcrumb\":{\"@id\":\"https:\/\/www.oarcanjo.net\/site\/testemunhas-de-jesus-cristo-na-cidade-de-sao-paulo-2\/#breadcrumb\"},\"inLanguage\":\"pt-BR\",\"potentialAction\":[{\"@type\":\"ReadAction\",\"target\":[\"https:\/\/www.oarcanjo.net\/site\/testemunhas-de-jesus-cristo-na-cidade-de-sao-paulo-2\/\"]}]},{\"@type\":\"ImageObject\",\"inLanguage\":\"pt-BR\",\"@id\":\"https:\/\/www.oarcanjo.net\/site\/testemunhas-de-jesus-cristo-na-cidade-de-sao-paulo-2\/#primaryimage\",\"url\":\"https:\/\/www.oarcanjo.net\/site\/wp-content\/uploads\/11-Plano-Pastoral-Thumbnail.jpg\",\"contentUrl\":\"https:\/\/www.oarcanjo.net\/site\/wp-content\/uploads\/11-Plano-Pastoral-Thumbnail.jpg\",\"width\":\"137\",\"height\":\"200\",\"caption\":\"11\u00ba Plano de Pastoral\"},{\"@type\":\"BreadcrumbList\",\"@id\":\"https:\/\/www.oarcanjo.net\/site\/testemunhas-de-jesus-cristo-na-cidade-de-sao-paulo-2\/#breadcrumb\",\"itemListElement\":[{\"@type\":\"ListItem\",\"position\":1,\"name\":\"In\u00edcio\",\"item\":\"https:\/\/www.oarcanjo.net\/site\/\"},{\"@type\":\"ListItem\",\"position\":2,\"name\":\"Testemunhas de Jesus Cristo na cidade de S\u00e3o Paulo\"}]},{\"@type\":\"WebSite\",\"@id\":\"https:\/\/www.oarcanjo.net\/site\/#website\",\"url\":\"https:\/\/www.oarcanjo.net\/site\/\",\"name\":\"O Arcanjo no ar\",\"description\":\"Site da Par\u00f3quia S\u00e3o Miguel Arcanjo (Arquidiocese de SP)\",\"publisher\":{\"@id\":\"https:\/\/www.oarcanjo.net\/site\/#organization\"},\"potentialAction\":[{\"@type\":\"SearchAction\",\"target\":{\"@type\":\"EntryPoint\",\"urlTemplate\":\"https:\/\/www.oarcanjo.net\/site\/?s={search_term_string}\"},\"query-input\":{\"@type\":\"PropertyValueSpecification\",\"valueRequired\":true,\"valueName\":\"search_term_string\"}}],\"inLanguage\":\"pt-BR\"},{\"@type\":\"Organization\",\"@id\":\"https:\/\/www.oarcanjo.net\/site\/#organization\",\"name\":\"Par\u00f3quia S\u00e3o Miguel Arcanjo\",\"url\":\"https:\/\/www.oarcanjo.net\/site\/\",\"logo\":{\"@type\":\"ImageObject\",\"inLanguage\":\"pt-BR\",\"@id\":\"https:\/\/www.oarcanjo.net\/site\/#\/schema\/logo\/image\/\",\"url\":\"https:\/\/www.oarcanjo.net\/site\/wp-content\/uploads\/LogoOArcanjo.png\",\"contentUrl\":\"https:\/\/www.oarcanjo.net\/site\/wp-content\/uploads\/LogoOArcanjo.png\",\"width\":319,\"height\":99,\"caption\":\"Par\u00f3quia S\u00e3o Miguel Arcanjo\"},\"image\":{\"@id\":\"https:\/\/www.oarcanjo.net\/site\/#\/schema\/logo\/image\/\"},\"sameAs\":[\"https:\/\/www.facebook.com\/OArcanjoNoAr\/\"]},{\"@type\":\"Person\",\"@id\":\"https:\/\/www.oarcanjo.net\/site\/#\/schema\/person\/f7024d007863202483a31326673a0838\",\"name\":\"editor\",\"sameAs\":[\"http:\/\/www.oarcanjo.net\"]}]}<\/script>\n<!-- \/ Yoast SEO plugin. -->","yoast_head_json":{"title":"Testemunhas de Jesus Cristo na cidade de S\u00e3o Paulo - O Arcanjo no ar","robots":{"index":"index","follow":"follow","max-snippet":"max-snippet:-1","max-image-preview":"max-image-preview:large","max-video-preview":"max-video-preview:-1"},"canonical":"https:\/\/www.oarcanjo.net\/site\/testemunhas-de-jesus-cristo-na-cidade-de-sao-paulo-2\/","og_locale":"pt_BR","og_type":"article","og_title":"Testemunhas de Jesus Cristo na cidade de S\u00e3o Paulo - O Arcanjo no ar","og_description":"Quais s\u00e3o os objetivos da presen\u00e7a da Igreja numa cidade? Tantas poderiam ser as respostas, mas uma delas \u00e9 a principal: a Igreja est\u00e1 na cidade e em qualquer parte para ser testemunha de Jesus Cristo e do Evangelho do Reino de Deus. E para isso que a Arquidiocese de S\u00e3o Paulo, enquanto express\u00e3o local [&hellip;]","og_url":"https:\/\/www.oarcanjo.net\/site\/testemunhas-de-jesus-cristo-na-cidade-de-sao-paulo-2\/","og_site_name":"O Arcanjo no ar","article_publisher":"https:\/\/www.facebook.com\/OArcanjoNoAr\/","article_published_time":"2012-09-28T15:13:55+00:00","article_modified_time":"2012-09-28T15:41:52+00:00","og_image":[{"url":"http:\/\/www.oarcanjo.net\/site\/wp-content\/uploads\/11-Plano-Pastoral-Thumbnail.jpg"}],"author":"editor","twitter_card":"summary_large_image","twitter_misc":{"Escrito por":"editor","Est. tempo de leitura":"4 minutos"},"schema":{"@context":"https:\/\/schema.org","@graph":[{"@type":"Article","@id":"https:\/\/www.oarcanjo.net\/site\/testemunhas-de-jesus-cristo-na-cidade-de-sao-paulo-2\/#article","isPartOf":{"@id":"https:\/\/www.oarcanjo.net\/site\/testemunhas-de-jesus-cristo-na-cidade-de-sao-paulo-2\/"},"author":{"name":"editor","@id":"https:\/\/www.oarcanjo.net\/site\/#\/schema\/person\/f7024d007863202483a31326673a0838"},"headline":"Testemunhas de Jesus Cristo na cidade de S\u00e3o Paulo","datePublished":"2012-09-28T15:13:55+00:00","dateModified":"2012-09-28T15:41:52+00:00","mainEntityOfPage":{"@id":"https:\/\/www.oarcanjo.net\/site\/testemunhas-de-jesus-cristo-na-cidade-de-sao-paulo-2\/"},"wordCount":828,"commentCount":0,"publisher":{"@id":"https:\/\/www.oarcanjo.net\/site\/#organization"},"image":{"@id":"https:\/\/www.oarcanjo.net\/site\/testemunhas-de-jesus-cristo-na-cidade-de-sao-paulo-2\/#primaryimage"},"thumbnailUrl":"http:\/\/www.oarcanjo.net\/site\/wp-content\/uploads\/11-Plano-Pastoral-Thumbnail.jpg","keywords":["11\u00b0 Plano de Pastoral","A\u00e7\u00e3o Evangelizadora da Igreja no Brasil","Ano da F\u00e9","Arquidiocese de S\u00e3o Paulo","Cardeal Odilo Pedro Scherer"],"articleSection":["Destaques","Reflex\u00f5es"],"inLanguage":"pt-BR","potentialAction":[{"@type":"CommentAction","name":"Comment","target":["https:\/\/www.oarcanjo.net\/site\/testemunhas-de-jesus-cristo-na-cidade-de-sao-paulo-2\/#respond"]}]},{"@type":"WebPage","@id":"https:\/\/www.oarcanjo.net\/site\/testemunhas-de-jesus-cristo-na-cidade-de-sao-paulo-2\/","url":"https:\/\/www.oarcanjo.net\/site\/testemunhas-de-jesus-cristo-na-cidade-de-sao-paulo-2\/","name":"Testemunhas de Jesus Cristo na cidade de S\u00e3o Paulo - O Arcanjo no ar","isPartOf":{"@id":"https:\/\/www.oarcanjo.net\/site\/#website"},"primaryImageOfPage":{"@id":"https:\/\/www.oarcanjo.net\/site\/testemunhas-de-jesus-cristo-na-cidade-de-sao-paulo-2\/#primaryimage"},"image":{"@id":"https:\/\/www.oarcanjo.net\/site\/testemunhas-de-jesus-cristo-na-cidade-de-sao-paulo-2\/#primaryimage"},"thumbnailUrl":"http:\/\/www.oarcanjo.net\/site\/wp-content\/uploads\/11-Plano-Pastoral-Thumbnail.jpg","datePublished":"2012-09-28T15:13:55+00:00","dateModified":"2012-09-28T15:41:52+00:00","breadcrumb":{"@id":"https:\/\/www.oarcanjo.net\/site\/testemunhas-de-jesus-cristo-na-cidade-de-sao-paulo-2\/#breadcrumb"},"inLanguage":"pt-BR","potentialAction":[{"@type":"ReadAction","target":["https:\/\/www.oarcanjo.net\/site\/testemunhas-de-jesus-cristo-na-cidade-de-sao-paulo-2\/"]}]},{"@type":"ImageObject","inLanguage":"pt-BR","@id":"https:\/\/www.oarcanjo.net\/site\/testemunhas-de-jesus-cristo-na-cidade-de-sao-paulo-2\/#primaryimage","url":"https:\/\/www.oarcanjo.net\/site\/wp-content\/uploads\/11-Plano-Pastoral-Thumbnail.jpg","contentUrl":"https:\/\/www.oarcanjo.net\/site\/wp-content\/uploads\/11-Plano-Pastoral-Thumbnail.jpg","width":"137","height":"200","caption":"11\u00ba Plano de Pastoral"},{"@type":"BreadcrumbList","@id":"https:\/\/www.oarcanjo.net\/site\/testemunhas-de-jesus-cristo-na-cidade-de-sao-paulo-2\/#breadcrumb","itemListElement":[{"@type":"ListItem","position":1,"name":"In\u00edcio","item":"https:\/\/www.oarcanjo.net\/site\/"},{"@type":"ListItem","position":2,"name":"Testemunhas de Jesus Cristo na cidade de S\u00e3o Paulo"}]},{"@type":"WebSite","@id":"https:\/\/www.oarcanjo.net\/site\/#website","url":"https:\/\/www.oarcanjo.net\/site\/","name":"O Arcanjo no ar","description":"Site da Par\u00f3quia S\u00e3o Miguel Arcanjo (Arquidiocese de SP)","publisher":{"@id":"https:\/\/www.oarcanjo.net\/site\/#organization"},"potentialAction":[{"@type":"SearchAction","target":{"@type":"EntryPoint","urlTemplate":"https:\/\/www.oarcanjo.net\/site\/?s={search_term_string}"},"query-input":{"@type":"PropertyValueSpecification","valueRequired":true,"valueName":"search_term_string"}}],"inLanguage":"pt-BR"},{"@type":"Organization","@id":"https:\/\/www.oarcanjo.net\/site\/#organization","name":"Par\u00f3quia S\u00e3o Miguel Arcanjo","url":"https:\/\/www.oarcanjo.net\/site\/","logo":{"@type":"ImageObject","inLanguage":"pt-BR","@id":"https:\/\/www.oarcanjo.net\/site\/#\/schema\/logo\/image\/","url":"https:\/\/www.oarcanjo.net\/site\/wp-content\/uploads\/LogoOArcanjo.png","contentUrl":"https:\/\/www.oarcanjo.net\/site\/wp-content\/uploads\/LogoOArcanjo.png","width":319,"height":99,"caption":"Par\u00f3quia S\u00e3o Miguel Arcanjo"},"image":{"@id":"https:\/\/www.oarcanjo.net\/site\/#\/schema\/logo\/image\/"},"sameAs":["https:\/\/www.facebook.com\/OArcanjoNoAr\/"]},{"@type":"Person","@id":"https:\/\/www.oarcanjo.net\/site\/#\/schema\/person\/f7024d007863202483a31326673a0838","name":"editor","sameAs":["http:\/\/www.oarcanjo.net"]}]}},"publishpress_future_action":{"enabled":false,"date":"2026-05-09 06:31:54","action":"category","newStatus":"draft","terms":[],"taxonomy":"category"},"publishpress_future_workflow_manual_trigger":{"enabledWorkflows":[]},"_links":{"self":[{"href":"https:\/\/www.oarcanjo.net\/site\/wp-json\/wp\/v2\/posts\/19462"}],"collection":[{"href":"https:\/\/www.oarcanjo.net\/site\/wp-json\/wp\/v2\/posts"}],"about":[{"href":"https:\/\/www.oarcanjo.net\/site\/wp-json\/wp\/v2\/types\/post"}],"author":[{"embeddable":true,"href":"https:\/\/www.oarcanjo.net\/site\/wp-json\/wp\/v2\/users\/5"}],"replies":[{"embeddable":true,"href":"https:\/\/www.oarcanjo.net\/site\/wp-json\/wp\/v2\/comments?post=19462"}],"version-history":[{"count":0,"href":"https:\/\/www.oarcanjo.net\/site\/wp-json\/wp\/v2\/posts\/19462\/revisions"}],"wp:attachment":[{"href":"https:\/\/www.oarcanjo.net\/site\/wp-json\/wp\/v2\/media?parent=19462"}],"wp:term":[{"taxonomy":"category","embeddable":true,"href":"https:\/\/www.oarcanjo.net\/site\/wp-json\/wp\/v2\/categories?post=19462"},{"taxonomy":"post_tag","embeddable":true,"href":"https:\/\/www.oarcanjo.net\/site\/wp-json\/wp\/v2\/tags?post=19462"}],"curies":[{"name":"wp","href":"https:\/\/api.w.org\/{rel}","templated":true}]}}