
{"id":19474,"date":"2012-09-28T13:12:53","date_gmt":"2012-09-28T16:12:53","guid":{"rendered":"http:\/\/www.oarcanjo.net\/site\/?p=19474"},"modified":"2012-09-28T13:18:58","modified_gmt":"2012-09-28T16:18:58","slug":"amar-a-todos-dom-sergio","status":"publish","type":"post","link":"https:\/\/www.oarcanjo.net\/site\/amar-a-todos-dom-sergio\/","title":{"rendered":"Amar a todos &#8211; Dom S\u00e9rgio"},"content":{"rendered":"<p>Dom Sergio da Rocha*<\/p>\n<p style=\"text-align: justify\"><a href=\"http:\/\/www.oarcanjo.net\/site\/wp-content\/uploads\/300502_159988240759727_100002456578485_296584_1555955916_a.jpg\"><\/a><a href=\"http:\/\/www.oarcanjo.net\/site\/wp-content\/uploads\/300502_159988240759727_100002456578485_296584_1555955916_a1.jpg\"><img loading=\"lazy\" decoding=\"async\" class=\"alignleft size-thumbnail wp-image-19478\" src=\"http:\/\/www.oarcanjo.net\/site\/wp-content\/uploads\/300502_159988240759727_100002456578485_296584_1555955916_a1-150x150.jpg\" alt=\"\" width=\"150\" height=\"150\" \/><\/a>O texto de Marcos, hoje proclamado, nos apresenta uma s\u00e9rie de \u201cditos\u201d de Jesus, com v\u00e1rias exig\u00eancias que os disc\u00edpulos devem viver. O epis\u00f3dio relatado se passa em Cafarnaum (cf. Mc 9,33), com Jesus rodeado dos disc\u00edpulos, prestes a iniciar a sua grande viagem para Jerusal\u00e9m, onde sofrer\u00e1 a Paix\u00e3o. O principal tema abordado, pois aparece tamb\u00e9m na primeira leitura, est\u00e1 logo no in\u00edcio: como comportar-se diante de quem faz o bem, mas n\u00e3o est\u00e1 no grupo dos disc\u00edpulos. A express\u00e3o \u201cele n\u00e3o nos segue\u201d (Mc 9,38), descrevendo a rea\u00e7\u00e3o de Jo\u00e3o, poderia tamb\u00e9m ser traduzida por \u201cele n\u00e3o \u00e9 dos nossos\u201d. Jo\u00e3o denota ci\u00fames e fechamento, ao querer impedir a boa a\u00e7\u00e3o de quem n\u00e3o pertencia ao grupo dos disc\u00edpulos. Na perspectiva de Jesus, quem faz o bem em favor das pessoas, est\u00e1 do seu lado.<\/p>\n<p style=\"text-align: justify\">O verdadeiro disc\u00edpulo n\u00e3o tem inveja do bem que os outros possam fazer, nem demonstra ci\u00fames diante da a\u00e7\u00e3o de Deus atrav\u00e9s das diferentes pessoas. O sectarismo, a intoler\u00e2ncia e ci\u00fames n\u00e3o condizem com a comunidade dos disc\u00edpulos. Este epis\u00f3dio narrado por Marcos faz recordar o que ocorreu nos tempos de Mois\u00e9s, conforme o Livro dos N\u00fameros (Nm 11,25-29), quando Josu\u00e9 n\u00e3o admitiu que aqueles fora do acampamento pudessem profetizar. Ao contr\u00e1rio da postura de Josu\u00e9, Mois\u00e9s reconhece que o Esp\u00edrito de Deus sopra onde quer e pode se manifestar atrav\u00e9s de quem ele quiser. Por isso, \u00e9 preciso abertura para reconhecer e valorizar a presen\u00e7a de Deus onde quer que ele se manifeste. \u00c9 preciso amar a todos!<\/p>\n<p style=\"text-align: justify\">A segunda \u201cpalavra\u201d de Jesus, no Evangelho meditado, adverte a n\u00e3o escandalizar os \u201cpequeninos\u201d. A express\u00e3o se refere aos membros da comunidade em situa\u00e7\u00e3o de fragilidade, inclusive na f\u00e9. Como s\u00e3o tratados? O \u201cesc\u00e2ndalo\u201d significa a pedra ou obst\u00e1culo que se coloca no caminho, impedindo ou dificultando o seguimento de Cristo. Por fim, o terceiro \u201cdito\u201d de Jesus faz pensar sobre o que \u00e9 preciso cortar da pr\u00f3pria vida para segui-lo com seriedade. \u00c9 preciso arrancar da pr\u00f3pria vida os sentimentos e atitudes que n\u00e3o s\u00e3o compat\u00edveis com o Evangelho. Quem n\u00e3o fizer assim, ao inv\u00e9s da vida e da salva\u00e7\u00e3o, encontrar\u00e1 a condena\u00e7\u00e3o e a morte eterna.<\/p>\n<p style=\"text-align: justify\">Na segunda leitura, continuamos a meditar a Carta de S\u00e3o Tiago que, na passagem de hoje, faz uma dura condena\u00e7\u00e3o dos que acumulam riquezas, explorando os pobres, praticando a injusti\u00e7a e vivendo luxuosamente (Tg 5,4-6). A Carta mostra as consequ\u00eancias tristes para quem coloca a confian\u00e7a nos bens materiais, que enferrujam e apodrecem.<\/p>\n<p style=\"text-align: justify\">Neste dia da B\u00edblia, vamos assumir o compromisso de continuar a ler, a meditar e a acolher a Palavra de Deus, em nossa vida cotidiana, numa atitude de escuta atenta e de cumprimento fiel, pois ela \u00e9 \u201cPalavra da Salva\u00e7\u00e3o\u201d!<\/p>\n<p style=\"text-align: justify\">&nbsp;<\/p>\n<div>\n<h3><\/h3>\n<div>\n<div>*Arcebispo Metropolitano de Bras\u00edlia<\/div>\n<\/div>\n<\/div>\n<div>\n<div>Postado por\u00a0<a title=\"author profile\" rel=\"author\" href=\"http:\/\/www.blogger.com\/profile\/12037961757835243213\">Par\u00f3quia de Santo Afonso<\/a><\/div>\n<\/div>\n<p>&nbsp;<\/p>\n<div id=\"themify_builder_content-19474\" data-postid=\"19474\" class=\"themify_builder_content themify_builder_content-19474 themify_builder themify_builder_front\">\n\t<\/div>\n<!-- \/themify_builder_content -->","protected":false},"excerpt":{"rendered":"<p>Dom Sergio da Rocha* O texto de Marcos, hoje proclamado, nos apresenta uma s\u00e9rie de \u201cditos\u201d de Jesus, com v\u00e1rias exig\u00eancias que os disc\u00edpulos devem viver. O epis\u00f3dio relatado se passa em Cafarnaum (cf. Mc 9,33), com Jesus rodeado dos disc\u00edpulos, prestes a iniciar a sua grande viagem para Jerusal\u00e9m, onde sofrer\u00e1 a Paix\u00e3o. O [&hellip;]<\/p>\n","protected":false},"author":17,"featured_media":0,"comment_status":"open","ping_status":"open","sticky":false,"template":"","format":"standard","meta":{"ngg_post_thumbnail":0,"footnotes":""},"categories":[9],"tags":[],"yoast_head":"<!-- This site is optimized with the Yoast SEO plugin v23.5 - https:\/\/yoast.com\/wordpress\/plugins\/seo\/ -->\n<title>Amar a todos - Dom S\u00e9rgio - O Arcanjo no ar<\/title>\n<meta name=\"robots\" content=\"index, follow, max-snippet:-1, max-image-preview:large, max-video-preview:-1\" \/>\n<link rel=\"canonical\" href=\"https:\/\/www.oarcanjo.net\/site\/amar-a-todos-dom-sergio\/\" \/>\n<meta property=\"og:locale\" content=\"pt_BR\" \/>\n<meta property=\"og:type\" content=\"article\" \/>\n<meta property=\"og:title\" content=\"Amar a todos - Dom S\u00e9rgio - O Arcanjo no ar\" \/>\n<meta property=\"og:description\" content=\"Dom Sergio da Rocha* O texto de Marcos, hoje proclamado, nos apresenta uma s\u00e9rie de \u201cditos\u201d de Jesus, com v\u00e1rias exig\u00eancias que os disc\u00edpulos devem viver. O epis\u00f3dio relatado se passa em Cafarnaum (cf. Mc 9,33), com Jesus rodeado dos disc\u00edpulos, prestes a iniciar a sua grande viagem para Jerusal\u00e9m, onde sofrer\u00e1 a Paix\u00e3o. O [&hellip;]\" \/>\n<meta property=\"og:url\" content=\"https:\/\/www.oarcanjo.net\/site\/amar-a-todos-dom-sergio\/\" \/>\n<meta property=\"og:site_name\" content=\"O Arcanjo no ar\" \/>\n<meta property=\"article:publisher\" content=\"https:\/\/www.facebook.com\/OArcanjoNoAr\/\" \/>\n<meta property=\"article:published_time\" content=\"2012-09-28T16:12:53+00:00\" \/>\n<meta property=\"article:modified_time\" content=\"2012-09-28T16:18:58+00:00\" \/>\n<meta property=\"og:image\" content=\"http:\/\/www.oarcanjo.net\/site\/wp-content\/uploads\/300502_159988240759727_100002456578485_296584_1555955916_a1-150x150.jpg\" \/>\n<meta name=\"author\" content=\"pe.geovane\" \/>\n<meta name=\"twitter:card\" content=\"summary_large_image\" \/>\n<meta name=\"twitter:label1\" content=\"Escrito por\" \/>\n\t<meta name=\"twitter:data1\" content=\"pe.geovane\" \/>\n\t<meta name=\"twitter:label2\" content=\"Est. tempo de leitura\" \/>\n\t<meta name=\"twitter:data2\" content=\"3 minutos\" \/>\n<script type=\"application\/ld+json\" class=\"yoast-schema-graph\">{\"@context\":\"https:\/\/schema.org\",\"@graph\":[{\"@type\":\"Article\",\"@id\":\"https:\/\/www.oarcanjo.net\/site\/amar-a-todos-dom-sergio\/#article\",\"isPartOf\":{\"@id\":\"https:\/\/www.oarcanjo.net\/site\/amar-a-todos-dom-sergio\/\"},\"author\":{\"name\":\"pe.geovane\",\"@id\":\"https:\/\/www.oarcanjo.net\/site\/#\/schema\/person\/58d7f78850a973b8e467c7ae4a7eb4ad\"},\"headline\":\"Amar a todos &#8211; Dom S\u00e9rgio\",\"datePublished\":\"2012-09-28T16:12:53+00:00\",\"dateModified\":\"2012-09-28T16:18:58+00:00\",\"mainEntityOfPage\":{\"@id\":\"https:\/\/www.oarcanjo.net\/site\/amar-a-todos-dom-sergio\/\"},\"wordCount\":537,\"commentCount\":0,\"publisher\":{\"@id\":\"https:\/\/www.oarcanjo.net\/site\/#organization\"},\"image\":{\"@id\":\"https:\/\/www.oarcanjo.net\/site\/amar-a-todos-dom-sergio\/#primaryimage\"},\"thumbnailUrl\":\"http:\/\/www.oarcanjo.net\/site\/wp-content\/uploads\/300502_159988240759727_100002456578485_296584_1555955916_a1-150x150.jpg\",\"articleSection\":[\"Reflex\u00f5es\"],\"inLanguage\":\"pt-BR\",\"potentialAction\":[{\"@type\":\"CommentAction\",\"name\":\"Comment\",\"target\":[\"https:\/\/www.oarcanjo.net\/site\/amar-a-todos-dom-sergio\/#respond\"]}]},{\"@type\":\"WebPage\",\"@id\":\"https:\/\/www.oarcanjo.net\/site\/amar-a-todos-dom-sergio\/\",\"url\":\"https:\/\/www.oarcanjo.net\/site\/amar-a-todos-dom-sergio\/\",\"name\":\"Amar a todos - Dom S\u00e9rgio - O Arcanjo no ar\",\"isPartOf\":{\"@id\":\"https:\/\/www.oarcanjo.net\/site\/#website\"},\"primaryImageOfPage\":{\"@id\":\"https:\/\/www.oarcanjo.net\/site\/amar-a-todos-dom-sergio\/#primaryimage\"},\"image\":{\"@id\":\"https:\/\/www.oarcanjo.net\/site\/amar-a-todos-dom-sergio\/#primaryimage\"},\"thumbnailUrl\":\"http:\/\/www.oarcanjo.net\/site\/wp-content\/uploads\/300502_159988240759727_100002456578485_296584_1555955916_a1-150x150.jpg\",\"datePublished\":\"2012-09-28T16:12:53+00:00\",\"dateModified\":\"2012-09-28T16:18:58+00:00\",\"breadcrumb\":{\"@id\":\"https:\/\/www.oarcanjo.net\/site\/amar-a-todos-dom-sergio\/#breadcrumb\"},\"inLanguage\":\"pt-BR\",\"potentialAction\":[{\"@type\":\"ReadAction\",\"target\":[\"https:\/\/www.oarcanjo.net\/site\/amar-a-todos-dom-sergio\/\"]}]},{\"@type\":\"ImageObject\",\"inLanguage\":\"pt-BR\",\"@id\":\"https:\/\/www.oarcanjo.net\/site\/amar-a-todos-dom-sergio\/#primaryimage\",\"url\":\"https:\/\/www.oarcanjo.net\/site\/wp-content\/uploads\/300502_159988240759727_100002456578485_296584_1555955916_a1.jpg\",\"contentUrl\":\"https:\/\/www.oarcanjo.net\/site\/wp-content\/uploads\/300502_159988240759727_100002456578485_296584_1555955916_a1.jpg\",\"width\":\"180\",\"height\":\"201\"},{\"@type\":\"BreadcrumbList\",\"@id\":\"https:\/\/www.oarcanjo.net\/site\/amar-a-todos-dom-sergio\/#breadcrumb\",\"itemListElement\":[{\"@type\":\"ListItem\",\"position\":1,\"name\":\"In\u00edcio\",\"item\":\"https:\/\/www.oarcanjo.net\/site\/\"},{\"@type\":\"ListItem\",\"position\":2,\"name\":\"Amar a todos &#8211; Dom S\u00e9rgio\"}]},{\"@type\":\"WebSite\",\"@id\":\"https:\/\/www.oarcanjo.net\/site\/#website\",\"url\":\"https:\/\/www.oarcanjo.net\/site\/\",\"name\":\"O Arcanjo no ar\",\"description\":\"Site da Par\u00f3quia S\u00e3o Miguel Arcanjo (Arquidiocese de SP)\",\"publisher\":{\"@id\":\"https:\/\/www.oarcanjo.net\/site\/#organization\"},\"potentialAction\":[{\"@type\":\"SearchAction\",\"target\":{\"@type\":\"EntryPoint\",\"urlTemplate\":\"https:\/\/www.oarcanjo.net\/site\/?s={search_term_string}\"},\"query-input\":{\"@type\":\"PropertyValueSpecification\",\"valueRequired\":true,\"valueName\":\"search_term_string\"}}],\"inLanguage\":\"pt-BR\"},{\"@type\":\"Organization\",\"@id\":\"https:\/\/www.oarcanjo.net\/site\/#organization\",\"name\":\"Par\u00f3quia S\u00e3o Miguel Arcanjo\",\"url\":\"https:\/\/www.oarcanjo.net\/site\/\",\"logo\":{\"@type\":\"ImageObject\",\"inLanguage\":\"pt-BR\",\"@id\":\"https:\/\/www.oarcanjo.net\/site\/#\/schema\/logo\/image\/\",\"url\":\"https:\/\/www.oarcanjo.net\/site\/wp-content\/uploads\/LogoOArcanjo.png\",\"contentUrl\":\"https:\/\/www.oarcanjo.net\/site\/wp-content\/uploads\/LogoOArcanjo.png\",\"width\":319,\"height\":99,\"caption\":\"Par\u00f3quia S\u00e3o Miguel Arcanjo\"},\"image\":{\"@id\":\"https:\/\/www.oarcanjo.net\/site\/#\/schema\/logo\/image\/\"},\"sameAs\":[\"https:\/\/www.facebook.com\/OArcanjoNoAr\/\"]},{\"@type\":\"Person\",\"@id\":\"https:\/\/www.oarcanjo.net\/site\/#\/schema\/person\/58d7f78850a973b8e467c7ae4a7eb4ad\",\"name\":\"pe.geovane\"}]}<\/script>\n<!-- \/ Yoast SEO plugin. -->","yoast_head_json":{"title":"Amar a todos - Dom S\u00e9rgio - O Arcanjo no ar","robots":{"index":"index","follow":"follow","max-snippet":"max-snippet:-1","max-image-preview":"max-image-preview:large","max-video-preview":"max-video-preview:-1"},"canonical":"https:\/\/www.oarcanjo.net\/site\/amar-a-todos-dom-sergio\/","og_locale":"pt_BR","og_type":"article","og_title":"Amar a todos - Dom S\u00e9rgio - O Arcanjo no ar","og_description":"Dom Sergio da Rocha* O texto de Marcos, hoje proclamado, nos apresenta uma s\u00e9rie de \u201cditos\u201d de Jesus, com v\u00e1rias exig\u00eancias que os disc\u00edpulos devem viver. O epis\u00f3dio relatado se passa em Cafarnaum (cf. Mc 9,33), com Jesus rodeado dos disc\u00edpulos, prestes a iniciar a sua grande viagem para Jerusal\u00e9m, onde sofrer\u00e1 a Paix\u00e3o. O [&hellip;]","og_url":"https:\/\/www.oarcanjo.net\/site\/amar-a-todos-dom-sergio\/","og_site_name":"O Arcanjo no ar","article_publisher":"https:\/\/www.facebook.com\/OArcanjoNoAr\/","article_published_time":"2012-09-28T16:12:53+00:00","article_modified_time":"2012-09-28T16:18:58+00:00","og_image":[{"url":"http:\/\/www.oarcanjo.net\/site\/wp-content\/uploads\/300502_159988240759727_100002456578485_296584_1555955916_a1-150x150.jpg"}],"author":"pe.geovane","twitter_card":"summary_large_image","twitter_misc":{"Escrito por":"pe.geovane","Est. tempo de leitura":"3 minutos"},"schema":{"@context":"https:\/\/schema.org","@graph":[{"@type":"Article","@id":"https:\/\/www.oarcanjo.net\/site\/amar-a-todos-dom-sergio\/#article","isPartOf":{"@id":"https:\/\/www.oarcanjo.net\/site\/amar-a-todos-dom-sergio\/"},"author":{"name":"pe.geovane","@id":"https:\/\/www.oarcanjo.net\/site\/#\/schema\/person\/58d7f78850a973b8e467c7ae4a7eb4ad"},"headline":"Amar a todos &#8211; Dom S\u00e9rgio","datePublished":"2012-09-28T16:12:53+00:00","dateModified":"2012-09-28T16:18:58+00:00","mainEntityOfPage":{"@id":"https:\/\/www.oarcanjo.net\/site\/amar-a-todos-dom-sergio\/"},"wordCount":537,"commentCount":0,"publisher":{"@id":"https:\/\/www.oarcanjo.net\/site\/#organization"},"image":{"@id":"https:\/\/www.oarcanjo.net\/site\/amar-a-todos-dom-sergio\/#primaryimage"},"thumbnailUrl":"http:\/\/www.oarcanjo.net\/site\/wp-content\/uploads\/300502_159988240759727_100002456578485_296584_1555955916_a1-150x150.jpg","articleSection":["Reflex\u00f5es"],"inLanguage":"pt-BR","potentialAction":[{"@type":"CommentAction","name":"Comment","target":["https:\/\/www.oarcanjo.net\/site\/amar-a-todos-dom-sergio\/#respond"]}]},{"@type":"WebPage","@id":"https:\/\/www.oarcanjo.net\/site\/amar-a-todos-dom-sergio\/","url":"https:\/\/www.oarcanjo.net\/site\/amar-a-todos-dom-sergio\/","name":"Amar a todos - Dom S\u00e9rgio - O Arcanjo no ar","isPartOf":{"@id":"https:\/\/www.oarcanjo.net\/site\/#website"},"primaryImageOfPage":{"@id":"https:\/\/www.oarcanjo.net\/site\/amar-a-todos-dom-sergio\/#primaryimage"},"image":{"@id":"https:\/\/www.oarcanjo.net\/site\/amar-a-todos-dom-sergio\/#primaryimage"},"thumbnailUrl":"http:\/\/www.oarcanjo.net\/site\/wp-content\/uploads\/300502_159988240759727_100002456578485_296584_1555955916_a1-150x150.jpg","datePublished":"2012-09-28T16:12:53+00:00","dateModified":"2012-09-28T16:18:58+00:00","breadcrumb":{"@id":"https:\/\/www.oarcanjo.net\/site\/amar-a-todos-dom-sergio\/#breadcrumb"},"inLanguage":"pt-BR","potentialAction":[{"@type":"ReadAction","target":["https:\/\/www.oarcanjo.net\/site\/amar-a-todos-dom-sergio\/"]}]},{"@type":"ImageObject","inLanguage":"pt-BR","@id":"https:\/\/www.oarcanjo.net\/site\/amar-a-todos-dom-sergio\/#primaryimage","url":"https:\/\/www.oarcanjo.net\/site\/wp-content\/uploads\/300502_159988240759727_100002456578485_296584_1555955916_a1.jpg","contentUrl":"https:\/\/www.oarcanjo.net\/site\/wp-content\/uploads\/300502_159988240759727_100002456578485_296584_1555955916_a1.jpg","width":"180","height":"201"},{"@type":"BreadcrumbList","@id":"https:\/\/www.oarcanjo.net\/site\/amar-a-todos-dom-sergio\/#breadcrumb","itemListElement":[{"@type":"ListItem","position":1,"name":"In\u00edcio","item":"https:\/\/www.oarcanjo.net\/site\/"},{"@type":"ListItem","position":2,"name":"Amar a todos &#8211; Dom S\u00e9rgio"}]},{"@type":"WebSite","@id":"https:\/\/www.oarcanjo.net\/site\/#website","url":"https:\/\/www.oarcanjo.net\/site\/","name":"O Arcanjo no ar","description":"Site da Par\u00f3quia S\u00e3o Miguel Arcanjo (Arquidiocese de SP)","publisher":{"@id":"https:\/\/www.oarcanjo.net\/site\/#organization"},"potentialAction":[{"@type":"SearchAction","target":{"@type":"EntryPoint","urlTemplate":"https:\/\/www.oarcanjo.net\/site\/?s={search_term_string}"},"query-input":{"@type":"PropertyValueSpecification","valueRequired":true,"valueName":"search_term_string"}}],"inLanguage":"pt-BR"},{"@type":"Organization","@id":"https:\/\/www.oarcanjo.net\/site\/#organization","name":"Par\u00f3quia S\u00e3o Miguel Arcanjo","url":"https:\/\/www.oarcanjo.net\/site\/","logo":{"@type":"ImageObject","inLanguage":"pt-BR","@id":"https:\/\/www.oarcanjo.net\/site\/#\/schema\/logo\/image\/","url":"https:\/\/www.oarcanjo.net\/site\/wp-content\/uploads\/LogoOArcanjo.png","contentUrl":"https:\/\/www.oarcanjo.net\/site\/wp-content\/uploads\/LogoOArcanjo.png","width":319,"height":99,"caption":"Par\u00f3quia S\u00e3o Miguel Arcanjo"},"image":{"@id":"https:\/\/www.oarcanjo.net\/site\/#\/schema\/logo\/image\/"},"sameAs":["https:\/\/www.facebook.com\/OArcanjoNoAr\/"]},{"@type":"Person","@id":"https:\/\/www.oarcanjo.net\/site\/#\/schema\/person\/58d7f78850a973b8e467c7ae4a7eb4ad","name":"pe.geovane"}]}},"publishpress_future_action":{"enabled":false,"date":"2026-05-09 07:57:44","action":"category","newStatus":"draft","terms":[],"taxonomy":"category"},"publishpress_future_workflow_manual_trigger":{"enabledWorkflows":[]},"_links":{"self":[{"href":"https:\/\/www.oarcanjo.net\/site\/wp-json\/wp\/v2\/posts\/19474"}],"collection":[{"href":"https:\/\/www.oarcanjo.net\/site\/wp-json\/wp\/v2\/posts"}],"about":[{"href":"https:\/\/www.oarcanjo.net\/site\/wp-json\/wp\/v2\/types\/post"}],"author":[{"embeddable":true,"href":"https:\/\/www.oarcanjo.net\/site\/wp-json\/wp\/v2\/users\/17"}],"replies":[{"embeddable":true,"href":"https:\/\/www.oarcanjo.net\/site\/wp-json\/wp\/v2\/comments?post=19474"}],"version-history":[{"count":0,"href":"https:\/\/www.oarcanjo.net\/site\/wp-json\/wp\/v2\/posts\/19474\/revisions"}],"wp:attachment":[{"href":"https:\/\/www.oarcanjo.net\/site\/wp-json\/wp\/v2\/media?parent=19474"}],"wp:term":[{"taxonomy":"category","embeddable":true,"href":"https:\/\/www.oarcanjo.net\/site\/wp-json\/wp\/v2\/categories?post=19474"},{"taxonomy":"post_tag","embeddable":true,"href":"https:\/\/www.oarcanjo.net\/site\/wp-json\/wp\/v2\/tags?post=19474"}],"curies":[{"name":"wp","href":"https:\/\/api.w.org\/{rel}","templated":true}]}}