
{"id":19566,"date":"2017-11-09T00:34:03","date_gmt":"2017-11-09T02:34:03","guid":{"rendered":"http:\/\/www.oarcanjo.net\/site\/?p=19566"},"modified":"2017-08-11T14:59:58","modified_gmt":"2017-08-11T17:59:58","slug":"santo-orestes-2","status":"publish","type":"post","link":"https:\/\/www.oarcanjo.net\/site\/santo-orestes-2\/","title":{"rendered":"Santo Orestes"},"content":{"rendered":"<p><img loading=\"lazy\" decoding=\"async\" class=\"alignnone size-full wp-image-66888\" src=\"http:\/\/www.oarcanjo.net\/site\/wp-content\/uploads\/Santo-Orestes.jpg\" alt=\"Santo Orestes\" width=\"240\" height=\"300\" \/><\/p>\n<p>9 de Novembro<\/p>\n<p>Orestes \u00e9 um nome de origem rude, de tr\u00e1gica lembran\u00e7a, e muito divulgado no<br \/>\nmundo crist\u00e3o. Rude porque significa &#8220;homem da montanha&#8221;. De lembran\u00e7a tr\u00e1gica<br \/>\nporque, segundo a literatura grega, era filho de Agam\u00eanon, a quem vingou a morte<br \/>\nao matar a esposa ad\u00faltera, a pr\u00f3pria m\u00e3e. E divulgado entre os crist\u00e3os porque<br \/>\n\u00e9 o nome de um m\u00e1rtir da f\u00e9.<\/p>\n<p>No livro dos santos da Igreja, s\u00f3<br \/>\nencontramos um com este nome. Dele sabemos, com certeza, que no final da<br \/>\nAntiguidade era venerado como um m\u00e1rtir no dia de sua morte: 9 de novembro. E<br \/>\nque alguns mosteiros importantes foram dedicados a ele, como o da Capad\u00f3cia, no<br \/>\ns\u00e9culo IV.<\/p>\n<p>Mais tarde, soube-se da participa\u00e7\u00e3o de um monge do mosteiro<br \/>\nde santo Orestes no segundo Conc\u00edlio de Nic\u00e9ia, onde sa\u00edram condenados os<br \/>\nhereges iconoclastas, isto \u00e9, os crist\u00e3os que destru\u00edam as pinturas e objetos<br \/>\nsagrados.<\/p>\n<p>Provavelmente, esse monge era do Mosteiro da Capad\u00f3cia, onde<br \/>\nas rel\u00edquias mortais do m\u00e1rtir Orestes estavam guardadas. Como a sepultura<br \/>\nestava sob a constru\u00e7\u00e3o, os dados de santo Orestes nunca foram encontrados e<br \/>\nningu\u00e9m soube ao certo a sua origem.<\/p>\n<p>A tradi\u00e7\u00e3o relata sua vida<br \/>\ncome\u00e7ando pelo ponto culminante: a morte pelo testemunho da f\u00e9. A f\u00e9 crist\u00e3<br \/>\nsempre foi marcada, ao longo dos s\u00e9culos, pelos sacrif\u00edcios de seus seguidores,<br \/>\niniciados com a crucifica\u00e7\u00e3o pela Paix\u00e3o de Jesus Cristo. Orestes foi mais um<br \/>\ndesses m\u00e1rtires, provavelmente morrendo na \u00faltima persegui\u00e7\u00e3o aos crist\u00e3os<br \/>\ndecretada pelos romanos.<\/p>\n<p>Temos uma narra\u00e7\u00e3o milenar vinda da Capad\u00f3cia<br \/>\nque nos coloca Orestes como um m\u00e9dico acusado de incitar o povo contra a<br \/>\nidolatria. Um m\u00e9dico, de fato, pode exercer muita influ\u00eancia sobre o \u00e2nimo dos<br \/>\ndoentes, que est\u00e3o necessitados de ajuda material, mas que tamb\u00e9m precisam de<br \/>\nconforto espiritual. Denunciado como crist\u00e3o e pregador da nova f\u00e9, Orestes n\u00e3o<br \/>\nnegou.<\/p>\n<p>Durante o julgamento p\u00fablico, ele clamou que o c\u00e9u lhe concedesse<br \/>\num prod\u00edgio capaz de cair sobre o povo, que queria trair a verdade do<br \/>\ncristianismo. Imediatamente, foi atendido. Orestes, apenas com um sopro, fez as<br \/>\nest\u00e1tuas dos \u00eddolos voarem como folhas mortas e as colunas do templo ca\u00edrem,<br \/>\ncomo se fossem de fios de palha. Foi condenado \u00e0 morte.<\/p>\n<p>Mas antes foi<br \/>\ntorturado com pregos e arrastado por um cavalo. No final, com o cad\u00e1ver<br \/>\ndesfigurado, foi atirado num rio, que devolveu seu corpo refeito e coberto com<br \/>\numa magn\u00edfica t\u00fanica. Foi assim que as rel\u00edquias do m\u00e1rtir chegaram naquele<br \/>\nantigo local, onde existiu o famoso mosteiro de santo Orestes, na Capad\u00f3cia,<br \/>\natual Turquia.<\/p>\n<div id=\"themify_builder_content-19566\" data-postid=\"19566\" class=\"themify_builder_content themify_builder_content-19566 themify_builder themify_builder_front\">\n\t<\/div>\n<!-- \/themify_builder_content -->","protected":false},"excerpt":{"rendered":"<p>9 de Novembro Orestes \u00e9 um nome de origem rude, de tr\u00e1gica lembran\u00e7a, e muito divulgado no mundo crist\u00e3o. Rude porque significa &#8220;homem da montanha&#8221;. De lembran\u00e7a tr\u00e1gica porque, segundo a literatura grega, era filho de Agam\u00eanon, a quem vingou a morte ao matar a esposa ad\u00faltera, a pr\u00f3pria m\u00e3e. E divulgado entre os crist\u00e3os [&hellip;]<\/p>\n","protected":false},"author":14,"featured_media":0,"comment_status":"open","ping_status":"open","sticky":false,"template":"","format":"standard","meta":{"ngg_post_thumbnail":0,"footnotes":""},"categories":[186],"tags":[],"yoast_head":"<!-- This site is optimized with the Yoast SEO plugin v23.5 - https:\/\/yoast.com\/wordpress\/plugins\/seo\/ -->\n<title>Santo Orestes - O Arcanjo no ar<\/title>\n<meta name=\"robots\" content=\"index, follow, max-snippet:-1, max-image-preview:large, max-video-preview:-1\" \/>\n<link rel=\"canonical\" href=\"https:\/\/www.oarcanjo.net\/site\/santo-orestes-2\/\" \/>\n<meta property=\"og:locale\" content=\"pt_BR\" \/>\n<meta property=\"og:type\" content=\"article\" \/>\n<meta property=\"og:title\" content=\"Santo Orestes - O Arcanjo no ar\" \/>\n<meta property=\"og:description\" content=\"9 de Novembro Orestes \u00e9 um nome de origem rude, de tr\u00e1gica lembran\u00e7a, e muito divulgado no mundo crist\u00e3o. Rude porque significa &#8220;homem da montanha&#8221;. De lembran\u00e7a tr\u00e1gica porque, segundo a literatura grega, era filho de Agam\u00eanon, a quem vingou a morte ao matar a esposa ad\u00faltera, a pr\u00f3pria m\u00e3e. E divulgado entre os crist\u00e3os [&hellip;]\" \/>\n<meta property=\"og:url\" content=\"https:\/\/www.oarcanjo.net\/site\/santo-orestes-2\/\" \/>\n<meta property=\"og:site_name\" content=\"O Arcanjo no ar\" \/>\n<meta property=\"article:publisher\" content=\"https:\/\/www.facebook.com\/OArcanjoNoAr\/\" \/>\n<meta property=\"article:published_time\" content=\"2017-11-09T02:34:03+00:00\" \/>\n<meta property=\"article:modified_time\" content=\"2017-08-11T17:59:58+00:00\" \/>\n<meta property=\"og:image\" content=\"http:\/\/www.oarcanjo.net\/site\/wp-content\/uploads\/Santo-Orestes.jpg\" \/>\n<meta name=\"author\" content=\"danilo\" \/>\n<meta name=\"twitter:card\" content=\"summary_large_image\" \/>\n<meta name=\"twitter:label1\" content=\"Escrito por\" \/>\n\t<meta name=\"twitter:data1\" content=\"danilo\" \/>\n\t<meta name=\"twitter:label2\" content=\"Est. tempo de leitura\" \/>\n\t<meta name=\"twitter:data2\" content=\"2 minutos\" \/>\n<script type=\"application\/ld+json\" class=\"yoast-schema-graph\">{\"@context\":\"https:\/\/schema.org\",\"@graph\":[{\"@type\":\"Article\",\"@id\":\"https:\/\/www.oarcanjo.net\/site\/santo-orestes-2\/#article\",\"isPartOf\":{\"@id\":\"https:\/\/www.oarcanjo.net\/site\/santo-orestes-2\/\"},\"author\":{\"name\":\"danilo\",\"@id\":\"https:\/\/www.oarcanjo.net\/site\/#\/schema\/person\/5eb9480bedd2f3c97e430ce128c29c6c\"},\"headline\":\"Santo Orestes\",\"datePublished\":\"2017-11-09T02:34:03+00:00\",\"dateModified\":\"2017-08-11T17:59:58+00:00\",\"mainEntityOfPage\":{\"@id\":\"https:\/\/www.oarcanjo.net\/site\/santo-orestes-2\/\"},\"wordCount\":468,\"commentCount\":0,\"publisher\":{\"@id\":\"https:\/\/www.oarcanjo.net\/site\/#organization\"},\"image\":{\"@id\":\"https:\/\/www.oarcanjo.net\/site\/santo-orestes-2\/#primaryimage\"},\"thumbnailUrl\":\"http:\/\/www.oarcanjo.net\/site\/wp-content\/uploads\/Santo-Orestes.jpg\",\"articleSection\":[\"Testemunhos\"],\"inLanguage\":\"pt-BR\",\"potentialAction\":[{\"@type\":\"CommentAction\",\"name\":\"Comment\",\"target\":[\"https:\/\/www.oarcanjo.net\/site\/santo-orestes-2\/#respond\"]}]},{\"@type\":\"WebPage\",\"@id\":\"https:\/\/www.oarcanjo.net\/site\/santo-orestes-2\/\",\"url\":\"https:\/\/www.oarcanjo.net\/site\/santo-orestes-2\/\",\"name\":\"Santo Orestes - O Arcanjo no ar\",\"isPartOf\":{\"@id\":\"https:\/\/www.oarcanjo.net\/site\/#website\"},\"primaryImageOfPage\":{\"@id\":\"https:\/\/www.oarcanjo.net\/site\/santo-orestes-2\/#primaryimage\"},\"image\":{\"@id\":\"https:\/\/www.oarcanjo.net\/site\/santo-orestes-2\/#primaryimage\"},\"thumbnailUrl\":\"http:\/\/www.oarcanjo.net\/site\/wp-content\/uploads\/Santo-Orestes.jpg\",\"datePublished\":\"2017-11-09T02:34:03+00:00\",\"dateModified\":\"2017-08-11T17:59:58+00:00\",\"breadcrumb\":{\"@id\":\"https:\/\/www.oarcanjo.net\/site\/santo-orestes-2\/#breadcrumb\"},\"inLanguage\":\"pt-BR\",\"potentialAction\":[{\"@type\":\"ReadAction\",\"target\":[\"https:\/\/www.oarcanjo.net\/site\/santo-orestes-2\/\"]}]},{\"@type\":\"ImageObject\",\"inLanguage\":\"pt-BR\",\"@id\":\"https:\/\/www.oarcanjo.net\/site\/santo-orestes-2\/#primaryimage\",\"url\":\"https:\/\/www.oarcanjo.net\/site\/wp-content\/uploads\/Santo-Orestes.jpg\",\"contentUrl\":\"https:\/\/www.oarcanjo.net\/site\/wp-content\/uploads\/Santo-Orestes.jpg\",\"width\":240,\"height\":300,\"caption\":\"Santo Orestes\"},{\"@type\":\"BreadcrumbList\",\"@id\":\"https:\/\/www.oarcanjo.net\/site\/santo-orestes-2\/#breadcrumb\",\"itemListElement\":[{\"@type\":\"ListItem\",\"position\":1,\"name\":\"In\u00edcio\",\"item\":\"https:\/\/www.oarcanjo.net\/site\/\"},{\"@type\":\"ListItem\",\"position\":2,\"name\":\"Santo Orestes\"}]},{\"@type\":\"WebSite\",\"@id\":\"https:\/\/www.oarcanjo.net\/site\/#website\",\"url\":\"https:\/\/www.oarcanjo.net\/site\/\",\"name\":\"O Arcanjo no ar\",\"description\":\"Site da Par\u00f3quia S\u00e3o Miguel Arcanjo (Arquidiocese de SP)\",\"publisher\":{\"@id\":\"https:\/\/www.oarcanjo.net\/site\/#organization\"},\"potentialAction\":[{\"@type\":\"SearchAction\",\"target\":{\"@type\":\"EntryPoint\",\"urlTemplate\":\"https:\/\/www.oarcanjo.net\/site\/?s={search_term_string}\"},\"query-input\":{\"@type\":\"PropertyValueSpecification\",\"valueRequired\":true,\"valueName\":\"search_term_string\"}}],\"inLanguage\":\"pt-BR\"},{\"@type\":\"Organization\",\"@id\":\"https:\/\/www.oarcanjo.net\/site\/#organization\",\"name\":\"Par\u00f3quia S\u00e3o Miguel Arcanjo\",\"url\":\"https:\/\/www.oarcanjo.net\/site\/\",\"logo\":{\"@type\":\"ImageObject\",\"inLanguage\":\"pt-BR\",\"@id\":\"https:\/\/www.oarcanjo.net\/site\/#\/schema\/logo\/image\/\",\"url\":\"https:\/\/www.oarcanjo.net\/site\/wp-content\/uploads\/LogoOArcanjo.png\",\"contentUrl\":\"https:\/\/www.oarcanjo.net\/site\/wp-content\/uploads\/LogoOArcanjo.png\",\"width\":319,\"height\":99,\"caption\":\"Par\u00f3quia S\u00e3o Miguel Arcanjo\"},\"image\":{\"@id\":\"https:\/\/www.oarcanjo.net\/site\/#\/schema\/logo\/image\/\"},\"sameAs\":[\"https:\/\/www.facebook.com\/OArcanjoNoAr\/\"]},{\"@type\":\"Person\",\"@id\":\"https:\/\/www.oarcanjo.net\/site\/#\/schema\/person\/5eb9480bedd2f3c97e430ce128c29c6c\",\"name\":\"danilo\"}]}<\/script>\n<!-- \/ Yoast SEO plugin. -->","yoast_head_json":{"title":"Santo Orestes - O Arcanjo no ar","robots":{"index":"index","follow":"follow","max-snippet":"max-snippet:-1","max-image-preview":"max-image-preview:large","max-video-preview":"max-video-preview:-1"},"canonical":"https:\/\/www.oarcanjo.net\/site\/santo-orestes-2\/","og_locale":"pt_BR","og_type":"article","og_title":"Santo Orestes - O Arcanjo no ar","og_description":"9 de Novembro Orestes \u00e9 um nome de origem rude, de tr\u00e1gica lembran\u00e7a, e muito divulgado no mundo crist\u00e3o. Rude porque significa &#8220;homem da montanha&#8221;. De lembran\u00e7a tr\u00e1gica porque, segundo a literatura grega, era filho de Agam\u00eanon, a quem vingou a morte ao matar a esposa ad\u00faltera, a pr\u00f3pria m\u00e3e. E divulgado entre os crist\u00e3os [&hellip;]","og_url":"https:\/\/www.oarcanjo.net\/site\/santo-orestes-2\/","og_site_name":"O Arcanjo no ar","article_publisher":"https:\/\/www.facebook.com\/OArcanjoNoAr\/","article_published_time":"2017-11-09T02:34:03+00:00","article_modified_time":"2017-08-11T17:59:58+00:00","og_image":[{"url":"http:\/\/www.oarcanjo.net\/site\/wp-content\/uploads\/Santo-Orestes.jpg"}],"author":"danilo","twitter_card":"summary_large_image","twitter_misc":{"Escrito por":"danilo","Est. tempo de leitura":"2 minutos"},"schema":{"@context":"https:\/\/schema.org","@graph":[{"@type":"Article","@id":"https:\/\/www.oarcanjo.net\/site\/santo-orestes-2\/#article","isPartOf":{"@id":"https:\/\/www.oarcanjo.net\/site\/santo-orestes-2\/"},"author":{"name":"danilo","@id":"https:\/\/www.oarcanjo.net\/site\/#\/schema\/person\/5eb9480bedd2f3c97e430ce128c29c6c"},"headline":"Santo Orestes","datePublished":"2017-11-09T02:34:03+00:00","dateModified":"2017-08-11T17:59:58+00:00","mainEntityOfPage":{"@id":"https:\/\/www.oarcanjo.net\/site\/santo-orestes-2\/"},"wordCount":468,"commentCount":0,"publisher":{"@id":"https:\/\/www.oarcanjo.net\/site\/#organization"},"image":{"@id":"https:\/\/www.oarcanjo.net\/site\/santo-orestes-2\/#primaryimage"},"thumbnailUrl":"http:\/\/www.oarcanjo.net\/site\/wp-content\/uploads\/Santo-Orestes.jpg","articleSection":["Testemunhos"],"inLanguage":"pt-BR","potentialAction":[{"@type":"CommentAction","name":"Comment","target":["https:\/\/www.oarcanjo.net\/site\/santo-orestes-2\/#respond"]}]},{"@type":"WebPage","@id":"https:\/\/www.oarcanjo.net\/site\/santo-orestes-2\/","url":"https:\/\/www.oarcanjo.net\/site\/santo-orestes-2\/","name":"Santo Orestes - O Arcanjo no ar","isPartOf":{"@id":"https:\/\/www.oarcanjo.net\/site\/#website"},"primaryImageOfPage":{"@id":"https:\/\/www.oarcanjo.net\/site\/santo-orestes-2\/#primaryimage"},"image":{"@id":"https:\/\/www.oarcanjo.net\/site\/santo-orestes-2\/#primaryimage"},"thumbnailUrl":"http:\/\/www.oarcanjo.net\/site\/wp-content\/uploads\/Santo-Orestes.jpg","datePublished":"2017-11-09T02:34:03+00:00","dateModified":"2017-08-11T17:59:58+00:00","breadcrumb":{"@id":"https:\/\/www.oarcanjo.net\/site\/santo-orestes-2\/#breadcrumb"},"inLanguage":"pt-BR","potentialAction":[{"@type":"ReadAction","target":["https:\/\/www.oarcanjo.net\/site\/santo-orestes-2\/"]}]},{"@type":"ImageObject","inLanguage":"pt-BR","@id":"https:\/\/www.oarcanjo.net\/site\/santo-orestes-2\/#primaryimage","url":"https:\/\/www.oarcanjo.net\/site\/wp-content\/uploads\/Santo-Orestes.jpg","contentUrl":"https:\/\/www.oarcanjo.net\/site\/wp-content\/uploads\/Santo-Orestes.jpg","width":240,"height":300,"caption":"Santo Orestes"},{"@type":"BreadcrumbList","@id":"https:\/\/www.oarcanjo.net\/site\/santo-orestes-2\/#breadcrumb","itemListElement":[{"@type":"ListItem","position":1,"name":"In\u00edcio","item":"https:\/\/www.oarcanjo.net\/site\/"},{"@type":"ListItem","position":2,"name":"Santo Orestes"}]},{"@type":"WebSite","@id":"https:\/\/www.oarcanjo.net\/site\/#website","url":"https:\/\/www.oarcanjo.net\/site\/","name":"O Arcanjo no ar","description":"Site da Par\u00f3quia S\u00e3o Miguel Arcanjo (Arquidiocese de SP)","publisher":{"@id":"https:\/\/www.oarcanjo.net\/site\/#organization"},"potentialAction":[{"@type":"SearchAction","target":{"@type":"EntryPoint","urlTemplate":"https:\/\/www.oarcanjo.net\/site\/?s={search_term_string}"},"query-input":{"@type":"PropertyValueSpecification","valueRequired":true,"valueName":"search_term_string"}}],"inLanguage":"pt-BR"},{"@type":"Organization","@id":"https:\/\/www.oarcanjo.net\/site\/#organization","name":"Par\u00f3quia S\u00e3o Miguel Arcanjo","url":"https:\/\/www.oarcanjo.net\/site\/","logo":{"@type":"ImageObject","inLanguage":"pt-BR","@id":"https:\/\/www.oarcanjo.net\/site\/#\/schema\/logo\/image\/","url":"https:\/\/www.oarcanjo.net\/site\/wp-content\/uploads\/LogoOArcanjo.png","contentUrl":"https:\/\/www.oarcanjo.net\/site\/wp-content\/uploads\/LogoOArcanjo.png","width":319,"height":99,"caption":"Par\u00f3quia S\u00e3o Miguel Arcanjo"},"image":{"@id":"https:\/\/www.oarcanjo.net\/site\/#\/schema\/logo\/image\/"},"sameAs":["https:\/\/www.facebook.com\/OArcanjoNoAr\/"]},{"@type":"Person","@id":"https:\/\/www.oarcanjo.net\/site\/#\/schema\/person\/5eb9480bedd2f3c97e430ce128c29c6c","name":"danilo"}]}},"publishpress_future_action":{"enabled":false,"date":"2026-05-08 06:14:02","action":"category","newStatus":"draft","terms":[],"taxonomy":"category"},"publishpress_future_workflow_manual_trigger":{"enabledWorkflows":[]},"_links":{"self":[{"href":"https:\/\/www.oarcanjo.net\/site\/wp-json\/wp\/v2\/posts\/19566"}],"collection":[{"href":"https:\/\/www.oarcanjo.net\/site\/wp-json\/wp\/v2\/posts"}],"about":[{"href":"https:\/\/www.oarcanjo.net\/site\/wp-json\/wp\/v2\/types\/post"}],"author":[{"embeddable":true,"href":"https:\/\/www.oarcanjo.net\/site\/wp-json\/wp\/v2\/users\/14"}],"replies":[{"embeddable":true,"href":"https:\/\/www.oarcanjo.net\/site\/wp-json\/wp\/v2\/comments?post=19566"}],"version-history":[{"count":0,"href":"https:\/\/www.oarcanjo.net\/site\/wp-json\/wp\/v2\/posts\/19566\/revisions"}],"wp:attachment":[{"href":"https:\/\/www.oarcanjo.net\/site\/wp-json\/wp\/v2\/media?parent=19566"}],"wp:term":[{"taxonomy":"category","embeddable":true,"href":"https:\/\/www.oarcanjo.net\/site\/wp-json\/wp\/v2\/categories?post=19566"},{"taxonomy":"post_tag","embeddable":true,"href":"https:\/\/www.oarcanjo.net\/site\/wp-json\/wp\/v2\/tags?post=19566"}],"curies":[{"name":"wp","href":"https:\/\/api.w.org\/{rel}","templated":true}]}}