
{"id":19578,"date":"2012-09-30T08:21:41","date_gmt":"2012-09-30T11:21:41","guid":{"rendered":"http:\/\/www.oarcanjo.net\/site\/?p=19578"},"modified":"2012-10-01T08:22:51","modified_gmt":"2012-10-01T11:22:51","slug":"concilio-sob-o-signo-da-alegria-e-da-esperanca","status":"publish","type":"post","link":"https:\/\/www.oarcanjo.net\/site\/concilio-sob-o-signo-da-alegria-e-da-esperanca\/","title":{"rendered":"Conc\u00edlio: sob o signo da alegria e da esperan\u00e7a"},"content":{"rendered":"<p>Dom Dem\u00e9trio Valentini<\/p>\n<p>Estamos chegando ao m\u00eas de outubro deste ano de 2012. Ele traz uma data muito esperada: o dia 11, quando se completam 50 anos da inaugura\u00e7\u00e3o oficial do Conc\u00edlio Vaticano II, acontecida a 11 de outubro de 1962.<\/p>\n<p>Como os peregrinos sentiam alegria ao ver Jerusal\u00e9m \u00e0s portas, depois de longa caminhada, assim foi naquele dia t\u00e3o esperado, em que finalmente come\u00e7aria o Conc\u00edlio proposto pelo Papa Jo\u00e3o XXIII.<\/p>\n<p>Neste ano somos convidados a descobrir quais foram os motivos de tanta alegria. E ver se conseguimos tamb\u00e9m hoje, depois de 50 anos, reencontrar caminhos de esperan\u00e7a, para a Igreja e para a humanidade.<\/p>\n<p>Na abertura do Conc\u00edlio, ficou famoso o discurso do Papa Jo\u00e3o XXIII. Ele transmitiu a certeza de que o Conc\u00edlio era fruto de inspira\u00e7\u00e3o divina, e que tinha chegado a hora da Igreja se renovar, se aproximar do mundo de hoje, e se colocar a servi\u00e7o da humanidade, com a qual queria assumir solidariamente suas grandes causas, e a ela oferecer a luz do Evangelho.<\/p>\n<p>Ele come\u00e7ou seu discurso com a bonita express\u00e3o: &#8220;Gaudet Mater Ecclesia\u201d, &#8220;Alegra-se a M\u00e3e Igreja\u201d. Foram as primeiras palavras do Conc\u00edlio.<\/p>\n<p>Quatro anos depois, terminava o Conc\u00edlio com as mesmas palavras de alegria e de esperan\u00e7a. Pois o \u00faltimo documento conciliar foi a constitui\u00e7\u00e3o pastoral sobre a Igreja no mundo de hoje. Ele come\u00e7a com as palavras: &#8220;Gaudium et Spes\u201d, &#8220;As alegrias e as esperan\u00e7as\u201d.<\/p>\n<p>\u00c9 significativa esta constata\u00e7\u00e3o. Entre o in\u00edcio e o fim do Conc\u00edlio, h\u00e1 uma coincid\u00eancia especial. No come\u00e7o, a alegria da Igreja que via chegar o dia t\u00e3o esperado. No final, esta mesma alegria, alargada para toda a humanidade.<\/p>\n<p>&#8220;Gaudet Mater Ecclesia\u201d, e &#8220;Gaudium et Spes\u201d. Alegria no come\u00e7o, alegria no final. Entre as duas manifesta\u00e7\u00f5es, se realizou o Conc\u00edlio. Ele foi feito sob o signo da alegria e da esperan\u00e7a.<\/p>\n<p>Nesta constata\u00e7\u00e3o d\u00e1 para perceber a grande influ\u00eancia exercida por Jo\u00e3o XXIII no Conc\u00edlio. Poucos meses depois da abertura, ele iria morrer, no in\u00edcio do m\u00eas de junho de 1963. Mas \u00e0quela altura dos acontecimentos, o Conc\u00edlio j\u00e1 tinha sua trajet\u00f3ria garantida, pela firme dire\u00e7\u00e3o proposta por Jo\u00e3o XXIII. Os sentimentos do in\u00edcio, permaneceram at\u00e9 o final.<\/p>\n<p>O pre\u00e2mbulo do documento sobre a Igreja no mundo de hoje, pode ser considerado o texto que melhor expressa o esp\u00edrito e os prop\u00f3sitos do Conc\u00edlio. De todos os documentos aprovados, a Gaudet et Spes foi o \u00fanico que n\u00e3o estava previsto nos esquemas preparat\u00f3rios. Ele surgiu ao longo das discuss\u00f5es conciliares. Pode ser considerado como &#8220;filho leg\u00edtimo\u201d do Vaticano II.<\/p>\n<p>Assim come\u00e7a a Guadium et Spes:<\/p>\n<p><em>&#8220;As alegrias e as esperan\u00e7as, as tristezas e as ang\u00fastias dos homens de hoje, sobretudo dos pobres e de todos aqueles que sofrem, s\u00e3o tamb\u00e9m as alegrias e as esperan\u00e7as, as tristezas e as ang\u00fastias dos disc\u00edpulos de Cristo; n\u00e3o h\u00e1 realidade alguma verdadeiramente humana que n\u00e3o encontre eco no seu cora\u00e7\u00e3o&#8230; Por este motivo, a Igreja sente-se real e intimamente ligada ao g\u00eanero humano e \u00e0 sua hist\u00f3ria.\u201d<\/em><\/p>\n<p>Verdade \u00e9 que as alegrias do Conc\u00edlio foram respaldadas por um per\u00edodo hist\u00f3rico de muito otimismo, como foram as d\u00e9cadas de 50 e 60. Mas permanece o desafio: como reencontrar motivos de alegria e de esperan\u00e7a, mesmo em meio aos novos problemas que a realidade hoje nos apresenta.<\/p>\n<p>O exemplo do Conc\u00edlio permanece v\u00e1lido. Ele come\u00e7ou e terminou sob o signo da alegria e da esperan\u00e7a!<\/p>\n<div id=\"themify_builder_content-19578\" data-postid=\"19578\" class=\"themify_builder_content themify_builder_content-19578 themify_builder themify_builder_front\">\n\t<\/div>\n<!-- \/themify_builder_content -->","protected":false},"excerpt":{"rendered":"<p>Dom Dem\u00e9trio Valentini Estamos chegando ao m\u00eas de outubro deste ano de 2012. Ele traz uma data muito esperada: o dia 11, quando se completam 50 anos da inaugura\u00e7\u00e3o oficial do Conc\u00edlio Vaticano II, acontecida a 11 de outubro de 1962. Como os peregrinos sentiam alegria ao ver Jerusal\u00e9m \u00e0s portas, depois de longa caminhada, [&hellip;]<\/p>\n","protected":false},"author":5,"featured_media":0,"comment_status":"open","ping_status":"open","sticky":false,"template":"","format":"standard","meta":{"ngg_post_thumbnail":0,"footnotes":""},"categories":[9],"tags":[505],"yoast_head":"<!-- This site is optimized with the Yoast SEO plugin v23.5 - https:\/\/yoast.com\/wordpress\/plugins\/seo\/ -->\n<title>Conc\u00edlio: sob o signo da alegria e da esperan\u00e7a - O Arcanjo no ar<\/title>\n<meta name=\"robots\" content=\"index, follow, max-snippet:-1, max-image-preview:large, max-video-preview:-1\" \/>\n<link rel=\"canonical\" href=\"https:\/\/www.oarcanjo.net\/site\/concilio-sob-o-signo-da-alegria-e-da-esperanca\/\" \/>\n<meta property=\"og:locale\" content=\"pt_BR\" \/>\n<meta property=\"og:type\" content=\"article\" \/>\n<meta property=\"og:title\" content=\"Conc\u00edlio: sob o signo da alegria e da esperan\u00e7a - O Arcanjo no ar\" \/>\n<meta property=\"og:description\" content=\"Dom Dem\u00e9trio Valentini Estamos chegando ao m\u00eas de outubro deste ano de 2012. Ele traz uma data muito esperada: o dia 11, quando se completam 50 anos da inaugura\u00e7\u00e3o oficial do Conc\u00edlio Vaticano II, acontecida a 11 de outubro de 1962. Como os peregrinos sentiam alegria ao ver Jerusal\u00e9m \u00e0s portas, depois de longa caminhada, [&hellip;]\" \/>\n<meta property=\"og:url\" content=\"https:\/\/www.oarcanjo.net\/site\/concilio-sob-o-signo-da-alegria-e-da-esperanca\/\" \/>\n<meta property=\"og:site_name\" content=\"O Arcanjo no ar\" \/>\n<meta property=\"article:publisher\" content=\"https:\/\/www.facebook.com\/OArcanjoNoAr\/\" \/>\n<meta property=\"article:published_time\" content=\"2012-09-30T11:21:41+00:00\" \/>\n<meta property=\"article:modified_time\" content=\"2012-10-01T11:22:51+00:00\" \/>\n<meta property=\"og:image\" content=\"https:\/\/www.oarcanjo.net\/site\/wp-content\/uploads\/logo-o-arcanjo-no-ar-facebook.png\" \/>\n\t<meta property=\"og:image:width\" content=\"300\" \/>\n\t<meta property=\"og:image:height\" content=\"300\" \/>\n\t<meta property=\"og:image:type\" content=\"image\/png\" \/>\n<meta name=\"author\" content=\"editor\" \/>\n<meta name=\"twitter:card\" content=\"summary_large_image\" \/>\n<meta name=\"twitter:label1\" content=\"Escrito por\" \/>\n\t<meta name=\"twitter:data1\" content=\"editor\" \/>\n\t<meta name=\"twitter:label2\" content=\"Est. tempo de leitura\" \/>\n\t<meta name=\"twitter:data2\" content=\"3 minutos\" \/>\n<script type=\"application\/ld+json\" class=\"yoast-schema-graph\">{\"@context\":\"https:\/\/schema.org\",\"@graph\":[{\"@type\":\"Article\",\"@id\":\"https:\/\/www.oarcanjo.net\/site\/concilio-sob-o-signo-da-alegria-e-da-esperanca\/#article\",\"isPartOf\":{\"@id\":\"https:\/\/www.oarcanjo.net\/site\/concilio-sob-o-signo-da-alegria-e-da-esperanca\/\"},\"author\":{\"name\":\"editor\",\"@id\":\"https:\/\/www.oarcanjo.net\/site\/#\/schema\/person\/f7024d007863202483a31326673a0838\"},\"headline\":\"Conc\u00edlio: sob o signo da alegria e da esperan\u00e7a\",\"datePublished\":\"2012-09-30T11:21:41+00:00\",\"dateModified\":\"2012-10-01T11:22:51+00:00\",\"mainEntityOfPage\":{\"@id\":\"https:\/\/www.oarcanjo.net\/site\/concilio-sob-o-signo-da-alegria-e-da-esperanca\/\"},\"wordCount\":641,\"commentCount\":0,\"publisher\":{\"@id\":\"https:\/\/www.oarcanjo.net\/site\/#organization\"},\"keywords\":[\"Conc\u00edlio Vaticano II\"],\"articleSection\":[\"Reflex\u00f5es\"],\"inLanguage\":\"pt-BR\",\"potentialAction\":[{\"@type\":\"CommentAction\",\"name\":\"Comment\",\"target\":[\"https:\/\/www.oarcanjo.net\/site\/concilio-sob-o-signo-da-alegria-e-da-esperanca\/#respond\"]}]},{\"@type\":\"WebPage\",\"@id\":\"https:\/\/www.oarcanjo.net\/site\/concilio-sob-o-signo-da-alegria-e-da-esperanca\/\",\"url\":\"https:\/\/www.oarcanjo.net\/site\/concilio-sob-o-signo-da-alegria-e-da-esperanca\/\",\"name\":\"Conc\u00edlio: sob o signo da alegria e da esperan\u00e7a - O Arcanjo no ar\",\"isPartOf\":{\"@id\":\"https:\/\/www.oarcanjo.net\/site\/#website\"},\"datePublished\":\"2012-09-30T11:21:41+00:00\",\"dateModified\":\"2012-10-01T11:22:51+00:00\",\"breadcrumb\":{\"@id\":\"https:\/\/www.oarcanjo.net\/site\/concilio-sob-o-signo-da-alegria-e-da-esperanca\/#breadcrumb\"},\"inLanguage\":\"pt-BR\",\"potentialAction\":[{\"@type\":\"ReadAction\",\"target\":[\"https:\/\/www.oarcanjo.net\/site\/concilio-sob-o-signo-da-alegria-e-da-esperanca\/\"]}]},{\"@type\":\"BreadcrumbList\",\"@id\":\"https:\/\/www.oarcanjo.net\/site\/concilio-sob-o-signo-da-alegria-e-da-esperanca\/#breadcrumb\",\"itemListElement\":[{\"@type\":\"ListItem\",\"position\":1,\"name\":\"In\u00edcio\",\"item\":\"https:\/\/www.oarcanjo.net\/site\/\"},{\"@type\":\"ListItem\",\"position\":2,\"name\":\"Conc\u00edlio: sob o signo da alegria e da esperan\u00e7a\"}]},{\"@type\":\"WebSite\",\"@id\":\"https:\/\/www.oarcanjo.net\/site\/#website\",\"url\":\"https:\/\/www.oarcanjo.net\/site\/\",\"name\":\"O Arcanjo no ar\",\"description\":\"Site da Par\u00f3quia S\u00e3o Miguel Arcanjo (Arquidiocese de SP)\",\"publisher\":{\"@id\":\"https:\/\/www.oarcanjo.net\/site\/#organization\"},\"potentialAction\":[{\"@type\":\"SearchAction\",\"target\":{\"@type\":\"EntryPoint\",\"urlTemplate\":\"https:\/\/www.oarcanjo.net\/site\/?s={search_term_string}\"},\"query-input\":{\"@type\":\"PropertyValueSpecification\",\"valueRequired\":true,\"valueName\":\"search_term_string\"}}],\"inLanguage\":\"pt-BR\"},{\"@type\":\"Organization\",\"@id\":\"https:\/\/www.oarcanjo.net\/site\/#organization\",\"name\":\"Par\u00f3quia S\u00e3o Miguel Arcanjo\",\"url\":\"https:\/\/www.oarcanjo.net\/site\/\",\"logo\":{\"@type\":\"ImageObject\",\"inLanguage\":\"pt-BR\",\"@id\":\"https:\/\/www.oarcanjo.net\/site\/#\/schema\/logo\/image\/\",\"url\":\"https:\/\/www.oarcanjo.net\/site\/wp-content\/uploads\/LogoOArcanjo.png\",\"contentUrl\":\"https:\/\/www.oarcanjo.net\/site\/wp-content\/uploads\/LogoOArcanjo.png\",\"width\":319,\"height\":99,\"caption\":\"Par\u00f3quia S\u00e3o Miguel Arcanjo\"},\"image\":{\"@id\":\"https:\/\/www.oarcanjo.net\/site\/#\/schema\/logo\/image\/\"},\"sameAs\":[\"https:\/\/www.facebook.com\/OArcanjoNoAr\/\"]},{\"@type\":\"Person\",\"@id\":\"https:\/\/www.oarcanjo.net\/site\/#\/schema\/person\/f7024d007863202483a31326673a0838\",\"name\":\"editor\",\"sameAs\":[\"http:\/\/www.oarcanjo.net\"]}]}<\/script>\n<!-- \/ Yoast SEO plugin. -->","yoast_head_json":{"title":"Conc\u00edlio: sob o signo da alegria e da esperan\u00e7a - O Arcanjo no ar","robots":{"index":"index","follow":"follow","max-snippet":"max-snippet:-1","max-image-preview":"max-image-preview:large","max-video-preview":"max-video-preview:-1"},"canonical":"https:\/\/www.oarcanjo.net\/site\/concilio-sob-o-signo-da-alegria-e-da-esperanca\/","og_locale":"pt_BR","og_type":"article","og_title":"Conc\u00edlio: sob o signo da alegria e da esperan\u00e7a - O Arcanjo no ar","og_description":"Dom Dem\u00e9trio Valentini Estamos chegando ao m\u00eas de outubro deste ano de 2012. Ele traz uma data muito esperada: o dia 11, quando se completam 50 anos da inaugura\u00e7\u00e3o oficial do Conc\u00edlio Vaticano II, acontecida a 11 de outubro de 1962. Como os peregrinos sentiam alegria ao ver Jerusal\u00e9m \u00e0s portas, depois de longa caminhada, [&hellip;]","og_url":"https:\/\/www.oarcanjo.net\/site\/concilio-sob-o-signo-da-alegria-e-da-esperanca\/","og_site_name":"O Arcanjo no ar","article_publisher":"https:\/\/www.facebook.com\/OArcanjoNoAr\/","article_published_time":"2012-09-30T11:21:41+00:00","article_modified_time":"2012-10-01T11:22:51+00:00","og_image":[{"width":300,"height":300,"url":"https:\/\/www.oarcanjo.net\/site\/wp-content\/uploads\/logo-o-arcanjo-no-ar-facebook.png","type":"image\/png"}],"author":"editor","twitter_card":"summary_large_image","twitter_misc":{"Escrito por":"editor","Est. tempo de leitura":"3 minutos"},"schema":{"@context":"https:\/\/schema.org","@graph":[{"@type":"Article","@id":"https:\/\/www.oarcanjo.net\/site\/concilio-sob-o-signo-da-alegria-e-da-esperanca\/#article","isPartOf":{"@id":"https:\/\/www.oarcanjo.net\/site\/concilio-sob-o-signo-da-alegria-e-da-esperanca\/"},"author":{"name":"editor","@id":"https:\/\/www.oarcanjo.net\/site\/#\/schema\/person\/f7024d007863202483a31326673a0838"},"headline":"Conc\u00edlio: sob o signo da alegria e da esperan\u00e7a","datePublished":"2012-09-30T11:21:41+00:00","dateModified":"2012-10-01T11:22:51+00:00","mainEntityOfPage":{"@id":"https:\/\/www.oarcanjo.net\/site\/concilio-sob-o-signo-da-alegria-e-da-esperanca\/"},"wordCount":641,"commentCount":0,"publisher":{"@id":"https:\/\/www.oarcanjo.net\/site\/#organization"},"keywords":["Conc\u00edlio Vaticano II"],"articleSection":["Reflex\u00f5es"],"inLanguage":"pt-BR","potentialAction":[{"@type":"CommentAction","name":"Comment","target":["https:\/\/www.oarcanjo.net\/site\/concilio-sob-o-signo-da-alegria-e-da-esperanca\/#respond"]}]},{"@type":"WebPage","@id":"https:\/\/www.oarcanjo.net\/site\/concilio-sob-o-signo-da-alegria-e-da-esperanca\/","url":"https:\/\/www.oarcanjo.net\/site\/concilio-sob-o-signo-da-alegria-e-da-esperanca\/","name":"Conc\u00edlio: sob o signo da alegria e da esperan\u00e7a - O Arcanjo no ar","isPartOf":{"@id":"https:\/\/www.oarcanjo.net\/site\/#website"},"datePublished":"2012-09-30T11:21:41+00:00","dateModified":"2012-10-01T11:22:51+00:00","breadcrumb":{"@id":"https:\/\/www.oarcanjo.net\/site\/concilio-sob-o-signo-da-alegria-e-da-esperanca\/#breadcrumb"},"inLanguage":"pt-BR","potentialAction":[{"@type":"ReadAction","target":["https:\/\/www.oarcanjo.net\/site\/concilio-sob-o-signo-da-alegria-e-da-esperanca\/"]}]},{"@type":"BreadcrumbList","@id":"https:\/\/www.oarcanjo.net\/site\/concilio-sob-o-signo-da-alegria-e-da-esperanca\/#breadcrumb","itemListElement":[{"@type":"ListItem","position":1,"name":"In\u00edcio","item":"https:\/\/www.oarcanjo.net\/site\/"},{"@type":"ListItem","position":2,"name":"Conc\u00edlio: sob o signo da alegria e da esperan\u00e7a"}]},{"@type":"WebSite","@id":"https:\/\/www.oarcanjo.net\/site\/#website","url":"https:\/\/www.oarcanjo.net\/site\/","name":"O Arcanjo no ar","description":"Site da Par\u00f3quia S\u00e3o Miguel Arcanjo (Arquidiocese de SP)","publisher":{"@id":"https:\/\/www.oarcanjo.net\/site\/#organization"},"potentialAction":[{"@type":"SearchAction","target":{"@type":"EntryPoint","urlTemplate":"https:\/\/www.oarcanjo.net\/site\/?s={search_term_string}"},"query-input":{"@type":"PropertyValueSpecification","valueRequired":true,"valueName":"search_term_string"}}],"inLanguage":"pt-BR"},{"@type":"Organization","@id":"https:\/\/www.oarcanjo.net\/site\/#organization","name":"Par\u00f3quia S\u00e3o Miguel Arcanjo","url":"https:\/\/www.oarcanjo.net\/site\/","logo":{"@type":"ImageObject","inLanguage":"pt-BR","@id":"https:\/\/www.oarcanjo.net\/site\/#\/schema\/logo\/image\/","url":"https:\/\/www.oarcanjo.net\/site\/wp-content\/uploads\/LogoOArcanjo.png","contentUrl":"https:\/\/www.oarcanjo.net\/site\/wp-content\/uploads\/LogoOArcanjo.png","width":319,"height":99,"caption":"Par\u00f3quia S\u00e3o Miguel Arcanjo"},"image":{"@id":"https:\/\/www.oarcanjo.net\/site\/#\/schema\/logo\/image\/"},"sameAs":["https:\/\/www.facebook.com\/OArcanjoNoAr\/"]},{"@type":"Person","@id":"https:\/\/www.oarcanjo.net\/site\/#\/schema\/person\/f7024d007863202483a31326673a0838","name":"editor","sameAs":["http:\/\/www.oarcanjo.net"]}]}},"publishpress_future_action":{"enabled":false,"date":"2026-05-09 09:30:23","action":"category","newStatus":"draft","terms":[],"taxonomy":"category"},"publishpress_future_workflow_manual_trigger":{"enabledWorkflows":[]},"_links":{"self":[{"href":"https:\/\/www.oarcanjo.net\/site\/wp-json\/wp\/v2\/posts\/19578"}],"collection":[{"href":"https:\/\/www.oarcanjo.net\/site\/wp-json\/wp\/v2\/posts"}],"about":[{"href":"https:\/\/www.oarcanjo.net\/site\/wp-json\/wp\/v2\/types\/post"}],"author":[{"embeddable":true,"href":"https:\/\/www.oarcanjo.net\/site\/wp-json\/wp\/v2\/users\/5"}],"replies":[{"embeddable":true,"href":"https:\/\/www.oarcanjo.net\/site\/wp-json\/wp\/v2\/comments?post=19578"}],"version-history":[{"count":0,"href":"https:\/\/www.oarcanjo.net\/site\/wp-json\/wp\/v2\/posts\/19578\/revisions"}],"wp:attachment":[{"href":"https:\/\/www.oarcanjo.net\/site\/wp-json\/wp\/v2\/media?parent=19578"}],"wp:term":[{"taxonomy":"category","embeddable":true,"href":"https:\/\/www.oarcanjo.net\/site\/wp-json\/wp\/v2\/categories?post=19578"},{"taxonomy":"post_tag","embeddable":true,"href":"https:\/\/www.oarcanjo.net\/site\/wp-json\/wp\/v2\/tags?post=19578"}],"curies":[{"name":"wp","href":"https:\/\/api.w.org\/{rel}","templated":true}]}}