
{"id":1961,"date":"2009-02-25T00:00:10","date_gmt":"2009-02-25T03:00:10","guid":{"rendered":"http:\/\/www.oarcanjo.net\/site\/?p=1961"},"modified":"2009-06-28T23:17:54","modified_gmt":"2009-06-29T02:17:54","slug":"quarta-feira-de-cinzas","status":"publish","type":"post","link":"https:\/\/www.oarcanjo.net\/site\/quarta-feira-de-cinzas\/","title":{"rendered":"Quarta-feira de Cinzas"},"content":{"rendered":"<p>Nesta quarta-feira, 25 de fevereiro, tem in\u00edcio o tempo da Quaresma, que prepara os crist\u00e3os para a grande festa da Ressurei\u00e7\u00e3o. Come\u00e7a tamb\u00e9m a tradicional Campanha da Fraternidade que este ano nos faz refletir e convoca para a\u00e7\u00f5es concretas relacionadas \u00e0 seguran\u00e7a p\u00fablica, com o lema &#8220;A paz \u00e9 fruto da justi\u00e7a&#8221;.<\/p>\n<p>Ou\u00e7a abaixo a mensagem especial da <strong>Voz do Arcanjo<\/strong> com a participa\u00e7\u00e3o dos padres J\u00falio Lancellotti, da par\u00f3quia S\u00e3o Miguel Arcanjo, Dervile Alon\u00e7o, da S\u00e3o Pedro Ap\u00f3stolo do Jardim Independ\u00eancia, e Tarc\u00edsio Marques Mesquita, da Santa Isabel Rainha:<\/p>\n[audio:MensagemCinzas2009.mp3]\n<p><em>Se tiver problema para ouvir a mensagem pela Internet, <a href=\"\/site\/wp-content\/uploads\/2008\/audio\/MensagemCinzas2009.zip\">clique aqui e copie o programa<\/a> para o seu computador.<\/em><\/p>\n<hr \/>\n<p><strong>Cr\u00e9ditos:<\/strong><\/p>\n<p>Esta mensagem e a Via Sacra foram produzidas nos est\u00fadios da Universidade S\u00e3o Judas Tadeu e contaram com os trabalhos de:<\/p>\n<p><strong>Locu\u00e7\u00e3o<\/strong><br \/>\nArlete Taboada<br \/>\nEduardo Maciel<br \/>\nLilian Mesquita<br \/>\nLucas Cangelli<br \/>\nMarcelo Aprille<br \/>\nMarcelo Fernandes<\/p>\n<p><strong>Vozes<\/strong><br \/>\nBeatriz Dion\u00edsio<br \/>\nD\u00e9bora Rangel<br \/>\nDaniel Tavares<br \/>\nFelipe Vilhena<br \/>\nLet\u00edcia Castilho<br \/>\nLet\u00edcia Ribeiro<br \/>\nLeandro Furtado<br \/>\nMariana Fernandes<br \/>\nVanessa Coelho<br \/>\nPe. Dervile Alon\u00e7o<br \/>\nPe. J\u00falio Lancellotti<br \/>\nPe. Tarc\u00edsio Marques Mesquita<\/p>\n<p><strong>Roteiro e produ\u00e7\u00e3o<\/strong><br \/>\nCarmen L\u00facia Jos\u00e9<\/p>\n<p><strong>Trilha musical<\/strong><br \/>\nLiliana Furrier Marchesi<\/p>\n<p><strong>\u00c1udio<\/strong><br \/>\nMarcelo Fernandes<\/p>\n<div id=\"themify_builder_content-1961\" data-postid=\"1961\" class=\"themify_builder_content themify_builder_content-1961 themify_builder themify_builder_front\">\n\t<\/div>\n<!-- \/themify_builder_content -->","protected":false},"excerpt":{"rendered":"<p>Nesta quarta-feira, 25 de fevereiro, tem in\u00edcio o tempo da Quaresma, que prepara os crist\u00e3os para a grande festa da Ressurei\u00e7\u00e3o. Come\u00e7a tamb\u00e9m a tradicional Campanha da Fraternidade que este ano nos faz refletir e convoca para a\u00e7\u00f5es concretas relacionadas \u00e0 seguran\u00e7a p\u00fablica, com o lema &#8220;A paz \u00e9 fruto da justi\u00e7a&#8221;. Ou\u00e7a abaixo a [&hellip;]<\/p>\n","protected":false},"author":5,"featured_media":0,"comment_status":"open","ping_status":"open","sticky":false,"template":"","format":"standard","meta":{"ngg_post_thumbnail":0,"footnotes":""},"categories":[5],"tags":[275,243,276,227],"yoast_head":"<!-- This site is optimized with the Yoast SEO plugin v23.5 - https:\/\/yoast.com\/wordpress\/plugins\/seo\/ -->\n<title>Quarta-feira de Cinzas - O Arcanjo no ar<\/title>\n<meta name=\"robots\" content=\"index, follow, max-snippet:-1, max-image-preview:large, max-video-preview:-1\" \/>\n<link rel=\"canonical\" href=\"https:\/\/www.oarcanjo.net\/site\/quarta-feira-de-cinzas\/\" \/>\n<meta property=\"og:locale\" content=\"pt_BR\" \/>\n<meta property=\"og:type\" content=\"article\" \/>\n<meta property=\"og:title\" content=\"Quarta-feira de Cinzas - O Arcanjo no ar\" \/>\n<meta property=\"og:description\" content=\"Nesta quarta-feira, 25 de fevereiro, tem in\u00edcio o tempo da Quaresma, que prepara os crist\u00e3os para a grande festa da Ressurei\u00e7\u00e3o. Come\u00e7a tamb\u00e9m a tradicional Campanha da Fraternidade que este ano nos faz refletir e convoca para a\u00e7\u00f5es concretas relacionadas \u00e0 seguran\u00e7a p\u00fablica, com o lema &#8220;A paz \u00e9 fruto da justi\u00e7a&#8221;. Ou\u00e7a abaixo a [&hellip;]\" \/>\n<meta property=\"og:url\" content=\"https:\/\/www.oarcanjo.net\/site\/quarta-feira-de-cinzas\/\" \/>\n<meta property=\"og:site_name\" content=\"O Arcanjo no ar\" \/>\n<meta property=\"article:publisher\" content=\"https:\/\/www.facebook.com\/OArcanjoNoAr\/\" \/>\n<meta property=\"article:published_time\" content=\"2009-02-25T03:00:10+00:00\" \/>\n<meta property=\"article:modified_time\" content=\"2009-06-29T02:17:54+00:00\" \/>\n<meta property=\"og:image\" content=\"https:\/\/www.oarcanjo.net\/site\/wp-content\/uploads\/logo-o-arcanjo-no-ar-facebook.png\" \/>\n\t<meta property=\"og:image:width\" content=\"300\" \/>\n\t<meta property=\"og:image:height\" content=\"300\" \/>\n\t<meta property=\"og:image:type\" content=\"image\/png\" \/>\n<meta name=\"author\" content=\"editor\" \/>\n<meta name=\"twitter:card\" content=\"summary_large_image\" \/>\n<meta name=\"twitter:label1\" content=\"Escrito por\" \/>\n\t<meta name=\"twitter:data1\" content=\"editor\" \/>\n\t<meta name=\"twitter:label2\" content=\"Est. tempo de leitura\" \/>\n\t<meta name=\"twitter:data2\" content=\"1 minuto\" \/>\n<script type=\"application\/ld+json\" class=\"yoast-schema-graph\">{\"@context\":\"https:\/\/schema.org\",\"@graph\":[{\"@type\":\"Article\",\"@id\":\"https:\/\/www.oarcanjo.net\/site\/quarta-feira-de-cinzas\/#article\",\"isPartOf\":{\"@id\":\"https:\/\/www.oarcanjo.net\/site\/quarta-feira-de-cinzas\/\"},\"author\":{\"name\":\"editor\",\"@id\":\"https:\/\/www.oarcanjo.net\/site\/#\/schema\/person\/f7024d007863202483a31326673a0838\"},\"headline\":\"Quarta-feira de Cinzas\",\"datePublished\":\"2009-02-25T03:00:10+00:00\",\"dateModified\":\"2009-06-29T02:17:54+00:00\",\"mainEntityOfPage\":{\"@id\":\"https:\/\/www.oarcanjo.net\/site\/quarta-feira-de-cinzas\/\"},\"wordCount\":222,\"commentCount\":5,\"publisher\":{\"@id\":\"https:\/\/www.oarcanjo.net\/site\/#organization\"},\"keywords\":[\"cinzas\",\"convers\u00e3o\",\"penit\u00eancia\",\"Quaresma\"],\"articleSection\":[\"Voz do Arcanjo\"],\"inLanguage\":\"pt-BR\",\"potentialAction\":[{\"@type\":\"CommentAction\",\"name\":\"Comment\",\"target\":[\"https:\/\/www.oarcanjo.net\/site\/quarta-feira-de-cinzas\/#respond\"]}]},{\"@type\":\"WebPage\",\"@id\":\"https:\/\/www.oarcanjo.net\/site\/quarta-feira-de-cinzas\/\",\"url\":\"https:\/\/www.oarcanjo.net\/site\/quarta-feira-de-cinzas\/\",\"name\":\"Quarta-feira de Cinzas - O Arcanjo no ar\",\"isPartOf\":{\"@id\":\"https:\/\/www.oarcanjo.net\/site\/#website\"},\"datePublished\":\"2009-02-25T03:00:10+00:00\",\"dateModified\":\"2009-06-29T02:17:54+00:00\",\"breadcrumb\":{\"@id\":\"https:\/\/www.oarcanjo.net\/site\/quarta-feira-de-cinzas\/#breadcrumb\"},\"inLanguage\":\"pt-BR\",\"potentialAction\":[{\"@type\":\"ReadAction\",\"target\":[\"https:\/\/www.oarcanjo.net\/site\/quarta-feira-de-cinzas\/\"]}]},{\"@type\":\"BreadcrumbList\",\"@id\":\"https:\/\/www.oarcanjo.net\/site\/quarta-feira-de-cinzas\/#breadcrumb\",\"itemListElement\":[{\"@type\":\"ListItem\",\"position\":1,\"name\":\"In\u00edcio\",\"item\":\"https:\/\/www.oarcanjo.net\/site\/\"},{\"@type\":\"ListItem\",\"position\":2,\"name\":\"Quarta-feira de Cinzas\"}]},{\"@type\":\"WebSite\",\"@id\":\"https:\/\/www.oarcanjo.net\/site\/#website\",\"url\":\"https:\/\/www.oarcanjo.net\/site\/\",\"name\":\"O Arcanjo no ar\",\"description\":\"Site da Par\u00f3quia S\u00e3o Miguel Arcanjo (Arquidiocese de SP)\",\"publisher\":{\"@id\":\"https:\/\/www.oarcanjo.net\/site\/#organization\"},\"potentialAction\":[{\"@type\":\"SearchAction\",\"target\":{\"@type\":\"EntryPoint\",\"urlTemplate\":\"https:\/\/www.oarcanjo.net\/site\/?s={search_term_string}\"},\"query-input\":{\"@type\":\"PropertyValueSpecification\",\"valueRequired\":true,\"valueName\":\"search_term_string\"}}],\"inLanguage\":\"pt-BR\"},{\"@type\":\"Organization\",\"@id\":\"https:\/\/www.oarcanjo.net\/site\/#organization\",\"name\":\"Par\u00f3quia S\u00e3o Miguel Arcanjo\",\"url\":\"https:\/\/www.oarcanjo.net\/site\/\",\"logo\":{\"@type\":\"ImageObject\",\"inLanguage\":\"pt-BR\",\"@id\":\"https:\/\/www.oarcanjo.net\/site\/#\/schema\/logo\/image\/\",\"url\":\"https:\/\/www.oarcanjo.net\/site\/wp-content\/uploads\/LogoOArcanjo.png\",\"contentUrl\":\"https:\/\/www.oarcanjo.net\/site\/wp-content\/uploads\/LogoOArcanjo.png\",\"width\":319,\"height\":99,\"caption\":\"Par\u00f3quia S\u00e3o Miguel Arcanjo\"},\"image\":{\"@id\":\"https:\/\/www.oarcanjo.net\/site\/#\/schema\/logo\/image\/\"},\"sameAs\":[\"https:\/\/www.facebook.com\/OArcanjoNoAr\/\"]},{\"@type\":\"Person\",\"@id\":\"https:\/\/www.oarcanjo.net\/site\/#\/schema\/person\/f7024d007863202483a31326673a0838\",\"name\":\"editor\",\"sameAs\":[\"http:\/\/www.oarcanjo.net\"]}]}<\/script>\n<!-- \/ Yoast SEO plugin. -->","yoast_head_json":{"title":"Quarta-feira de Cinzas - O Arcanjo no ar","robots":{"index":"index","follow":"follow","max-snippet":"max-snippet:-1","max-image-preview":"max-image-preview:large","max-video-preview":"max-video-preview:-1"},"canonical":"https:\/\/www.oarcanjo.net\/site\/quarta-feira-de-cinzas\/","og_locale":"pt_BR","og_type":"article","og_title":"Quarta-feira de Cinzas - O Arcanjo no ar","og_description":"Nesta quarta-feira, 25 de fevereiro, tem in\u00edcio o tempo da Quaresma, que prepara os crist\u00e3os para a grande festa da Ressurei\u00e7\u00e3o. Come\u00e7a tamb\u00e9m a tradicional Campanha da Fraternidade que este ano nos faz refletir e convoca para a\u00e7\u00f5es concretas relacionadas \u00e0 seguran\u00e7a p\u00fablica, com o lema &#8220;A paz \u00e9 fruto da justi\u00e7a&#8221;. Ou\u00e7a abaixo a [&hellip;]","og_url":"https:\/\/www.oarcanjo.net\/site\/quarta-feira-de-cinzas\/","og_site_name":"O Arcanjo no ar","article_publisher":"https:\/\/www.facebook.com\/OArcanjoNoAr\/","article_published_time":"2009-02-25T03:00:10+00:00","article_modified_time":"2009-06-29T02:17:54+00:00","og_image":[{"width":300,"height":300,"url":"https:\/\/www.oarcanjo.net\/site\/wp-content\/uploads\/logo-o-arcanjo-no-ar-facebook.png","type":"image\/png"}],"author":"editor","twitter_card":"summary_large_image","twitter_misc":{"Escrito por":"editor","Est. tempo de leitura":"1 minuto"},"schema":{"@context":"https:\/\/schema.org","@graph":[{"@type":"Article","@id":"https:\/\/www.oarcanjo.net\/site\/quarta-feira-de-cinzas\/#article","isPartOf":{"@id":"https:\/\/www.oarcanjo.net\/site\/quarta-feira-de-cinzas\/"},"author":{"name":"editor","@id":"https:\/\/www.oarcanjo.net\/site\/#\/schema\/person\/f7024d007863202483a31326673a0838"},"headline":"Quarta-feira de Cinzas","datePublished":"2009-02-25T03:00:10+00:00","dateModified":"2009-06-29T02:17:54+00:00","mainEntityOfPage":{"@id":"https:\/\/www.oarcanjo.net\/site\/quarta-feira-de-cinzas\/"},"wordCount":222,"commentCount":5,"publisher":{"@id":"https:\/\/www.oarcanjo.net\/site\/#organization"},"keywords":["cinzas","convers\u00e3o","penit\u00eancia","Quaresma"],"articleSection":["Voz do Arcanjo"],"inLanguage":"pt-BR","potentialAction":[{"@type":"CommentAction","name":"Comment","target":["https:\/\/www.oarcanjo.net\/site\/quarta-feira-de-cinzas\/#respond"]}]},{"@type":"WebPage","@id":"https:\/\/www.oarcanjo.net\/site\/quarta-feira-de-cinzas\/","url":"https:\/\/www.oarcanjo.net\/site\/quarta-feira-de-cinzas\/","name":"Quarta-feira de Cinzas - O Arcanjo no ar","isPartOf":{"@id":"https:\/\/www.oarcanjo.net\/site\/#website"},"datePublished":"2009-02-25T03:00:10+00:00","dateModified":"2009-06-29T02:17:54+00:00","breadcrumb":{"@id":"https:\/\/www.oarcanjo.net\/site\/quarta-feira-de-cinzas\/#breadcrumb"},"inLanguage":"pt-BR","potentialAction":[{"@type":"ReadAction","target":["https:\/\/www.oarcanjo.net\/site\/quarta-feira-de-cinzas\/"]}]},{"@type":"BreadcrumbList","@id":"https:\/\/www.oarcanjo.net\/site\/quarta-feira-de-cinzas\/#breadcrumb","itemListElement":[{"@type":"ListItem","position":1,"name":"In\u00edcio","item":"https:\/\/www.oarcanjo.net\/site\/"},{"@type":"ListItem","position":2,"name":"Quarta-feira de Cinzas"}]},{"@type":"WebSite","@id":"https:\/\/www.oarcanjo.net\/site\/#website","url":"https:\/\/www.oarcanjo.net\/site\/","name":"O Arcanjo no ar","description":"Site da Par\u00f3quia S\u00e3o Miguel Arcanjo (Arquidiocese de SP)","publisher":{"@id":"https:\/\/www.oarcanjo.net\/site\/#organization"},"potentialAction":[{"@type":"SearchAction","target":{"@type":"EntryPoint","urlTemplate":"https:\/\/www.oarcanjo.net\/site\/?s={search_term_string}"},"query-input":{"@type":"PropertyValueSpecification","valueRequired":true,"valueName":"search_term_string"}}],"inLanguage":"pt-BR"},{"@type":"Organization","@id":"https:\/\/www.oarcanjo.net\/site\/#organization","name":"Par\u00f3quia S\u00e3o Miguel Arcanjo","url":"https:\/\/www.oarcanjo.net\/site\/","logo":{"@type":"ImageObject","inLanguage":"pt-BR","@id":"https:\/\/www.oarcanjo.net\/site\/#\/schema\/logo\/image\/","url":"https:\/\/www.oarcanjo.net\/site\/wp-content\/uploads\/LogoOArcanjo.png","contentUrl":"https:\/\/www.oarcanjo.net\/site\/wp-content\/uploads\/LogoOArcanjo.png","width":319,"height":99,"caption":"Par\u00f3quia S\u00e3o Miguel Arcanjo"},"image":{"@id":"https:\/\/www.oarcanjo.net\/site\/#\/schema\/logo\/image\/"},"sameAs":["https:\/\/www.facebook.com\/OArcanjoNoAr\/"]},{"@type":"Person","@id":"https:\/\/www.oarcanjo.net\/site\/#\/schema\/person\/f7024d007863202483a31326673a0838","name":"editor","sameAs":["http:\/\/www.oarcanjo.net"]}]}},"publishpress_future_action":{"enabled":false,"date":"2026-05-07 09:36:07","action":"category","newStatus":"draft","terms":[],"taxonomy":"category"},"publishpress_future_workflow_manual_trigger":{"enabledWorkflows":[]},"_links":{"self":[{"href":"https:\/\/www.oarcanjo.net\/site\/wp-json\/wp\/v2\/posts\/1961"}],"collection":[{"href":"https:\/\/www.oarcanjo.net\/site\/wp-json\/wp\/v2\/posts"}],"about":[{"href":"https:\/\/www.oarcanjo.net\/site\/wp-json\/wp\/v2\/types\/post"}],"author":[{"embeddable":true,"href":"https:\/\/www.oarcanjo.net\/site\/wp-json\/wp\/v2\/users\/5"}],"replies":[{"embeddable":true,"href":"https:\/\/www.oarcanjo.net\/site\/wp-json\/wp\/v2\/comments?post=1961"}],"version-history":[{"count":0,"href":"https:\/\/www.oarcanjo.net\/site\/wp-json\/wp\/v2\/posts\/1961\/revisions"}],"wp:attachment":[{"href":"https:\/\/www.oarcanjo.net\/site\/wp-json\/wp\/v2\/media?parent=1961"}],"wp:term":[{"taxonomy":"category","embeddable":true,"href":"https:\/\/www.oarcanjo.net\/site\/wp-json\/wp\/v2\/categories?post=1961"},{"taxonomy":"post_tag","embeddable":true,"href":"https:\/\/www.oarcanjo.net\/site\/wp-json\/wp\/v2\/tags?post=1961"}],"curies":[{"name":"wp","href":"https:\/\/api.w.org\/{rel}","templated":true}]}}