
{"id":19621,"date":"2012-10-10T12:07:36","date_gmt":"2012-10-10T15:07:36","guid":{"rendered":"http:\/\/www.oarcanjo.net\/site\/?p=19621"},"modified":"2012-10-11T14:49:58","modified_gmt":"2012-10-11T17:49:58","slug":"o-cardeal-lorscheider-e-o-vaticano-ii","status":"publish","type":"post","link":"https:\/\/www.oarcanjo.net\/site\/o-cardeal-lorscheider-e-o-vaticano-ii\/","title":{"rendered":"O Cardeal Lorscheider e o Vaticano II"},"content":{"rendered":"<h3><\/h3>\n<div><\/div>\n<h3>Padre Geovane Saraiva*<\/h3>\n<div>\n<div style=\"text-align: justify\"><a href=\"http:\/\/2.bp.blogspot.com\/-BlPJe-FqztM\/UHbPs_F3hzI\/AAAAAAAANKI\/DPu32T1pke4\/s1600\/geovane.png\"><\/a><a href=\"http:\/\/4.bp.blogspot.com\/-GqDxBVwiCfQ\/UHWNO3yZXEI\/AAAAAAAANA8\/J0dNbZoZaUo\/s1600\/DSC03049.JPG\"><\/a><a href=\"http:\/\/www.oarcanjo.net\/site\/wp-content\/uploads\/DSC03049.jpg\"><img loading=\"lazy\" decoding=\"async\" class=\"alignleft size-thumbnail wp-image-19151\" src=\"http:\/\/www.oarcanjo.net\/site\/wp-content\/uploads\/DSC03049-150x150.jpg\" alt=\"\" width=\"150\" height=\"150\" \/><\/a>Dom Alo\u00edsio Cardeal Lorscheider (1924-2007), foi aquele que melhor compreendeu o Conc\u00edlio Vaticano II, num esfor\u00e7o de viv\u00ea-lo, na mais profunda coer\u00eancia, destacando-se como defensor destemido da criatura humana em toda sua plenitude. Da\u00ed sua corajosa e prof\u00e9tica sabedoria, ao afirmar:\u00a0<em>\u201cO vaticano II faz-nos passar de uma Igreja-Institui\u00e7\u00e3o por uma Igreja-sociedade perfeita para uma Igreja-comunidade, inserida no mundo, a servi\u00e7o do reino de Deus; de uma Igreja-poder para uma Igreja pobre, despojada, peregrina; de uma Igreja-autoridade para uma Igreja serva, servidora, ministerial; de uma Igreja piramidal para uma Igreja-povo; de uma Igreja pura e sem mancha para uma Igreja santa e pecadora, sempre necessitada de convers\u00e3o, de reforma; de uma Igreja-cristandade para uma Igreja-miss\u00e3o, uma Igreja toda mission\u00e1ria\u201d.<\/em><\/div>\n<div style=\"text-align: justify\"><em><br \/>\n<\/em><\/div>\n<div style=\"text-align: justify\"><a href=\"http:\/\/1.bp.blogspot.com\/-JNYxitCm1TY\/UHbPzdk4PAI\/AAAAAAAANKQ\/JfSXxh65G9Y\/s1600\/capa_livro.png\"><\/a><\/div>\n<div style=\"text-align: justify\">Jamais podemos esquec\u00ea-lo, na sua do\u00e7ura e ternura em pessoa, alegria constante, posi\u00e7\u00f5es corajosas e determinadas, ao mesmo tempo, pregava e anunciava o Evangelho com coragem prof\u00e9tica e grande sabedoria, carregando sempre no seu grande cora\u00e7\u00e3o as alegrias, as esperan\u00e7as, as tristezas, as ang\u00fastias e os sofrimentos de sua querida gente (cf. GS 200). Al\u00e9m de travar, sem jamais se cansar, uma luta pela redemocratiza\u00e7\u00e3o, pela liberdade de express\u00e3o, pela dignidade da pessoa humana e pelo fim da tortura em nosso querido Brasil.<\/div>\n<div style=\"text-align: justify\"><\/div>\n<div style=\"text-align: justify\">Dom S\u00e9rgio da Rocha, Arcebispo de Bras\u00edlia, fala assim:<em>\u201ccomo<\/em> <em>foi preciosa sua participa\u00e7\u00e3o no Conc\u00edlio Vaticano II, no in\u00edcio do seu episcopado. Entretanto, o significado de sua figura e o alcance de sua atua\u00e7\u00e3o v\u00e3o muito al\u00e9m do interior da Igreja, repercutindo na sociedade brasileira e no mundo. Homem de di\u00e1logo, conforme o esp\u00edrito do mesmo Vaticano II, empreendendo esfor\u00e7os para a edifica\u00e7\u00e3o de uma sociedade justa, solid\u00e1ria e fraterna, querida pelo Criador e Pai\u201d.<\/em><\/div>\n<div style=\"text-align: justify\"><em><br \/>\n<\/em><\/div>\n<div style=\"text-align: justify\">Seu esfor\u00e7o foi constante, no sentido de tornar a Igreja no s\u00e9culo XX mais apta para anunciar o Evangelho \u00e0 humanidade, especialmente quando o Vaticano II fala do dever e do direito do apostolado dos crist\u00e3os leigos, fazendo entender com todas as letras que ele vive no cora\u00e7\u00e3o do mundo, e ao mesmo tempo s\u00e3o convocados a ser sal, luz e fermento, nas mais diversificadas realidades em que est\u00e3o inseridos e desempenham suas fun\u00e7\u00f5es, individual ou coletivamente, sempre em comunh\u00e3o com a Igreja, atrav\u00e9s dos pastores (bispos, padres e di\u00e1conos).<\/div>\n<div style=\"text-align: justify\"><\/div>\n<div style=\"text-align: justify\">Na Arquidiocese de Fortaleza, nos seus 22 anos \u00e0 frente da mesma, seu modo de proceder foi como que,\u00a0<em>sine qua non, <\/em>no sentido de que o povo de Deus compreendesse o seu chamado na grande tarefa de evangelizar a realidade do mundo por ele vivida. Quis ele mostrar, atrav\u00e9s de sinais e gestos concretos, que toda Igreja \u00e9 mission\u00e1ria, no \u00e2mbito da economia, da pol\u00edtica e, sobretudo, da promo\u00e7\u00e3o da justi\u00e7a e da paz, sem jamais esquecer a realidade do trabalho, sa\u00fade e educa\u00e7\u00e3o, sonhando com um modelo de Igreja que sai do templo e vai \u00e0s ruas, sendo uma presen\u00e7a viva no meio do povo, num ardente desejo de ver a realidade transformada.<\/div>\n<div style=\"text-align: justify\"><\/div>\n<div style=\"text-align: justify\">Dizia o Cardeal Lorscheider: \u201cEnquanto tivermos o povo \u00e0 margem, exclu\u00eddo do processo econ\u00f4mico, social e cultural, n\u00f3s n\u00e3o podemos nos iludir que vamos resolver os problemas do Brasil\u201d. Padre Manfredo Ara\u00fajo de Oliveira interpretou com muito rigor e sabedoria esse pensamento do nosso terno e eterno pastor:<em>\u201cDom Alo\u00edsio Lorscheider, com muita ternura, mas com firmeza prof\u00e9tica, levantou sua voz em nome de Deus para denunciar as injusti\u00e7as gritantes, presentes na vida dos cearenses, frente a uma sociedade que, tendo se acostumado com a mis\u00e9ria como algo natural, se tornava insens\u00edvel aos sofrimentos humanos\u201d.<\/em><\/div>\n<div style=\"text-align: justify\"><em><br \/>\n<\/em><\/div>\n<div><em>*Padre da Arquidiocese de Fortaleza, Escritor, Membro da Academia de Letras dos Munic\u00edpios do Estado Cear\u00e1 (ALMECE), e da Academia Metropolitana de Letras de Fortaleza.<\/em><\/div>\n<div><em>P\u00e1roco de Santo Afonso<\/em><\/div>\n<div><a href=\"mailto:geovanesaraiva@gmail.com\"><em>geovanesaraiva@gmail.com<\/em><\/a><\/div>\n<div><strong>Autor dos livros:<\/strong><\/div>\n<div><strong>\u201cO peregrino da Paz\u201d e \u201cNascido Para as Coisas Maiores\u201d (centen\u00e1rio de Dom Helder C\u00e2mara);<\/strong><\/div>\n<div><strong>\u201cA Ternura de um Pastor\u201d &#8211; 2\u00aa Edi\u00e7\u00e3o (homenagem ao Cardeal Lorscheider);<\/strong><\/div>\n<div><strong>\u201cA Esperan\u00e7a Tem Nome\u201d (espiritualidade e compromisso);<\/strong><\/div>\n<div><strong>&#8220;Dom Helder: sonhos e utopias&#8221; (o pastor dos empobrecidos).<\/strong><\/div>\n<\/div>\n<p>&nbsp;<\/p>\n<div id=\"themify_builder_content-19621\" data-postid=\"19621\" class=\"themify_builder_content themify_builder_content-19621 themify_builder themify_builder_front\">\n\t<\/div>\n<!-- \/themify_builder_content -->","protected":false},"excerpt":{"rendered":"<p>Padre Geovane Saraiva* Dom Alo\u00edsio Cardeal Lorscheider (1924-2007), foi aquele que melhor compreendeu o Conc\u00edlio Vaticano II, num esfor\u00e7o de viv\u00ea-lo, na mais profunda coer\u00eancia, destacando-se como defensor destemido da criatura humana em toda sua plenitude. Da\u00ed sua corajosa e prof\u00e9tica sabedoria, ao afirmar:\u00a0\u201cO vaticano II faz-nos passar de uma Igreja-Institui\u00e7\u00e3o por uma Igreja-sociedade perfeita [&hellip;]<\/p>\n","protected":false},"author":17,"featured_media":0,"comment_status":"open","ping_status":"open","sticky":false,"template":"","format":"standard","meta":{"ngg_post_thumbnail":0,"footnotes":""},"categories":[474],"tags":[],"yoast_head":"<!-- This site is optimized with the Yoast SEO plugin v23.5 - https:\/\/yoast.com\/wordpress\/plugins\/seo\/ -->\n<title>O Cardeal Lorscheider e o Vaticano II  - O Arcanjo no ar<\/title>\n<meta name=\"robots\" content=\"index, follow, max-snippet:-1, max-image-preview:large, max-video-preview:-1\" \/>\n<link rel=\"canonical\" href=\"https:\/\/www.oarcanjo.net\/site\/o-cardeal-lorscheider-e-o-vaticano-ii\/\" \/>\n<meta property=\"og:locale\" content=\"pt_BR\" \/>\n<meta property=\"og:type\" content=\"article\" \/>\n<meta property=\"og:title\" content=\"O Cardeal Lorscheider e o Vaticano II  - O Arcanjo no ar\" \/>\n<meta property=\"og:description\" content=\"Padre Geovane Saraiva* Dom Alo\u00edsio Cardeal Lorscheider (1924-2007), foi aquele que melhor compreendeu o Conc\u00edlio Vaticano II, num esfor\u00e7o de viv\u00ea-lo, na mais profunda coer\u00eancia, destacando-se como defensor destemido da criatura humana em toda sua plenitude. Da\u00ed sua corajosa e prof\u00e9tica sabedoria, ao afirmar:\u00a0\u201cO vaticano II faz-nos passar de uma Igreja-Institui\u00e7\u00e3o por uma Igreja-sociedade perfeita [&hellip;]\" \/>\n<meta property=\"og:url\" content=\"https:\/\/www.oarcanjo.net\/site\/o-cardeal-lorscheider-e-o-vaticano-ii\/\" \/>\n<meta property=\"og:site_name\" content=\"O Arcanjo no ar\" \/>\n<meta property=\"article:publisher\" content=\"https:\/\/www.facebook.com\/OArcanjoNoAr\/\" \/>\n<meta property=\"article:published_time\" content=\"2012-10-10T15:07:36+00:00\" \/>\n<meta property=\"article:modified_time\" content=\"2012-10-11T17:49:58+00:00\" \/>\n<meta property=\"og:image\" content=\"http:\/\/www.oarcanjo.net\/site\/wp-content\/uploads\/DSC03049-150x150.jpg\" \/>\n<meta name=\"author\" content=\"pe.geovane\" \/>\n<meta name=\"twitter:card\" content=\"summary_large_image\" \/>\n<meta name=\"twitter:label1\" content=\"Escrito por\" \/>\n\t<meta name=\"twitter:data1\" content=\"pe.geovane\" \/>\n\t<meta name=\"twitter:label2\" content=\"Est. tempo de leitura\" \/>\n\t<meta name=\"twitter:data2\" content=\"4 minutos\" \/>\n<script type=\"application\/ld+json\" class=\"yoast-schema-graph\">{\"@context\":\"https:\/\/schema.org\",\"@graph\":[{\"@type\":\"Article\",\"@id\":\"https:\/\/www.oarcanjo.net\/site\/o-cardeal-lorscheider-e-o-vaticano-ii\/#article\",\"isPartOf\":{\"@id\":\"https:\/\/www.oarcanjo.net\/site\/o-cardeal-lorscheider-e-o-vaticano-ii\/\"},\"author\":{\"name\":\"pe.geovane\",\"@id\":\"https:\/\/www.oarcanjo.net\/site\/#\/schema\/person\/58d7f78850a973b8e467c7ae4a7eb4ad\"},\"headline\":\"O Cardeal Lorscheider e o Vaticano II\",\"datePublished\":\"2012-10-10T15:07:36+00:00\",\"dateModified\":\"2012-10-11T17:49:58+00:00\",\"mainEntityOfPage\":{\"@id\":\"https:\/\/www.oarcanjo.net\/site\/o-cardeal-lorscheider-e-o-vaticano-ii\/\"},\"wordCount\":728,\"commentCount\":0,\"publisher\":{\"@id\":\"https:\/\/www.oarcanjo.net\/site\/#organization\"},\"image\":{\"@id\":\"https:\/\/www.oarcanjo.net\/site\/o-cardeal-lorscheider-e-o-vaticano-ii\/#primaryimage\"},\"thumbnailUrl\":\"http:\/\/www.oarcanjo.net\/site\/wp-content\/uploads\/DSC03049-150x150.jpg\",\"articleSection\":[\"D. Aloisio Lorscheider\"],\"inLanguage\":\"pt-BR\",\"potentialAction\":[{\"@type\":\"CommentAction\",\"name\":\"Comment\",\"target\":[\"https:\/\/www.oarcanjo.net\/site\/o-cardeal-lorscheider-e-o-vaticano-ii\/#respond\"]}]},{\"@type\":\"WebPage\",\"@id\":\"https:\/\/www.oarcanjo.net\/site\/o-cardeal-lorscheider-e-o-vaticano-ii\/\",\"url\":\"https:\/\/www.oarcanjo.net\/site\/o-cardeal-lorscheider-e-o-vaticano-ii\/\",\"name\":\"O Cardeal Lorscheider e o Vaticano II - O Arcanjo no ar\",\"isPartOf\":{\"@id\":\"https:\/\/www.oarcanjo.net\/site\/#website\"},\"primaryImageOfPage\":{\"@id\":\"https:\/\/www.oarcanjo.net\/site\/o-cardeal-lorscheider-e-o-vaticano-ii\/#primaryimage\"},\"image\":{\"@id\":\"https:\/\/www.oarcanjo.net\/site\/o-cardeal-lorscheider-e-o-vaticano-ii\/#primaryimage\"},\"thumbnailUrl\":\"http:\/\/www.oarcanjo.net\/site\/wp-content\/uploads\/DSC03049-150x150.jpg\",\"datePublished\":\"2012-10-10T15:07:36+00:00\",\"dateModified\":\"2012-10-11T17:49:58+00:00\",\"breadcrumb\":{\"@id\":\"https:\/\/www.oarcanjo.net\/site\/o-cardeal-lorscheider-e-o-vaticano-ii\/#breadcrumb\"},\"inLanguage\":\"pt-BR\",\"potentialAction\":[{\"@type\":\"ReadAction\",\"target\":[\"https:\/\/www.oarcanjo.net\/site\/o-cardeal-lorscheider-e-o-vaticano-ii\/\"]}]},{\"@type\":\"ImageObject\",\"inLanguage\":\"pt-BR\",\"@id\":\"https:\/\/www.oarcanjo.net\/site\/o-cardeal-lorscheider-e-o-vaticano-ii\/#primaryimage\",\"url\":\"https:\/\/www.oarcanjo.net\/site\/wp-content\/uploads\/DSC03049.jpg\",\"contentUrl\":\"https:\/\/www.oarcanjo.net\/site\/wp-content\/uploads\/DSC03049.jpg\",\"width\":\"655\",\"height\":\"917\"},{\"@type\":\"BreadcrumbList\",\"@id\":\"https:\/\/www.oarcanjo.net\/site\/o-cardeal-lorscheider-e-o-vaticano-ii\/#breadcrumb\",\"itemListElement\":[{\"@type\":\"ListItem\",\"position\":1,\"name\":\"In\u00edcio\",\"item\":\"https:\/\/www.oarcanjo.net\/site\/\"},{\"@type\":\"ListItem\",\"position\":2,\"name\":\"O Cardeal Lorscheider e o Vaticano II\"}]},{\"@type\":\"WebSite\",\"@id\":\"https:\/\/www.oarcanjo.net\/site\/#website\",\"url\":\"https:\/\/www.oarcanjo.net\/site\/\",\"name\":\"O Arcanjo no ar\",\"description\":\"Site da Par\u00f3quia S\u00e3o Miguel Arcanjo (Arquidiocese de SP)\",\"publisher\":{\"@id\":\"https:\/\/www.oarcanjo.net\/site\/#organization\"},\"potentialAction\":[{\"@type\":\"SearchAction\",\"target\":{\"@type\":\"EntryPoint\",\"urlTemplate\":\"https:\/\/www.oarcanjo.net\/site\/?s={search_term_string}\"},\"query-input\":{\"@type\":\"PropertyValueSpecification\",\"valueRequired\":true,\"valueName\":\"search_term_string\"}}],\"inLanguage\":\"pt-BR\"},{\"@type\":\"Organization\",\"@id\":\"https:\/\/www.oarcanjo.net\/site\/#organization\",\"name\":\"Par\u00f3quia S\u00e3o Miguel Arcanjo\",\"url\":\"https:\/\/www.oarcanjo.net\/site\/\",\"logo\":{\"@type\":\"ImageObject\",\"inLanguage\":\"pt-BR\",\"@id\":\"https:\/\/www.oarcanjo.net\/site\/#\/schema\/logo\/image\/\",\"url\":\"https:\/\/www.oarcanjo.net\/site\/wp-content\/uploads\/LogoOArcanjo.png\",\"contentUrl\":\"https:\/\/www.oarcanjo.net\/site\/wp-content\/uploads\/LogoOArcanjo.png\",\"width\":319,\"height\":99,\"caption\":\"Par\u00f3quia S\u00e3o Miguel Arcanjo\"},\"image\":{\"@id\":\"https:\/\/www.oarcanjo.net\/site\/#\/schema\/logo\/image\/\"},\"sameAs\":[\"https:\/\/www.facebook.com\/OArcanjoNoAr\/\"]},{\"@type\":\"Person\",\"@id\":\"https:\/\/www.oarcanjo.net\/site\/#\/schema\/person\/58d7f78850a973b8e467c7ae4a7eb4ad\",\"name\":\"pe.geovane\"}]}<\/script>\n<!-- \/ Yoast SEO plugin. -->","yoast_head_json":{"title":"O Cardeal Lorscheider e o Vaticano II  - O Arcanjo no ar","robots":{"index":"index","follow":"follow","max-snippet":"max-snippet:-1","max-image-preview":"max-image-preview:large","max-video-preview":"max-video-preview:-1"},"canonical":"https:\/\/www.oarcanjo.net\/site\/o-cardeal-lorscheider-e-o-vaticano-ii\/","og_locale":"pt_BR","og_type":"article","og_title":"O Cardeal Lorscheider e o Vaticano II  - O Arcanjo no ar","og_description":"Padre Geovane Saraiva* Dom Alo\u00edsio Cardeal Lorscheider (1924-2007), foi aquele que melhor compreendeu o Conc\u00edlio Vaticano II, num esfor\u00e7o de viv\u00ea-lo, na mais profunda coer\u00eancia, destacando-se como defensor destemido da criatura humana em toda sua plenitude. Da\u00ed sua corajosa e prof\u00e9tica sabedoria, ao afirmar:\u00a0\u201cO vaticano II faz-nos passar de uma Igreja-Institui\u00e7\u00e3o por uma Igreja-sociedade perfeita [&hellip;]","og_url":"https:\/\/www.oarcanjo.net\/site\/o-cardeal-lorscheider-e-o-vaticano-ii\/","og_site_name":"O Arcanjo no ar","article_publisher":"https:\/\/www.facebook.com\/OArcanjoNoAr\/","article_published_time":"2012-10-10T15:07:36+00:00","article_modified_time":"2012-10-11T17:49:58+00:00","og_image":[{"url":"http:\/\/www.oarcanjo.net\/site\/wp-content\/uploads\/DSC03049-150x150.jpg"}],"author":"pe.geovane","twitter_card":"summary_large_image","twitter_misc":{"Escrito por":"pe.geovane","Est. tempo de leitura":"4 minutos"},"schema":{"@context":"https:\/\/schema.org","@graph":[{"@type":"Article","@id":"https:\/\/www.oarcanjo.net\/site\/o-cardeal-lorscheider-e-o-vaticano-ii\/#article","isPartOf":{"@id":"https:\/\/www.oarcanjo.net\/site\/o-cardeal-lorscheider-e-o-vaticano-ii\/"},"author":{"name":"pe.geovane","@id":"https:\/\/www.oarcanjo.net\/site\/#\/schema\/person\/58d7f78850a973b8e467c7ae4a7eb4ad"},"headline":"O Cardeal Lorscheider e o Vaticano II","datePublished":"2012-10-10T15:07:36+00:00","dateModified":"2012-10-11T17:49:58+00:00","mainEntityOfPage":{"@id":"https:\/\/www.oarcanjo.net\/site\/o-cardeal-lorscheider-e-o-vaticano-ii\/"},"wordCount":728,"commentCount":0,"publisher":{"@id":"https:\/\/www.oarcanjo.net\/site\/#organization"},"image":{"@id":"https:\/\/www.oarcanjo.net\/site\/o-cardeal-lorscheider-e-o-vaticano-ii\/#primaryimage"},"thumbnailUrl":"http:\/\/www.oarcanjo.net\/site\/wp-content\/uploads\/DSC03049-150x150.jpg","articleSection":["D. Aloisio Lorscheider"],"inLanguage":"pt-BR","potentialAction":[{"@type":"CommentAction","name":"Comment","target":["https:\/\/www.oarcanjo.net\/site\/o-cardeal-lorscheider-e-o-vaticano-ii\/#respond"]}]},{"@type":"WebPage","@id":"https:\/\/www.oarcanjo.net\/site\/o-cardeal-lorscheider-e-o-vaticano-ii\/","url":"https:\/\/www.oarcanjo.net\/site\/o-cardeal-lorscheider-e-o-vaticano-ii\/","name":"O Cardeal Lorscheider e o Vaticano II - O Arcanjo no ar","isPartOf":{"@id":"https:\/\/www.oarcanjo.net\/site\/#website"},"primaryImageOfPage":{"@id":"https:\/\/www.oarcanjo.net\/site\/o-cardeal-lorscheider-e-o-vaticano-ii\/#primaryimage"},"image":{"@id":"https:\/\/www.oarcanjo.net\/site\/o-cardeal-lorscheider-e-o-vaticano-ii\/#primaryimage"},"thumbnailUrl":"http:\/\/www.oarcanjo.net\/site\/wp-content\/uploads\/DSC03049-150x150.jpg","datePublished":"2012-10-10T15:07:36+00:00","dateModified":"2012-10-11T17:49:58+00:00","breadcrumb":{"@id":"https:\/\/www.oarcanjo.net\/site\/o-cardeal-lorscheider-e-o-vaticano-ii\/#breadcrumb"},"inLanguage":"pt-BR","potentialAction":[{"@type":"ReadAction","target":["https:\/\/www.oarcanjo.net\/site\/o-cardeal-lorscheider-e-o-vaticano-ii\/"]}]},{"@type":"ImageObject","inLanguage":"pt-BR","@id":"https:\/\/www.oarcanjo.net\/site\/o-cardeal-lorscheider-e-o-vaticano-ii\/#primaryimage","url":"https:\/\/www.oarcanjo.net\/site\/wp-content\/uploads\/DSC03049.jpg","contentUrl":"https:\/\/www.oarcanjo.net\/site\/wp-content\/uploads\/DSC03049.jpg","width":"655","height":"917"},{"@type":"BreadcrumbList","@id":"https:\/\/www.oarcanjo.net\/site\/o-cardeal-lorscheider-e-o-vaticano-ii\/#breadcrumb","itemListElement":[{"@type":"ListItem","position":1,"name":"In\u00edcio","item":"https:\/\/www.oarcanjo.net\/site\/"},{"@type":"ListItem","position":2,"name":"O Cardeal Lorscheider e o Vaticano II"}]},{"@type":"WebSite","@id":"https:\/\/www.oarcanjo.net\/site\/#website","url":"https:\/\/www.oarcanjo.net\/site\/","name":"O Arcanjo no ar","description":"Site da Par\u00f3quia S\u00e3o Miguel Arcanjo (Arquidiocese de SP)","publisher":{"@id":"https:\/\/www.oarcanjo.net\/site\/#organization"},"potentialAction":[{"@type":"SearchAction","target":{"@type":"EntryPoint","urlTemplate":"https:\/\/www.oarcanjo.net\/site\/?s={search_term_string}"},"query-input":{"@type":"PropertyValueSpecification","valueRequired":true,"valueName":"search_term_string"}}],"inLanguage":"pt-BR"},{"@type":"Organization","@id":"https:\/\/www.oarcanjo.net\/site\/#organization","name":"Par\u00f3quia S\u00e3o Miguel Arcanjo","url":"https:\/\/www.oarcanjo.net\/site\/","logo":{"@type":"ImageObject","inLanguage":"pt-BR","@id":"https:\/\/www.oarcanjo.net\/site\/#\/schema\/logo\/image\/","url":"https:\/\/www.oarcanjo.net\/site\/wp-content\/uploads\/LogoOArcanjo.png","contentUrl":"https:\/\/www.oarcanjo.net\/site\/wp-content\/uploads\/LogoOArcanjo.png","width":319,"height":99,"caption":"Par\u00f3quia S\u00e3o Miguel Arcanjo"},"image":{"@id":"https:\/\/www.oarcanjo.net\/site\/#\/schema\/logo\/image\/"},"sameAs":["https:\/\/www.facebook.com\/OArcanjoNoAr\/"]},{"@type":"Person","@id":"https:\/\/www.oarcanjo.net\/site\/#\/schema\/person\/58d7f78850a973b8e467c7ae4a7eb4ad","name":"pe.geovane"}]}},"publishpress_future_action":{"enabled":false,"date":"2026-05-06 18:06:33","action":"category","newStatus":"draft","terms":[],"taxonomy":"category"},"publishpress_future_workflow_manual_trigger":{"enabledWorkflows":[]},"_links":{"self":[{"href":"https:\/\/www.oarcanjo.net\/site\/wp-json\/wp\/v2\/posts\/19621"}],"collection":[{"href":"https:\/\/www.oarcanjo.net\/site\/wp-json\/wp\/v2\/posts"}],"about":[{"href":"https:\/\/www.oarcanjo.net\/site\/wp-json\/wp\/v2\/types\/post"}],"author":[{"embeddable":true,"href":"https:\/\/www.oarcanjo.net\/site\/wp-json\/wp\/v2\/users\/17"}],"replies":[{"embeddable":true,"href":"https:\/\/www.oarcanjo.net\/site\/wp-json\/wp\/v2\/comments?post=19621"}],"version-history":[{"count":0,"href":"https:\/\/www.oarcanjo.net\/site\/wp-json\/wp\/v2\/posts\/19621\/revisions"}],"wp:attachment":[{"href":"https:\/\/www.oarcanjo.net\/site\/wp-json\/wp\/v2\/media?parent=19621"}],"wp:term":[{"taxonomy":"category","embeddable":true,"href":"https:\/\/www.oarcanjo.net\/site\/wp-json\/wp\/v2\/categories?post=19621"},{"taxonomy":"post_tag","embeddable":true,"href":"https:\/\/www.oarcanjo.net\/site\/wp-json\/wp\/v2\/tags?post=19621"}],"curies":[{"name":"wp","href":"https:\/\/api.w.org\/{rel}","templated":true}]}}