
{"id":19626,"date":"2012-10-10T16:47:58","date_gmt":"2012-10-10T19:47:58","guid":{"rendered":"http:\/\/www.oarcanjo.net\/site\/?p=19626"},"modified":"2012-11-05T09:59:04","modified_gmt":"2012-11-05T11:59:04","slug":"arquidiocese-de-sao-paulo-prepara-abertura-e-lancamento-do-ano-da-fe","status":"publish","type":"post","link":"https:\/\/www.oarcanjo.net\/site\/arquidiocese-de-sao-paulo-prepara-abertura-e-lancamento-do-ano-da-fe\/","title":{"rendered":"Arquidiocese de S\u00e3o Paulo prepara abertura e lan\u00e7amento do Ano da F\u00e9"},"content":{"rendered":"<p>No dia 11 de outubro, o Papa Bento XVI abrir\u00e1 para toda a Igreja o Ano da F\u00e9, que ser\u00e1 uma \u201chora de Deus\u201d para a Igreja Cat\u00f3lica. O Ano da F\u00e9 se estender\u00e1 at\u00e9 \u00e0 Solenidade de Cristo Rei do ano que vem, 24 de novembro de 2013.<\/p>\n<p>Os objetivos para a viv\u00eancia do Ano da F\u00e9 s\u00e3o:<\/p>\n<p>a) renovar a profiss\u00e3o da f\u00e9, de maneira pessoal e comunit\u00e1ria;<\/p>\n<p>b) aprofundar o conhecimento das verdades da f\u00e9;<\/p>\n<p>c) difundir, estudar e conhecer melhor o Catecismo da Igreja Cat\u00f3lica e\/ou o Comp\u00eandio do Catecismo;<\/p>\n<p>d) pedir perd\u00e3o a Deus pelas infidelidades contra a f\u00e9;<\/p>\n<p>e) despertar nos fi\u00e9is um novo apre\u00e7o pela f\u00e9 cat\u00f3lica, a alegria de crer e o desejo de testemunhar e transmitir a f\u00e9 aos outros.<\/p>\n<p>Na\u00a0Arquidiocese de S\u00e3o Paulo,<em><strong> a abertura solene do Ano da F\u00e9 <\/strong><\/em>ser\u00e1 no dia <em><strong>04 de novembro pr\u00f3ximo<\/strong><\/em>, Domingo, em que se celebra a Solenidade de Todos os Santos. Cada Bispo Auxiliar est\u00e1 organizando a abertura em sua Regi\u00e3o Episcopal e o Cardeal Dom Odilo Pedro Scherer presidir\u00e1 missa na\u00a0Catedral Metropolitana, \u00e0s 11h,\u00a0com a presen\u00e7a especial dos membros dos Movimentos Eclesiais, Associa\u00e7\u00f5es e Novas Comunidades. &#8220;Ser\u00e1 um momento muito significativo de &#8216;envio&#8217; para celebrar e viver o Ano da F\u00e9, com todo o entusiasmo, dando o testemunho p\u00fablico de nossa f\u00e9 desde o primeiro dia.&#8221; (D. Odilo)<\/p>\n<p>Para que as comunidades possam se programar, a Arquidiocese preparou\u00a0<strong>Subs\u00eddios para a Viv\u00eancia do Ano da F\u00e9<\/strong>. Clique <a title=\"Subs\u00eddios para Viv\u00eancia do Ano da F\u00e9\" href=\"http:\/\/www.regiaobelem.org.br\/wp-content\/uploads\/2012\/10\/Arquidiocese-SP-Subsidios-Vivencia-Ano-da-Fe.pdf\" target=\"_blank\">aqui<\/a> ou abaixo para fazer download.<\/p>\n<p><a title=\"Subs\u00eddios para a Viv\u00eancia do Ano da F\u00e9\" href=\"http:\/\/www.oarcanjo.net\/site\/wp-content\/uploads\/Arquidiocese-SP-Subsidios-Vivencia-Ano-da-Fe.pdf\" target=\"_blank\"><img loading=\"lazy\" decoding=\"async\" class=\"alignnone size-full wp-image-19627\" title=\"Subs\u00eddios para a Viv\u00eancia do Ano da F\u00e9\" src=\"http:\/\/www.oarcanjo.net\/site\/wp-content\/uploads\/Logo-Ano-da-Fe-Subsidios.png\" alt=\"Subs\u00eddios para a Viv\u00eancia do Ano da F\u00e9\" width=\"150\" height=\"230\" srcset=\"https:\/\/www.oarcanjo.net\/site\/wp-content\/uploads\/Logo-Ano-da-Fe-Subsidios.png 250w, https:\/\/www.oarcanjo.net\/site\/wp-content\/uploads\/Logo-Ano-da-Fe-Subsidios-195x300.png 195w\" sizes=\"(max-width: 150px) 100vw, 150px\" \/><\/a><\/p>\n<p>Leia tamb\u00e9m a <a title=\"Carta Apost\u00f3lica \u201cPorta Fidei\u201d\" href=\"http:\/\/www.oarcanjo.net\/site\/wp-content\/uploads\/Porta-Fidei.pdf\" target=\"_blank\">Carta Apost\u00f3lica \u201cPorta Fidei\u201d<\/a>, com a qual se proclama o Ano da F\u00e9 (out\/2012 \u2013 out\/2013).<\/p>\n<p>Veja a explica\u00e7\u00e3o do logotipo:<\/p>\n<p><img loading=\"lazy\" decoding=\"async\" class=\"alignnone size-full wp-image-19630\" title=\"Explica\u00e7\u00e3o do logo\" src=\"http:\/\/www.oarcanjo.net\/site\/wp-content\/uploads\/Explicacao-Logo-Ano-da-Fe.png\" alt=\"Explica\u00e7\u00e3o do logo\" width=\"550\" height=\"795\" srcset=\"https:\/\/www.oarcanjo.net\/site\/wp-content\/uploads\/Explicacao-Logo-Ano-da-Fe.png 550w, https:\/\/www.oarcanjo.net\/site\/wp-content\/uploads\/Explicacao-Logo-Ano-da-Fe-207x300.png 207w\" sizes=\"(max-width: 550px) 100vw, 550px\" \/><\/p>\n<div id=\"themify_builder_content-19626\" data-postid=\"19626\" class=\"themify_builder_content themify_builder_content-19626 themify_builder themify_builder_front\">\n\t<\/div>\n<!-- \/themify_builder_content -->","protected":false},"excerpt":{"rendered":"<p>No dia 11 de outubro, o Papa Bento XVI abrir\u00e1 para toda a Igreja o Ano da F\u00e9, que ser\u00e1 uma \u201chora de Deus\u201d para a Igreja Cat\u00f3lica. O Ano da F\u00e9 se estender\u00e1 at\u00e9 \u00e0 Solenidade de Cristo Rei do ano que vem, 24 de novembro de 2013. Os objetivos para a viv\u00eancia do [&hellip;]<\/p>\n","protected":false},"author":5,"featured_media":0,"comment_status":"open","ping_status":"open","sticky":false,"template":"","format":"standard","meta":{"ngg_post_thumbnail":0,"footnotes":""},"categories":[2153,8],"tags":[],"yoast_head":"<!-- This site is optimized with the Yoast SEO plugin v23.5 - https:\/\/yoast.com\/wordpress\/plugins\/seo\/ -->\n<title>Arquidiocese de S\u00e3o Paulo prepara abertura e lan\u00e7amento do Ano da F\u00e9 - O Arcanjo no ar<\/title>\n<meta name=\"robots\" content=\"index, follow, max-snippet:-1, max-image-preview:large, max-video-preview:-1\" \/>\n<link rel=\"canonical\" href=\"https:\/\/www.oarcanjo.net\/site\/arquidiocese-de-sao-paulo-prepara-abertura-e-lancamento-do-ano-da-fe\/\" \/>\n<meta property=\"og:locale\" content=\"pt_BR\" \/>\n<meta property=\"og:type\" content=\"article\" \/>\n<meta property=\"og:title\" content=\"Arquidiocese de S\u00e3o Paulo prepara abertura e lan\u00e7amento do Ano da F\u00e9 - O Arcanjo no ar\" \/>\n<meta property=\"og:description\" content=\"No dia 11 de outubro, o Papa Bento XVI abrir\u00e1 para toda a Igreja o Ano da F\u00e9, que ser\u00e1 uma \u201chora de Deus\u201d para a Igreja Cat\u00f3lica. O Ano da F\u00e9 se estender\u00e1 at\u00e9 \u00e0 Solenidade de Cristo Rei do ano que vem, 24 de novembro de 2013. Os objetivos para a viv\u00eancia do [&hellip;]\" \/>\n<meta property=\"og:url\" content=\"https:\/\/www.oarcanjo.net\/site\/arquidiocese-de-sao-paulo-prepara-abertura-e-lancamento-do-ano-da-fe\/\" \/>\n<meta property=\"og:site_name\" content=\"O Arcanjo no ar\" \/>\n<meta property=\"article:publisher\" content=\"https:\/\/www.facebook.com\/OArcanjoNoAr\/\" \/>\n<meta property=\"article:published_time\" content=\"2012-10-10T19:47:58+00:00\" \/>\n<meta property=\"article:modified_time\" content=\"2012-11-05T11:59:04+00:00\" \/>\n<meta property=\"og:image\" content=\"http:\/\/www.oarcanjo.net\/site\/wp-content\/uploads\/Logo-Ano-da-Fe-Subsidios.png\" \/>\n<meta name=\"author\" content=\"editor\" \/>\n<meta name=\"twitter:card\" content=\"summary_large_image\" \/>\n<meta name=\"twitter:label1\" content=\"Escrito por\" \/>\n\t<meta name=\"twitter:data1\" content=\"editor\" \/>\n\t<meta name=\"twitter:label2\" content=\"Est. tempo de leitura\" \/>\n\t<meta name=\"twitter:data2\" content=\"1 minuto\" \/>\n<script type=\"application\/ld+json\" class=\"yoast-schema-graph\">{\"@context\":\"https:\/\/schema.org\",\"@graph\":[{\"@type\":\"Article\",\"@id\":\"https:\/\/www.oarcanjo.net\/site\/arquidiocese-de-sao-paulo-prepara-abertura-e-lancamento-do-ano-da-fe\/#article\",\"isPartOf\":{\"@id\":\"https:\/\/www.oarcanjo.net\/site\/arquidiocese-de-sao-paulo-prepara-abertura-e-lancamento-do-ano-da-fe\/\"},\"author\":{\"name\":\"editor\",\"@id\":\"https:\/\/www.oarcanjo.net\/site\/#\/schema\/person\/f7024d007863202483a31326673a0838\"},\"headline\":\"Arquidiocese de S\u00e3o Paulo prepara abertura e lan\u00e7amento do Ano da F\u00e9\",\"datePublished\":\"2012-10-10T19:47:58+00:00\",\"dateModified\":\"2012-11-05T11:59:04+00:00\",\"mainEntityOfPage\":{\"@id\":\"https:\/\/www.oarcanjo.net\/site\/arquidiocese-de-sao-paulo-prepara-abertura-e-lancamento-do-ano-da-fe\/\"},\"wordCount\":309,\"commentCount\":0,\"publisher\":{\"@id\":\"https:\/\/www.oarcanjo.net\/site\/#organization\"},\"image\":{\"@id\":\"https:\/\/www.oarcanjo.net\/site\/arquidiocese-de-sao-paulo-prepara-abertura-e-lancamento-do-ano-da-fe\/#primaryimage\"},\"thumbnailUrl\":\"http:\/\/www.oarcanjo.net\/site\/wp-content\/uploads\/Logo-Ano-da-Fe-Subsidios.png\",\"articleSection\":[\"Ano da F\u00e9\",\"Not\u00edcias\"],\"inLanguage\":\"pt-BR\",\"potentialAction\":[{\"@type\":\"CommentAction\",\"name\":\"Comment\",\"target\":[\"https:\/\/www.oarcanjo.net\/site\/arquidiocese-de-sao-paulo-prepara-abertura-e-lancamento-do-ano-da-fe\/#respond\"]}]},{\"@type\":\"WebPage\",\"@id\":\"https:\/\/www.oarcanjo.net\/site\/arquidiocese-de-sao-paulo-prepara-abertura-e-lancamento-do-ano-da-fe\/\",\"url\":\"https:\/\/www.oarcanjo.net\/site\/arquidiocese-de-sao-paulo-prepara-abertura-e-lancamento-do-ano-da-fe\/\",\"name\":\"Arquidiocese de S\u00e3o Paulo prepara abertura e lan\u00e7amento do Ano da F\u00e9 - O Arcanjo no ar\",\"isPartOf\":{\"@id\":\"https:\/\/www.oarcanjo.net\/site\/#website\"},\"primaryImageOfPage\":{\"@id\":\"https:\/\/www.oarcanjo.net\/site\/arquidiocese-de-sao-paulo-prepara-abertura-e-lancamento-do-ano-da-fe\/#primaryimage\"},\"image\":{\"@id\":\"https:\/\/www.oarcanjo.net\/site\/arquidiocese-de-sao-paulo-prepara-abertura-e-lancamento-do-ano-da-fe\/#primaryimage\"},\"thumbnailUrl\":\"http:\/\/www.oarcanjo.net\/site\/wp-content\/uploads\/Logo-Ano-da-Fe-Subsidios.png\",\"datePublished\":\"2012-10-10T19:47:58+00:00\",\"dateModified\":\"2012-11-05T11:59:04+00:00\",\"breadcrumb\":{\"@id\":\"https:\/\/www.oarcanjo.net\/site\/arquidiocese-de-sao-paulo-prepara-abertura-e-lancamento-do-ano-da-fe\/#breadcrumb\"},\"inLanguage\":\"pt-BR\",\"potentialAction\":[{\"@type\":\"ReadAction\",\"target\":[\"https:\/\/www.oarcanjo.net\/site\/arquidiocese-de-sao-paulo-prepara-abertura-e-lancamento-do-ano-da-fe\/\"]}]},{\"@type\":\"ImageObject\",\"inLanguage\":\"pt-BR\",\"@id\":\"https:\/\/www.oarcanjo.net\/site\/arquidiocese-de-sao-paulo-prepara-abertura-e-lancamento-do-ano-da-fe\/#primaryimage\",\"url\":\"https:\/\/www.oarcanjo.net\/site\/wp-content\/uploads\/Logo-Ano-da-Fe-Subsidios.png\",\"contentUrl\":\"https:\/\/www.oarcanjo.net\/site\/wp-content\/uploads\/Logo-Ano-da-Fe-Subsidios.png\",\"width\":\"250\",\"height\":\"384\",\"caption\":\"Subs\u00eddios para a Viv\u00eancia do Ano da F\u00e9\"},{\"@type\":\"BreadcrumbList\",\"@id\":\"https:\/\/www.oarcanjo.net\/site\/arquidiocese-de-sao-paulo-prepara-abertura-e-lancamento-do-ano-da-fe\/#breadcrumb\",\"itemListElement\":[{\"@type\":\"ListItem\",\"position\":1,\"name\":\"In\u00edcio\",\"item\":\"https:\/\/www.oarcanjo.net\/site\/\"},{\"@type\":\"ListItem\",\"position\":2,\"name\":\"Arquidiocese de S\u00e3o Paulo prepara abertura e lan\u00e7amento do Ano da F\u00e9\"}]},{\"@type\":\"WebSite\",\"@id\":\"https:\/\/www.oarcanjo.net\/site\/#website\",\"url\":\"https:\/\/www.oarcanjo.net\/site\/\",\"name\":\"O Arcanjo no ar\",\"description\":\"Site da Par\u00f3quia S\u00e3o Miguel Arcanjo (Arquidiocese de SP)\",\"publisher\":{\"@id\":\"https:\/\/www.oarcanjo.net\/site\/#organization\"},\"potentialAction\":[{\"@type\":\"SearchAction\",\"target\":{\"@type\":\"EntryPoint\",\"urlTemplate\":\"https:\/\/www.oarcanjo.net\/site\/?s={search_term_string}\"},\"query-input\":{\"@type\":\"PropertyValueSpecification\",\"valueRequired\":true,\"valueName\":\"search_term_string\"}}],\"inLanguage\":\"pt-BR\"},{\"@type\":\"Organization\",\"@id\":\"https:\/\/www.oarcanjo.net\/site\/#organization\",\"name\":\"Par\u00f3quia S\u00e3o Miguel Arcanjo\",\"url\":\"https:\/\/www.oarcanjo.net\/site\/\",\"logo\":{\"@type\":\"ImageObject\",\"inLanguage\":\"pt-BR\",\"@id\":\"https:\/\/www.oarcanjo.net\/site\/#\/schema\/logo\/image\/\",\"url\":\"https:\/\/www.oarcanjo.net\/site\/wp-content\/uploads\/LogoOArcanjo.png\",\"contentUrl\":\"https:\/\/www.oarcanjo.net\/site\/wp-content\/uploads\/LogoOArcanjo.png\",\"width\":319,\"height\":99,\"caption\":\"Par\u00f3quia S\u00e3o Miguel Arcanjo\"},\"image\":{\"@id\":\"https:\/\/www.oarcanjo.net\/site\/#\/schema\/logo\/image\/\"},\"sameAs\":[\"https:\/\/www.facebook.com\/OArcanjoNoAr\/\"]},{\"@type\":\"Person\",\"@id\":\"https:\/\/www.oarcanjo.net\/site\/#\/schema\/person\/f7024d007863202483a31326673a0838\",\"name\":\"editor\",\"sameAs\":[\"http:\/\/www.oarcanjo.net\"]}]}<\/script>\n<!-- \/ Yoast SEO plugin. -->","yoast_head_json":{"title":"Arquidiocese de S\u00e3o Paulo prepara abertura e lan\u00e7amento do Ano da F\u00e9 - O Arcanjo no ar","robots":{"index":"index","follow":"follow","max-snippet":"max-snippet:-1","max-image-preview":"max-image-preview:large","max-video-preview":"max-video-preview:-1"},"canonical":"https:\/\/www.oarcanjo.net\/site\/arquidiocese-de-sao-paulo-prepara-abertura-e-lancamento-do-ano-da-fe\/","og_locale":"pt_BR","og_type":"article","og_title":"Arquidiocese de S\u00e3o Paulo prepara abertura e lan\u00e7amento do Ano da F\u00e9 - O Arcanjo no ar","og_description":"No dia 11 de outubro, o Papa Bento XVI abrir\u00e1 para toda a Igreja o Ano da F\u00e9, que ser\u00e1 uma \u201chora de Deus\u201d para a Igreja Cat\u00f3lica. O Ano da F\u00e9 se estender\u00e1 at\u00e9 \u00e0 Solenidade de Cristo Rei do ano que vem, 24 de novembro de 2013. Os objetivos para a viv\u00eancia do [&hellip;]","og_url":"https:\/\/www.oarcanjo.net\/site\/arquidiocese-de-sao-paulo-prepara-abertura-e-lancamento-do-ano-da-fe\/","og_site_name":"O Arcanjo no ar","article_publisher":"https:\/\/www.facebook.com\/OArcanjoNoAr\/","article_published_time":"2012-10-10T19:47:58+00:00","article_modified_time":"2012-11-05T11:59:04+00:00","og_image":[{"url":"http:\/\/www.oarcanjo.net\/site\/wp-content\/uploads\/Logo-Ano-da-Fe-Subsidios.png"}],"author":"editor","twitter_card":"summary_large_image","twitter_misc":{"Escrito por":"editor","Est. tempo de leitura":"1 minuto"},"schema":{"@context":"https:\/\/schema.org","@graph":[{"@type":"Article","@id":"https:\/\/www.oarcanjo.net\/site\/arquidiocese-de-sao-paulo-prepara-abertura-e-lancamento-do-ano-da-fe\/#article","isPartOf":{"@id":"https:\/\/www.oarcanjo.net\/site\/arquidiocese-de-sao-paulo-prepara-abertura-e-lancamento-do-ano-da-fe\/"},"author":{"name":"editor","@id":"https:\/\/www.oarcanjo.net\/site\/#\/schema\/person\/f7024d007863202483a31326673a0838"},"headline":"Arquidiocese de S\u00e3o Paulo prepara abertura e lan\u00e7amento do Ano da F\u00e9","datePublished":"2012-10-10T19:47:58+00:00","dateModified":"2012-11-05T11:59:04+00:00","mainEntityOfPage":{"@id":"https:\/\/www.oarcanjo.net\/site\/arquidiocese-de-sao-paulo-prepara-abertura-e-lancamento-do-ano-da-fe\/"},"wordCount":309,"commentCount":0,"publisher":{"@id":"https:\/\/www.oarcanjo.net\/site\/#organization"},"image":{"@id":"https:\/\/www.oarcanjo.net\/site\/arquidiocese-de-sao-paulo-prepara-abertura-e-lancamento-do-ano-da-fe\/#primaryimage"},"thumbnailUrl":"http:\/\/www.oarcanjo.net\/site\/wp-content\/uploads\/Logo-Ano-da-Fe-Subsidios.png","articleSection":["Ano da F\u00e9","Not\u00edcias"],"inLanguage":"pt-BR","potentialAction":[{"@type":"CommentAction","name":"Comment","target":["https:\/\/www.oarcanjo.net\/site\/arquidiocese-de-sao-paulo-prepara-abertura-e-lancamento-do-ano-da-fe\/#respond"]}]},{"@type":"WebPage","@id":"https:\/\/www.oarcanjo.net\/site\/arquidiocese-de-sao-paulo-prepara-abertura-e-lancamento-do-ano-da-fe\/","url":"https:\/\/www.oarcanjo.net\/site\/arquidiocese-de-sao-paulo-prepara-abertura-e-lancamento-do-ano-da-fe\/","name":"Arquidiocese de S\u00e3o Paulo prepara abertura e lan\u00e7amento do Ano da F\u00e9 - O Arcanjo no ar","isPartOf":{"@id":"https:\/\/www.oarcanjo.net\/site\/#website"},"primaryImageOfPage":{"@id":"https:\/\/www.oarcanjo.net\/site\/arquidiocese-de-sao-paulo-prepara-abertura-e-lancamento-do-ano-da-fe\/#primaryimage"},"image":{"@id":"https:\/\/www.oarcanjo.net\/site\/arquidiocese-de-sao-paulo-prepara-abertura-e-lancamento-do-ano-da-fe\/#primaryimage"},"thumbnailUrl":"http:\/\/www.oarcanjo.net\/site\/wp-content\/uploads\/Logo-Ano-da-Fe-Subsidios.png","datePublished":"2012-10-10T19:47:58+00:00","dateModified":"2012-11-05T11:59:04+00:00","breadcrumb":{"@id":"https:\/\/www.oarcanjo.net\/site\/arquidiocese-de-sao-paulo-prepara-abertura-e-lancamento-do-ano-da-fe\/#breadcrumb"},"inLanguage":"pt-BR","potentialAction":[{"@type":"ReadAction","target":["https:\/\/www.oarcanjo.net\/site\/arquidiocese-de-sao-paulo-prepara-abertura-e-lancamento-do-ano-da-fe\/"]}]},{"@type":"ImageObject","inLanguage":"pt-BR","@id":"https:\/\/www.oarcanjo.net\/site\/arquidiocese-de-sao-paulo-prepara-abertura-e-lancamento-do-ano-da-fe\/#primaryimage","url":"https:\/\/www.oarcanjo.net\/site\/wp-content\/uploads\/Logo-Ano-da-Fe-Subsidios.png","contentUrl":"https:\/\/www.oarcanjo.net\/site\/wp-content\/uploads\/Logo-Ano-da-Fe-Subsidios.png","width":"250","height":"384","caption":"Subs\u00eddios para a Viv\u00eancia do Ano da F\u00e9"},{"@type":"BreadcrumbList","@id":"https:\/\/www.oarcanjo.net\/site\/arquidiocese-de-sao-paulo-prepara-abertura-e-lancamento-do-ano-da-fe\/#breadcrumb","itemListElement":[{"@type":"ListItem","position":1,"name":"In\u00edcio","item":"https:\/\/www.oarcanjo.net\/site\/"},{"@type":"ListItem","position":2,"name":"Arquidiocese de S\u00e3o Paulo prepara abertura e lan\u00e7amento do Ano da F\u00e9"}]},{"@type":"WebSite","@id":"https:\/\/www.oarcanjo.net\/site\/#website","url":"https:\/\/www.oarcanjo.net\/site\/","name":"O Arcanjo no ar","description":"Site da Par\u00f3quia S\u00e3o Miguel Arcanjo (Arquidiocese de SP)","publisher":{"@id":"https:\/\/www.oarcanjo.net\/site\/#organization"},"potentialAction":[{"@type":"SearchAction","target":{"@type":"EntryPoint","urlTemplate":"https:\/\/www.oarcanjo.net\/site\/?s={search_term_string}"},"query-input":{"@type":"PropertyValueSpecification","valueRequired":true,"valueName":"search_term_string"}}],"inLanguage":"pt-BR"},{"@type":"Organization","@id":"https:\/\/www.oarcanjo.net\/site\/#organization","name":"Par\u00f3quia S\u00e3o Miguel Arcanjo","url":"https:\/\/www.oarcanjo.net\/site\/","logo":{"@type":"ImageObject","inLanguage":"pt-BR","@id":"https:\/\/www.oarcanjo.net\/site\/#\/schema\/logo\/image\/","url":"https:\/\/www.oarcanjo.net\/site\/wp-content\/uploads\/LogoOArcanjo.png","contentUrl":"https:\/\/www.oarcanjo.net\/site\/wp-content\/uploads\/LogoOArcanjo.png","width":319,"height":99,"caption":"Par\u00f3quia S\u00e3o Miguel Arcanjo"},"image":{"@id":"https:\/\/www.oarcanjo.net\/site\/#\/schema\/logo\/image\/"},"sameAs":["https:\/\/www.facebook.com\/OArcanjoNoAr\/"]},{"@type":"Person","@id":"https:\/\/www.oarcanjo.net\/site\/#\/schema\/person\/f7024d007863202483a31326673a0838","name":"editor","sameAs":["http:\/\/www.oarcanjo.net"]}]}},"publishpress_future_action":{"enabled":false,"date":"2026-05-07 09:56:01","action":"category","newStatus":"draft","terms":[],"taxonomy":"category"},"publishpress_future_workflow_manual_trigger":{"enabledWorkflows":[]},"_links":{"self":[{"href":"https:\/\/www.oarcanjo.net\/site\/wp-json\/wp\/v2\/posts\/19626"}],"collection":[{"href":"https:\/\/www.oarcanjo.net\/site\/wp-json\/wp\/v2\/posts"}],"about":[{"href":"https:\/\/www.oarcanjo.net\/site\/wp-json\/wp\/v2\/types\/post"}],"author":[{"embeddable":true,"href":"https:\/\/www.oarcanjo.net\/site\/wp-json\/wp\/v2\/users\/5"}],"replies":[{"embeddable":true,"href":"https:\/\/www.oarcanjo.net\/site\/wp-json\/wp\/v2\/comments?post=19626"}],"version-history":[{"count":0,"href":"https:\/\/www.oarcanjo.net\/site\/wp-json\/wp\/v2\/posts\/19626\/revisions"}],"wp:attachment":[{"href":"https:\/\/www.oarcanjo.net\/site\/wp-json\/wp\/v2\/media?parent=19626"}],"wp:term":[{"taxonomy":"category","embeddable":true,"href":"https:\/\/www.oarcanjo.net\/site\/wp-json\/wp\/v2\/categories?post=19626"},{"taxonomy":"post_tag","embeddable":true,"href":"https:\/\/www.oarcanjo.net\/site\/wp-json\/wp\/v2\/tags?post=19626"}],"curies":[{"name":"wp","href":"https:\/\/api.w.org\/{rel}","templated":true}]}}