
{"id":19640,"date":"2012-10-10T12:30:40","date_gmt":"2012-10-10T15:30:40","guid":{"rendered":"http:\/\/www.oarcanjo.net\/site\/?p=19640"},"modified":"2012-10-10T17:37:37","modified_gmt":"2012-10-10T20:37:37","slug":"dom-odilo-fala-sobre-o-ano-da-fe","status":"publish","type":"post","link":"https:\/\/www.oarcanjo.net\/site\/dom-odilo-fala-sobre-o-ano-da-fe\/","title":{"rendered":"Dom Odilo fala sobre o Ano da F\u00e9"},"content":{"rendered":"<p>Em entrevista para o &#8220;Jornal de Opni\u00e3o&#8221;, o <strong>cardeal dom Odilo Pedro Scherer<\/strong>, arcebispo metropolitano, falou sobre a <strong>13\u00aa assembleia geral ordin\u00e1ria do S\u00ednodo dos Bispos<\/strong>, que este ano tem como tema <em><strong>\u201cA Nova Evangeliza\u00e7\u00e3o para a Transmiss\u00e3o da F\u00e9 Crist\u00e3\u201d <\/strong><\/em>e sobre o <em><strong>Ano da F\u00e9<\/strong><\/em>.<\/p>\n<p><strong> 1- Quais fatos motivaram o Papa Bento 16 a convocar a 13\u00aa assembleia geral ordin\u00e1ria do S\u00ednodo dos Bispos, que este ano tem como tema \u201cA Nova Evangeliza\u00e7\u00e3o para a Transmiss\u00e3o da F\u00e9 Crist\u00e3\u201d?<\/strong><\/p>\n<p><strong>R. <\/strong>A pr\u00f3xima assembleia do S\u00ednodo dos Bispos \u00e9 \u201cordin\u00e1ria\u201d e ocorre dentro do tempo normalmente previsto de 4 a 5 anos entre uma e outra assembleia ordin\u00e1ria. A escolha do tema \u00e9 que tem motiva\u00e7\u00f5es pr\u00f3prias: a  crise bastante generalizada da f\u00e9 e da pr\u00e1tica religiosa, o relativismo e o indiferentismo religioso, a superficialidade na ades\u00e3o de f\u00e9 e a necessidade de retomar a evangeliza\u00e7\u00e3o, diante de situa\u00e7\u00f5es e desafios novos trazidos pelas mudan\u00e7as culturais e religiosas do nosso tempo.<\/p>\n<p><strong>2- A partir de que considera\u00e7\u00f5es o Instrumento de Trabalho nortear\u00e1 a assembleia?<\/strong><\/p>\n<p><strong>R.<\/strong> O Instrumento de Trabalho prop\u00f5e a reflex\u00e3o no contexto do 50\u00ba anivers\u00e1rio do Conc\u00edlio Ecum\u00eanico Vaticano II; partindo de Jesus Cristo, \u201cEvangelho de Deus para o mundo\u201d, que a Igreja anuncia e testemunha aos homens de todos os tempos, trata-se, a seguir, dos v\u00e1rios cen\u00e1rios que a miss\u00e3o evangelizadora da Igreja atualmente enfrenta; fala-se da miss\u00e3o da Igreja, que \u00e9 permanente e sempre atual. Depois o Instrumento de Trabalho trata da transmiss\u00e3o da f\u00e9 e da revitaliza\u00e7\u00e3o da a\u00e7\u00e3o pastoral da Igreja que, na minha vis\u00e3o, s\u00e3o as quest\u00f5es centrais do tema do S\u00ednodo.<\/p>\n<p><strong>3-\u00a0De que crit\u00e9rios e colabora\u00e7\u00f5es os organizadores do S\u00ednodo se valeram para eleger essas quest\u00f5es como fundamentais?<\/strong><\/p>\n<p><strong>R. <\/strong>Uma consulta ampla \u00e0s Confer\u00eancias Episcopais de todo o mundo, ao pr\u00f3prio Conselho do S\u00ednodo dos Bispos e a outros Organismos da vida eclesial ajudaram a escolher essas quest\u00f5es.<\/p>\n<p><strong>4- Em linhas gerais, qual o teor das contribui\u00e7\u00f5es oferecidas pelas dioceses brasileiras ao Instrumento de Trabalho?<\/strong><\/p>\n<p><strong>R. <\/strong>Elas tamb\u00e9m foram consultadas e houve contribui\u00e7\u00f5es importantes, mesmo se n\u00e3o foram t\u00e3o abundantes; essas contribui\u00e7\u00f5es referem-se a experi\u00eancias j\u00e1 adquiridas no Brasil na promo\u00e7\u00e3o da \u201cnova evangeliza\u00e7\u00e3o\u201d, como as miss\u00f5es populares, as visitas domiciliares, os projetos de evangeliza\u00e7\u00e3o da CNBB&#8230;<\/p>\n<p><strong>5- O termo Nova Evangeliza\u00e7\u00e3o remete a a\u00e7\u00f5es junto \u00e0s popula\u00e7\u00f5es da Europa que depois de difundirem o cristianismo no Novo Mundo, hoje se mostram afastadas da f\u00e9. A Igreja pretende alcan\u00e7ar outras comunidades com a Nova Evangeliza\u00e7\u00e3o, especialmente na Am\u00e9rica Latina onde, al\u00e9m do arrefecimento da f\u00e9, tem-se presenciado o surgimento de in\u00fameras seitas religiosas?<\/strong><\/p>\n<p><strong>R. <\/strong>Um dos motivos para a cria\u00e7\u00e3o do Pontif\u00edcio Conselho para a Promo\u00e7\u00e3o da Nova Evangeliza\u00e7\u00e3o, pelo papa Bento XVI, foi a renovada a\u00e7\u00e3o evangelizadora nos lugares de \u201cantiga evangeliza\u00e7\u00e3o\u201d, como o Oriente M\u00e9dio, o Norte da \u00c1frica e mesmo uma parte da Europa. O S\u00ednodo, por\u00e9m, tem uma preocupa\u00e7\u00e3o ainda mais abrangente e trata da necessidade de fazer isso em todo o mundo, mesmo nos lugares de evangeliza\u00e7\u00e3o \u201crecente\u201d, como a Am\u00e9rica, a Oceania e a \u00c1frica. O motivo \u00e9 que a miss\u00e3o da Igreja nunca pode ser tida como \u201cj\u00e1 conclu\u00edda\u201d e precisa ser promovida sempre de novo.<\/p>\n<p><strong>6- A Nova Evangeliza\u00e7\u00e3o deveria tamb\u00e9m voltar-se para o interior da pr\u00f3pria Igreja? De que forma?<\/strong><\/p>\n<p><strong>R.<\/strong> Evidentemente, a pr\u00f3pria Igreja, entendida como a Comunidade dos batizados, \u00e9 sempre a primeira destinat\u00e1ria da evangeliza\u00e7\u00e3o; h\u00e1 muitos membros da Igreja que nunca foram evangelizados e, outros, que esfriaram na f\u00e9, ou abandonaram a pr\u00e1tica religiosa e a f\u00e9; eles s\u00e3o filhos da Igreja, que precisam muito de uma nova evangeliza\u00e7\u00e3o. E as institui\u00e7\u00f5es da Igreja e suas organiza\u00e7\u00f5es pastorais tamb\u00e9m precisam de um sopro novo de evangeliza\u00e7\u00e3o, para reflorescerem e produzirem novos e abundantes frutos.<\/p>\n<p><strong>7- No Brasil, especialmente, como a Nova Evangeliza\u00e7\u00e3o poderia acorrer?<\/strong><\/p>\n<p><strong>R. <\/strong>De fato, ela j\u00e1 est\u00e1 ocorrendo; aos poucos, cresce a consci\u00eancia de que \u00e9 preciso colocar-se novamente \u201cem estado de miss\u00e3o\u201d ; muitas novas formas e m\u00e9todos de evangeliza\u00e7\u00e3o est\u00e3o aparecendo, embora isso ainda precise desenvolver-se muito mais. No Brasil e na Am\u00e9rica Latina, em geral, fala-se de nova evangeliza\u00e7\u00e3o desde a Confer\u00eancia de Santo Domingo (1992); tratou-se tamb\u00e9m disso no S\u00ednodo para a Am\u00e9rica (1998) e, de maneira incisiva, na Confer\u00eancia de Aparecida (2007).<\/p>\n<p><strong>8- Por que um S\u00ednodo sobre Nova Evangeliza\u00e7\u00e3o, se h\u00e1 tantos anos se vem falando sobre esse tema na Igreja?<\/strong><\/p>\n<p><strong>R. <\/strong>Porque agora se percebe de maneira mais clara que isso n\u00e3o \u00e9 apenas uma necessidade local, em algum pa\u00eds, mas em todo o mundo. Os tempos mudaram e a Igreja est\u00e1 atenta aos sinais dos tempos, dando-se conta de que \u00e9 preciso retomar o processo evangelizador, que nunca pode ser dado como \u201cj\u00e1 conclu\u00eddo\u201d, de uma vez para sempre. O Papa Jo\u00e3o Paulo II, na Carta Apost\u00f3lica \u201cNovo Millennio ineunte\u201d (Entrando no Novo Mil\u00eanio, 2001), observou que a evangeliza\u00e7\u00e3o, longe de conclu\u00edda, estava apenas no come\u00e7o; e convocou todos os fi\u00e9is a colocarem m\u00e3os \u00e0 obra&#8230; N\u00e3o \u00e9 a primeira vez que se faz necess\u00e1ria uma nova evangeliza\u00e7\u00e3o; mesmo sem usar esse conceito, o mesmo processo j\u00e1 aconteceu v\u00e1rias vezes na hist\u00f3ria da Igreja. E sempre trouxe muitos frutos.<\/p>\n<p><strong>9 &#8211; Que novidades o termo Nova Evangeliza\u00e7\u00e3o poderia oferecer em rela\u00e7\u00e3o \u00e0 evangeliza\u00e7\u00e3o realizada continuamente pela Igreja?<\/strong><\/p>\n<p><strong>R. <\/strong>Em primeiro lugar, coloca em evid\u00eancia que n\u00e3o podemos pressupor que a evangeliza\u00e7\u00e3o j\u00e1 foi feita; quando olhamos atentamente para a realidade, constatamos que a evangeliza\u00e7\u00e3o precisa retomar sempre, mesmo nas fam\u00edlias e comunidades tradicionalmente bem cat\u00f3licas&#8230; Por outro lado, as atitudes e os m\u00e9todos precisam renovar-se; j\u00e1 n\u00e3o basta dizer que temos igrejas e essas est\u00e3o abertas para todos, que todos s\u00e3o bem-vindos&#8230; \u00c9 preciso ir ao encontro dos que n\u00e3o v\u00eam e n\u00e3o vir\u00e3o, se n\u00e3o forem buscados e chamados; al\u00e9m disso, n\u00e3o basta uma evangeliza\u00e7\u00e3o superficial, mas \u00e9 preciso ajudar as pessoas a fazerem uma experi\u00eancia forte e alegre da f\u00e9, cuidando da inicia\u00e7\u00e3o \u00e0 vida crist\u00e3 em profundidade; diante da diversidade religiosa e do ambiente n\u00e3o mais favor\u00e1vel \u00e0 transmiss\u00e3o espont\u00e2nea da f\u00e9, \u00e9 preciso, mais do que nunca, formar bem o crist\u00e3o cat\u00f3lico e dar-lhe condi\u00e7\u00f5es para que sinta seguran\u00e7a e alegria na sua f\u00e9 e na sua Igreja.<\/p>\n<p><strong>10- Como o senhor avalia a realiza\u00e7\u00e3o do S\u00ednodo dos Bispos, no momento em que se comemora os 50 anos da convoca\u00e7\u00e3o do Conc\u00edlio Vaticano 2\u00ba , os 20 nos do Catecismo da Igreja Cat\u00f3lica e a convoca\u00e7\u00e3o do Ano da F\u00e9 pelo Papa Bento 16?<\/strong><\/p>\n<p><strong>R.<\/strong> Todos esses fatos e eventos est\u00e3o relacionados e se completam. O primeiro objetivo da convoca\u00e7\u00e3o do Conc\u00edlio Vaticano II, pelo Beato Jo\u00e3o XXIII, foi o \u201cincremento da f\u00e9 cat\u00f3lica\u201d, ou seja, a renova\u00e7\u00e3o, o revigoramento e a renovada difus\u00e3o da f\u00e9 da Igreja; o Catecismo da Igreja Cat\u00f3lica, que completa 20 anos, foi um fruto do Conc\u00edlio e devia ajudar a alcan\u00e7ar aquele objetivo primeiro; e o tema do S\u00ednodo deste ano vai nessa mesma linha. Creio que este \u00e9 um momento de Deus na vida da Igreja e traz a esperan\u00e7a de frutos abundantes.<\/p>\n<p><strong>11- Que papel tiveram os leigos, t\u00e3o valorizados pelo Vaticano 2\u00ba, na produ\u00e7\u00e3o do Instrumento de Trabalho, e como poderiam atuar na execu\u00e7\u00e3o das propostas apresentadas pelo s\u00ednodo?<\/strong><\/p>\n<p><strong>R. <\/strong>Normalmente, os leigos tamb\u00e9m deveriam ter participado da elabora\u00e7\u00e3o de propostas para o S\u00ednodo no momento das consultas as dioceses; posso afirmar que, em S\u00e3o Paulo, houve a participa\u00e7\u00e3o dos leigos nessa consulta. Na assembleia do S\u00ednodo ser\u00e3o elaboradas muitas propostas e o Papa, como sempre costuma fazer, far\u00e1 o Documento p\u00f3s-sinodal, na forma de uma Exorta\u00e7\u00e3o Apost\u00f3lica; o que se espera, \u00e9 que os resultados do S\u00ednodo sejam acolhidos bem por todos e, a partir deles, a nova evangeliza\u00e7\u00e3o seja feita com o esfor\u00e7o e o dinamismo de todos.<\/p>\n<p><strong>12- Que frutos a Igreja pretende colher com o s\u00ednodo?<\/strong><\/p>\n<p><strong>R. <\/strong>Na obra da Igreja, os frutos nem sempre aparecem logo, mas tenho a convic\u00e7\u00e3o que ser\u00e3o muitos; eles n\u00e3o ser\u00e3o autom\u00e1ticos, mas depender\u00e3o de nosso esfor\u00e7o, unido \u00e0 a\u00e7\u00e3o do Esp\u00edrito Santo. Posso imaginar que surjam muitas iniciativas mission\u00e1rias novas, Congrega\u00e7\u00f5es religiosas e associa\u00e7\u00f5es de fi\u00e9is voltadas para esse fim; e tamb\u00e9m, uma nova solidariedade mission\u00e1ria entre as Comunidades da Igreja nas v\u00e1rias partes do mundo. A Igreja espera e precisa de um novo e amplo despertar mission\u00e1rio. Mas, como tudo isso \u00e9 obra da f\u00e9, a Igreja precisa, antes de tudo, renovar-se na f\u00e9. Para isso, temos o Ano da F\u00e9, que o papa Bento XVI vai abrir no pr\u00f3ximo dia 11 de outubro, durante a 13\u00aa. assembleia do S\u00ednodo dos Bispos sobre a \u201cnova evangeliza\u00e7\u00e3o para a transmiss\u00e3o da f\u00e9 crist\u00e3\u201d.<\/p>\n<p><em>Fonte: Site da Arquidiocese de S\u00e3o Paulo<\/em><\/p>\n<p><a href='http:\/\/www.oarcanjo.net\/site\/wp-content\/uploads\/Porta-Fidei.pdf' target=\"_blank\">Carta Apost\u00f3lica \u201cPorta Fidei\u201d<\/a> em PDF para download.<\/p>\n<div id=\"themify_builder_content-19640\" data-postid=\"19640\" class=\"themify_builder_content themify_builder_content-19640 themify_builder themify_builder_front\">\n\t<\/div>\n<!-- \/themify_builder_content -->","protected":false},"excerpt":{"rendered":"<p>Em entrevista para o &#8220;Jornal de Opni\u00e3o&#8221;, o cardeal dom Odilo Pedro Scherer, arcebispo metropolitano, falou sobre a 13\u00aa assembleia geral ordin\u00e1ria do S\u00ednodo dos Bispos, que este ano tem como tema \u201cA Nova Evangeliza\u00e7\u00e3o para a Transmiss\u00e3o da F\u00e9 Crist\u00e3\u201d e sobre o Ano da F\u00e9. 1- Quais fatos motivaram o Papa Bento 16 [&hellip;]<\/p>\n","protected":false},"author":5,"featured_media":0,"comment_status":"open","ping_status":"open","sticky":false,"template":"","format":"standard","meta":{"ngg_post_thumbnail":0,"footnotes":""},"categories":[2153],"tags":[2288,2287,2289],"yoast_head":"<!-- This site is optimized with the Yoast SEO plugin v23.5 - https:\/\/yoast.com\/wordpress\/plugins\/seo\/ -->\n<title>Dom Odilo fala sobre o Ano da F\u00e9 - O Arcanjo no ar<\/title>\n<meta name=\"robots\" content=\"index, follow, max-snippet:-1, max-image-preview:large, max-video-preview:-1\" \/>\n<link rel=\"canonical\" href=\"https:\/\/www.oarcanjo.net\/site\/dom-odilo-fala-sobre-o-ano-da-fe\/\" \/>\n<meta property=\"og:locale\" content=\"pt_BR\" \/>\n<meta property=\"og:type\" content=\"article\" \/>\n<meta property=\"og:title\" content=\"Dom Odilo fala sobre o Ano da F\u00e9 - O Arcanjo no ar\" \/>\n<meta property=\"og:description\" content=\"Em entrevista para o &#8220;Jornal de Opni\u00e3o&#8221;, o cardeal dom Odilo Pedro Scherer, arcebispo metropolitano, falou sobre a 13\u00aa assembleia geral ordin\u00e1ria do S\u00ednodo dos Bispos, que este ano tem como tema \u201cA Nova Evangeliza\u00e7\u00e3o para a Transmiss\u00e3o da F\u00e9 Crist\u00e3\u201d e sobre o Ano da F\u00e9. 1- Quais fatos motivaram o Papa Bento 16 [&hellip;]\" \/>\n<meta property=\"og:url\" content=\"https:\/\/www.oarcanjo.net\/site\/dom-odilo-fala-sobre-o-ano-da-fe\/\" \/>\n<meta property=\"og:site_name\" content=\"O Arcanjo no ar\" \/>\n<meta property=\"article:publisher\" content=\"https:\/\/www.facebook.com\/OArcanjoNoAr\/\" \/>\n<meta property=\"article:published_time\" content=\"2012-10-10T15:30:40+00:00\" \/>\n<meta property=\"article:modified_time\" content=\"2012-10-10T20:37:37+00:00\" \/>\n<meta property=\"og:image\" content=\"https:\/\/www.oarcanjo.net\/site\/wp-content\/uploads\/logo-o-arcanjo-no-ar-facebook.png\" \/>\n\t<meta property=\"og:image:width\" content=\"300\" \/>\n\t<meta property=\"og:image:height\" content=\"300\" \/>\n\t<meta property=\"og:image:type\" content=\"image\/png\" \/>\n<meta name=\"author\" content=\"editor\" \/>\n<meta name=\"twitter:card\" content=\"summary_large_image\" \/>\n<meta name=\"twitter:label1\" content=\"Escrito por\" \/>\n\t<meta name=\"twitter:data1\" content=\"editor\" \/>\n\t<meta name=\"twitter:label2\" content=\"Est. tempo de leitura\" \/>\n\t<meta name=\"twitter:data2\" content=\"8 minutos\" \/>\n<script type=\"application\/ld+json\" class=\"yoast-schema-graph\">{\"@context\":\"https:\/\/schema.org\",\"@graph\":[{\"@type\":\"Article\",\"@id\":\"https:\/\/www.oarcanjo.net\/site\/dom-odilo-fala-sobre-o-ano-da-fe\/#article\",\"isPartOf\":{\"@id\":\"https:\/\/www.oarcanjo.net\/site\/dom-odilo-fala-sobre-o-ano-da-fe\/\"},\"author\":{\"name\":\"editor\",\"@id\":\"https:\/\/www.oarcanjo.net\/site\/#\/schema\/person\/f7024d007863202483a31326673a0838\"},\"headline\":\"Dom Odilo fala sobre o Ano da F\u00e9\",\"datePublished\":\"2012-10-10T15:30:40+00:00\",\"dateModified\":\"2012-10-10T20:37:37+00:00\",\"mainEntityOfPage\":{\"@id\":\"https:\/\/www.oarcanjo.net\/site\/dom-odilo-fala-sobre-o-ano-da-fe\/\"},\"wordCount\":1635,\"commentCount\":0,\"publisher\":{\"@id\":\"https:\/\/www.oarcanjo.net\/site\/#organization\"},\"keywords\":[\"13\u00aa assembleia geral ordin\u00e1ria do S\u00ednodo dos Bispos\",\"A Nova Evangeliza\u00e7\u00e3o para a Transmiss\u00e3o da F\u00e9 Crist\u00e3\",\"Cardeal Dom Odilo Pedro Scherer\"],\"articleSection\":[\"Ano da F\u00e9\"],\"inLanguage\":\"pt-BR\",\"potentialAction\":[{\"@type\":\"CommentAction\",\"name\":\"Comment\",\"target\":[\"https:\/\/www.oarcanjo.net\/site\/dom-odilo-fala-sobre-o-ano-da-fe\/#respond\"]}]},{\"@type\":\"WebPage\",\"@id\":\"https:\/\/www.oarcanjo.net\/site\/dom-odilo-fala-sobre-o-ano-da-fe\/\",\"url\":\"https:\/\/www.oarcanjo.net\/site\/dom-odilo-fala-sobre-o-ano-da-fe\/\",\"name\":\"Dom Odilo fala sobre o Ano da F\u00e9 - O Arcanjo no ar\",\"isPartOf\":{\"@id\":\"https:\/\/www.oarcanjo.net\/site\/#website\"},\"datePublished\":\"2012-10-10T15:30:40+00:00\",\"dateModified\":\"2012-10-10T20:37:37+00:00\",\"breadcrumb\":{\"@id\":\"https:\/\/www.oarcanjo.net\/site\/dom-odilo-fala-sobre-o-ano-da-fe\/#breadcrumb\"},\"inLanguage\":\"pt-BR\",\"potentialAction\":[{\"@type\":\"ReadAction\",\"target\":[\"https:\/\/www.oarcanjo.net\/site\/dom-odilo-fala-sobre-o-ano-da-fe\/\"]}]},{\"@type\":\"BreadcrumbList\",\"@id\":\"https:\/\/www.oarcanjo.net\/site\/dom-odilo-fala-sobre-o-ano-da-fe\/#breadcrumb\",\"itemListElement\":[{\"@type\":\"ListItem\",\"position\":1,\"name\":\"In\u00edcio\",\"item\":\"https:\/\/www.oarcanjo.net\/site\/\"},{\"@type\":\"ListItem\",\"position\":2,\"name\":\"Dom Odilo fala sobre o Ano da F\u00e9\"}]},{\"@type\":\"WebSite\",\"@id\":\"https:\/\/www.oarcanjo.net\/site\/#website\",\"url\":\"https:\/\/www.oarcanjo.net\/site\/\",\"name\":\"O Arcanjo no ar\",\"description\":\"Site da Par\u00f3quia S\u00e3o Miguel Arcanjo (Arquidiocese de SP)\",\"publisher\":{\"@id\":\"https:\/\/www.oarcanjo.net\/site\/#organization\"},\"potentialAction\":[{\"@type\":\"SearchAction\",\"target\":{\"@type\":\"EntryPoint\",\"urlTemplate\":\"https:\/\/www.oarcanjo.net\/site\/?s={search_term_string}\"},\"query-input\":{\"@type\":\"PropertyValueSpecification\",\"valueRequired\":true,\"valueName\":\"search_term_string\"}}],\"inLanguage\":\"pt-BR\"},{\"@type\":\"Organization\",\"@id\":\"https:\/\/www.oarcanjo.net\/site\/#organization\",\"name\":\"Par\u00f3quia S\u00e3o Miguel Arcanjo\",\"url\":\"https:\/\/www.oarcanjo.net\/site\/\",\"logo\":{\"@type\":\"ImageObject\",\"inLanguage\":\"pt-BR\",\"@id\":\"https:\/\/www.oarcanjo.net\/site\/#\/schema\/logo\/image\/\",\"url\":\"https:\/\/www.oarcanjo.net\/site\/wp-content\/uploads\/LogoOArcanjo.png\",\"contentUrl\":\"https:\/\/www.oarcanjo.net\/site\/wp-content\/uploads\/LogoOArcanjo.png\",\"width\":319,\"height\":99,\"caption\":\"Par\u00f3quia S\u00e3o Miguel Arcanjo\"},\"image\":{\"@id\":\"https:\/\/www.oarcanjo.net\/site\/#\/schema\/logo\/image\/\"},\"sameAs\":[\"https:\/\/www.facebook.com\/OArcanjoNoAr\/\"]},{\"@type\":\"Person\",\"@id\":\"https:\/\/www.oarcanjo.net\/site\/#\/schema\/person\/f7024d007863202483a31326673a0838\",\"name\":\"editor\",\"sameAs\":[\"http:\/\/www.oarcanjo.net\"]}]}<\/script>\n<!-- \/ Yoast SEO plugin. -->","yoast_head_json":{"title":"Dom Odilo fala sobre o Ano da F\u00e9 - O Arcanjo no ar","robots":{"index":"index","follow":"follow","max-snippet":"max-snippet:-1","max-image-preview":"max-image-preview:large","max-video-preview":"max-video-preview:-1"},"canonical":"https:\/\/www.oarcanjo.net\/site\/dom-odilo-fala-sobre-o-ano-da-fe\/","og_locale":"pt_BR","og_type":"article","og_title":"Dom Odilo fala sobre o Ano da F\u00e9 - O Arcanjo no ar","og_description":"Em entrevista para o &#8220;Jornal de Opni\u00e3o&#8221;, o cardeal dom Odilo Pedro Scherer, arcebispo metropolitano, falou sobre a 13\u00aa assembleia geral ordin\u00e1ria do S\u00ednodo dos Bispos, que este ano tem como tema \u201cA Nova Evangeliza\u00e7\u00e3o para a Transmiss\u00e3o da F\u00e9 Crist\u00e3\u201d e sobre o Ano da F\u00e9. 1- Quais fatos motivaram o Papa Bento 16 [&hellip;]","og_url":"https:\/\/www.oarcanjo.net\/site\/dom-odilo-fala-sobre-o-ano-da-fe\/","og_site_name":"O Arcanjo no ar","article_publisher":"https:\/\/www.facebook.com\/OArcanjoNoAr\/","article_published_time":"2012-10-10T15:30:40+00:00","article_modified_time":"2012-10-10T20:37:37+00:00","og_image":[{"width":300,"height":300,"url":"https:\/\/www.oarcanjo.net\/site\/wp-content\/uploads\/logo-o-arcanjo-no-ar-facebook.png","type":"image\/png"}],"author":"editor","twitter_card":"summary_large_image","twitter_misc":{"Escrito por":"editor","Est. tempo de leitura":"8 minutos"},"schema":{"@context":"https:\/\/schema.org","@graph":[{"@type":"Article","@id":"https:\/\/www.oarcanjo.net\/site\/dom-odilo-fala-sobre-o-ano-da-fe\/#article","isPartOf":{"@id":"https:\/\/www.oarcanjo.net\/site\/dom-odilo-fala-sobre-o-ano-da-fe\/"},"author":{"name":"editor","@id":"https:\/\/www.oarcanjo.net\/site\/#\/schema\/person\/f7024d007863202483a31326673a0838"},"headline":"Dom Odilo fala sobre o Ano da F\u00e9","datePublished":"2012-10-10T15:30:40+00:00","dateModified":"2012-10-10T20:37:37+00:00","mainEntityOfPage":{"@id":"https:\/\/www.oarcanjo.net\/site\/dom-odilo-fala-sobre-o-ano-da-fe\/"},"wordCount":1635,"commentCount":0,"publisher":{"@id":"https:\/\/www.oarcanjo.net\/site\/#organization"},"keywords":["13\u00aa assembleia geral ordin\u00e1ria do S\u00ednodo dos Bispos","A Nova Evangeliza\u00e7\u00e3o para a Transmiss\u00e3o da F\u00e9 Crist\u00e3","Cardeal Dom Odilo Pedro Scherer"],"articleSection":["Ano da F\u00e9"],"inLanguage":"pt-BR","potentialAction":[{"@type":"CommentAction","name":"Comment","target":["https:\/\/www.oarcanjo.net\/site\/dom-odilo-fala-sobre-o-ano-da-fe\/#respond"]}]},{"@type":"WebPage","@id":"https:\/\/www.oarcanjo.net\/site\/dom-odilo-fala-sobre-o-ano-da-fe\/","url":"https:\/\/www.oarcanjo.net\/site\/dom-odilo-fala-sobre-o-ano-da-fe\/","name":"Dom Odilo fala sobre o Ano da F\u00e9 - O Arcanjo no ar","isPartOf":{"@id":"https:\/\/www.oarcanjo.net\/site\/#website"},"datePublished":"2012-10-10T15:30:40+00:00","dateModified":"2012-10-10T20:37:37+00:00","breadcrumb":{"@id":"https:\/\/www.oarcanjo.net\/site\/dom-odilo-fala-sobre-o-ano-da-fe\/#breadcrumb"},"inLanguage":"pt-BR","potentialAction":[{"@type":"ReadAction","target":["https:\/\/www.oarcanjo.net\/site\/dom-odilo-fala-sobre-o-ano-da-fe\/"]}]},{"@type":"BreadcrumbList","@id":"https:\/\/www.oarcanjo.net\/site\/dom-odilo-fala-sobre-o-ano-da-fe\/#breadcrumb","itemListElement":[{"@type":"ListItem","position":1,"name":"In\u00edcio","item":"https:\/\/www.oarcanjo.net\/site\/"},{"@type":"ListItem","position":2,"name":"Dom Odilo fala sobre o Ano da F\u00e9"}]},{"@type":"WebSite","@id":"https:\/\/www.oarcanjo.net\/site\/#website","url":"https:\/\/www.oarcanjo.net\/site\/","name":"O Arcanjo no ar","description":"Site da Par\u00f3quia S\u00e3o Miguel Arcanjo (Arquidiocese de SP)","publisher":{"@id":"https:\/\/www.oarcanjo.net\/site\/#organization"},"potentialAction":[{"@type":"SearchAction","target":{"@type":"EntryPoint","urlTemplate":"https:\/\/www.oarcanjo.net\/site\/?s={search_term_string}"},"query-input":{"@type":"PropertyValueSpecification","valueRequired":true,"valueName":"search_term_string"}}],"inLanguage":"pt-BR"},{"@type":"Organization","@id":"https:\/\/www.oarcanjo.net\/site\/#organization","name":"Par\u00f3quia S\u00e3o Miguel Arcanjo","url":"https:\/\/www.oarcanjo.net\/site\/","logo":{"@type":"ImageObject","inLanguage":"pt-BR","@id":"https:\/\/www.oarcanjo.net\/site\/#\/schema\/logo\/image\/","url":"https:\/\/www.oarcanjo.net\/site\/wp-content\/uploads\/LogoOArcanjo.png","contentUrl":"https:\/\/www.oarcanjo.net\/site\/wp-content\/uploads\/LogoOArcanjo.png","width":319,"height":99,"caption":"Par\u00f3quia S\u00e3o Miguel Arcanjo"},"image":{"@id":"https:\/\/www.oarcanjo.net\/site\/#\/schema\/logo\/image\/"},"sameAs":["https:\/\/www.facebook.com\/OArcanjoNoAr\/"]},{"@type":"Person","@id":"https:\/\/www.oarcanjo.net\/site\/#\/schema\/person\/f7024d007863202483a31326673a0838","name":"editor","sameAs":["http:\/\/www.oarcanjo.net"]}]}},"publishpress_future_action":{"enabled":false,"date":"2026-05-07 09:36:07","action":"category","newStatus":"draft","terms":[],"taxonomy":"category"},"publishpress_future_workflow_manual_trigger":{"enabledWorkflows":[]},"_links":{"self":[{"href":"https:\/\/www.oarcanjo.net\/site\/wp-json\/wp\/v2\/posts\/19640"}],"collection":[{"href":"https:\/\/www.oarcanjo.net\/site\/wp-json\/wp\/v2\/posts"}],"about":[{"href":"https:\/\/www.oarcanjo.net\/site\/wp-json\/wp\/v2\/types\/post"}],"author":[{"embeddable":true,"href":"https:\/\/www.oarcanjo.net\/site\/wp-json\/wp\/v2\/users\/5"}],"replies":[{"embeddable":true,"href":"https:\/\/www.oarcanjo.net\/site\/wp-json\/wp\/v2\/comments?post=19640"}],"version-history":[{"count":0,"href":"https:\/\/www.oarcanjo.net\/site\/wp-json\/wp\/v2\/posts\/19640\/revisions"}],"wp:attachment":[{"href":"https:\/\/www.oarcanjo.net\/site\/wp-json\/wp\/v2\/media?parent=19640"}],"wp:term":[{"taxonomy":"category","embeddable":true,"href":"https:\/\/www.oarcanjo.net\/site\/wp-json\/wp\/v2\/categories?post=19640"},{"taxonomy":"post_tag","embeddable":true,"href":"https:\/\/www.oarcanjo.net\/site\/wp-json\/wp\/v2\/tags?post=19640"}],"curies":[{"name":"wp","href":"https:\/\/api.w.org\/{rel}","templated":true}]}}