
{"id":19645,"date":"2012-10-10T23:13:35","date_gmt":"2012-10-11T02:13:35","guid":{"rendered":"http:\/\/www.oarcanjo.net\/site\/?p=19645"},"modified":"2012-11-05T10:41:16","modified_gmt":"2012-11-05T12:41:16","slug":"arcebispo-lanca-2-carta-pastoral","status":"publish","type":"post","link":"https:\/\/www.oarcanjo.net\/site\/arcebispo-lanca-2-carta-pastoral\/","title":{"rendered":"Arcebispo lan\u00e7a 2\u00aa Carta Pastoral"},"content":{"rendered":"<p>Para animar a Arquidiocese de S\u00e3o Paulo e auxili\u00e1-la na viv\u00eancia do Ano da F\u00e9, o cardeal dom Odilo Pedro Scherer, arcebispo metropolitano, lan\u00e7ar\u00e1 oficialmente no dia 4 de novembro, na Catedral da S\u00e9, a sua 2\u00aa Carta Pastoral. Segundo o c\u00f4nego Walter Caldeira, cura da Catedral da S\u00e9, a carta pastoral \u00e9 um instrumento de comunica\u00e7\u00e3o do bispo com toda a Igreja Particular que est\u00e1 sob a responsabilidade dele. Trata-se de um documento oficial, ligado ao m\u00fanus de pastor do bispo, que define concretamente as linhas pastorais que a diocese dever\u00e1 seguir, garantindo sua disciplina comum e sua unidade.<\/p>\n<p>A Carta \u201cSenhor, aumentai a nossa f\u00e9!\u201d, tra\u00e7a diretrizes para como cada fiel, e a arquidiocese, podem por em pr\u00e1tica o Ano da F\u00e9 no dia-a-dia. De acordo com o arcebispo \u201cO Ano da F\u00e9 \u00e9, pois, um \u2018tempo favor\u00e1vel\u2019 para renovar o conhecimento e apre\u00e7o pela f\u00e9 que recebemos, e para a professarmos com firmeza e alegria. Desejo, com esta Carta Pastoral, oferecer a todos os filhos e filhas da amada Arquidiocese de S\u00e3o Paulo uma reflex\u00e3o motivadora e, ao mesmo tempo, as necess\u00e1rias orienta\u00e7\u00f5es para a viv\u00eancia do Ano da F\u00e9 em nossa Comunidade Eclesial Metropolitana, colocada sob o patroc\u00ednio do Ap\u00f3stolo S\u00e3o Paulo, grande mission\u00e1rio, mestre e testemunha da f\u00e9!\u201d.<\/p>\n<p><a title=\"2\u00aa Carta Pastoral - Arquidiocese de S\u00e3o Paulo\" href=\"http:\/\/www.oarcanjo.net\/site\/wp-content\/uploads\/2a-Carta-Pastoral-a-Arquidiocese-de-SP-Cardeal-Odilo-Pedro-Scherer.pdf\" target=\"_blank\">Baixe o PDF da 2\u00ba Carta Pastoral<\/a><\/p>\n<p><a title=\"2\u00aa Carta Pastoral- Arquidiocese de S\u00e3o Paulo\" href=\"http:\/\/www.oarcanjo.net\/site\/wp-content\/uploads\/2a-Carta-Pastoral-a-Arquidiocese-de-SP-Cardeal-Odilo-Pedro-Scherer.pdf\" target=\"_blank\"><img loading=\"lazy\" decoding=\"async\" class=\"alignnone size-full wp-image-19647\" title=\"2\u00aa Carta Pastoral\" src=\"http:\/\/www.oarcanjo.net\/site\/wp-content\/uploads\/2CartaPastoral.jpg\" alt=\"\" width=\"150\" height=\"212\" \/><\/a><\/p>\n<p>Se preferir, navegue abaixo nas p\u00e1ginas da Carta:<\/p>\n<div><object classid=\"clsid:D27CDB6E-AE6D-11cf-96B8-444553540000\" style=\"width:420px;height:300px\" id=\"10fda656-a2db-59a7-115d-a1b8de4334b4\" ><param name=\"movie\" value=\"http:\/\/static.issuu.com\/webembed\/viewers\/style1\/v2\/IssuuReader.swf?mode=mini&amp;documentId=121011152436-b63094dc712c448fab2948fab56538e0\" \/><param name=\"allowfullscreen\" value=\"true\"\/><param name=\"allowscriptaccess\" value=\"always\"\/><param name=\"menu\" value=\"false\"\/><param name=\"wmode\" value=\"transparent\"\/><embed src=\"http:\/\/static.issuu.com\/webembed\/viewers\/style1\/v2\/IssuuReader.swf\" type=\"application\/x-shockwave-flash\" allowfullscreen=\"true\" allowscriptaccess=\"always\" menu=\"false\" wmode=\"transparent\" style=\"width:420px;height:300px\" flashvars=\"mode=mini&amp;documentId=121011152436-b63094dc712c448fab2948fab56538e0\" \/><\/object><\/div>\n<p>O arcebispo destaca que juntamente com a viv\u00eancia do Ano da F\u00e9 a arquidiocese iniciar\u00e1, em 2013, o quadri\u00eanio do 11\u00ba Plano de Pastoral que tem como tema: \u201cTestemunhas de Jesus Cristo na cidade de S\u00e3o Paulo\u201d. O Plano de Pastoral traz uma linha de evangeliza\u00e7\u00e3o, dividida ao longo dos quatro anos, que se desenvolve sobre o prisma da f\u00e9.<\/p>\n<p>Ao final da 2\u00aa Carta Pastoral, \u201cSenhor, aumentai a nossa f\u00e9!\u201d, o cardeal faz um convite para que \u201ctodos vivam este Ano da F\u00e9 como um \u2018ano da gra\u00e7a de Deus\u2019 para suas vidas. Pelo dom da f\u00e9, temos acesso ao mais importante em nossas vidas: a comunh\u00e3o e a familiaridade com Deus, que preenche de sentido a vida!\u201d.<\/p>\n<div id=\"themify_builder_content-19645\" data-postid=\"19645\" class=\"themify_builder_content themify_builder_content-19645 themify_builder themify_builder_front\">\n\t<\/div>\n<!-- \/themify_builder_content -->","protected":false},"excerpt":{"rendered":"<p>Para animar a Arquidiocese de S\u00e3o Paulo e auxili\u00e1-la na viv\u00eancia do Ano da F\u00e9, o cardeal dom Odilo Pedro Scherer, arcebispo metropolitano, lan\u00e7ar\u00e1 oficialmente no dia 4 de novembro, na Catedral da S\u00e9, a sua 2\u00aa Carta Pastoral. Segundo o c\u00f4nego Walter Caldeira, cura da Catedral da S\u00e9, a carta pastoral \u00e9 um instrumento [&hellip;]<\/p>\n","protected":false},"author":5,"featured_media":0,"comment_status":"open","ping_status":"open","sticky":false,"template":"","format":"standard","meta":{"ngg_post_thumbnail":0,"footnotes":""},"categories":[2153,8],"tags":[3213,239,2291,2289,1840,2290],"yoast_head":"<!-- This site is optimized with the Yoast SEO plugin v23.5 - https:\/\/yoast.com\/wordpress\/plugins\/seo\/ -->\n<title>Arcebispo lan\u00e7a 2\u00aa Carta Pastoral - O Arcanjo no ar<\/title>\n<meta name=\"robots\" content=\"index, follow, max-snippet:-1, max-image-preview:large, max-video-preview:-1\" \/>\n<link rel=\"canonical\" href=\"https:\/\/www.oarcanjo.net\/site\/arcebispo-lanca-2-carta-pastoral\/\" \/>\n<meta property=\"og:locale\" content=\"pt_BR\" \/>\n<meta property=\"og:type\" content=\"article\" \/>\n<meta property=\"og:title\" content=\"Arcebispo lan\u00e7a 2\u00aa Carta Pastoral - O Arcanjo no ar\" \/>\n<meta property=\"og:description\" content=\"Para animar a Arquidiocese de S\u00e3o Paulo e auxili\u00e1-la na viv\u00eancia do Ano da F\u00e9, o cardeal dom Odilo Pedro Scherer, arcebispo metropolitano, lan\u00e7ar\u00e1 oficialmente no dia 4 de novembro, na Catedral da S\u00e9, a sua 2\u00aa Carta Pastoral. Segundo o c\u00f4nego Walter Caldeira, cura da Catedral da S\u00e9, a carta pastoral \u00e9 um instrumento [&hellip;]\" \/>\n<meta property=\"og:url\" content=\"https:\/\/www.oarcanjo.net\/site\/arcebispo-lanca-2-carta-pastoral\/\" \/>\n<meta property=\"og:site_name\" content=\"O Arcanjo no ar\" \/>\n<meta property=\"article:publisher\" content=\"https:\/\/www.facebook.com\/OArcanjoNoAr\/\" \/>\n<meta property=\"article:published_time\" content=\"2012-10-11T02:13:35+00:00\" \/>\n<meta property=\"article:modified_time\" content=\"2012-11-05T12:41:16+00:00\" \/>\n<meta property=\"og:image\" content=\"http:\/\/www.oarcanjo.net\/site\/wp-content\/uploads\/2CartaPastoral.jpg\" \/>\n<meta name=\"author\" content=\"editor\" \/>\n<meta name=\"twitter:card\" content=\"summary_large_image\" \/>\n<meta name=\"twitter:label1\" content=\"Escrito por\" \/>\n\t<meta name=\"twitter:data1\" content=\"editor\" \/>\n\t<meta name=\"twitter:label2\" content=\"Est. tempo de leitura\" \/>\n\t<meta name=\"twitter:data2\" content=\"2 minutos\" \/>\n<script type=\"application\/ld+json\" class=\"yoast-schema-graph\">{\"@context\":\"https:\/\/schema.org\",\"@graph\":[{\"@type\":\"Article\",\"@id\":\"https:\/\/www.oarcanjo.net\/site\/arcebispo-lanca-2-carta-pastoral\/#article\",\"isPartOf\":{\"@id\":\"https:\/\/www.oarcanjo.net\/site\/arcebispo-lanca-2-carta-pastoral\/\"},\"author\":{\"name\":\"editor\",\"@id\":\"https:\/\/www.oarcanjo.net\/site\/#\/schema\/person\/f7024d007863202483a31326673a0838\"},\"headline\":\"Arcebispo lan\u00e7a 2\u00aa Carta Pastoral\",\"datePublished\":\"2012-10-11T02:13:35+00:00\",\"dateModified\":\"2012-11-05T12:41:16+00:00\",\"mainEntityOfPage\":{\"@id\":\"https:\/\/www.oarcanjo.net\/site\/arcebispo-lanca-2-carta-pastoral\/\"},\"wordCount\":371,\"commentCount\":0,\"publisher\":{\"@id\":\"https:\/\/www.oarcanjo.net\/site\/#organization\"},\"image\":{\"@id\":\"https:\/\/www.oarcanjo.net\/site\/arcebispo-lanca-2-carta-pastoral\/#primaryimage\"},\"thumbnailUrl\":\"http:\/\/www.oarcanjo.net\/site\/wp-content\/uploads\/2CartaPastoral.jpg\",\"keywords\":[\"Ano da F\u00e9\",\"Arquidiocese de S\u00e3o Paulo\",\"aumentai a nossa f\u00e9!\",\"Cardeal Dom Odilo Pedro Scherer\",\"Carta Pastoral\",\"Senhor\"],\"articleSection\":[\"Ano da F\u00e9\",\"Not\u00edcias\"],\"inLanguage\":\"pt-BR\",\"potentialAction\":[{\"@type\":\"CommentAction\",\"name\":\"Comment\",\"target\":[\"https:\/\/www.oarcanjo.net\/site\/arcebispo-lanca-2-carta-pastoral\/#respond\"]}]},{\"@type\":\"WebPage\",\"@id\":\"https:\/\/www.oarcanjo.net\/site\/arcebispo-lanca-2-carta-pastoral\/\",\"url\":\"https:\/\/www.oarcanjo.net\/site\/arcebispo-lanca-2-carta-pastoral\/\",\"name\":\"Arcebispo lan\u00e7a 2\u00aa Carta Pastoral - O Arcanjo no ar\",\"isPartOf\":{\"@id\":\"https:\/\/www.oarcanjo.net\/site\/#website\"},\"primaryImageOfPage\":{\"@id\":\"https:\/\/www.oarcanjo.net\/site\/arcebispo-lanca-2-carta-pastoral\/#primaryimage\"},\"image\":{\"@id\":\"https:\/\/www.oarcanjo.net\/site\/arcebispo-lanca-2-carta-pastoral\/#primaryimage\"},\"thumbnailUrl\":\"http:\/\/www.oarcanjo.net\/site\/wp-content\/uploads\/2CartaPastoral.jpg\",\"datePublished\":\"2012-10-11T02:13:35+00:00\",\"dateModified\":\"2012-11-05T12:41:16+00:00\",\"breadcrumb\":{\"@id\":\"https:\/\/www.oarcanjo.net\/site\/arcebispo-lanca-2-carta-pastoral\/#breadcrumb\"},\"inLanguage\":\"pt-BR\",\"potentialAction\":[{\"@type\":\"ReadAction\",\"target\":[\"https:\/\/www.oarcanjo.net\/site\/arcebispo-lanca-2-carta-pastoral\/\"]}]},{\"@type\":\"ImageObject\",\"inLanguage\":\"pt-BR\",\"@id\":\"https:\/\/www.oarcanjo.net\/site\/arcebispo-lanca-2-carta-pastoral\/#primaryimage\",\"url\":\"https:\/\/www.oarcanjo.net\/site\/wp-content\/uploads\/2CartaPastoral.jpg\",\"contentUrl\":\"https:\/\/www.oarcanjo.net\/site\/wp-content\/uploads\/2CartaPastoral.jpg\",\"width\":\"150\",\"height\":\"212\"},{\"@type\":\"BreadcrumbList\",\"@id\":\"https:\/\/www.oarcanjo.net\/site\/arcebispo-lanca-2-carta-pastoral\/#breadcrumb\",\"itemListElement\":[{\"@type\":\"ListItem\",\"position\":1,\"name\":\"In\u00edcio\",\"item\":\"https:\/\/www.oarcanjo.net\/site\/\"},{\"@type\":\"ListItem\",\"position\":2,\"name\":\"Arcebispo lan\u00e7a 2\u00aa Carta Pastoral\"}]},{\"@type\":\"WebSite\",\"@id\":\"https:\/\/www.oarcanjo.net\/site\/#website\",\"url\":\"https:\/\/www.oarcanjo.net\/site\/\",\"name\":\"O Arcanjo no ar\",\"description\":\"Site da Par\u00f3quia S\u00e3o Miguel Arcanjo (Arquidiocese de SP)\",\"publisher\":{\"@id\":\"https:\/\/www.oarcanjo.net\/site\/#organization\"},\"potentialAction\":[{\"@type\":\"SearchAction\",\"target\":{\"@type\":\"EntryPoint\",\"urlTemplate\":\"https:\/\/www.oarcanjo.net\/site\/?s={search_term_string}\"},\"query-input\":{\"@type\":\"PropertyValueSpecification\",\"valueRequired\":true,\"valueName\":\"search_term_string\"}}],\"inLanguage\":\"pt-BR\"},{\"@type\":\"Organization\",\"@id\":\"https:\/\/www.oarcanjo.net\/site\/#organization\",\"name\":\"Par\u00f3quia S\u00e3o Miguel Arcanjo\",\"url\":\"https:\/\/www.oarcanjo.net\/site\/\",\"logo\":{\"@type\":\"ImageObject\",\"inLanguage\":\"pt-BR\",\"@id\":\"https:\/\/www.oarcanjo.net\/site\/#\/schema\/logo\/image\/\",\"url\":\"https:\/\/www.oarcanjo.net\/site\/wp-content\/uploads\/LogoOArcanjo.png\",\"contentUrl\":\"https:\/\/www.oarcanjo.net\/site\/wp-content\/uploads\/LogoOArcanjo.png\",\"width\":319,\"height\":99,\"caption\":\"Par\u00f3quia S\u00e3o Miguel Arcanjo\"},\"image\":{\"@id\":\"https:\/\/www.oarcanjo.net\/site\/#\/schema\/logo\/image\/\"},\"sameAs\":[\"https:\/\/www.facebook.com\/OArcanjoNoAr\/\"]},{\"@type\":\"Person\",\"@id\":\"https:\/\/www.oarcanjo.net\/site\/#\/schema\/person\/f7024d007863202483a31326673a0838\",\"name\":\"editor\",\"sameAs\":[\"http:\/\/www.oarcanjo.net\"]}]}<\/script>\n<!-- \/ Yoast SEO plugin. -->","yoast_head_json":{"title":"Arcebispo lan\u00e7a 2\u00aa Carta Pastoral - O Arcanjo no ar","robots":{"index":"index","follow":"follow","max-snippet":"max-snippet:-1","max-image-preview":"max-image-preview:large","max-video-preview":"max-video-preview:-1"},"canonical":"https:\/\/www.oarcanjo.net\/site\/arcebispo-lanca-2-carta-pastoral\/","og_locale":"pt_BR","og_type":"article","og_title":"Arcebispo lan\u00e7a 2\u00aa Carta Pastoral - O Arcanjo no ar","og_description":"Para animar a Arquidiocese de S\u00e3o Paulo e auxili\u00e1-la na viv\u00eancia do Ano da F\u00e9, o cardeal dom Odilo Pedro Scherer, arcebispo metropolitano, lan\u00e7ar\u00e1 oficialmente no dia 4 de novembro, na Catedral da S\u00e9, a sua 2\u00aa Carta Pastoral. Segundo o c\u00f4nego Walter Caldeira, cura da Catedral da S\u00e9, a carta pastoral \u00e9 um instrumento [&hellip;]","og_url":"https:\/\/www.oarcanjo.net\/site\/arcebispo-lanca-2-carta-pastoral\/","og_site_name":"O Arcanjo no ar","article_publisher":"https:\/\/www.facebook.com\/OArcanjoNoAr\/","article_published_time":"2012-10-11T02:13:35+00:00","article_modified_time":"2012-11-05T12:41:16+00:00","og_image":[{"url":"http:\/\/www.oarcanjo.net\/site\/wp-content\/uploads\/2CartaPastoral.jpg"}],"author":"editor","twitter_card":"summary_large_image","twitter_misc":{"Escrito por":"editor","Est. tempo de leitura":"2 minutos"},"schema":{"@context":"https:\/\/schema.org","@graph":[{"@type":"Article","@id":"https:\/\/www.oarcanjo.net\/site\/arcebispo-lanca-2-carta-pastoral\/#article","isPartOf":{"@id":"https:\/\/www.oarcanjo.net\/site\/arcebispo-lanca-2-carta-pastoral\/"},"author":{"name":"editor","@id":"https:\/\/www.oarcanjo.net\/site\/#\/schema\/person\/f7024d007863202483a31326673a0838"},"headline":"Arcebispo lan\u00e7a 2\u00aa Carta Pastoral","datePublished":"2012-10-11T02:13:35+00:00","dateModified":"2012-11-05T12:41:16+00:00","mainEntityOfPage":{"@id":"https:\/\/www.oarcanjo.net\/site\/arcebispo-lanca-2-carta-pastoral\/"},"wordCount":371,"commentCount":0,"publisher":{"@id":"https:\/\/www.oarcanjo.net\/site\/#organization"},"image":{"@id":"https:\/\/www.oarcanjo.net\/site\/arcebispo-lanca-2-carta-pastoral\/#primaryimage"},"thumbnailUrl":"http:\/\/www.oarcanjo.net\/site\/wp-content\/uploads\/2CartaPastoral.jpg","keywords":["Ano da F\u00e9","Arquidiocese de S\u00e3o Paulo","aumentai a nossa f\u00e9!","Cardeal Dom Odilo Pedro Scherer","Carta Pastoral","Senhor"],"articleSection":["Ano da F\u00e9","Not\u00edcias"],"inLanguage":"pt-BR","potentialAction":[{"@type":"CommentAction","name":"Comment","target":["https:\/\/www.oarcanjo.net\/site\/arcebispo-lanca-2-carta-pastoral\/#respond"]}]},{"@type":"WebPage","@id":"https:\/\/www.oarcanjo.net\/site\/arcebispo-lanca-2-carta-pastoral\/","url":"https:\/\/www.oarcanjo.net\/site\/arcebispo-lanca-2-carta-pastoral\/","name":"Arcebispo lan\u00e7a 2\u00aa Carta Pastoral - O Arcanjo no ar","isPartOf":{"@id":"https:\/\/www.oarcanjo.net\/site\/#website"},"primaryImageOfPage":{"@id":"https:\/\/www.oarcanjo.net\/site\/arcebispo-lanca-2-carta-pastoral\/#primaryimage"},"image":{"@id":"https:\/\/www.oarcanjo.net\/site\/arcebispo-lanca-2-carta-pastoral\/#primaryimage"},"thumbnailUrl":"http:\/\/www.oarcanjo.net\/site\/wp-content\/uploads\/2CartaPastoral.jpg","datePublished":"2012-10-11T02:13:35+00:00","dateModified":"2012-11-05T12:41:16+00:00","breadcrumb":{"@id":"https:\/\/www.oarcanjo.net\/site\/arcebispo-lanca-2-carta-pastoral\/#breadcrumb"},"inLanguage":"pt-BR","potentialAction":[{"@type":"ReadAction","target":["https:\/\/www.oarcanjo.net\/site\/arcebispo-lanca-2-carta-pastoral\/"]}]},{"@type":"ImageObject","inLanguage":"pt-BR","@id":"https:\/\/www.oarcanjo.net\/site\/arcebispo-lanca-2-carta-pastoral\/#primaryimage","url":"https:\/\/www.oarcanjo.net\/site\/wp-content\/uploads\/2CartaPastoral.jpg","contentUrl":"https:\/\/www.oarcanjo.net\/site\/wp-content\/uploads\/2CartaPastoral.jpg","width":"150","height":"212"},{"@type":"BreadcrumbList","@id":"https:\/\/www.oarcanjo.net\/site\/arcebispo-lanca-2-carta-pastoral\/#breadcrumb","itemListElement":[{"@type":"ListItem","position":1,"name":"In\u00edcio","item":"https:\/\/www.oarcanjo.net\/site\/"},{"@type":"ListItem","position":2,"name":"Arcebispo lan\u00e7a 2\u00aa Carta Pastoral"}]},{"@type":"WebSite","@id":"https:\/\/www.oarcanjo.net\/site\/#website","url":"https:\/\/www.oarcanjo.net\/site\/","name":"O Arcanjo no ar","description":"Site da Par\u00f3quia S\u00e3o Miguel Arcanjo (Arquidiocese de SP)","publisher":{"@id":"https:\/\/www.oarcanjo.net\/site\/#organization"},"potentialAction":[{"@type":"SearchAction","target":{"@type":"EntryPoint","urlTemplate":"https:\/\/www.oarcanjo.net\/site\/?s={search_term_string}"},"query-input":{"@type":"PropertyValueSpecification","valueRequired":true,"valueName":"search_term_string"}}],"inLanguage":"pt-BR"},{"@type":"Organization","@id":"https:\/\/www.oarcanjo.net\/site\/#organization","name":"Par\u00f3quia S\u00e3o Miguel Arcanjo","url":"https:\/\/www.oarcanjo.net\/site\/","logo":{"@type":"ImageObject","inLanguage":"pt-BR","@id":"https:\/\/www.oarcanjo.net\/site\/#\/schema\/logo\/image\/","url":"https:\/\/www.oarcanjo.net\/site\/wp-content\/uploads\/LogoOArcanjo.png","contentUrl":"https:\/\/www.oarcanjo.net\/site\/wp-content\/uploads\/LogoOArcanjo.png","width":319,"height":99,"caption":"Par\u00f3quia S\u00e3o Miguel Arcanjo"},"image":{"@id":"https:\/\/www.oarcanjo.net\/site\/#\/schema\/logo\/image\/"},"sameAs":["https:\/\/www.facebook.com\/OArcanjoNoAr\/"]},{"@type":"Person","@id":"https:\/\/www.oarcanjo.net\/site\/#\/schema\/person\/f7024d007863202483a31326673a0838","name":"editor","sameAs":["http:\/\/www.oarcanjo.net"]}]}},"publishpress_future_action":{"enabled":false,"date":"2026-05-09 08:04:12","action":"category","newStatus":"draft","terms":[],"taxonomy":"category"},"publishpress_future_workflow_manual_trigger":{"enabledWorkflows":[]},"_links":{"self":[{"href":"https:\/\/www.oarcanjo.net\/site\/wp-json\/wp\/v2\/posts\/19645"}],"collection":[{"href":"https:\/\/www.oarcanjo.net\/site\/wp-json\/wp\/v2\/posts"}],"about":[{"href":"https:\/\/www.oarcanjo.net\/site\/wp-json\/wp\/v2\/types\/post"}],"author":[{"embeddable":true,"href":"https:\/\/www.oarcanjo.net\/site\/wp-json\/wp\/v2\/users\/5"}],"replies":[{"embeddable":true,"href":"https:\/\/www.oarcanjo.net\/site\/wp-json\/wp\/v2\/comments?post=19645"}],"version-history":[{"count":0,"href":"https:\/\/www.oarcanjo.net\/site\/wp-json\/wp\/v2\/posts\/19645\/revisions"}],"wp:attachment":[{"href":"https:\/\/www.oarcanjo.net\/site\/wp-json\/wp\/v2\/media?parent=19645"}],"wp:term":[{"taxonomy":"category","embeddable":true,"href":"https:\/\/www.oarcanjo.net\/site\/wp-json\/wp\/v2\/categories?post=19645"},{"taxonomy":"post_tag","embeddable":true,"href":"https:\/\/www.oarcanjo.net\/site\/wp-json\/wp\/v2\/tags?post=19645"}],"curies":[{"name":"wp","href":"https:\/\/api.w.org\/{rel}","templated":true}]}}