
{"id":19653,"date":"2012-10-11T00:36:25","date_gmt":"2012-10-11T03:36:25","guid":{"rendered":"http:\/\/www.oarcanjo.net\/site\/?p=19653"},"modified":"2012-10-11T00:36:25","modified_gmt":"2012-10-11T03:36:25","slug":"concilio-e-ano-da-fe","status":"publish","type":"post","link":"https:\/\/www.oarcanjo.net\/site\/concilio-e-ano-da-fe\/","title":{"rendered":"Conc\u00edlio e Ano da F\u00e9"},"content":{"rendered":"<p>O dia 11 de outubro, data comemorativa da abertura do Conc\u00edlio, foi tamb\u00e9m escolhido como data de abertura do Ano da F\u00e9. Assim, o Ano da F\u00e9 se apresenta como vinculado ao Conc\u00edlio Vaticano II.<\/p>\n<p>Existe uma insist\u00eancia proposital em torno desta data de onze de outubro. Tudo para enfatizar a import\u00e2ncia eclesial do Conc\u00edlio.<\/p>\n<p>A Carta Apost\u00f3lica de convoca\u00e7\u00e3o do Ano da F\u00e9 \u00e9 datada no dia 11 de outubro de 2011. A publica\u00e7\u00e3o do Catecismo da Igreja Cat\u00f3lica, tamb\u00e9m ocorreu num dia 11 de outubro, em 1992. E agora, o Ano da F\u00e9 tem o seu in\u00edcio oficial neste dia 11 de outubro de 2012, jubileu do Conc\u00edlio.<\/p>\n<p>Tanta insist\u00eancia n\u00e3o deixa de ter um significado especial. \u00c9 o pr\u00f3prio Papa Bento XVI que a vincula com os objetivos do Ano da F\u00e9, dizendo em sua Carla Apost\u00f3lica &#8220;Porta F\u00eddei\u201d:<\/p>\n<p>&#8220;Pareceu-me que fazer coincidir o in\u00edcio do Ano da F\u00e9 com o cinquenten\u00e1rio da abertura do Conc\u00edlio Vaticano II poderia ser uma ocasi\u00e3o prop\u00edcia para compreender que os textos deixados em heran\u00e7a pelos Padres Conciliares, n\u00e3o perdem o seu valor nem a sua beleza\u201d.<\/p>\n<p>Portanto, o Ano da F\u00e9 foi colocado em conex\u00e3o direta com o Conc\u00edlio. Foi a maneira de vincular a f\u00e9 da Igreja com a proposta de renova\u00e7\u00e3o eclesial apresentada pelo Conc\u00edlio.<\/p>\n<p>\u00c9 tamb\u00e9m um convite a valorizar mais os documentos do Conc\u00edlio, que permanecem como b\u00fassola segura a iluminar os passos da Igreja no in\u00edcio deste novo mil\u00eanio, como afirmou Jo\u00e3o Paulo II na Exorta\u00e7\u00e3o Apost\u00f3lica Tertio Millenio Ineunte.<\/p>\n<p>Se recordamos que o Conc\u00edlio levou quatro anos para se concluir, e que, portanto faltam ainda quatro anos para celebrarmos o seu encerramento, nos damos conta que este Ano da F\u00e9 se insere no contexto mais amplo, de uma sequ\u00eancia que poder\u00e1 continuar. Nada obsta que tenhamos um &#8220;Ano da Esperan\u00e7a\u201d, e se acontecer este, todo mundo vai ficar aguardando o &#8220;Ano da Caridade\u201d.<\/p>\n<p>Em todo o caso, o fato consistente \u00e9 a insist\u00eancia de evocar o Conc\u00edlio como refer\u00eancia para a Igreja discernir os passos que precisa dar em nosso tempo, marcado por tantas transforma\u00e7\u00f5es, que afetaram inclusive a pr\u00f3pria vida da Igreja. Retomar sua identidade, e assumir sua miss\u00e3o, permanece como o desafio maior da Igreja em nosso tempo.<\/p>\n<p>Esta vincula\u00e7\u00e3o profunda entre Conc\u00edlio e F\u00e9 foi simbolizada na imponente cerim\u00f4nia da abertura oficial do Conc\u00edlio, em 11 de outubro de 1962. Um dos primeiros atos da celebra\u00e7\u00e3o foi a solene profiss\u00e3o de f\u00e9, feita pelo Papa Jo\u00e3o XXIII, ajoelhado diante de todos os bispos, expressando a f\u00e9 da Igreja, de forma solene, de acordo com o &#8220;Credo niceno constantinopolitano\u201d, como para dizer que o Conc\u00edlio n\u00e3o iria contradizer o &#8220;tesouro da f\u00e9\u201d, recebido dos ap\u00f3stolos.<\/p>\n<p>A primeira tranquilidade que brota de dentro de n\u00f3s, quando empreendemos qualquer iniciativa, \u00e9 a certeza de contar com a b\u00ean\u00e7\u00e3o de Deus. Foi o que procurou fazer Jo\u00e3o XXIII, ao professar solenemente sua f\u00e9 cat\u00f3lica no momento de abrir o Conc\u00edlio Ecum\u00eanico.<\/p>\n<p>Tendo assumido o complexo tema referente \u00e0 Igreja de Cristo, a partir do Conc\u00edlio \u00e9 poss\u00edvel recuperar todos os grandes artigos de nossa f\u00e9. A come\u00e7ar pela constata\u00e7\u00e3o de que a Igreja \u00e9 chamada a ser o reflexo da comunh\u00e3o trinit\u00e1ria, da qual passamos a fazer parte pelo dom da f\u00e9, que nos envolve em comunh\u00e3o fraterna.<\/p>\n<p>Com este Ano da F\u00e9 fica fortalecido o significado do Conc\u00edlio, incentivando-nos a acolher os seus aut\u00eanticos ensinamentos, e sobretudo, deixando-nos imbuir do seu esp\u00edrito de renova\u00e7\u00e3o eclesial.<\/p>\n<p><strong><em>Dom Dem\u00e9trio Valentini<br \/>\n<\/em><\/strong><em>Bispo de Jales (SP) e Presidente da C\u00e1ritas Brasileira at\u00e9 novembro de 2011<br \/>\n<\/em><em>Adital<\/em><\/p>\n<div id=\"themify_builder_content-19653\" data-postid=\"19653\" class=\"themify_builder_content themify_builder_content-19653 themify_builder themify_builder_front\">\n\t<\/div>\n<!-- \/themify_builder_content -->","protected":false},"excerpt":{"rendered":"<p>O dia 11 de outubro, data comemorativa da abertura do Conc\u00edlio, foi tamb\u00e9m escolhido como data de abertura do Ano da F\u00e9. Assim, o Ano da F\u00e9 se apresenta como vinculado ao Conc\u00edlio Vaticano II. Existe uma insist\u00eancia proposital em torno desta data de onze de outubro. Tudo para enfatizar a import\u00e2ncia eclesial do Conc\u00edlio. [&hellip;]<\/p>\n","protected":false},"author":5,"featured_media":0,"comment_status":"open","ping_status":"open","sticky":false,"template":"","format":"standard","meta":{"ngg_post_thumbnail":0,"footnotes":""},"categories":[2153,8],"tags":[3213,505,899,2292],"yoast_head":"<!-- This site is optimized with the Yoast SEO plugin v23.5 - https:\/\/yoast.com\/wordpress\/plugins\/seo\/ -->\n<title>Conc\u00edlio e Ano da F\u00e9 - O Arcanjo no ar<\/title>\n<meta name=\"robots\" content=\"index, follow, max-snippet:-1, max-image-preview:large, max-video-preview:-1\" \/>\n<link rel=\"canonical\" href=\"https:\/\/www.oarcanjo.net\/site\/concilio-e-ano-da-fe\/\" \/>\n<meta property=\"og:locale\" content=\"pt_BR\" \/>\n<meta property=\"og:type\" content=\"article\" \/>\n<meta property=\"og:title\" content=\"Conc\u00edlio e Ano da F\u00e9 - O Arcanjo no ar\" \/>\n<meta property=\"og:description\" content=\"O dia 11 de outubro, data comemorativa da abertura do Conc\u00edlio, foi tamb\u00e9m escolhido como data de abertura do Ano da F\u00e9. Assim, o Ano da F\u00e9 se apresenta como vinculado ao Conc\u00edlio Vaticano II. Existe uma insist\u00eancia proposital em torno desta data de onze de outubro. Tudo para enfatizar a import\u00e2ncia eclesial do Conc\u00edlio. [&hellip;]\" \/>\n<meta property=\"og:url\" content=\"https:\/\/www.oarcanjo.net\/site\/concilio-e-ano-da-fe\/\" \/>\n<meta property=\"og:site_name\" content=\"O Arcanjo no ar\" \/>\n<meta property=\"article:publisher\" content=\"https:\/\/www.facebook.com\/OArcanjoNoAr\/\" \/>\n<meta property=\"article:published_time\" content=\"2012-10-11T03:36:25+00:00\" \/>\n<meta property=\"og:image\" content=\"https:\/\/www.oarcanjo.net\/site\/wp-content\/uploads\/logo-o-arcanjo-no-ar-facebook.png\" \/>\n\t<meta property=\"og:image:width\" content=\"300\" \/>\n\t<meta property=\"og:image:height\" content=\"300\" \/>\n\t<meta property=\"og:image:type\" content=\"image\/png\" \/>\n<meta name=\"author\" content=\"editor\" \/>\n<meta name=\"twitter:card\" content=\"summary_large_image\" \/>\n<meta name=\"twitter:label1\" content=\"Escrito por\" \/>\n\t<meta name=\"twitter:data1\" content=\"editor\" \/>\n\t<meta name=\"twitter:label2\" content=\"Est. tempo de leitura\" \/>\n\t<meta name=\"twitter:data2\" content=\"3 minutos\" \/>\n<script type=\"application\/ld+json\" class=\"yoast-schema-graph\">{\"@context\":\"https:\/\/schema.org\",\"@graph\":[{\"@type\":\"Article\",\"@id\":\"https:\/\/www.oarcanjo.net\/site\/concilio-e-ano-da-fe\/#article\",\"isPartOf\":{\"@id\":\"https:\/\/www.oarcanjo.net\/site\/concilio-e-ano-da-fe\/\"},\"author\":{\"name\":\"editor\",\"@id\":\"https:\/\/www.oarcanjo.net\/site\/#\/schema\/person\/f7024d007863202483a31326673a0838\"},\"headline\":\"Conc\u00edlio e Ano da F\u00e9\",\"datePublished\":\"2012-10-11T03:36:25+00:00\",\"dateModified\":\"2012-10-11T03:36:25+00:00\",\"mainEntityOfPage\":{\"@id\":\"https:\/\/www.oarcanjo.net\/site\/concilio-e-ano-da-fe\/\"},\"wordCount\":662,\"commentCount\":0,\"publisher\":{\"@id\":\"https:\/\/www.oarcanjo.net\/site\/#organization\"},\"keywords\":[\"Ano da F\u00e9\",\"Conc\u00edlio Vaticano II\",\"Papa Bento XVI\",\"Porta F\u00eddei\"],\"articleSection\":[\"Ano da F\u00e9\",\"Not\u00edcias\"],\"inLanguage\":\"pt-BR\",\"potentialAction\":[{\"@type\":\"CommentAction\",\"name\":\"Comment\",\"target\":[\"https:\/\/www.oarcanjo.net\/site\/concilio-e-ano-da-fe\/#respond\"]}]},{\"@type\":\"WebPage\",\"@id\":\"https:\/\/www.oarcanjo.net\/site\/concilio-e-ano-da-fe\/\",\"url\":\"https:\/\/www.oarcanjo.net\/site\/concilio-e-ano-da-fe\/\",\"name\":\"Conc\u00edlio e Ano da F\u00e9 - O Arcanjo no ar\",\"isPartOf\":{\"@id\":\"https:\/\/www.oarcanjo.net\/site\/#website\"},\"datePublished\":\"2012-10-11T03:36:25+00:00\",\"dateModified\":\"2012-10-11T03:36:25+00:00\",\"breadcrumb\":{\"@id\":\"https:\/\/www.oarcanjo.net\/site\/concilio-e-ano-da-fe\/#breadcrumb\"},\"inLanguage\":\"pt-BR\",\"potentialAction\":[{\"@type\":\"ReadAction\",\"target\":[\"https:\/\/www.oarcanjo.net\/site\/concilio-e-ano-da-fe\/\"]}]},{\"@type\":\"BreadcrumbList\",\"@id\":\"https:\/\/www.oarcanjo.net\/site\/concilio-e-ano-da-fe\/#breadcrumb\",\"itemListElement\":[{\"@type\":\"ListItem\",\"position\":1,\"name\":\"In\u00edcio\",\"item\":\"https:\/\/www.oarcanjo.net\/site\/\"},{\"@type\":\"ListItem\",\"position\":2,\"name\":\"Conc\u00edlio e Ano da F\u00e9\"}]},{\"@type\":\"WebSite\",\"@id\":\"https:\/\/www.oarcanjo.net\/site\/#website\",\"url\":\"https:\/\/www.oarcanjo.net\/site\/\",\"name\":\"O Arcanjo no ar\",\"description\":\"Site da Par\u00f3quia S\u00e3o Miguel Arcanjo (Arquidiocese de SP)\",\"publisher\":{\"@id\":\"https:\/\/www.oarcanjo.net\/site\/#organization\"},\"potentialAction\":[{\"@type\":\"SearchAction\",\"target\":{\"@type\":\"EntryPoint\",\"urlTemplate\":\"https:\/\/www.oarcanjo.net\/site\/?s={search_term_string}\"},\"query-input\":{\"@type\":\"PropertyValueSpecification\",\"valueRequired\":true,\"valueName\":\"search_term_string\"}}],\"inLanguage\":\"pt-BR\"},{\"@type\":\"Organization\",\"@id\":\"https:\/\/www.oarcanjo.net\/site\/#organization\",\"name\":\"Par\u00f3quia S\u00e3o Miguel Arcanjo\",\"url\":\"https:\/\/www.oarcanjo.net\/site\/\",\"logo\":{\"@type\":\"ImageObject\",\"inLanguage\":\"pt-BR\",\"@id\":\"https:\/\/www.oarcanjo.net\/site\/#\/schema\/logo\/image\/\",\"url\":\"https:\/\/www.oarcanjo.net\/site\/wp-content\/uploads\/LogoOArcanjo.png\",\"contentUrl\":\"https:\/\/www.oarcanjo.net\/site\/wp-content\/uploads\/LogoOArcanjo.png\",\"width\":319,\"height\":99,\"caption\":\"Par\u00f3quia S\u00e3o Miguel Arcanjo\"},\"image\":{\"@id\":\"https:\/\/www.oarcanjo.net\/site\/#\/schema\/logo\/image\/\"},\"sameAs\":[\"https:\/\/www.facebook.com\/OArcanjoNoAr\/\"]},{\"@type\":\"Person\",\"@id\":\"https:\/\/www.oarcanjo.net\/site\/#\/schema\/person\/f7024d007863202483a31326673a0838\",\"name\":\"editor\",\"sameAs\":[\"http:\/\/www.oarcanjo.net\"]}]}<\/script>\n<!-- \/ Yoast SEO plugin. -->","yoast_head_json":{"title":"Conc\u00edlio e Ano da F\u00e9 - O Arcanjo no ar","robots":{"index":"index","follow":"follow","max-snippet":"max-snippet:-1","max-image-preview":"max-image-preview:large","max-video-preview":"max-video-preview:-1"},"canonical":"https:\/\/www.oarcanjo.net\/site\/concilio-e-ano-da-fe\/","og_locale":"pt_BR","og_type":"article","og_title":"Conc\u00edlio e Ano da F\u00e9 - O Arcanjo no ar","og_description":"O dia 11 de outubro, data comemorativa da abertura do Conc\u00edlio, foi tamb\u00e9m escolhido como data de abertura do Ano da F\u00e9. Assim, o Ano da F\u00e9 se apresenta como vinculado ao Conc\u00edlio Vaticano II. Existe uma insist\u00eancia proposital em torno desta data de onze de outubro. Tudo para enfatizar a import\u00e2ncia eclesial do Conc\u00edlio. [&hellip;]","og_url":"https:\/\/www.oarcanjo.net\/site\/concilio-e-ano-da-fe\/","og_site_name":"O Arcanjo no ar","article_publisher":"https:\/\/www.facebook.com\/OArcanjoNoAr\/","article_published_time":"2012-10-11T03:36:25+00:00","og_image":[{"width":300,"height":300,"url":"https:\/\/www.oarcanjo.net\/site\/wp-content\/uploads\/logo-o-arcanjo-no-ar-facebook.png","type":"image\/png"}],"author":"editor","twitter_card":"summary_large_image","twitter_misc":{"Escrito por":"editor","Est. tempo de leitura":"3 minutos"},"schema":{"@context":"https:\/\/schema.org","@graph":[{"@type":"Article","@id":"https:\/\/www.oarcanjo.net\/site\/concilio-e-ano-da-fe\/#article","isPartOf":{"@id":"https:\/\/www.oarcanjo.net\/site\/concilio-e-ano-da-fe\/"},"author":{"name":"editor","@id":"https:\/\/www.oarcanjo.net\/site\/#\/schema\/person\/f7024d007863202483a31326673a0838"},"headline":"Conc\u00edlio e Ano da F\u00e9","datePublished":"2012-10-11T03:36:25+00:00","dateModified":"2012-10-11T03:36:25+00:00","mainEntityOfPage":{"@id":"https:\/\/www.oarcanjo.net\/site\/concilio-e-ano-da-fe\/"},"wordCount":662,"commentCount":0,"publisher":{"@id":"https:\/\/www.oarcanjo.net\/site\/#organization"},"keywords":["Ano da F\u00e9","Conc\u00edlio Vaticano II","Papa Bento XVI","Porta F\u00eddei"],"articleSection":["Ano da F\u00e9","Not\u00edcias"],"inLanguage":"pt-BR","potentialAction":[{"@type":"CommentAction","name":"Comment","target":["https:\/\/www.oarcanjo.net\/site\/concilio-e-ano-da-fe\/#respond"]}]},{"@type":"WebPage","@id":"https:\/\/www.oarcanjo.net\/site\/concilio-e-ano-da-fe\/","url":"https:\/\/www.oarcanjo.net\/site\/concilio-e-ano-da-fe\/","name":"Conc\u00edlio e Ano da F\u00e9 - O Arcanjo no ar","isPartOf":{"@id":"https:\/\/www.oarcanjo.net\/site\/#website"},"datePublished":"2012-10-11T03:36:25+00:00","dateModified":"2012-10-11T03:36:25+00:00","breadcrumb":{"@id":"https:\/\/www.oarcanjo.net\/site\/concilio-e-ano-da-fe\/#breadcrumb"},"inLanguage":"pt-BR","potentialAction":[{"@type":"ReadAction","target":["https:\/\/www.oarcanjo.net\/site\/concilio-e-ano-da-fe\/"]}]},{"@type":"BreadcrumbList","@id":"https:\/\/www.oarcanjo.net\/site\/concilio-e-ano-da-fe\/#breadcrumb","itemListElement":[{"@type":"ListItem","position":1,"name":"In\u00edcio","item":"https:\/\/www.oarcanjo.net\/site\/"},{"@type":"ListItem","position":2,"name":"Conc\u00edlio e Ano da F\u00e9"}]},{"@type":"WebSite","@id":"https:\/\/www.oarcanjo.net\/site\/#website","url":"https:\/\/www.oarcanjo.net\/site\/","name":"O Arcanjo no ar","description":"Site da Par\u00f3quia S\u00e3o Miguel Arcanjo (Arquidiocese de SP)","publisher":{"@id":"https:\/\/www.oarcanjo.net\/site\/#organization"},"potentialAction":[{"@type":"SearchAction","target":{"@type":"EntryPoint","urlTemplate":"https:\/\/www.oarcanjo.net\/site\/?s={search_term_string}"},"query-input":{"@type":"PropertyValueSpecification","valueRequired":true,"valueName":"search_term_string"}}],"inLanguage":"pt-BR"},{"@type":"Organization","@id":"https:\/\/www.oarcanjo.net\/site\/#organization","name":"Par\u00f3quia S\u00e3o Miguel Arcanjo","url":"https:\/\/www.oarcanjo.net\/site\/","logo":{"@type":"ImageObject","inLanguage":"pt-BR","@id":"https:\/\/www.oarcanjo.net\/site\/#\/schema\/logo\/image\/","url":"https:\/\/www.oarcanjo.net\/site\/wp-content\/uploads\/LogoOArcanjo.png","contentUrl":"https:\/\/www.oarcanjo.net\/site\/wp-content\/uploads\/LogoOArcanjo.png","width":319,"height":99,"caption":"Par\u00f3quia S\u00e3o Miguel Arcanjo"},"image":{"@id":"https:\/\/www.oarcanjo.net\/site\/#\/schema\/logo\/image\/"},"sameAs":["https:\/\/www.facebook.com\/OArcanjoNoAr\/"]},{"@type":"Person","@id":"https:\/\/www.oarcanjo.net\/site\/#\/schema\/person\/f7024d007863202483a31326673a0838","name":"editor","sameAs":["http:\/\/www.oarcanjo.net"]}]}},"publishpress_future_action":{"enabled":false,"date":"2026-05-09 09:31:31","action":"category","newStatus":"draft","terms":[],"taxonomy":"category"},"publishpress_future_workflow_manual_trigger":{"enabledWorkflows":[]},"_links":{"self":[{"href":"https:\/\/www.oarcanjo.net\/site\/wp-json\/wp\/v2\/posts\/19653"}],"collection":[{"href":"https:\/\/www.oarcanjo.net\/site\/wp-json\/wp\/v2\/posts"}],"about":[{"href":"https:\/\/www.oarcanjo.net\/site\/wp-json\/wp\/v2\/types\/post"}],"author":[{"embeddable":true,"href":"https:\/\/www.oarcanjo.net\/site\/wp-json\/wp\/v2\/users\/5"}],"replies":[{"embeddable":true,"href":"https:\/\/www.oarcanjo.net\/site\/wp-json\/wp\/v2\/comments?post=19653"}],"version-history":[{"count":0,"href":"https:\/\/www.oarcanjo.net\/site\/wp-json\/wp\/v2\/posts\/19653\/revisions"}],"wp:attachment":[{"href":"https:\/\/www.oarcanjo.net\/site\/wp-json\/wp\/v2\/media?parent=19653"}],"wp:term":[{"taxonomy":"category","embeddable":true,"href":"https:\/\/www.oarcanjo.net\/site\/wp-json\/wp\/v2\/categories?post=19653"},{"taxonomy":"post_tag","embeddable":true,"href":"https:\/\/www.oarcanjo.net\/site\/wp-json\/wp\/v2\/tags?post=19653"}],"curies":[{"name":"wp","href":"https:\/\/api.w.org\/{rel}","templated":true}]}}