
{"id":19665,"date":"2012-10-14T11:56:42","date_gmt":"2012-10-14T14:56:42","guid":{"rendered":"http:\/\/www.oarcanjo.net\/site\/?p=19665"},"modified":"2012-10-14T11:57:29","modified_gmt":"2012-10-14T14:57:29","slug":"depoimento-do-primeiro-secretario-geral-dom-helder-camara-a-cnbb-nasceu-assim","status":"publish","type":"post","link":"https:\/\/www.oarcanjo.net\/site\/depoimento-do-primeiro-secretario-geral-dom-helder-camara-a-cnbb-nasceu-assim\/","title":{"rendered":"Depoimento do primeiro Secret\u00e1rio Geral, Dom H\u00e9lder C\u00e2mara &#8211; A CNBB nasceu assim"},"content":{"rendered":"<div>\n<div>\n<div>CNBB<\/div>\n<div><\/div>\n<\/div>\n<div>\n<div><em><img loading=\"lazy\" decoding=\"async\" src=\"http:\/\/www.cnbb.org.br\/site\/images\/stories\/Helder_Camara.jpg\" alt=\"Helder_Camara\" width=\"300\" height=\"383\" \/>Reproduzimos aqui o depoimento do primeiro secret\u00e1rio-geral da CNBB, dom H\u00e9lder C\u00e2mara, publicado por ocasi\u00e3o dos 25 anos da Confer\u00eancia, no jornal O S\u00e3o Paulo (19-25\/11\/1977), no Comunicado Mensal n. 302, (novembro de 1977) e reeditado, em 2002, no livro \u201cPresen\u00e7a P\u00fablica da Igreja\u201d, por ocasi\u00e3o das comemora\u00e7\u00f5es dos 50 anos da CNBB. Ele apresenta alguns detalhes dos bastidores da cria\u00e7\u00e3o da Confer\u00eancia.<\/em><\/div>\n<div><em><br \/>\n<\/em><\/div>\n<div>\u201cOs homens se movem e Deus os conduz: eis o resumo das minhas impress\u00f5es ao recordar o surgimento da CNBB e sua caminhada\u201d&nbsp;<\/p>\n<p>Hoje, \u00e9 f\u00e1cil ver como o Esp\u00edrito de Deus, por meio de movimentos como o Movimento B\u00edblico, o Movimento Lit\u00fargico e, sobretudo, a A\u00e7\u00e3o Cat\u00f3lica (Geral e depois Especializada), preparou o Conc\u00edlio Vaticano II, completado, para os latino-americanos, pela Assembleia Latino-americana de Bispos, em Medell\u00edn.<\/p>\n<p>Hoje, \u00e9 f\u00e1cil verificar como aludidos movimentos prepararam o surgimento das Confer\u00eancias de Bispos, em plano nacional como a CNBB, ou continental como o CELAM (Conselho do Episcopado Latino-americano). O Esp\u00edrito de Deus queria conduzir-nos \u00e0 viv\u00eancia da Colegialidade Episcopal e da co-responsabilidade de todo o Povo de Deus.<\/p>\n<p>O Esp\u00edrito de Deus, mantendo unida em torno de Cristo e de Pedro a Madre Igreja, santa e pecadora, queria conduzir-nos \u00e0 viv\u00eancia correta da Igreja local, em uni\u00e3o com a Igreja de Cristo no mundo inteiro, em \u00edntima sintonia com o Santo Padre, e a servi\u00e7o dos homens, nossos irm\u00e3os.<\/p>\n<p>Destacar a\u00e7\u00f5es pessoais em face de Movimentos cujo alcance \u00faltimo nem sempre entrev\u00edamos; destacar a\u00e7\u00f5es pessoais quando as mesmas ideias andavam na cabe\u00e7a e no cora\u00e7\u00e3o de muitos, d\u00e1-me uma dupla impress\u00e3o de apropria\u00e7\u00e3o ind\u00e9bita e consequente rid\u00edculo.<\/p>\n<p>\u00c9 verdade que, com 27 anos de idade, em 1936, a Provid\u00eancia me transferiu, de modo inesperado, para o Rio de Janeiro. A\u00ed, fui levado a colaborar com d. Sebasti\u00e3o Leme e, a seguir, com d. Jaime C\u00e2mara. Um dia (sou fraco em datas), vi-me nomeado assistente geral da A\u00e7\u00e3o Cat\u00f3lica Brasileira. Em uma c\u00e9lebre Assembleia Geral da A\u00e7\u00e3o Cat\u00f3lica, os bispos presentes (recordo-me, entre outros, de d. Antonio Cabral, d. Fernando Gomes e de d. Jos\u00e9 Delgado) exigiram a cria\u00e7\u00e3o de um Secretariado Nacional da A\u00e7\u00e3o Cat\u00f3lica. Lan\u00e7aram at\u00e9 um desafio fraterno: se o Secretariado fosse fundado, depois de seis meses de funcionamento, os bispos do Brasil se encarregariam de mant\u00ea-lo.<\/p>\n<p>Comuniquei a d. Jaime o desafio am\u00e1vel recebido em Belo Horizonte. Ele aben\u00e7oou a ideia e deu-me carta-branca para agir. Para instalar o Secretariado Nacional da A\u00e7\u00e3o Cat\u00f3lica Brasileira fui obrigado a pedir emprestados 50 contos (h\u00e1 uns bons 28 anos) \u00e0 ASA (A\u00e7\u00e3o Social Arquidiocesana do Rio de Janeiro), que tinha como assistente o querid\u00edssimo irm\u00e3o pe. Vicente T\u00e1vora (mais tarde d. T\u00e1vora), como presidente a Sr\u00aa. Celina Guinle de Paula Machado e como tesoureiro, o \u00fanico sobrevivente dos tr\u00eas, Luiz Bettencourt.<\/p>\n<p>Com os famosos 50 contos, alugamos oito salas no inesquec\u00edvel 16\u00ba andar do n\u00ba 11 da rua M\u00e9xico. Compramos o mobili\u00e1rio indispens\u00e1vel (uns 3 ou 4 arm\u00e1rios, umas 4 ou 5 mesas, uma m\u00e1quina de escrever). O que estava acima de qualquer pre\u00e7o foi a mobiliza\u00e7\u00e3o de leigos simplesmente admir\u00e1veis, devotad\u00edssimos, n\u00e3o a pessoas, mas ao servi\u00e7o ao pr\u00f3ximo, servindo \u00e0 Igreja. Fui buscar no Instituto do Sal, ent\u00e3o presidido pelo atual ministro da Justi\u00e7a, Armando Falc\u00e3o, uma criatura-s\u00edmbolo que permaneceu fiel at\u00e9 ser levada pelo Pai para a Casa da Eternidade, h\u00e1 um m\u00eas atr\u00e1s: Cec\u00edlia Monteiro. Do primeir\u00edssimo n\u00facleo de colaboradores da A\u00e7\u00e3o Cat\u00f3lica Brasileira, precursora da CNBB, continuam na ativa, entre outros, Aglaia Peixoto, Carlina Gomes, Maria Luiza Amarante e Edgar Amarante, Jeanette Pucheu, Vera Jacoud, Frei Romeu Dale&#8230; Trabalha na B\u00e9lgica Yolanda Bettencourt. Parece-me que \u00e9 juiz Celso Generoso e deputado, C\u00e9lio Borja. Um \u201ccomigo\u201d (t\u00ednhamos mesmo um pacto de unidade) meu irm\u00e3o d. Jos\u00e9 T\u00e1vora. Citei apenas nomes que lembram outros numerosos nomes que recordam dedica\u00e7\u00f5es sem conta.<\/p>\n<p>O Secretariado Geral da A\u00e7\u00e3o Cat\u00f3lica Brasileira, com o apoio de n\u00fancios apost\u00f3licos, como d. Carlos Chiarlo e d. Armando Lombardi, e a alta prote\u00e7\u00e3o de d. Jaime e de d. Carlos Carmelo de Vasconcelos Mota, come\u00e7ou inclusive a promover Encontros Regionais de Bispos, como o dos prelados da Amaz\u00f4nia e o dos prelados do Vale do S\u00e3o Francisco.<\/p>\n<p>Estava madura a ideia da CNBB. Em um Pa\u00eds de dimens\u00f5es continentais, impunha-se um secretariado que ajudasse os bispos a equacionar com seguran\u00e7a os problemas locais, regionais e nacionais, em face dos quais a Igreja n\u00e3o pode ser indiferente.<\/p>\n<p>Aproveitando um bom pretexto para uma primeira viagem a Roma, fui expor o sonho da CNBB ao ent\u00e3o subsecret\u00e1rio de Estado do Santo Padre Pio XII, S. Exa. Mons. Montini. Ia como representante dos anseios de numerosos bispos, e viajei com o apoio precioso do senhor n\u00fancio e dos senhores cardeais do Rio (d. Jaime) e de S\u00e3o Paulo (d. Carlos Carmelo de Vasconcelos Mota).<\/p>\n<p>Mons. Montini ouvia os problemas do mundo inteiro, com enorme perspic\u00e1cia e profundo interesse fraterno. Quando, depois de meia hora, acabei de expor o projeto da CNBB, ele me submeteu a um teste para medir se me moviam segundas inten\u00e7\u00f5es de candidatar-me a bispo. Disse-me S. Exa.: \u201cEstou convicto da necessidade da CNBB. Resta-me uma d\u00favida final: por tudo que eu ou\u00e7o e sinto, o natural secret\u00e1rio-geral da CNBB seria o senhor. Acontece que a Confer\u00eancia \u00e9 de bispos, e o senhor n\u00e3o \u00e9 bispo\u201d.<\/p>\n<p>N\u00e3o vacilei um segundo na resposta: qualquer outro poderia levantar aquela d\u00favida, menos ele, que, sem ter ent\u00e3o car\u00e1ter episcopal, era instrumento de Deus para liga\u00e7\u00e3o com o Episcopado do Brasil. S. Exa. sorriu, feliz, sentindo que, nem por sombra, havia subinten\u00e7\u00f5es no projeto da CNBB. Lembro-me que j\u00e1 deixei no esp\u00edrito de mons. Montini a sugest\u00e3o do futuro CELAM.<\/p>\n<p>Um ano depois da primeira ida a Roma, tive de voltar a mons. Montini para insistir no sonho da CNBB. Ele garantiu que, em menos de tr\u00eas meses, a Confer\u00eancia estaria criada. Deus se serviu do hoje Santo Padre Paulo VI para a funda\u00e7\u00e3o da CNBB e, pouco depois, do CELAM.<\/p>\n<p>Durante dois per\u00edodos (de seis anos cada) fui secret\u00e1rio-geral da CNBB. Tivemos nossas primeiras Assembleias Gerais de Bispos e Encontros Regionais memor\u00e1veis como os dois Encontros dos Bispos do Nordeste.<\/p>\n<p>Tivemos aventuras maravilhosas como o Conc\u00edlio Ecum\u00eanico Vaticano II. Mas ainda era a pr\u00e9-hist\u00f3ria da nossa CNBB. Francisco Whitaker Ferreira, o pe. Raimundo Caramuru e Carlina Gomes deram impulso decisivo para que nossa Confer\u00eancia imprimisse cunho mais cient\u00edfico \u00e0 sua programa\u00e7\u00e3o. Ao 2\u00ba secret\u00e1rio-geral, d. Jos\u00e9 Gon\u00e7alves, coube dar embasamento financeiro \u00e0 Confer\u00eancia. Passos decisivos para a presente figura da CNBB foram o Vaticano II, o Encontro Latino-americano de Medell\u00edn e o fortalecimento da unidade da CNBB, gra\u00e7as aos Secretariados Regionais que cobrem todo o Pa\u00eds.<\/p>\n<p>Hoje, nossa Confer\u00eancia, sob a presid\u00eancia providencial de d. Alo\u00edsio Lorscheider, com a cobertura perfeita de d. Ivo Lorscheiter como secret\u00e1rio-geral, com a dedica\u00e7\u00e3o de sempre de assistentes not\u00e1veis e de um laicato extraordin\u00e1rio (do qual \u00e9 s\u00edmbolo, no momento, Aglaia Peixoto), a CNBB, com as b\u00ean\u00e7\u00e3os de Deus, revela-se sempre mais, \u00e0 altura da hora dif\u00edcil vivida pelo nosso pa\u00eds e pelo mundo.<\/p>\n<p>Haja vista a iniciativa das jornadas internacionais para uma sociedade sem domina\u00e7\u00e3o, assumida em conjunto pelas Confer\u00eancias de Bispos da Fran\u00e7a, dos Estados Unidos, do Canad\u00e1, da \u00c1sia e pela Organiza\u00e7\u00e3o de Juristas Internacionais e contando com mais de mil ades\u00f5es dos cinco continentes e dos setes mares&#8230;<\/p>\n<\/div>\n<\/div>\n<\/div>\n<div>\n<div>Postado por\u00a0<a title=\"author profile\" rel=\"author\" href=\"http:\/\/www.blogger.com\/profile\/12037961757835243213\">Par\u00f3quia de Santo Afonso<\/a><\/div>\n<\/div>\n<p>&nbsp;<\/p>\n<div id=\"themify_builder_content-19665\" data-postid=\"19665\" class=\"themify_builder_content themify_builder_content-19665 themify_builder themify_builder_front\">\n\t<\/div>\n<!-- \/themify_builder_content -->","protected":false},"excerpt":{"rendered":"<p>CNBB Reproduzimos aqui o depoimento do primeiro secret\u00e1rio-geral da CNBB, dom H\u00e9lder C\u00e2mara, publicado por ocasi\u00e3o dos 25 anos da Confer\u00eancia, no jornal O S\u00e3o Paulo (19-25\/11\/1977), no Comunicado Mensal n. 302, (novembro de 1977) e reeditado, em 2002, no livro \u201cPresen\u00e7a P\u00fablica da Igreja\u201d, por ocasi\u00e3o das comemora\u00e7\u00f5es dos 50 anos da CNBB. Ele [&hellip;]<\/p>\n","protected":false},"author":17,"featured_media":0,"comment_status":"open","ping_status":"open","sticky":false,"template":"","format":"standard","meta":{"ngg_post_thumbnail":0,"footnotes":""},"categories":[192],"tags":[],"yoast_head":"<!-- This site is optimized with the Yoast SEO plugin v23.5 - https:\/\/yoast.com\/wordpress\/plugins\/seo\/ -->\n<title>Depoimento do primeiro Secret\u00e1rio Geral, Dom H\u00e9lder C\u00e2mara - A CNBB nasceu assim - O Arcanjo no ar<\/title>\n<meta name=\"robots\" content=\"index, follow, max-snippet:-1, max-image-preview:large, max-video-preview:-1\" \/>\n<link rel=\"canonical\" href=\"https:\/\/www.oarcanjo.net\/site\/depoimento-do-primeiro-secretario-geral-dom-helder-camara-a-cnbb-nasceu-assim\/\" \/>\n<meta property=\"og:locale\" content=\"pt_BR\" \/>\n<meta property=\"og:type\" content=\"article\" \/>\n<meta property=\"og:title\" content=\"Depoimento do primeiro Secret\u00e1rio Geral, Dom H\u00e9lder C\u00e2mara - A CNBB nasceu assim - O Arcanjo no ar\" \/>\n<meta property=\"og:description\" content=\"CNBB Reproduzimos aqui o depoimento do primeiro secret\u00e1rio-geral da CNBB, dom H\u00e9lder C\u00e2mara, publicado por ocasi\u00e3o dos 25 anos da Confer\u00eancia, no jornal O S\u00e3o Paulo (19-25\/11\/1977), no Comunicado Mensal n. 302, (novembro de 1977) e reeditado, em 2002, no livro \u201cPresen\u00e7a P\u00fablica da Igreja\u201d, por ocasi\u00e3o das comemora\u00e7\u00f5es dos 50 anos da CNBB. Ele [&hellip;]\" \/>\n<meta property=\"og:url\" content=\"https:\/\/www.oarcanjo.net\/site\/depoimento-do-primeiro-secretario-geral-dom-helder-camara-a-cnbb-nasceu-assim\/\" \/>\n<meta property=\"og:site_name\" content=\"O Arcanjo no ar\" \/>\n<meta property=\"article:publisher\" content=\"https:\/\/www.facebook.com\/OArcanjoNoAr\/\" \/>\n<meta property=\"article:published_time\" content=\"2012-10-14T14:56:42+00:00\" \/>\n<meta property=\"article:modified_time\" content=\"2012-10-14T14:57:29+00:00\" \/>\n<meta property=\"og:image\" content=\"http:\/\/www.cnbb.org.br\/site\/images\/stories\/Helder_Camara.jpg\" \/>\n<meta name=\"author\" content=\"pe.geovane\" \/>\n<meta name=\"twitter:card\" content=\"summary_large_image\" \/>\n<meta name=\"twitter:label1\" content=\"Escrito por\" \/>\n\t<meta name=\"twitter:data1\" content=\"pe.geovane\" \/>\n\t<meta name=\"twitter:label2\" content=\"Est. tempo de leitura\" \/>\n\t<meta name=\"twitter:data2\" content=\"7 minutos\" \/>\n<script type=\"application\/ld+json\" class=\"yoast-schema-graph\">{\"@context\":\"https:\/\/schema.org\",\"@graph\":[{\"@type\":\"Article\",\"@id\":\"https:\/\/www.oarcanjo.net\/site\/depoimento-do-primeiro-secretario-geral-dom-helder-camara-a-cnbb-nasceu-assim\/#article\",\"isPartOf\":{\"@id\":\"https:\/\/www.oarcanjo.net\/site\/depoimento-do-primeiro-secretario-geral-dom-helder-camara-a-cnbb-nasceu-assim\/\"},\"author\":{\"name\":\"pe.geovane\",\"@id\":\"https:\/\/www.oarcanjo.net\/site\/#\/schema\/person\/58d7f78850a973b8e467c7ae4a7eb4ad\"},\"headline\":\"Depoimento do primeiro Secret\u00e1rio Geral, Dom H\u00e9lder C\u00e2mara &#8211; A CNBB nasceu assim\",\"datePublished\":\"2012-10-14T14:56:42+00:00\",\"dateModified\":\"2012-10-14T14:57:29+00:00\",\"mainEntityOfPage\":{\"@id\":\"https:\/\/www.oarcanjo.net\/site\/depoimento-do-primeiro-secretario-geral-dom-helder-camara-a-cnbb-nasceu-assim\/\"},\"wordCount\":1379,\"commentCount\":0,\"publisher\":{\"@id\":\"https:\/\/www.oarcanjo.net\/site\/#organization\"},\"image\":{\"@id\":\"https:\/\/www.oarcanjo.net\/site\/depoimento-do-primeiro-secretario-geral-dom-helder-camara-a-cnbb-nasceu-assim\/#primaryimage\"},\"thumbnailUrl\":\"http:\/\/www.cnbb.org.br\/site\/images\/stories\/Helder_Camara.jpg\",\"articleSection\":[\"D. Helder C\u00e2mara\"],\"inLanguage\":\"pt-BR\",\"potentialAction\":[{\"@type\":\"CommentAction\",\"name\":\"Comment\",\"target\":[\"https:\/\/www.oarcanjo.net\/site\/depoimento-do-primeiro-secretario-geral-dom-helder-camara-a-cnbb-nasceu-assim\/#respond\"]}]},{\"@type\":\"WebPage\",\"@id\":\"https:\/\/www.oarcanjo.net\/site\/depoimento-do-primeiro-secretario-geral-dom-helder-camara-a-cnbb-nasceu-assim\/\",\"url\":\"https:\/\/www.oarcanjo.net\/site\/depoimento-do-primeiro-secretario-geral-dom-helder-camara-a-cnbb-nasceu-assim\/\",\"name\":\"Depoimento do primeiro Secret\u00e1rio Geral, Dom H\u00e9lder C\u00e2mara - A CNBB nasceu assim - O Arcanjo no ar\",\"isPartOf\":{\"@id\":\"https:\/\/www.oarcanjo.net\/site\/#website\"},\"primaryImageOfPage\":{\"@id\":\"https:\/\/www.oarcanjo.net\/site\/depoimento-do-primeiro-secretario-geral-dom-helder-camara-a-cnbb-nasceu-assim\/#primaryimage\"},\"image\":{\"@id\":\"https:\/\/www.oarcanjo.net\/site\/depoimento-do-primeiro-secretario-geral-dom-helder-camara-a-cnbb-nasceu-assim\/#primaryimage\"},\"thumbnailUrl\":\"http:\/\/www.cnbb.org.br\/site\/images\/stories\/Helder_Camara.jpg\",\"datePublished\":\"2012-10-14T14:56:42+00:00\",\"dateModified\":\"2012-10-14T14:57:29+00:00\",\"breadcrumb\":{\"@id\":\"https:\/\/www.oarcanjo.net\/site\/depoimento-do-primeiro-secretario-geral-dom-helder-camara-a-cnbb-nasceu-assim\/#breadcrumb\"},\"inLanguage\":\"pt-BR\",\"potentialAction\":[{\"@type\":\"ReadAction\",\"target\":[\"https:\/\/www.oarcanjo.net\/site\/depoimento-do-primeiro-secretario-geral-dom-helder-camara-a-cnbb-nasceu-assim\/\"]}]},{\"@type\":\"ImageObject\",\"inLanguage\":\"pt-BR\",\"@id\":\"https:\/\/www.oarcanjo.net\/site\/depoimento-do-primeiro-secretario-geral-dom-helder-camara-a-cnbb-nasceu-assim\/#primaryimage\",\"url\":\"http:\/\/www.cnbb.org.br\/site\/images\/stories\/Helder_Camara.jpg\",\"contentUrl\":\"http:\/\/www.cnbb.org.br\/site\/images\/stories\/Helder_Camara.jpg\"},{\"@type\":\"BreadcrumbList\",\"@id\":\"https:\/\/www.oarcanjo.net\/site\/depoimento-do-primeiro-secretario-geral-dom-helder-camara-a-cnbb-nasceu-assim\/#breadcrumb\",\"itemListElement\":[{\"@type\":\"ListItem\",\"position\":1,\"name\":\"In\u00edcio\",\"item\":\"https:\/\/www.oarcanjo.net\/site\/\"},{\"@type\":\"ListItem\",\"position\":2,\"name\":\"Depoimento do primeiro Secret\u00e1rio Geral, Dom H\u00e9lder C\u00e2mara &#8211; A CNBB nasceu assim\"}]},{\"@type\":\"WebSite\",\"@id\":\"https:\/\/www.oarcanjo.net\/site\/#website\",\"url\":\"https:\/\/www.oarcanjo.net\/site\/\",\"name\":\"O Arcanjo no ar\",\"description\":\"Site da Par\u00f3quia S\u00e3o Miguel Arcanjo (Arquidiocese de SP)\",\"publisher\":{\"@id\":\"https:\/\/www.oarcanjo.net\/site\/#organization\"},\"potentialAction\":[{\"@type\":\"SearchAction\",\"target\":{\"@type\":\"EntryPoint\",\"urlTemplate\":\"https:\/\/www.oarcanjo.net\/site\/?s={search_term_string}\"},\"query-input\":{\"@type\":\"PropertyValueSpecification\",\"valueRequired\":true,\"valueName\":\"search_term_string\"}}],\"inLanguage\":\"pt-BR\"},{\"@type\":\"Organization\",\"@id\":\"https:\/\/www.oarcanjo.net\/site\/#organization\",\"name\":\"Par\u00f3quia S\u00e3o Miguel Arcanjo\",\"url\":\"https:\/\/www.oarcanjo.net\/site\/\",\"logo\":{\"@type\":\"ImageObject\",\"inLanguage\":\"pt-BR\",\"@id\":\"https:\/\/www.oarcanjo.net\/site\/#\/schema\/logo\/image\/\",\"url\":\"https:\/\/www.oarcanjo.net\/site\/wp-content\/uploads\/LogoOArcanjo.png\",\"contentUrl\":\"https:\/\/www.oarcanjo.net\/site\/wp-content\/uploads\/LogoOArcanjo.png\",\"width\":319,\"height\":99,\"caption\":\"Par\u00f3quia S\u00e3o Miguel Arcanjo\"},\"image\":{\"@id\":\"https:\/\/www.oarcanjo.net\/site\/#\/schema\/logo\/image\/\"},\"sameAs\":[\"https:\/\/www.facebook.com\/OArcanjoNoAr\/\"]},{\"@type\":\"Person\",\"@id\":\"https:\/\/www.oarcanjo.net\/site\/#\/schema\/person\/58d7f78850a973b8e467c7ae4a7eb4ad\",\"name\":\"pe.geovane\"}]}<\/script>\n<!-- \/ Yoast SEO plugin. -->","yoast_head_json":{"title":"Depoimento do primeiro Secret\u00e1rio Geral, Dom H\u00e9lder C\u00e2mara - A CNBB nasceu assim - O Arcanjo no ar","robots":{"index":"index","follow":"follow","max-snippet":"max-snippet:-1","max-image-preview":"max-image-preview:large","max-video-preview":"max-video-preview:-1"},"canonical":"https:\/\/www.oarcanjo.net\/site\/depoimento-do-primeiro-secretario-geral-dom-helder-camara-a-cnbb-nasceu-assim\/","og_locale":"pt_BR","og_type":"article","og_title":"Depoimento do primeiro Secret\u00e1rio Geral, Dom H\u00e9lder C\u00e2mara - A CNBB nasceu assim - O Arcanjo no ar","og_description":"CNBB Reproduzimos aqui o depoimento do primeiro secret\u00e1rio-geral da CNBB, dom H\u00e9lder C\u00e2mara, publicado por ocasi\u00e3o dos 25 anos da Confer\u00eancia, no jornal O S\u00e3o Paulo (19-25\/11\/1977), no Comunicado Mensal n. 302, (novembro de 1977) e reeditado, em 2002, no livro \u201cPresen\u00e7a P\u00fablica da Igreja\u201d, por ocasi\u00e3o das comemora\u00e7\u00f5es dos 50 anos da CNBB. Ele [&hellip;]","og_url":"https:\/\/www.oarcanjo.net\/site\/depoimento-do-primeiro-secretario-geral-dom-helder-camara-a-cnbb-nasceu-assim\/","og_site_name":"O Arcanjo no ar","article_publisher":"https:\/\/www.facebook.com\/OArcanjoNoAr\/","article_published_time":"2012-10-14T14:56:42+00:00","article_modified_time":"2012-10-14T14:57:29+00:00","og_image":[{"url":"http:\/\/www.cnbb.org.br\/site\/images\/stories\/Helder_Camara.jpg"}],"author":"pe.geovane","twitter_card":"summary_large_image","twitter_misc":{"Escrito por":"pe.geovane","Est. tempo de leitura":"7 minutos"},"schema":{"@context":"https:\/\/schema.org","@graph":[{"@type":"Article","@id":"https:\/\/www.oarcanjo.net\/site\/depoimento-do-primeiro-secretario-geral-dom-helder-camara-a-cnbb-nasceu-assim\/#article","isPartOf":{"@id":"https:\/\/www.oarcanjo.net\/site\/depoimento-do-primeiro-secretario-geral-dom-helder-camara-a-cnbb-nasceu-assim\/"},"author":{"name":"pe.geovane","@id":"https:\/\/www.oarcanjo.net\/site\/#\/schema\/person\/58d7f78850a973b8e467c7ae4a7eb4ad"},"headline":"Depoimento do primeiro Secret\u00e1rio Geral, Dom H\u00e9lder C\u00e2mara &#8211; A CNBB nasceu assim","datePublished":"2012-10-14T14:56:42+00:00","dateModified":"2012-10-14T14:57:29+00:00","mainEntityOfPage":{"@id":"https:\/\/www.oarcanjo.net\/site\/depoimento-do-primeiro-secretario-geral-dom-helder-camara-a-cnbb-nasceu-assim\/"},"wordCount":1379,"commentCount":0,"publisher":{"@id":"https:\/\/www.oarcanjo.net\/site\/#organization"},"image":{"@id":"https:\/\/www.oarcanjo.net\/site\/depoimento-do-primeiro-secretario-geral-dom-helder-camara-a-cnbb-nasceu-assim\/#primaryimage"},"thumbnailUrl":"http:\/\/www.cnbb.org.br\/site\/images\/stories\/Helder_Camara.jpg","articleSection":["D. Helder C\u00e2mara"],"inLanguage":"pt-BR","potentialAction":[{"@type":"CommentAction","name":"Comment","target":["https:\/\/www.oarcanjo.net\/site\/depoimento-do-primeiro-secretario-geral-dom-helder-camara-a-cnbb-nasceu-assim\/#respond"]}]},{"@type":"WebPage","@id":"https:\/\/www.oarcanjo.net\/site\/depoimento-do-primeiro-secretario-geral-dom-helder-camara-a-cnbb-nasceu-assim\/","url":"https:\/\/www.oarcanjo.net\/site\/depoimento-do-primeiro-secretario-geral-dom-helder-camara-a-cnbb-nasceu-assim\/","name":"Depoimento do primeiro Secret\u00e1rio Geral, Dom H\u00e9lder C\u00e2mara - A CNBB nasceu assim - O Arcanjo no ar","isPartOf":{"@id":"https:\/\/www.oarcanjo.net\/site\/#website"},"primaryImageOfPage":{"@id":"https:\/\/www.oarcanjo.net\/site\/depoimento-do-primeiro-secretario-geral-dom-helder-camara-a-cnbb-nasceu-assim\/#primaryimage"},"image":{"@id":"https:\/\/www.oarcanjo.net\/site\/depoimento-do-primeiro-secretario-geral-dom-helder-camara-a-cnbb-nasceu-assim\/#primaryimage"},"thumbnailUrl":"http:\/\/www.cnbb.org.br\/site\/images\/stories\/Helder_Camara.jpg","datePublished":"2012-10-14T14:56:42+00:00","dateModified":"2012-10-14T14:57:29+00:00","breadcrumb":{"@id":"https:\/\/www.oarcanjo.net\/site\/depoimento-do-primeiro-secretario-geral-dom-helder-camara-a-cnbb-nasceu-assim\/#breadcrumb"},"inLanguage":"pt-BR","potentialAction":[{"@type":"ReadAction","target":["https:\/\/www.oarcanjo.net\/site\/depoimento-do-primeiro-secretario-geral-dom-helder-camara-a-cnbb-nasceu-assim\/"]}]},{"@type":"ImageObject","inLanguage":"pt-BR","@id":"https:\/\/www.oarcanjo.net\/site\/depoimento-do-primeiro-secretario-geral-dom-helder-camara-a-cnbb-nasceu-assim\/#primaryimage","url":"http:\/\/www.cnbb.org.br\/site\/images\/stories\/Helder_Camara.jpg","contentUrl":"http:\/\/www.cnbb.org.br\/site\/images\/stories\/Helder_Camara.jpg"},{"@type":"BreadcrumbList","@id":"https:\/\/www.oarcanjo.net\/site\/depoimento-do-primeiro-secretario-geral-dom-helder-camara-a-cnbb-nasceu-assim\/#breadcrumb","itemListElement":[{"@type":"ListItem","position":1,"name":"In\u00edcio","item":"https:\/\/www.oarcanjo.net\/site\/"},{"@type":"ListItem","position":2,"name":"Depoimento do primeiro Secret\u00e1rio Geral, Dom H\u00e9lder C\u00e2mara &#8211; A CNBB nasceu assim"}]},{"@type":"WebSite","@id":"https:\/\/www.oarcanjo.net\/site\/#website","url":"https:\/\/www.oarcanjo.net\/site\/","name":"O Arcanjo no ar","description":"Site da Par\u00f3quia S\u00e3o Miguel Arcanjo (Arquidiocese de SP)","publisher":{"@id":"https:\/\/www.oarcanjo.net\/site\/#organization"},"potentialAction":[{"@type":"SearchAction","target":{"@type":"EntryPoint","urlTemplate":"https:\/\/www.oarcanjo.net\/site\/?s={search_term_string}"},"query-input":{"@type":"PropertyValueSpecification","valueRequired":true,"valueName":"search_term_string"}}],"inLanguage":"pt-BR"},{"@type":"Organization","@id":"https:\/\/www.oarcanjo.net\/site\/#organization","name":"Par\u00f3quia S\u00e3o Miguel Arcanjo","url":"https:\/\/www.oarcanjo.net\/site\/","logo":{"@type":"ImageObject","inLanguage":"pt-BR","@id":"https:\/\/www.oarcanjo.net\/site\/#\/schema\/logo\/image\/","url":"https:\/\/www.oarcanjo.net\/site\/wp-content\/uploads\/LogoOArcanjo.png","contentUrl":"https:\/\/www.oarcanjo.net\/site\/wp-content\/uploads\/LogoOArcanjo.png","width":319,"height":99,"caption":"Par\u00f3quia S\u00e3o Miguel Arcanjo"},"image":{"@id":"https:\/\/www.oarcanjo.net\/site\/#\/schema\/logo\/image\/"},"sameAs":["https:\/\/www.facebook.com\/OArcanjoNoAr\/"]},{"@type":"Person","@id":"https:\/\/www.oarcanjo.net\/site\/#\/schema\/person\/58d7f78850a973b8e467c7ae4a7eb4ad","name":"pe.geovane"}]}},"publishpress_future_action":{"enabled":false,"date":"2026-05-08 14:37:16","action":"category","newStatus":"draft","terms":[],"taxonomy":"category"},"publishpress_future_workflow_manual_trigger":{"enabledWorkflows":[]},"_links":{"self":[{"href":"https:\/\/www.oarcanjo.net\/site\/wp-json\/wp\/v2\/posts\/19665"}],"collection":[{"href":"https:\/\/www.oarcanjo.net\/site\/wp-json\/wp\/v2\/posts"}],"about":[{"href":"https:\/\/www.oarcanjo.net\/site\/wp-json\/wp\/v2\/types\/post"}],"author":[{"embeddable":true,"href":"https:\/\/www.oarcanjo.net\/site\/wp-json\/wp\/v2\/users\/17"}],"replies":[{"embeddable":true,"href":"https:\/\/www.oarcanjo.net\/site\/wp-json\/wp\/v2\/comments?post=19665"}],"version-history":[{"count":0,"href":"https:\/\/www.oarcanjo.net\/site\/wp-json\/wp\/v2\/posts\/19665\/revisions"}],"wp:attachment":[{"href":"https:\/\/www.oarcanjo.net\/site\/wp-json\/wp\/v2\/media?parent=19665"}],"wp:term":[{"taxonomy":"category","embeddable":true,"href":"https:\/\/www.oarcanjo.net\/site\/wp-json\/wp\/v2\/categories?post=19665"},{"taxonomy":"post_tag","embeddable":true,"href":"https:\/\/www.oarcanjo.net\/site\/wp-json\/wp\/v2\/tags?post=19665"}],"curies":[{"name":"wp","href":"https:\/\/api.w.org\/{rel}","templated":true}]}}