
{"id":1971,"date":"2009-02-23T16:05:22","date_gmt":"2009-02-23T19:05:22","guid":{"rendered":"http:\/\/www.oarcanjo.net\/site\/?p=1971"},"modified":"2009-04-10T13:32:24","modified_gmt":"2009-04-10T16:32:24","slug":"avisos-do-domingo-2202","status":"publish","type":"post","link":"https:\/\/www.oarcanjo.net\/site\/avisos-do-domingo-2202\/","title":{"rendered":"Avisos do domingo, 22\/02"},"content":{"rendered":"<p>Assista abaixo aos avisos feitos na missa de domingo, 22\/02:<\/p>\n<p><video style=\"width: 100%; height: auto; aspect-ratio: 480\/334; border: none; overflow: hidden;\" controls>\n                <source src=\"mms:\/\/mms.bizmedia.com.br\/bizmedia\/avisos20090222.wmv\" type=\"video\/x-ms-wmv\">\n                <source src=\"mms:\/\/mms.bizmedia.com.br\/bizmedia\/avisos20090222.wmv\" type=\"video\/wmv\">\n                Your browser does not support the video tag.\n            <\/video><\/p>\n<hr \/>\n<p>* Quarta-feira de Cinzas, dia 25, \u00e9 a abertura da Quaresma. Haver\u00e1 missa na par\u00f3quia S\u00e3o Miguel Arcanjo, \u00e0s 7h30 da manh\u00e3. A celebra\u00e7\u00e3o da Regi\u00e3o Bel\u00e9m ser\u00e1 \u00e0s 15h na igreja Nossa Senhora de Lourdes, presidida pelo bispo regional, D. Pedro Luiz Stringhini. No mesmo hor\u00e1rio (15h), o cardeal arcebispo de S\u00e3o Paulo, D. Odilo Scherer, celebra as Cinzas na Catedral da S\u00e9.<\/p>\n<p>* Durante a Quaresma, a Igreja de todo o Brasil realiza a <strong>Campanha da Fraternidade<\/strong> que este ano tem como lema &#8220;A paz \u00e9 fruto da justi\u00e7a&#8221; e prop\u00f5e a reflex\u00e3o sobre a quest\u00e3o da seguran\u00e7a p\u00fablica. Mais informa\u00e7\u00f5es aqui no site, na se\u00e7\u00e3o <a href=\"\/site\/index.php\/category\/cf2009\/\">CF2009<\/a>.<\/p>\n<p>* S\u00e1bado, dia 07\/03, o Setor Bel\u00e9m far\u00e1 peregrina\u00e7\u00e3o do Ano Paulino at\u00e9 o santu\u00e1rio S\u00e3o Paulo Ap\u00f3stolo. A sa\u00edda da par\u00f3quia S\u00e3o Miguel ser\u00e1 \u00e0s 9h30.<\/p>\n<div id=\"themify_builder_content-1971\" data-postid=\"1971\" class=\"themify_builder_content themify_builder_content-1971 themify_builder themify_builder_front\">\n\t<\/div>\n<!-- \/themify_builder_content -->","protected":false},"excerpt":{"rendered":"<p>Assista abaixo aos avisos feitos na missa de domingo, 22\/02: Your browser does not support the video tag. * Quarta-feira de Cinzas, dia 25, \u00e9 a abertura da Quaresma. Haver\u00e1 missa na par\u00f3quia S\u00e3o Miguel Arcanjo, \u00e0s 7h30 da manh\u00e3. A celebra\u00e7\u00e3o da Regi\u00e3o Bel\u00e9m ser\u00e1 \u00e0s 15h na igreja Nossa Senhora de Lourdes, presidida [&hellip;]<\/p>\n","protected":false},"author":2,"featured_media":0,"comment_status":"open","ping_status":"open","sticky":false,"template":"","format":"standard","meta":{"ngg_post_thumbnail":0,"footnotes":""},"categories":[476,8],"tags":[3206,277,230,167,227,20],"yoast_head":"<!-- This site is optimized with the Yoast SEO plugin v23.5 - https:\/\/yoast.com\/wordpress\/plugins\/seo\/ -->\n<title>Avisos do domingo, 22\/02 - O Arcanjo no ar<\/title>\n<meta name=\"robots\" content=\"index, follow, max-snippet:-1, max-image-preview:large, max-video-preview:-1\" \/>\n<link rel=\"canonical\" href=\"https:\/\/www.oarcanjo.net\/site\/avisos-do-domingo-2202\/\" \/>\n<meta property=\"og:locale\" content=\"pt_BR\" \/>\n<meta property=\"og:type\" content=\"article\" \/>\n<meta property=\"og:title\" content=\"Avisos do domingo, 22\/02 - O Arcanjo no ar\" \/>\n<meta property=\"og:description\" content=\"Assista abaixo aos avisos feitos na missa de domingo, 22\/02: Your browser does not support the video tag. * Quarta-feira de Cinzas, dia 25, \u00e9 a abertura da Quaresma. Haver\u00e1 missa na par\u00f3quia S\u00e3o Miguel Arcanjo, \u00e0s 7h30 da manh\u00e3. A celebra\u00e7\u00e3o da Regi\u00e3o Bel\u00e9m ser\u00e1 \u00e0s 15h na igreja Nossa Senhora de Lourdes, presidida [&hellip;]\" \/>\n<meta property=\"og:url\" content=\"https:\/\/www.oarcanjo.net\/site\/avisos-do-domingo-2202\/\" \/>\n<meta property=\"og:site_name\" content=\"O Arcanjo no ar\" \/>\n<meta property=\"article:publisher\" content=\"https:\/\/www.facebook.com\/OArcanjoNoAr\/\" \/>\n<meta property=\"article:published_time\" content=\"2009-02-23T19:05:22+00:00\" \/>\n<meta property=\"article:modified_time\" content=\"2009-04-10T16:32:24+00:00\" \/>\n<meta property=\"og:image\" content=\"https:\/\/www.oarcanjo.net\/site\/wp-content\/uploads\/logo-o-arcanjo-no-ar-facebook.png\" \/>\n\t<meta property=\"og:image:width\" content=\"300\" \/>\n\t<meta property=\"og:image:height\" content=\"300\" \/>\n\t<meta property=\"og:image:type\" content=\"image\/png\" \/>\n<meta name=\"author\" content=\"rubens.meyer\" \/>\n<meta name=\"twitter:card\" content=\"summary_large_image\" \/>\n<meta name=\"twitter:label1\" content=\"Escrito por\" \/>\n\t<meta name=\"twitter:data1\" content=\"rubens.meyer\" \/>\n\t<meta name=\"twitter:label2\" content=\"Est. tempo de leitura\" \/>\n\t<meta name=\"twitter:data2\" content=\"1 minuto\" \/>\n<script type=\"application\/ld+json\" class=\"yoast-schema-graph\">{\"@context\":\"https:\/\/schema.org\",\"@graph\":[{\"@type\":\"Article\",\"@id\":\"https:\/\/www.oarcanjo.net\/site\/avisos-do-domingo-2202\/#article\",\"isPartOf\":{\"@id\":\"https:\/\/www.oarcanjo.net\/site\/avisos-do-domingo-2202\/\"},\"author\":{\"name\":\"rubens.meyer\",\"@id\":\"https:\/\/www.oarcanjo.net\/site\/#\/schema\/person\/8f702af457b0cfb4ac1a7228ee23f026\"},\"headline\":\"Avisos do domingo, 22\/02\",\"datePublished\":\"2009-02-23T19:05:22+00:00\",\"dateModified\":\"2009-04-10T16:32:24+00:00\",\"mainEntityOfPage\":{\"@id\":\"https:\/\/www.oarcanjo.net\/site\/avisos-do-domingo-2202\/\"},\"wordCount\":175,\"commentCount\":0,\"publisher\":{\"@id\":\"https:\/\/www.oarcanjo.net\/site\/#organization\"},\"keywords\":[\"CF\",\"fraternidade\",\"justi\u00e7a\",\"paz\",\"Quaresma\",\"viol\u00eancia\"],\"articleSection\":[\"Avisos\",\"Not\u00edcias\"],\"inLanguage\":\"pt-BR\",\"potentialAction\":[{\"@type\":\"CommentAction\",\"name\":\"Comment\",\"target\":[\"https:\/\/www.oarcanjo.net\/site\/avisos-do-domingo-2202\/#respond\"]}]},{\"@type\":\"WebPage\",\"@id\":\"https:\/\/www.oarcanjo.net\/site\/avisos-do-domingo-2202\/\",\"url\":\"https:\/\/www.oarcanjo.net\/site\/avisos-do-domingo-2202\/\",\"name\":\"Avisos do domingo, 22\/02 - O Arcanjo no ar\",\"isPartOf\":{\"@id\":\"https:\/\/www.oarcanjo.net\/site\/#website\"},\"datePublished\":\"2009-02-23T19:05:22+00:00\",\"dateModified\":\"2009-04-10T16:32:24+00:00\",\"breadcrumb\":{\"@id\":\"https:\/\/www.oarcanjo.net\/site\/avisos-do-domingo-2202\/#breadcrumb\"},\"inLanguage\":\"pt-BR\",\"potentialAction\":[{\"@type\":\"ReadAction\",\"target\":[\"https:\/\/www.oarcanjo.net\/site\/avisos-do-domingo-2202\/\"]}]},{\"@type\":\"BreadcrumbList\",\"@id\":\"https:\/\/www.oarcanjo.net\/site\/avisos-do-domingo-2202\/#breadcrumb\",\"itemListElement\":[{\"@type\":\"ListItem\",\"position\":1,\"name\":\"In\u00edcio\",\"item\":\"https:\/\/www.oarcanjo.net\/site\/\"},{\"@type\":\"ListItem\",\"position\":2,\"name\":\"Avisos do domingo, 22\/02\"}]},{\"@type\":\"WebSite\",\"@id\":\"https:\/\/www.oarcanjo.net\/site\/#website\",\"url\":\"https:\/\/www.oarcanjo.net\/site\/\",\"name\":\"O Arcanjo no ar\",\"description\":\"Site da Par\u00f3quia S\u00e3o Miguel Arcanjo (Arquidiocese de SP)\",\"publisher\":{\"@id\":\"https:\/\/www.oarcanjo.net\/site\/#organization\"},\"potentialAction\":[{\"@type\":\"SearchAction\",\"target\":{\"@type\":\"EntryPoint\",\"urlTemplate\":\"https:\/\/www.oarcanjo.net\/site\/?s={search_term_string}\"},\"query-input\":{\"@type\":\"PropertyValueSpecification\",\"valueRequired\":true,\"valueName\":\"search_term_string\"}}],\"inLanguage\":\"pt-BR\"},{\"@type\":\"Organization\",\"@id\":\"https:\/\/www.oarcanjo.net\/site\/#organization\",\"name\":\"Par\u00f3quia S\u00e3o Miguel Arcanjo\",\"url\":\"https:\/\/www.oarcanjo.net\/site\/\",\"logo\":{\"@type\":\"ImageObject\",\"inLanguage\":\"pt-BR\",\"@id\":\"https:\/\/www.oarcanjo.net\/site\/#\/schema\/logo\/image\/\",\"url\":\"https:\/\/www.oarcanjo.net\/site\/wp-content\/uploads\/LogoOArcanjo.png\",\"contentUrl\":\"https:\/\/www.oarcanjo.net\/site\/wp-content\/uploads\/LogoOArcanjo.png\",\"width\":319,\"height\":99,\"caption\":\"Par\u00f3quia S\u00e3o Miguel Arcanjo\"},\"image\":{\"@id\":\"https:\/\/www.oarcanjo.net\/site\/#\/schema\/logo\/image\/\"},\"sameAs\":[\"https:\/\/www.facebook.com\/OArcanjoNoAr\/\"]},{\"@type\":\"Person\",\"@id\":\"https:\/\/www.oarcanjo.net\/site\/#\/schema\/person\/8f702af457b0cfb4ac1a7228ee23f026\",\"name\":\"rubens.meyer\"}]}<\/script>\n<!-- \/ Yoast SEO plugin. -->","yoast_head_json":{"title":"Avisos do domingo, 22\/02 - O Arcanjo no ar","robots":{"index":"index","follow":"follow","max-snippet":"max-snippet:-1","max-image-preview":"max-image-preview:large","max-video-preview":"max-video-preview:-1"},"canonical":"https:\/\/www.oarcanjo.net\/site\/avisos-do-domingo-2202\/","og_locale":"pt_BR","og_type":"article","og_title":"Avisos do domingo, 22\/02 - O Arcanjo no ar","og_description":"Assista abaixo aos avisos feitos na missa de domingo, 22\/02: Your browser does not support the video tag. * Quarta-feira de Cinzas, dia 25, \u00e9 a abertura da Quaresma. Haver\u00e1 missa na par\u00f3quia S\u00e3o Miguel Arcanjo, \u00e0s 7h30 da manh\u00e3. A celebra\u00e7\u00e3o da Regi\u00e3o Bel\u00e9m ser\u00e1 \u00e0s 15h na igreja Nossa Senhora de Lourdes, presidida [&hellip;]","og_url":"https:\/\/www.oarcanjo.net\/site\/avisos-do-domingo-2202\/","og_site_name":"O Arcanjo no ar","article_publisher":"https:\/\/www.facebook.com\/OArcanjoNoAr\/","article_published_time":"2009-02-23T19:05:22+00:00","article_modified_time":"2009-04-10T16:32:24+00:00","og_image":[{"width":300,"height":300,"url":"https:\/\/www.oarcanjo.net\/site\/wp-content\/uploads\/logo-o-arcanjo-no-ar-facebook.png","type":"image\/png"}],"author":"rubens.meyer","twitter_card":"summary_large_image","twitter_misc":{"Escrito por":"rubens.meyer","Est. tempo de leitura":"1 minuto"},"schema":{"@context":"https:\/\/schema.org","@graph":[{"@type":"Article","@id":"https:\/\/www.oarcanjo.net\/site\/avisos-do-domingo-2202\/#article","isPartOf":{"@id":"https:\/\/www.oarcanjo.net\/site\/avisos-do-domingo-2202\/"},"author":{"name":"rubens.meyer","@id":"https:\/\/www.oarcanjo.net\/site\/#\/schema\/person\/8f702af457b0cfb4ac1a7228ee23f026"},"headline":"Avisos do domingo, 22\/02","datePublished":"2009-02-23T19:05:22+00:00","dateModified":"2009-04-10T16:32:24+00:00","mainEntityOfPage":{"@id":"https:\/\/www.oarcanjo.net\/site\/avisos-do-domingo-2202\/"},"wordCount":175,"commentCount":0,"publisher":{"@id":"https:\/\/www.oarcanjo.net\/site\/#organization"},"keywords":["CF","fraternidade","justi\u00e7a","paz","Quaresma","viol\u00eancia"],"articleSection":["Avisos","Not\u00edcias"],"inLanguage":"pt-BR","potentialAction":[{"@type":"CommentAction","name":"Comment","target":["https:\/\/www.oarcanjo.net\/site\/avisos-do-domingo-2202\/#respond"]}]},{"@type":"WebPage","@id":"https:\/\/www.oarcanjo.net\/site\/avisos-do-domingo-2202\/","url":"https:\/\/www.oarcanjo.net\/site\/avisos-do-domingo-2202\/","name":"Avisos do domingo, 22\/02 - O Arcanjo no ar","isPartOf":{"@id":"https:\/\/www.oarcanjo.net\/site\/#website"},"datePublished":"2009-02-23T19:05:22+00:00","dateModified":"2009-04-10T16:32:24+00:00","breadcrumb":{"@id":"https:\/\/www.oarcanjo.net\/site\/avisos-do-domingo-2202\/#breadcrumb"},"inLanguage":"pt-BR","potentialAction":[{"@type":"ReadAction","target":["https:\/\/www.oarcanjo.net\/site\/avisos-do-domingo-2202\/"]}]},{"@type":"BreadcrumbList","@id":"https:\/\/www.oarcanjo.net\/site\/avisos-do-domingo-2202\/#breadcrumb","itemListElement":[{"@type":"ListItem","position":1,"name":"In\u00edcio","item":"https:\/\/www.oarcanjo.net\/site\/"},{"@type":"ListItem","position":2,"name":"Avisos do domingo, 22\/02"}]},{"@type":"WebSite","@id":"https:\/\/www.oarcanjo.net\/site\/#website","url":"https:\/\/www.oarcanjo.net\/site\/","name":"O Arcanjo no ar","description":"Site da Par\u00f3quia S\u00e3o Miguel Arcanjo (Arquidiocese de SP)","publisher":{"@id":"https:\/\/www.oarcanjo.net\/site\/#organization"},"potentialAction":[{"@type":"SearchAction","target":{"@type":"EntryPoint","urlTemplate":"https:\/\/www.oarcanjo.net\/site\/?s={search_term_string}"},"query-input":{"@type":"PropertyValueSpecification","valueRequired":true,"valueName":"search_term_string"}}],"inLanguage":"pt-BR"},{"@type":"Organization","@id":"https:\/\/www.oarcanjo.net\/site\/#organization","name":"Par\u00f3quia S\u00e3o Miguel Arcanjo","url":"https:\/\/www.oarcanjo.net\/site\/","logo":{"@type":"ImageObject","inLanguage":"pt-BR","@id":"https:\/\/www.oarcanjo.net\/site\/#\/schema\/logo\/image\/","url":"https:\/\/www.oarcanjo.net\/site\/wp-content\/uploads\/LogoOArcanjo.png","contentUrl":"https:\/\/www.oarcanjo.net\/site\/wp-content\/uploads\/LogoOArcanjo.png","width":319,"height":99,"caption":"Par\u00f3quia S\u00e3o Miguel Arcanjo"},"image":{"@id":"https:\/\/www.oarcanjo.net\/site\/#\/schema\/logo\/image\/"},"sameAs":["https:\/\/www.facebook.com\/OArcanjoNoAr\/"]},{"@type":"Person","@id":"https:\/\/www.oarcanjo.net\/site\/#\/schema\/person\/8f702af457b0cfb4ac1a7228ee23f026","name":"rubens.meyer"}]}},"publishpress_future_action":{"enabled":false,"date":"2026-05-09 06:20:41","action":"category","newStatus":"draft","terms":[],"taxonomy":"category"},"publishpress_future_workflow_manual_trigger":{"enabledWorkflows":[]},"_links":{"self":[{"href":"https:\/\/www.oarcanjo.net\/site\/wp-json\/wp\/v2\/posts\/1971"}],"collection":[{"href":"https:\/\/www.oarcanjo.net\/site\/wp-json\/wp\/v2\/posts"}],"about":[{"href":"https:\/\/www.oarcanjo.net\/site\/wp-json\/wp\/v2\/types\/post"}],"author":[{"embeddable":true,"href":"https:\/\/www.oarcanjo.net\/site\/wp-json\/wp\/v2\/users\/2"}],"replies":[{"embeddable":true,"href":"https:\/\/www.oarcanjo.net\/site\/wp-json\/wp\/v2\/comments?post=1971"}],"version-history":[{"count":0,"href":"https:\/\/www.oarcanjo.net\/site\/wp-json\/wp\/v2\/posts\/1971\/revisions"}],"wp:attachment":[{"href":"https:\/\/www.oarcanjo.net\/site\/wp-json\/wp\/v2\/media?parent=1971"}],"wp:term":[{"taxonomy":"category","embeddable":true,"href":"https:\/\/www.oarcanjo.net\/site\/wp-json\/wp\/v2\/categories?post=1971"},{"taxonomy":"post_tag","embeddable":true,"href":"https:\/\/www.oarcanjo.net\/site\/wp-json\/wp\/v2\/tags?post=1971"}],"curies":[{"name":"wp","href":"https:\/\/api.w.org\/{rel}","templated":true}]}}