
{"id":19721,"date":"2012-10-22T17:18:40","date_gmt":"2012-10-22T19:18:40","guid":{"rendered":"http:\/\/www.oarcanjo.net\/site\/?p=19721"},"modified":"2012-10-22T17:18:40","modified_gmt":"2012-10-22T19:18:40","slug":"o-reino-anunciado-por-jesus","status":"publish","type":"post","link":"https:\/\/www.oarcanjo.net\/site\/o-reino-anunciado-por-jesus\/","title":{"rendered":"O reino anunciado por Jesus"},"content":{"rendered":"<h3><\/h3>\n<div>\n<div style=\"text-align: justify\">Padre Geovane Saraiva*<\/div>\n<div style=\"text-align: justify\"><a href=\"http:\/\/4.bp.blogspot.com\/-aKq6TSERr1o\/UIWZNnd3vZI\/AAAAAAAAOKY\/9_-Nlo5LiYw\/s1600\/Posse+na+ALMECE.jpg\"><\/a><\/div>\n<div style=\"text-align: justify\"><a href=\"http:\/\/www.oarcanjo.net\/site\/wp-content\/uploads\/pe.-geovane1.png\"><img loading=\"lazy\" decoding=\"async\" class=\"alignleft size-thumbnail wp-image-18944\" src=\"http:\/\/www.oarcanjo.net\/site\/wp-content\/uploads\/pe.-geovane1-136x150.png\" alt=\"\" width=\"136\" height=\"150\" \/><\/a>Jesus, ao descer da montanha sagrada, depara-se com uma grande multid\u00e3o, que come\u00e7a a segui-lo. A sua solidariedade misericordiosa para com os enfermos e sofredores de toda natureza, revela de um modo profundo e inaudito, na sua vontade de cumprir a miss\u00e3o recebida do Pai, em favor da humanidade, carente e pecadora, com suas mis\u00e9rias morais, espirituais e corporais, restaurando-a e libertando-a, a partir do seu interior, das ra\u00edzes.<\/div>\n<div style=\"text-align: justify\">Ao refletirmos sobre o texto do leproso, aquele homem profundamente marcado pela exclus\u00e3o e marginaliza\u00e7\u00e3o religiosa e social, na dor da sua enfermidade, com a concep\u00e7\u00e3o da \u00e9poca de que, pessoas com tais enfermidades, carregavam consigo um castigo de Deus, sendo eliminadas do conv\u00edvio humano, n\u00e3o podendo se aproximar de seus semelhantes, como uma grande dor e terr\u00edvel sofrimento. O maravilhoso encontro de Jesus com o leproso, estendendo-lhe a m\u00e3o e tocando-o, rompe e ultrapassa barreiras, que humanamente eram intranspon\u00edveis (cf. Mt 8, 1-4).<\/div>\n<div style=\"text-align: justify\">Nas ocasi\u00f5es mais duras, exigentes e dram\u00e1ticas da vida, o povo de Israel sempre se lembrava das promessas de Deus Pai, feitas em Abra\u00e3o, Mois\u00e9s e nos profetas e, ao mesmo tempo aguardava-as ansiosamente. Lembrar e aguardar significava para o povo continuar com aquela for\u00e7a, aquela m\u00edstica confiante no acordo, na alian\u00e7a de Jav\u00e9, um Deus sempre fiel. Alian\u00e7a eterna em Jesus, a v\u00edtima perfeita, servo bom e fiel, que ao assentar-se no trono da gl\u00f3ria, oferece-nos nos a reden\u00e7\u00e3o.<\/div>\n<div style=\"text-align: justify\">Em Jesus, poder e vontade caminham juntos. Ao curar o leproso, o Filho Deus mostra e revela ao mundo, de um modo pedag\u00f3gico, seu poder salv\u00edfico. \u00c9 a realiza\u00e7\u00e3o da vontade do Pai, que se realiza, ensinando-nos o verdadeiro sentido da vida, ao nos assegurar que tudo foi feito por amor e para a felicidade de todos e n\u00e3o para alguns. Jesus anuncia que o reino de Deus j\u00e1 chegou, manifestando-se nos mais necessitados. E o\u00a0 leproso \u00e9 um desses, n\u00e3o s\u00f3 necessitados, mas que estaria\u00a0 fora da salva\u00e7\u00e3o, por ter contra\u00eddo uma impureza legal. A lepra deixava-o nessa condi\u00e7\u00e3o de impuro.<\/div>\n<div style=\"text-align: justify\">Aquele homem, ao olhar para Jesus e dele se aproximar, \u00e9 importante frisar, que suas palavras e gestos revelam sua f\u00e9 no verbo encarnado, superior e incompar\u00e1vel a qualquer empecilho. Prostado, num gesto de f\u00e9 e confian\u00e7a, disse: \u201cSenhor, se queres, tens o poder de purificar-me\u201d. O leproso, totalmente curado, ensina-nos algo maravilhoso, de que os milagres de Jesus colocam diante dos nossos olhos, na mente e no cora\u00e7\u00e3o, a beleza do poder extraordin\u00e1rio de Jesus, na sua for\u00e7a messi\u00e2nica.<\/div>\n<div style=\"text-align: justify\">Aprendamos daquele homem exclu\u00eddo da sociedade, quando todos o asseguravam que\u00a0 seria tamb\u00e9m um exclu\u00eddo de Deus. Quando experimentamos o sofrimento ou mesmo desiludidos e desencorajados, com nossa f\u00e9 colocada \u00e0 prova, surgem providencialmente, muitas vezes pessoas, como se fosse a pr\u00f3pria m\u00e3o de Deus, com palavras de \u00e2nimo, consolo e esperan\u00e7a. Como o povo de Deus de outrora, devemos acolh\u00ea-las, confiantes de que \u00e9 o mesmo Deus presente e escondido na dor e sofrimento, revelando-se a seu povo (cf. Hb 1, 1-3). Pe\u00e7amos a Nosso Senhor Jesus Cristo que nos cure de nossas enfermidades sociais e espirituais, dando-nos a gra\u00e7a, sempre cada vez maior, de aceitar e reconhecer, sem nunca excluir, o nosso irm\u00e3o como um filho Deus que merece respeito e dignidade, que no dizer de Dom Pedro Calsad\u00e1liga, \u201cSe a Igreja esquece a op\u00e7\u00e3o pelos, esqueceu o Evangelho\u201d.<\/div>\n<div style=\"text-align: justify\"><em>*Padre da Arquidiocese de Fortaleza, Escritor, Membro da Academia de Letras dos Munic\u00edpios do Estado Cear\u00e1 (ALMECE), e da Academia Metropolitana de Letras de Fortaleza.<\/em><\/div>\n<div style=\"text-align: justify\"><em>P\u00e1roco de Santo Afonso<\/em><\/div>\n<div style=\"text-align: justify\"><em><a href=\"mailto:geovanesaraiva@gmail.com\">geovanesaraiva@gmail.com<\/a><\/em><\/div>\n<div style=\"text-align: justify\"><strong><em>Autor dos livros:<\/em><\/strong><\/div>\n<div style=\"text-align: justify\"><strong><em>\u201cO peregrino da Paz\u201d e \u201cNascido Para as Coisas Maiores\u201d (centen\u00e1rio de Dom Helder C\u00e2mara);<\/em><\/strong><\/div>\n<div style=\"text-align: justify\"><strong><em>\u201cA Ternura de um Pastor\u201d &#8211; 2\u00aa Edi\u00e7\u00e3o (homenagem ao Cardeal Lorscheider);<\/em><\/strong><\/div>\n<div style=\"text-align: justify\"><strong><em>\u201cA Esperan\u00e7a Tem Nome\u201d (espiritualidade e compromisso);<\/em><\/strong><\/div>\n<div style=\"text-align: justify\"><strong><em>&#8220;Dom Helder: sonhos e utopias&#8221; (o pastor dos empobrecidos).<\/em><\/strong><\/div>\n<\/div>\n<div>\n<div>Postado por\u00a0<a title=\"author profile\" rel=\"author\" href=\"http:\/\/www.blogger.com\/profile\/12037961757835243213\">Par\u00f3quia de Santo Afonso <\/a><\/div>\n<\/div>\n<p>&nbsp;<\/p>\n<div id=\"themify_builder_content-19721\" data-postid=\"19721\" class=\"themify_builder_content themify_builder_content-19721 themify_builder themify_builder_front\">\n\t<\/div>\n<!-- \/themify_builder_content -->","protected":false},"excerpt":{"rendered":"<p>Padre Geovane Saraiva* Jesus, ao descer da montanha sagrada, depara-se com uma grande multid\u00e3o, que come\u00e7a a segui-lo. A sua solidariedade misericordiosa para com os enfermos e sofredores de toda natureza, revela de um modo profundo e inaudito, na sua vontade de cumprir a miss\u00e3o recebida do Pai, em favor da humanidade, carente e pecadora, [&hellip;]<\/p>\n","protected":false},"author":17,"featured_media":0,"comment_status":"open","ping_status":"open","sticky":false,"template":"","format":"standard","meta":{"ngg_post_thumbnail":0,"footnotes":""},"categories":[9],"tags":[],"yoast_head":"<!-- This site is optimized with the Yoast SEO plugin v23.5 - https:\/\/yoast.com\/wordpress\/plugins\/seo\/ -->\n<title>O reino anunciado por Jesus - O Arcanjo no ar<\/title>\n<meta name=\"robots\" content=\"index, follow, max-snippet:-1, max-image-preview:large, max-video-preview:-1\" \/>\n<link rel=\"canonical\" href=\"https:\/\/www.oarcanjo.net\/site\/o-reino-anunciado-por-jesus\/\" \/>\n<meta property=\"og:locale\" content=\"pt_BR\" \/>\n<meta property=\"og:type\" content=\"article\" \/>\n<meta property=\"og:title\" content=\"O reino anunciado por Jesus - O Arcanjo no ar\" \/>\n<meta property=\"og:description\" content=\"Padre Geovane Saraiva* Jesus, ao descer da montanha sagrada, depara-se com uma grande multid\u00e3o, que come\u00e7a a segui-lo. A sua solidariedade misericordiosa para com os enfermos e sofredores de toda natureza, revela de um modo profundo e inaudito, na sua vontade de cumprir a miss\u00e3o recebida do Pai, em favor da humanidade, carente e pecadora, [&hellip;]\" \/>\n<meta property=\"og:url\" content=\"https:\/\/www.oarcanjo.net\/site\/o-reino-anunciado-por-jesus\/\" \/>\n<meta property=\"og:site_name\" content=\"O Arcanjo no ar\" \/>\n<meta property=\"article:publisher\" content=\"https:\/\/www.facebook.com\/OArcanjoNoAr\/\" \/>\n<meta property=\"article:published_time\" content=\"2012-10-22T19:18:40+00:00\" \/>\n<meta property=\"og:image\" content=\"http:\/\/www.oarcanjo.net\/site\/wp-content\/uploads\/pe.-geovane1-136x150.png\" \/>\n<meta name=\"author\" content=\"pe.geovane\" \/>\n<meta name=\"twitter:card\" content=\"summary_large_image\" \/>\n<meta name=\"twitter:label1\" content=\"Escrito por\" \/>\n\t<meta name=\"twitter:data1\" content=\"pe.geovane\" \/>\n\t<meta name=\"twitter:label2\" content=\"Est. tempo de leitura\" \/>\n\t<meta name=\"twitter:data2\" content=\"3 minutos\" \/>\n<script type=\"application\/ld+json\" class=\"yoast-schema-graph\">{\"@context\":\"https:\/\/schema.org\",\"@graph\":[{\"@type\":\"Article\",\"@id\":\"https:\/\/www.oarcanjo.net\/site\/o-reino-anunciado-por-jesus\/#article\",\"isPartOf\":{\"@id\":\"https:\/\/www.oarcanjo.net\/site\/o-reino-anunciado-por-jesus\/\"},\"author\":{\"name\":\"pe.geovane\",\"@id\":\"https:\/\/www.oarcanjo.net\/site\/#\/schema\/person\/58d7f78850a973b8e467c7ae4a7eb4ad\"},\"headline\":\"O reino anunciado por Jesus\",\"datePublished\":\"2012-10-22T19:18:40+00:00\",\"dateModified\":\"2012-10-22T19:18:40+00:00\",\"mainEntityOfPage\":{\"@id\":\"https:\/\/www.oarcanjo.net\/site\/o-reino-anunciado-por-jesus\/\"},\"wordCount\":698,\"commentCount\":0,\"publisher\":{\"@id\":\"https:\/\/www.oarcanjo.net\/site\/#organization\"},\"image\":{\"@id\":\"https:\/\/www.oarcanjo.net\/site\/o-reino-anunciado-por-jesus\/#primaryimage\"},\"thumbnailUrl\":\"http:\/\/www.oarcanjo.net\/site\/wp-content\/uploads\/pe.-geovane1-136x150.png\",\"articleSection\":[\"Reflex\u00f5es\"],\"inLanguage\":\"pt-BR\",\"potentialAction\":[{\"@type\":\"CommentAction\",\"name\":\"Comment\",\"target\":[\"https:\/\/www.oarcanjo.net\/site\/o-reino-anunciado-por-jesus\/#respond\"]}]},{\"@type\":\"WebPage\",\"@id\":\"https:\/\/www.oarcanjo.net\/site\/o-reino-anunciado-por-jesus\/\",\"url\":\"https:\/\/www.oarcanjo.net\/site\/o-reino-anunciado-por-jesus\/\",\"name\":\"O reino anunciado por Jesus - O Arcanjo no ar\",\"isPartOf\":{\"@id\":\"https:\/\/www.oarcanjo.net\/site\/#website\"},\"primaryImageOfPage\":{\"@id\":\"https:\/\/www.oarcanjo.net\/site\/o-reino-anunciado-por-jesus\/#primaryimage\"},\"image\":{\"@id\":\"https:\/\/www.oarcanjo.net\/site\/o-reino-anunciado-por-jesus\/#primaryimage\"},\"thumbnailUrl\":\"http:\/\/www.oarcanjo.net\/site\/wp-content\/uploads\/pe.-geovane1-136x150.png\",\"datePublished\":\"2012-10-22T19:18:40+00:00\",\"dateModified\":\"2012-10-22T19:18:40+00:00\",\"breadcrumb\":{\"@id\":\"https:\/\/www.oarcanjo.net\/site\/o-reino-anunciado-por-jesus\/#breadcrumb\"},\"inLanguage\":\"pt-BR\",\"potentialAction\":[{\"@type\":\"ReadAction\",\"target\":[\"https:\/\/www.oarcanjo.net\/site\/o-reino-anunciado-por-jesus\/\"]}]},{\"@type\":\"ImageObject\",\"inLanguage\":\"pt-BR\",\"@id\":\"https:\/\/www.oarcanjo.net\/site\/o-reino-anunciado-por-jesus\/#primaryimage\",\"url\":\"https:\/\/www.oarcanjo.net\/site\/wp-content\/uploads\/pe.-geovane1.png\",\"contentUrl\":\"https:\/\/www.oarcanjo.net\/site\/wp-content\/uploads\/pe.-geovane1.png\",\"width\":\"136\",\"height\":\"205\"},{\"@type\":\"BreadcrumbList\",\"@id\":\"https:\/\/www.oarcanjo.net\/site\/o-reino-anunciado-por-jesus\/#breadcrumb\",\"itemListElement\":[{\"@type\":\"ListItem\",\"position\":1,\"name\":\"In\u00edcio\",\"item\":\"https:\/\/www.oarcanjo.net\/site\/\"},{\"@type\":\"ListItem\",\"position\":2,\"name\":\"O reino anunciado por Jesus\"}]},{\"@type\":\"WebSite\",\"@id\":\"https:\/\/www.oarcanjo.net\/site\/#website\",\"url\":\"https:\/\/www.oarcanjo.net\/site\/\",\"name\":\"O Arcanjo no ar\",\"description\":\"Site da Par\u00f3quia S\u00e3o Miguel Arcanjo (Arquidiocese de SP)\",\"publisher\":{\"@id\":\"https:\/\/www.oarcanjo.net\/site\/#organization\"},\"potentialAction\":[{\"@type\":\"SearchAction\",\"target\":{\"@type\":\"EntryPoint\",\"urlTemplate\":\"https:\/\/www.oarcanjo.net\/site\/?s={search_term_string}\"},\"query-input\":{\"@type\":\"PropertyValueSpecification\",\"valueRequired\":true,\"valueName\":\"search_term_string\"}}],\"inLanguage\":\"pt-BR\"},{\"@type\":\"Organization\",\"@id\":\"https:\/\/www.oarcanjo.net\/site\/#organization\",\"name\":\"Par\u00f3quia S\u00e3o Miguel Arcanjo\",\"url\":\"https:\/\/www.oarcanjo.net\/site\/\",\"logo\":{\"@type\":\"ImageObject\",\"inLanguage\":\"pt-BR\",\"@id\":\"https:\/\/www.oarcanjo.net\/site\/#\/schema\/logo\/image\/\",\"url\":\"https:\/\/www.oarcanjo.net\/site\/wp-content\/uploads\/LogoOArcanjo.png\",\"contentUrl\":\"https:\/\/www.oarcanjo.net\/site\/wp-content\/uploads\/LogoOArcanjo.png\",\"width\":319,\"height\":99,\"caption\":\"Par\u00f3quia S\u00e3o Miguel Arcanjo\"},\"image\":{\"@id\":\"https:\/\/www.oarcanjo.net\/site\/#\/schema\/logo\/image\/\"},\"sameAs\":[\"https:\/\/www.facebook.com\/OArcanjoNoAr\/\"]},{\"@type\":\"Person\",\"@id\":\"https:\/\/www.oarcanjo.net\/site\/#\/schema\/person\/58d7f78850a973b8e467c7ae4a7eb4ad\",\"name\":\"pe.geovane\"}]}<\/script>\n<!-- \/ Yoast SEO plugin. -->","yoast_head_json":{"title":"O reino anunciado por Jesus - O Arcanjo no ar","robots":{"index":"index","follow":"follow","max-snippet":"max-snippet:-1","max-image-preview":"max-image-preview:large","max-video-preview":"max-video-preview:-1"},"canonical":"https:\/\/www.oarcanjo.net\/site\/o-reino-anunciado-por-jesus\/","og_locale":"pt_BR","og_type":"article","og_title":"O reino anunciado por Jesus - O Arcanjo no ar","og_description":"Padre Geovane Saraiva* Jesus, ao descer da montanha sagrada, depara-se com uma grande multid\u00e3o, que come\u00e7a a segui-lo. A sua solidariedade misericordiosa para com os enfermos e sofredores de toda natureza, revela de um modo profundo e inaudito, na sua vontade de cumprir a miss\u00e3o recebida do Pai, em favor da humanidade, carente e pecadora, [&hellip;]","og_url":"https:\/\/www.oarcanjo.net\/site\/o-reino-anunciado-por-jesus\/","og_site_name":"O Arcanjo no ar","article_publisher":"https:\/\/www.facebook.com\/OArcanjoNoAr\/","article_published_time":"2012-10-22T19:18:40+00:00","og_image":[{"url":"http:\/\/www.oarcanjo.net\/site\/wp-content\/uploads\/pe.-geovane1-136x150.png"}],"author":"pe.geovane","twitter_card":"summary_large_image","twitter_misc":{"Escrito por":"pe.geovane","Est. tempo de leitura":"3 minutos"},"schema":{"@context":"https:\/\/schema.org","@graph":[{"@type":"Article","@id":"https:\/\/www.oarcanjo.net\/site\/o-reino-anunciado-por-jesus\/#article","isPartOf":{"@id":"https:\/\/www.oarcanjo.net\/site\/o-reino-anunciado-por-jesus\/"},"author":{"name":"pe.geovane","@id":"https:\/\/www.oarcanjo.net\/site\/#\/schema\/person\/58d7f78850a973b8e467c7ae4a7eb4ad"},"headline":"O reino anunciado por Jesus","datePublished":"2012-10-22T19:18:40+00:00","dateModified":"2012-10-22T19:18:40+00:00","mainEntityOfPage":{"@id":"https:\/\/www.oarcanjo.net\/site\/o-reino-anunciado-por-jesus\/"},"wordCount":698,"commentCount":0,"publisher":{"@id":"https:\/\/www.oarcanjo.net\/site\/#organization"},"image":{"@id":"https:\/\/www.oarcanjo.net\/site\/o-reino-anunciado-por-jesus\/#primaryimage"},"thumbnailUrl":"http:\/\/www.oarcanjo.net\/site\/wp-content\/uploads\/pe.-geovane1-136x150.png","articleSection":["Reflex\u00f5es"],"inLanguage":"pt-BR","potentialAction":[{"@type":"CommentAction","name":"Comment","target":["https:\/\/www.oarcanjo.net\/site\/o-reino-anunciado-por-jesus\/#respond"]}]},{"@type":"WebPage","@id":"https:\/\/www.oarcanjo.net\/site\/o-reino-anunciado-por-jesus\/","url":"https:\/\/www.oarcanjo.net\/site\/o-reino-anunciado-por-jesus\/","name":"O reino anunciado por Jesus - O Arcanjo no ar","isPartOf":{"@id":"https:\/\/www.oarcanjo.net\/site\/#website"},"primaryImageOfPage":{"@id":"https:\/\/www.oarcanjo.net\/site\/o-reino-anunciado-por-jesus\/#primaryimage"},"image":{"@id":"https:\/\/www.oarcanjo.net\/site\/o-reino-anunciado-por-jesus\/#primaryimage"},"thumbnailUrl":"http:\/\/www.oarcanjo.net\/site\/wp-content\/uploads\/pe.-geovane1-136x150.png","datePublished":"2012-10-22T19:18:40+00:00","dateModified":"2012-10-22T19:18:40+00:00","breadcrumb":{"@id":"https:\/\/www.oarcanjo.net\/site\/o-reino-anunciado-por-jesus\/#breadcrumb"},"inLanguage":"pt-BR","potentialAction":[{"@type":"ReadAction","target":["https:\/\/www.oarcanjo.net\/site\/o-reino-anunciado-por-jesus\/"]}]},{"@type":"ImageObject","inLanguage":"pt-BR","@id":"https:\/\/www.oarcanjo.net\/site\/o-reino-anunciado-por-jesus\/#primaryimage","url":"https:\/\/www.oarcanjo.net\/site\/wp-content\/uploads\/pe.-geovane1.png","contentUrl":"https:\/\/www.oarcanjo.net\/site\/wp-content\/uploads\/pe.-geovane1.png","width":"136","height":"205"},{"@type":"BreadcrumbList","@id":"https:\/\/www.oarcanjo.net\/site\/o-reino-anunciado-por-jesus\/#breadcrumb","itemListElement":[{"@type":"ListItem","position":1,"name":"In\u00edcio","item":"https:\/\/www.oarcanjo.net\/site\/"},{"@type":"ListItem","position":2,"name":"O reino anunciado por Jesus"}]},{"@type":"WebSite","@id":"https:\/\/www.oarcanjo.net\/site\/#website","url":"https:\/\/www.oarcanjo.net\/site\/","name":"O Arcanjo no ar","description":"Site da Par\u00f3quia S\u00e3o Miguel Arcanjo (Arquidiocese de SP)","publisher":{"@id":"https:\/\/www.oarcanjo.net\/site\/#organization"},"potentialAction":[{"@type":"SearchAction","target":{"@type":"EntryPoint","urlTemplate":"https:\/\/www.oarcanjo.net\/site\/?s={search_term_string}"},"query-input":{"@type":"PropertyValueSpecification","valueRequired":true,"valueName":"search_term_string"}}],"inLanguage":"pt-BR"},{"@type":"Organization","@id":"https:\/\/www.oarcanjo.net\/site\/#organization","name":"Par\u00f3quia S\u00e3o Miguel Arcanjo","url":"https:\/\/www.oarcanjo.net\/site\/","logo":{"@type":"ImageObject","inLanguage":"pt-BR","@id":"https:\/\/www.oarcanjo.net\/site\/#\/schema\/logo\/image\/","url":"https:\/\/www.oarcanjo.net\/site\/wp-content\/uploads\/LogoOArcanjo.png","contentUrl":"https:\/\/www.oarcanjo.net\/site\/wp-content\/uploads\/LogoOArcanjo.png","width":319,"height":99,"caption":"Par\u00f3quia S\u00e3o Miguel Arcanjo"},"image":{"@id":"https:\/\/www.oarcanjo.net\/site\/#\/schema\/logo\/image\/"},"sameAs":["https:\/\/www.facebook.com\/OArcanjoNoAr\/"]},{"@type":"Person","@id":"https:\/\/www.oarcanjo.net\/site\/#\/schema\/person\/58d7f78850a973b8e467c7ae4a7eb4ad","name":"pe.geovane"}]}},"publishpress_future_action":{"enabled":false,"date":"2026-05-09 10:23:47","action":"category","newStatus":"draft","terms":[],"taxonomy":"category"},"publishpress_future_workflow_manual_trigger":{"enabledWorkflows":[]},"_links":{"self":[{"href":"https:\/\/www.oarcanjo.net\/site\/wp-json\/wp\/v2\/posts\/19721"}],"collection":[{"href":"https:\/\/www.oarcanjo.net\/site\/wp-json\/wp\/v2\/posts"}],"about":[{"href":"https:\/\/www.oarcanjo.net\/site\/wp-json\/wp\/v2\/types\/post"}],"author":[{"embeddable":true,"href":"https:\/\/www.oarcanjo.net\/site\/wp-json\/wp\/v2\/users\/17"}],"replies":[{"embeddable":true,"href":"https:\/\/www.oarcanjo.net\/site\/wp-json\/wp\/v2\/comments?post=19721"}],"version-history":[{"count":0,"href":"https:\/\/www.oarcanjo.net\/site\/wp-json\/wp\/v2\/posts\/19721\/revisions"}],"wp:attachment":[{"href":"https:\/\/www.oarcanjo.net\/site\/wp-json\/wp\/v2\/media?parent=19721"}],"wp:term":[{"taxonomy":"category","embeddable":true,"href":"https:\/\/www.oarcanjo.net\/site\/wp-json\/wp\/v2\/categories?post=19721"},{"taxonomy":"post_tag","embeddable":true,"href":"https:\/\/www.oarcanjo.net\/site\/wp-json\/wp\/v2\/tags?post=19721"}],"curies":[{"name":"wp","href":"https:\/\/api.w.org\/{rel}","templated":true}]}}