
{"id":19724,"date":"2012-10-25T15:24:06","date_gmt":"2012-10-25T17:24:06","guid":{"rendered":"http:\/\/www.oarcanjo.net\/site\/?p=19724"},"modified":"2012-10-25T15:24:06","modified_gmt":"2012-10-25T17:24:06","slug":"jesus-te-chama-dom-sergio","status":"publish","type":"post","link":"https:\/\/www.oarcanjo.net\/site\/jesus-te-chama-dom-sergio\/","title":{"rendered":"Jesus te chama &#8211; Dom Sergio"},"content":{"rendered":"<h3><\/h3>\n<div>\n<div>Dom Sergio da Rocha*<\/p>\n<div style=\"text-align: justify\"><a href=\"http:\/\/1.bp.blogspot.com\/-CSngMceFLLw\/UIl1KJP6FSI\/AAAAAAAAONg\/gSwd3l3qImg\/s1600\/300502_159988240759727_100002456578485_296584_1555955916_a.jpg\"><img decoding=\"async\" src=\"http:\/\/1.bp.blogspot.com\/-CSngMceFLLw\/UIl1KJP6FSI\/AAAAAAAAONg\/gSwd3l3qImg\/s1600\/300502_159988240759727_100002456578485_296584_1555955916_a.jpg\" border=\"0\" alt=\"\" \/><\/a><\/div>\n<div style=\"text-align: justify\">O Evangelho nos conta a hist\u00f3ria de Bartimeu, com dois retratos muito diferentes a seu respeito. No in\u00edcio, ele aparece &#8220;cego e mendigo, sentado \u00e0 beira do caminho&#8221; (Mc 10, 46).\u00a0 No final da narrativa, ele se encontra em uma situa\u00e7\u00e3o inteiramente nova; tendo recuperado a vista, ele &#8220;seguia Jesus pelo caminho&#8221; (Mc 10,52).\u00a0 O texto nos explica a raz\u00e3o de ser desta mudan\u00e7a profunda. Ele encontrou Jesus, sendo por ele curado. Entretanto, para que o milagre ocorresse, dois aspectos s\u00e3o destacados. Primeiramente, a s\u00faplica confiante de Bartimeu a Jesus Cristo. Ele grita a Jesus, repetidamente, suplicando: &#8220;Filho de Davi, tem piedade de mim!&#8221; e, ao mesmo tempo: &#8220;Mestre, que eu veja!&#8221;. Em segundo lugar, aparece a ajuda das pessoas que o animaram a caminhar ao encontro de Jesus, dizendo-lhe: &#8220;Coragem, levanta-te; Jesus te chama!&#8221; (Mc 10,49). Havia muitos que queriam impedi-lo, mas ele n\u00e3o desistiu. Jesus ouviu o grito de Bartimeu em meio a multid\u00e3o e aos que o repreendiam para que se calasse, atendendo o seu pedido, dando-lhe uma nova vida.<\/div>\n<div style=\"text-align: justify\">Essa vida nova \u00e9 caracterizada, de modo especial, por dois aspectos ressaltados pelo Evangelho: 1\u25e6) ele &#8220;jogou o manto, deu um pulo e foi at\u00e9 Jesus&#8221;; 2\u25e6) ele &#8220;seguia Jesus pelo caminho&#8221;. Afirmar que ele &#8220;jogou o manto&#8221;, significa dizer que ele deixou a situa\u00e7\u00e3o de exclus\u00e3o social e mis\u00e9ria em que se encontrava, como cego e mendigo. Contudo, o que ocorreu tem um significado mais profundo. Para seguir Jesus, ele deixa o \u00fanico bem que possu\u00eda naquele momento. Acima de tudo, ele deixa a sua incapacidade de ver e caminhar, passando a enxergar e a seguir Jesus, assumindo, deste modo, a condi\u00e7\u00e3o de verdadeiro disc\u00edpulo.<\/div>\n<div style=\"text-align: justify\">O Ano da F\u00e9 nos recorda a import\u00e2ncia da luz da f\u00e9 para poder caminhar e seguir a Jesus, especialmente, nos momentos mais dif\u00edceis. Na hist\u00f3ria de Bartimeu, encontram-se retratados os disc\u00edpulos de todos os tempos. Hoje, tamb\u00e9m, necessitamos gritar a Jesus, suplicando a sua compaix\u00e3o diante dos nossos pecados e sofrimentos, assim como, o dom de ver o caminho a seguir, para sermos verdadeiros disc\u00edpulos. Hoje, tamb\u00e9m, necessitamos do amor dos irm\u00e3os que\u00a0 nos ajudem a ouvir o chamado de Jesus e nos animem a levantar-nos e a caminharmos ao seu encontro. Hoje, tamb\u00e9m, necessitamos da compaix\u00e3o dos disc\u00edpulos de Cristo para levar vida nova aos que sofrem pelos graves problemas sociais ou pelas situa\u00e7\u00f5es de pecado \u00a0em que encontram.<\/div>\n<div style=\"text-align: justify\">Estamos concluindo o M\u00eas Mission\u00e1rio. Jesus te chama a ser disc\u00edpulo! Jesus te chama a ser mission\u00e1rio! Seja mission\u00e1rio nos ambientes em que vive, atrav\u00e9s do testemunho da f\u00e9 e do amor, animando \u00a0os que est\u00e3o a beira do caminho a irem ao encontro de Jesus e a fazerem\u00a0 a experi\u00eancia de disc\u00edpulos que acolhem o dom da vida nova. Cada um de n\u00f3s possa ouvir e anunciar: &#8220;Coragem, levanta-te, Jesus te chama!&#8221;<\/div>\n<div>*Arcebispo Metropolitano de Bras\u00edlia<\/div>\n<\/div>\n<\/div>\n<div>\n<div>Postado por\u00a0<a title=\"author profile\" rel=\"author\" href=\"http:\/\/www.blogger.com\/profile\/12037961757835243213\">Par\u00f3quia de Santo Afonso <\/a><\/div>\n<\/div>\n<p>&nbsp;<\/p>\n<div id=\"themify_builder_content-19724\" data-postid=\"19724\" class=\"themify_builder_content themify_builder_content-19724 themify_builder themify_builder_front\">\n\t<\/div>\n<!-- \/themify_builder_content -->","protected":false},"excerpt":{"rendered":"<p>Dom Sergio da Rocha* O Evangelho nos conta a hist\u00f3ria de Bartimeu, com dois retratos muito diferentes a seu respeito. No in\u00edcio, ele aparece &#8220;cego e mendigo, sentado \u00e0 beira do caminho&#8221; (Mc 10, 46).\u00a0 No final da narrativa, ele se encontra em uma situa\u00e7\u00e3o inteiramente nova; tendo recuperado a vista, ele &#8220;seguia Jesus pelo [&hellip;]<\/p>\n","protected":false},"author":17,"featured_media":0,"comment_status":"open","ping_status":"open","sticky":false,"template":"","format":"standard","meta":{"ngg_post_thumbnail":0,"footnotes":""},"categories":[9],"tags":[],"yoast_head":"<!-- This site is optimized with the Yoast SEO plugin v23.5 - https:\/\/yoast.com\/wordpress\/plugins\/seo\/ -->\n<title>Jesus te chama - Dom Sergio - O Arcanjo no ar<\/title>\n<meta name=\"robots\" content=\"index, follow, max-snippet:-1, max-image-preview:large, max-video-preview:-1\" \/>\n<link rel=\"canonical\" href=\"https:\/\/www.oarcanjo.net\/site\/jesus-te-chama-dom-sergio\/\" \/>\n<meta property=\"og:locale\" content=\"pt_BR\" \/>\n<meta property=\"og:type\" content=\"article\" \/>\n<meta property=\"og:title\" content=\"Jesus te chama - Dom Sergio - O Arcanjo no ar\" \/>\n<meta property=\"og:description\" content=\"Dom Sergio da Rocha* O Evangelho nos conta a hist\u00f3ria de Bartimeu, com dois retratos muito diferentes a seu respeito. No in\u00edcio, ele aparece &#8220;cego e mendigo, sentado \u00e0 beira do caminho&#8221; (Mc 10, 46).\u00a0 No final da narrativa, ele se encontra em uma situa\u00e7\u00e3o inteiramente nova; tendo recuperado a vista, ele &#8220;seguia Jesus pelo [&hellip;]\" \/>\n<meta property=\"og:url\" content=\"https:\/\/www.oarcanjo.net\/site\/jesus-te-chama-dom-sergio\/\" \/>\n<meta property=\"og:site_name\" content=\"O Arcanjo no ar\" \/>\n<meta property=\"article:publisher\" content=\"https:\/\/www.facebook.com\/OArcanjoNoAr\/\" \/>\n<meta property=\"article:published_time\" content=\"2012-10-25T17:24:06+00:00\" \/>\n<meta property=\"og:image\" content=\"http:\/\/1.bp.blogspot.com\/-CSngMceFLLw\/UIl1KJP6FSI\/AAAAAAAAONg\/gSwd3l3qImg\/s1600\/300502_159988240759727_100002456578485_296584_1555955916_a.jpg\" \/>\n<meta name=\"author\" content=\"pe.geovane\" \/>\n<meta name=\"twitter:card\" content=\"summary_large_image\" \/>\n<meta name=\"twitter:label1\" content=\"Escrito por\" \/>\n\t<meta name=\"twitter:data1\" content=\"pe.geovane\" \/>\n\t<meta name=\"twitter:label2\" content=\"Est. tempo de leitura\" \/>\n\t<meta name=\"twitter:data2\" content=\"3 minutos\" \/>\n<script type=\"application\/ld+json\" class=\"yoast-schema-graph\">{\"@context\":\"https:\/\/schema.org\",\"@graph\":[{\"@type\":\"Article\",\"@id\":\"https:\/\/www.oarcanjo.net\/site\/jesus-te-chama-dom-sergio\/#article\",\"isPartOf\":{\"@id\":\"https:\/\/www.oarcanjo.net\/site\/jesus-te-chama-dom-sergio\/\"},\"author\":{\"name\":\"pe.geovane\",\"@id\":\"https:\/\/www.oarcanjo.net\/site\/#\/schema\/person\/58d7f78850a973b8e467c7ae4a7eb4ad\"},\"headline\":\"Jesus te chama &#8211; Dom Sergio\",\"datePublished\":\"2012-10-25T17:24:06+00:00\",\"dateModified\":\"2012-10-25T17:24:06+00:00\",\"mainEntityOfPage\":{\"@id\":\"https:\/\/www.oarcanjo.net\/site\/jesus-te-chama-dom-sergio\/\"},\"wordCount\":526,\"commentCount\":0,\"publisher\":{\"@id\":\"https:\/\/www.oarcanjo.net\/site\/#organization\"},\"image\":{\"@id\":\"https:\/\/www.oarcanjo.net\/site\/jesus-te-chama-dom-sergio\/#primaryimage\"},\"thumbnailUrl\":\"http:\/\/1.bp.blogspot.com\/-CSngMceFLLw\/UIl1KJP6FSI\/AAAAAAAAONg\/gSwd3l3qImg\/s1600\/300502_159988240759727_100002456578485_296584_1555955916_a.jpg\",\"articleSection\":[\"Reflex\u00f5es\"],\"inLanguage\":\"pt-BR\",\"potentialAction\":[{\"@type\":\"CommentAction\",\"name\":\"Comment\",\"target\":[\"https:\/\/www.oarcanjo.net\/site\/jesus-te-chama-dom-sergio\/#respond\"]}]},{\"@type\":\"WebPage\",\"@id\":\"https:\/\/www.oarcanjo.net\/site\/jesus-te-chama-dom-sergio\/\",\"url\":\"https:\/\/www.oarcanjo.net\/site\/jesus-te-chama-dom-sergio\/\",\"name\":\"Jesus te chama - Dom Sergio - O Arcanjo no ar\",\"isPartOf\":{\"@id\":\"https:\/\/www.oarcanjo.net\/site\/#website\"},\"primaryImageOfPage\":{\"@id\":\"https:\/\/www.oarcanjo.net\/site\/jesus-te-chama-dom-sergio\/#primaryimage\"},\"image\":{\"@id\":\"https:\/\/www.oarcanjo.net\/site\/jesus-te-chama-dom-sergio\/#primaryimage\"},\"thumbnailUrl\":\"http:\/\/1.bp.blogspot.com\/-CSngMceFLLw\/UIl1KJP6FSI\/AAAAAAAAONg\/gSwd3l3qImg\/s1600\/300502_159988240759727_100002456578485_296584_1555955916_a.jpg\",\"datePublished\":\"2012-10-25T17:24:06+00:00\",\"dateModified\":\"2012-10-25T17:24:06+00:00\",\"breadcrumb\":{\"@id\":\"https:\/\/www.oarcanjo.net\/site\/jesus-te-chama-dom-sergio\/#breadcrumb\"},\"inLanguage\":\"pt-BR\",\"potentialAction\":[{\"@type\":\"ReadAction\",\"target\":[\"https:\/\/www.oarcanjo.net\/site\/jesus-te-chama-dom-sergio\/\"]}]},{\"@type\":\"ImageObject\",\"inLanguage\":\"pt-BR\",\"@id\":\"https:\/\/www.oarcanjo.net\/site\/jesus-te-chama-dom-sergio\/#primaryimage\",\"url\":\"http:\/\/1.bp.blogspot.com\/-CSngMceFLLw\/UIl1KJP6FSI\/AAAAAAAAONg\/gSwd3l3qImg\/s1600\/300502_159988240759727_100002456578485_296584_1555955916_a.jpg\",\"contentUrl\":\"http:\/\/1.bp.blogspot.com\/-CSngMceFLLw\/UIl1KJP6FSI\/AAAAAAAAONg\/gSwd3l3qImg\/s1600\/300502_159988240759727_100002456578485_296584_1555955916_a.jpg\"},{\"@type\":\"BreadcrumbList\",\"@id\":\"https:\/\/www.oarcanjo.net\/site\/jesus-te-chama-dom-sergio\/#breadcrumb\",\"itemListElement\":[{\"@type\":\"ListItem\",\"position\":1,\"name\":\"In\u00edcio\",\"item\":\"https:\/\/www.oarcanjo.net\/site\/\"},{\"@type\":\"ListItem\",\"position\":2,\"name\":\"Jesus te chama &#8211; Dom Sergio\"}]},{\"@type\":\"WebSite\",\"@id\":\"https:\/\/www.oarcanjo.net\/site\/#website\",\"url\":\"https:\/\/www.oarcanjo.net\/site\/\",\"name\":\"O Arcanjo no ar\",\"description\":\"Site da Par\u00f3quia S\u00e3o Miguel Arcanjo (Arquidiocese de SP)\",\"publisher\":{\"@id\":\"https:\/\/www.oarcanjo.net\/site\/#organization\"},\"potentialAction\":[{\"@type\":\"SearchAction\",\"target\":{\"@type\":\"EntryPoint\",\"urlTemplate\":\"https:\/\/www.oarcanjo.net\/site\/?s={search_term_string}\"},\"query-input\":{\"@type\":\"PropertyValueSpecification\",\"valueRequired\":true,\"valueName\":\"search_term_string\"}}],\"inLanguage\":\"pt-BR\"},{\"@type\":\"Organization\",\"@id\":\"https:\/\/www.oarcanjo.net\/site\/#organization\",\"name\":\"Par\u00f3quia S\u00e3o Miguel Arcanjo\",\"url\":\"https:\/\/www.oarcanjo.net\/site\/\",\"logo\":{\"@type\":\"ImageObject\",\"inLanguage\":\"pt-BR\",\"@id\":\"https:\/\/www.oarcanjo.net\/site\/#\/schema\/logo\/image\/\",\"url\":\"https:\/\/www.oarcanjo.net\/site\/wp-content\/uploads\/LogoOArcanjo.png\",\"contentUrl\":\"https:\/\/www.oarcanjo.net\/site\/wp-content\/uploads\/LogoOArcanjo.png\",\"width\":319,\"height\":99,\"caption\":\"Par\u00f3quia S\u00e3o Miguel Arcanjo\"},\"image\":{\"@id\":\"https:\/\/www.oarcanjo.net\/site\/#\/schema\/logo\/image\/\"},\"sameAs\":[\"https:\/\/www.facebook.com\/OArcanjoNoAr\/\"]},{\"@type\":\"Person\",\"@id\":\"https:\/\/www.oarcanjo.net\/site\/#\/schema\/person\/58d7f78850a973b8e467c7ae4a7eb4ad\",\"name\":\"pe.geovane\"}]}<\/script>\n<!-- \/ Yoast SEO plugin. -->","yoast_head_json":{"title":"Jesus te chama - Dom Sergio - O Arcanjo no ar","robots":{"index":"index","follow":"follow","max-snippet":"max-snippet:-1","max-image-preview":"max-image-preview:large","max-video-preview":"max-video-preview:-1"},"canonical":"https:\/\/www.oarcanjo.net\/site\/jesus-te-chama-dom-sergio\/","og_locale":"pt_BR","og_type":"article","og_title":"Jesus te chama - Dom Sergio - O Arcanjo no ar","og_description":"Dom Sergio da Rocha* O Evangelho nos conta a hist\u00f3ria de Bartimeu, com dois retratos muito diferentes a seu respeito. No in\u00edcio, ele aparece &#8220;cego e mendigo, sentado \u00e0 beira do caminho&#8221; (Mc 10, 46).\u00a0 No final da narrativa, ele se encontra em uma situa\u00e7\u00e3o inteiramente nova; tendo recuperado a vista, ele &#8220;seguia Jesus pelo [&hellip;]","og_url":"https:\/\/www.oarcanjo.net\/site\/jesus-te-chama-dom-sergio\/","og_site_name":"O Arcanjo no ar","article_publisher":"https:\/\/www.facebook.com\/OArcanjoNoAr\/","article_published_time":"2012-10-25T17:24:06+00:00","og_image":[{"url":"http:\/\/1.bp.blogspot.com\/-CSngMceFLLw\/UIl1KJP6FSI\/AAAAAAAAONg\/gSwd3l3qImg\/s1600\/300502_159988240759727_100002456578485_296584_1555955916_a.jpg"}],"author":"pe.geovane","twitter_card":"summary_large_image","twitter_misc":{"Escrito por":"pe.geovane","Est. tempo de leitura":"3 minutos"},"schema":{"@context":"https:\/\/schema.org","@graph":[{"@type":"Article","@id":"https:\/\/www.oarcanjo.net\/site\/jesus-te-chama-dom-sergio\/#article","isPartOf":{"@id":"https:\/\/www.oarcanjo.net\/site\/jesus-te-chama-dom-sergio\/"},"author":{"name":"pe.geovane","@id":"https:\/\/www.oarcanjo.net\/site\/#\/schema\/person\/58d7f78850a973b8e467c7ae4a7eb4ad"},"headline":"Jesus te chama &#8211; Dom Sergio","datePublished":"2012-10-25T17:24:06+00:00","dateModified":"2012-10-25T17:24:06+00:00","mainEntityOfPage":{"@id":"https:\/\/www.oarcanjo.net\/site\/jesus-te-chama-dom-sergio\/"},"wordCount":526,"commentCount":0,"publisher":{"@id":"https:\/\/www.oarcanjo.net\/site\/#organization"},"image":{"@id":"https:\/\/www.oarcanjo.net\/site\/jesus-te-chama-dom-sergio\/#primaryimage"},"thumbnailUrl":"http:\/\/1.bp.blogspot.com\/-CSngMceFLLw\/UIl1KJP6FSI\/AAAAAAAAONg\/gSwd3l3qImg\/s1600\/300502_159988240759727_100002456578485_296584_1555955916_a.jpg","articleSection":["Reflex\u00f5es"],"inLanguage":"pt-BR","potentialAction":[{"@type":"CommentAction","name":"Comment","target":["https:\/\/www.oarcanjo.net\/site\/jesus-te-chama-dom-sergio\/#respond"]}]},{"@type":"WebPage","@id":"https:\/\/www.oarcanjo.net\/site\/jesus-te-chama-dom-sergio\/","url":"https:\/\/www.oarcanjo.net\/site\/jesus-te-chama-dom-sergio\/","name":"Jesus te chama - Dom Sergio - O Arcanjo no ar","isPartOf":{"@id":"https:\/\/www.oarcanjo.net\/site\/#website"},"primaryImageOfPage":{"@id":"https:\/\/www.oarcanjo.net\/site\/jesus-te-chama-dom-sergio\/#primaryimage"},"image":{"@id":"https:\/\/www.oarcanjo.net\/site\/jesus-te-chama-dom-sergio\/#primaryimage"},"thumbnailUrl":"http:\/\/1.bp.blogspot.com\/-CSngMceFLLw\/UIl1KJP6FSI\/AAAAAAAAONg\/gSwd3l3qImg\/s1600\/300502_159988240759727_100002456578485_296584_1555955916_a.jpg","datePublished":"2012-10-25T17:24:06+00:00","dateModified":"2012-10-25T17:24:06+00:00","breadcrumb":{"@id":"https:\/\/www.oarcanjo.net\/site\/jesus-te-chama-dom-sergio\/#breadcrumb"},"inLanguage":"pt-BR","potentialAction":[{"@type":"ReadAction","target":["https:\/\/www.oarcanjo.net\/site\/jesus-te-chama-dom-sergio\/"]}]},{"@type":"ImageObject","inLanguage":"pt-BR","@id":"https:\/\/www.oarcanjo.net\/site\/jesus-te-chama-dom-sergio\/#primaryimage","url":"http:\/\/1.bp.blogspot.com\/-CSngMceFLLw\/UIl1KJP6FSI\/AAAAAAAAONg\/gSwd3l3qImg\/s1600\/300502_159988240759727_100002456578485_296584_1555955916_a.jpg","contentUrl":"http:\/\/1.bp.blogspot.com\/-CSngMceFLLw\/UIl1KJP6FSI\/AAAAAAAAONg\/gSwd3l3qImg\/s1600\/300502_159988240759727_100002456578485_296584_1555955916_a.jpg"},{"@type":"BreadcrumbList","@id":"https:\/\/www.oarcanjo.net\/site\/jesus-te-chama-dom-sergio\/#breadcrumb","itemListElement":[{"@type":"ListItem","position":1,"name":"In\u00edcio","item":"https:\/\/www.oarcanjo.net\/site\/"},{"@type":"ListItem","position":2,"name":"Jesus te chama &#8211; Dom Sergio"}]},{"@type":"WebSite","@id":"https:\/\/www.oarcanjo.net\/site\/#website","url":"https:\/\/www.oarcanjo.net\/site\/","name":"O Arcanjo no ar","description":"Site da Par\u00f3quia S\u00e3o Miguel Arcanjo (Arquidiocese de SP)","publisher":{"@id":"https:\/\/www.oarcanjo.net\/site\/#organization"},"potentialAction":[{"@type":"SearchAction","target":{"@type":"EntryPoint","urlTemplate":"https:\/\/www.oarcanjo.net\/site\/?s={search_term_string}"},"query-input":{"@type":"PropertyValueSpecification","valueRequired":true,"valueName":"search_term_string"}}],"inLanguage":"pt-BR"},{"@type":"Organization","@id":"https:\/\/www.oarcanjo.net\/site\/#organization","name":"Par\u00f3quia S\u00e3o Miguel Arcanjo","url":"https:\/\/www.oarcanjo.net\/site\/","logo":{"@type":"ImageObject","inLanguage":"pt-BR","@id":"https:\/\/www.oarcanjo.net\/site\/#\/schema\/logo\/image\/","url":"https:\/\/www.oarcanjo.net\/site\/wp-content\/uploads\/LogoOArcanjo.png","contentUrl":"https:\/\/www.oarcanjo.net\/site\/wp-content\/uploads\/LogoOArcanjo.png","width":319,"height":99,"caption":"Par\u00f3quia S\u00e3o Miguel Arcanjo"},"image":{"@id":"https:\/\/www.oarcanjo.net\/site\/#\/schema\/logo\/image\/"},"sameAs":["https:\/\/www.facebook.com\/OArcanjoNoAr\/"]},{"@type":"Person","@id":"https:\/\/www.oarcanjo.net\/site\/#\/schema\/person\/58d7f78850a973b8e467c7ae4a7eb4ad","name":"pe.geovane"}]}},"publishpress_future_action":{"enabled":false,"date":"2026-05-09 10:25:03","action":"category","newStatus":"draft","terms":[],"taxonomy":"category"},"publishpress_future_workflow_manual_trigger":{"enabledWorkflows":[]},"_links":{"self":[{"href":"https:\/\/www.oarcanjo.net\/site\/wp-json\/wp\/v2\/posts\/19724"}],"collection":[{"href":"https:\/\/www.oarcanjo.net\/site\/wp-json\/wp\/v2\/posts"}],"about":[{"href":"https:\/\/www.oarcanjo.net\/site\/wp-json\/wp\/v2\/types\/post"}],"author":[{"embeddable":true,"href":"https:\/\/www.oarcanjo.net\/site\/wp-json\/wp\/v2\/users\/17"}],"replies":[{"embeddable":true,"href":"https:\/\/www.oarcanjo.net\/site\/wp-json\/wp\/v2\/comments?post=19724"}],"version-history":[{"count":0,"href":"https:\/\/www.oarcanjo.net\/site\/wp-json\/wp\/v2\/posts\/19724\/revisions"}],"wp:attachment":[{"href":"https:\/\/www.oarcanjo.net\/site\/wp-json\/wp\/v2\/media?parent=19724"}],"wp:term":[{"taxonomy":"category","embeddable":true,"href":"https:\/\/www.oarcanjo.net\/site\/wp-json\/wp\/v2\/categories?post=19724"},{"taxonomy":"post_tag","embeddable":true,"href":"https:\/\/www.oarcanjo.net\/site\/wp-json\/wp\/v2\/tags?post=19724"}],"curies":[{"name":"wp","href":"https:\/\/api.w.org\/{rel}","templated":true}]}}