
{"id":19728,"date":"2012-10-26T17:44:08","date_gmt":"2012-10-26T19:44:08","guid":{"rendered":"http:\/\/www.oarcanjo.net\/site\/?p=19728"},"modified":"2012-10-26T17:44:08","modified_gmt":"2012-10-26T19:44:08","slug":"bispo-que-ajudou-escrever-mensagem-do-sinodo-da-detalhes-do-texto","status":"publish","type":"post","link":"https:\/\/www.oarcanjo.net\/site\/bispo-que-ajudou-escrever-mensagem-do-sinodo-da-detalhes-do-texto\/","title":{"rendered":"Bispo que ajudou escrever mensagem do S\u00ednodo d\u00e1 detalhes do texto"},"content":{"rendered":"<h3 style=\"text-align: justify\">Kelen Galvan e Danusa Rego<\/h3>\n<div>\n<div style=\"text-align: justify\">A Igreja na Am\u00e9rica Latina \u00e9 convidada pelo S\u00ednodo a se colocar em estado permanente de miss\u00e3o, formando disc\u00edpulos mission\u00e1rios.<\/div>\n<div style=\"text-align: justify\"><img loading=\"lazy\" decoding=\"async\" src=\"http:\/\/www.revistamissoes.org.br\/public\/tbnail\/?c=false&amp;w=286&amp;h=320&amp;f=..\/..\/\/public\/images\/mcefiles\/images\/domsergiobrasilia.jpg\" alt=\"\" width=\"286\" height=\"320\" \/>Um dos redatores da mensagem final do S\u00ednodo dos Bispos sobre a Nova Evangeliza\u00e7\u00e3o, Dom S\u00e9rgio da Rocha, Arcebispo de Bras\u00edlia (DF), fez um breve resumo do texto, divulgado nesta sexta-feira, 26, em italiano. Em entrevista \u00e0 nossa correspondente em Roma, Danusa Rego, o arcebispo destacou o pedido especial do S\u00ednodo feito \u00e0 Am\u00e9rica Latina.<\/div>\n<div style=\"text-align: justify\">Dom S\u00e9rgio explicou que a mensagem t\u00eam especial import\u00e2ncia para o S\u00ednodo e para a Igreja, pois costuma ser refer\u00eancia at\u00e9 a publica\u00e7\u00e3o da Exorta\u00e7\u00e3o Apost\u00f3lica, que ser\u00e1 elaborada pelo pr\u00f3prio Papa. Segundo o arcebispo, a mensagem quer ser uma palavra que os padres sinodais dirigem \u00e0 Igreja, sem ter a pretens\u00e3o de ser um resumo do S\u00ednodo. Este resumo estar\u00e1 nas chamadas proposi\u00e7\u00f5es, que est\u00e3o sendo elaboradas e, em breve, ser\u00e3o aprovadas.<\/div>\n<div style=\"text-align: justify\">O padre sinodal disse que a mensagem tem, primeiramente, um esp\u00edrito de gratid\u00e3o e de esperan\u00e7a.<\/div>\n<div style=\"text-align: justify\">&#8220;\u00c9 uma mensagem de agradecimento a todos os que se dedicam de maneira t\u00e3o generosa \u00e0 evangeliza\u00e7\u00e3o em nossa Igreja, os que est\u00e3o abra\u00e7ando a causa da nova evangeliza\u00e7\u00e3o, e ao mesmo tempo, uma palavra de esperan\u00e7a, que vem de Deus, sabendo que o primeiro agente da evangeliza\u00e7\u00e3o \u00e9 sempre o Esp\u00edrito Santo. Por isso, nossa esperan\u00e7a de uma evangeliza\u00e7\u00e3o nova, que produza cora\u00e7\u00f5es novos, pessoas novas, vida nova, fam\u00edlias novas, sociedade nova, isto \u00e9, essa novidade radical do Evangelho acontecendo concretamente na vida das pessoas, na vida da sociedade hoje&#8221;, refor\u00e7ou.<\/div>\n<div style=\"text-align: justify\">Em um segundo momento, destaca o arcebispo, a pr\u00f3pria mensagem quer ser um est\u00edmulo para assumir o mandato mission\u00e1rio de Jesus de ir e fazer disc\u00edpulos. &#8220;N\u00f3s reconhecemos o que tem sido feito, agradecemos, louvamos a Deus por isso, mas sentimos que temos um longo caminho a percorrer, por isso, estamos aqui, buscando iluminar esse caminho com a Palavra de Deus, com as orienta\u00e7\u00f5es da Igreja, com o Magist\u00e9rio, e agora n\u00f3s precisamos, \u00e9 claro que com renovado ardor, abra\u00e7ar a evangeliza\u00e7\u00e3o&#8221;.<\/div>\n<div style=\"text-align: justify\"><strong>Tr\u00eas aspectos da mensagem<\/strong><\/div>\n<div style=\"text-align: justify\">Dom S\u00e9rgio resume a mensagem em tr\u00eas grandes pontos: a \u00eanfase no encontro com Jesus Cristo, a miss\u00e3o da Igreja e a novidade de ter uma palavra espec\u00edfica para cada continente.<\/div>\n<div style=\"text-align: justify\">Sobre o primeiro aspecto, o bispo destacou a necessidade de se evangelizar levando as pessoas a um verdadeiro encontro com Jesus, nas suas v\u00e1rias formas.<\/div>\n<div style=\"text-align: justify\">&#8220;O texto que est\u00e1 iluminando a mensagem \u00e9 o da samaritana, que vai buscar \u00e1gua no po\u00e7o e encontra em Jesus a \u00e1gua viva que vem saciar sua sede. Essa experi\u00eancia do encontro com Jesus feito com a samaritana, est\u00e1 hoje na base do an\u00fancio do Evangelho. N\u00f3s precisamos evangelizar a partir dessa experi\u00eancia do encontro com Jesus e levar as pessoas a experi\u00eancia do encontro com Cristo, nas suas v\u00e1rias express\u00f5es, na ora\u00e7\u00e3o, na escuta da Palavra, na Eucaristia, na vida da comunidade, no amor fraterno, no servi\u00e7o da caridade, tudo isso, na verdade como express\u00e3o do encontro com Cristo&#8221;, explicou.<\/div>\n<div style=\"text-align: justify\">Outro ponto \u00e9 a pr\u00f3pria vida da Igreja que assume a evangeliza\u00e7\u00e3o. &#8220;Embora a responsabilidade seja tamb\u00e9m de cada um de n\u00f3s, ela \u00e9 tarefa eclesial&#8221;, destaca Dom S\u00e9rgio. &#8220;N\u00e3o se evangeliza sozinho, cada um por si. N\u00f3s evangelizamos em comunh\u00e3o, assumindo a vida em comunidade. Esse \u00e9 um aspecto muito necess\u00e1rio hoje. N\u00f3s vivemos em uma sociedade muito individualista e n\u00e3o podemos reproduzir esse esquema dentro da Igreja, sobretudo, quando se trata desse trabalho evangelizador, n\u00f3s precisamos lan\u00e7ar juntos as redes, confiando na presen\u00e7a de Jesus Ressuscitado, em unidade&#8221;.<\/div>\n<div style=\"text-align: justify\">Por fim, um aspecto novo dessa mensagem, em rela\u00e7\u00e3o \u00e0s anteriores, \u00e9 uma palavra espec\u00edfica para cada continente. &#8220;Nas mensagem anteriores havia apenas uma palavra em geral para toda a Igreja, nesta mensagem, ocupa lugar especial no final, uma palavra dirigida a cada um dos continentes, para que a unidade da Igreja se expresse tamb\u00e9m valorizando a realidade pr\u00f3pria de cada regi\u00e3o, isto \u00e9, \u00e9 a Igreja que vive da comunh\u00e3o trinit\u00e1ria, a unidade nessa diversidade imensa, nessa riqueza e pluralidade imensa de dons de Deus&#8221;.<\/div>\n<div style=\"text-align: justify\">Em rela\u00e7\u00e3o \u00e0 Am\u00e9rica Latina, Dom S\u00e9rgio conta que h\u00e1 um reconhecimento dos valores que tem sido vividos nesta parte do continente, especialmente o valor da religiosidade popular, o servi\u00e7o da caridade e o di\u00e1logo com as culturas, e tamb\u00e9m quanto aos desafio da pobreza, da viol\u00eancia e do pluralismo religioso. O arcebispo disse que o S\u00ednodo refor\u00e7a o apelo da Confer\u00eancia de Aparecida. &#8220;A Igreja na Am\u00e9rica Latina \u00e9 convidada pelo S\u00ednodo a viver aquilo que \u00e9 a grande proposta de Aparecida: se colocar em estado permanente de miss\u00e3o, formando disc\u00edpulos mission\u00e1rios&#8221;.<\/div>\n<div style=\"text-align: justify\">Dom S\u00e9rgio afirmou ter esperan\u00e7a de que essa mensagem possa produzir muitos frutos em toda a Igreja, de maneira especial, no Brasil.<\/div>\n<div style=\"text-align: justify\"><em>Fonte: www.noticias.cancaonova.com<\/em><\/div>\n<\/div>\n<div>\n<div>Postado por\u00a0<a title=\"author profile\" rel=\"author\" href=\"http:\/\/www.blogger.com\/profile\/12037961757835243213\">Par\u00f3quia de Santo Afonso <\/a><\/div>\n<\/div>\n<p>&nbsp;<\/p>\n<div id=\"themify_builder_content-19728\" data-postid=\"19728\" class=\"themify_builder_content themify_builder_content-19728 themify_builder themify_builder_front\">\n\t<\/div>\n<!-- \/themify_builder_content -->","protected":false},"excerpt":{"rendered":"<p>Kelen Galvan e Danusa Rego A Igreja na Am\u00e9rica Latina \u00e9 convidada pelo S\u00ednodo a se colocar em estado permanente de miss\u00e3o, formando disc\u00edpulos mission\u00e1rios. Um dos redatores da mensagem final do S\u00ednodo dos Bispos sobre a Nova Evangeliza\u00e7\u00e3o, Dom S\u00e9rgio da Rocha, Arcebispo de Bras\u00edlia (DF), fez um breve resumo do texto, divulgado nesta [&hellip;]<\/p>\n","protected":false},"author":17,"featured_media":0,"comment_status":"open","ping_status":"open","sticky":false,"template":"","format":"standard","meta":{"ngg_post_thumbnail":0,"footnotes":""},"categories":[9],"tags":[],"yoast_head":"<!-- This site is optimized with the Yoast SEO plugin v23.5 - https:\/\/yoast.com\/wordpress\/plugins\/seo\/ -->\n<title>Bispo que ajudou escrever mensagem do S\u00ednodo d\u00e1 detalhes do texto - O Arcanjo no ar<\/title>\n<meta name=\"robots\" content=\"index, follow, max-snippet:-1, max-image-preview:large, max-video-preview:-1\" \/>\n<link rel=\"canonical\" href=\"https:\/\/www.oarcanjo.net\/site\/bispo-que-ajudou-escrever-mensagem-do-sinodo-da-detalhes-do-texto\/\" \/>\n<meta property=\"og:locale\" content=\"pt_BR\" \/>\n<meta property=\"og:type\" content=\"article\" \/>\n<meta property=\"og:title\" content=\"Bispo que ajudou escrever mensagem do S\u00ednodo d\u00e1 detalhes do texto - O Arcanjo no ar\" \/>\n<meta property=\"og:description\" content=\"Kelen Galvan e Danusa Rego A Igreja na Am\u00e9rica Latina \u00e9 convidada pelo S\u00ednodo a se colocar em estado permanente de miss\u00e3o, formando disc\u00edpulos mission\u00e1rios. Um dos redatores da mensagem final do S\u00ednodo dos Bispos sobre a Nova Evangeliza\u00e7\u00e3o, Dom S\u00e9rgio da Rocha, Arcebispo de Bras\u00edlia (DF), fez um breve resumo do texto, divulgado nesta [&hellip;]\" \/>\n<meta property=\"og:url\" content=\"https:\/\/www.oarcanjo.net\/site\/bispo-que-ajudou-escrever-mensagem-do-sinodo-da-detalhes-do-texto\/\" \/>\n<meta property=\"og:site_name\" content=\"O Arcanjo no ar\" \/>\n<meta property=\"article:publisher\" content=\"https:\/\/www.facebook.com\/OArcanjoNoAr\/\" \/>\n<meta property=\"article:published_time\" content=\"2012-10-26T19:44:08+00:00\" \/>\n<meta property=\"og:image\" content=\"http:\/\/www.revistamissoes.org.br\/public\/tbnail\/?c=false&amp;w=286&amp;h=320&amp;f=..\/..\/\/public\/images\/mcefiles\/images\/domsergiobrasilia.jpg\" \/>\n<meta name=\"author\" content=\"pe.geovane\" \/>\n<meta name=\"twitter:card\" content=\"summary_large_image\" \/>\n<meta name=\"twitter:label1\" content=\"Escrito por\" \/>\n\t<meta name=\"twitter:data1\" content=\"pe.geovane\" \/>\n\t<meta name=\"twitter:label2\" content=\"Est. tempo de leitura\" \/>\n\t<meta name=\"twitter:data2\" content=\"4 minutos\" \/>\n<script type=\"application\/ld+json\" class=\"yoast-schema-graph\">{\"@context\":\"https:\/\/schema.org\",\"@graph\":[{\"@type\":\"Article\",\"@id\":\"https:\/\/www.oarcanjo.net\/site\/bispo-que-ajudou-escrever-mensagem-do-sinodo-da-detalhes-do-texto\/#article\",\"isPartOf\":{\"@id\":\"https:\/\/www.oarcanjo.net\/site\/bispo-que-ajudou-escrever-mensagem-do-sinodo-da-detalhes-do-texto\/\"},\"author\":{\"name\":\"pe.geovane\",\"@id\":\"https:\/\/www.oarcanjo.net\/site\/#\/schema\/person\/58d7f78850a973b8e467c7ae4a7eb4ad\"},\"headline\":\"Bispo que ajudou escrever mensagem do S\u00ednodo d\u00e1 detalhes do texto\",\"datePublished\":\"2012-10-26T19:44:08+00:00\",\"dateModified\":\"2012-10-26T19:44:08+00:00\",\"mainEntityOfPage\":{\"@id\":\"https:\/\/www.oarcanjo.net\/site\/bispo-que-ajudou-escrever-mensagem-do-sinodo-da-detalhes-do-texto\/\"},\"wordCount\":907,\"commentCount\":0,\"publisher\":{\"@id\":\"https:\/\/www.oarcanjo.net\/site\/#organization\"},\"image\":{\"@id\":\"https:\/\/www.oarcanjo.net\/site\/bispo-que-ajudou-escrever-mensagem-do-sinodo-da-detalhes-do-texto\/#primaryimage\"},\"thumbnailUrl\":\"http:\/\/www.revistamissoes.org.br\/public\/tbnail\/?c=false&amp;w=286&amp;h=320&amp;f=..\/..\/\/public\/images\/mcefiles\/images\/domsergiobrasilia.jpg\",\"articleSection\":[\"Reflex\u00f5es\"],\"inLanguage\":\"pt-BR\",\"potentialAction\":[{\"@type\":\"CommentAction\",\"name\":\"Comment\",\"target\":[\"https:\/\/www.oarcanjo.net\/site\/bispo-que-ajudou-escrever-mensagem-do-sinodo-da-detalhes-do-texto\/#respond\"]}]},{\"@type\":\"WebPage\",\"@id\":\"https:\/\/www.oarcanjo.net\/site\/bispo-que-ajudou-escrever-mensagem-do-sinodo-da-detalhes-do-texto\/\",\"url\":\"https:\/\/www.oarcanjo.net\/site\/bispo-que-ajudou-escrever-mensagem-do-sinodo-da-detalhes-do-texto\/\",\"name\":\"Bispo que ajudou escrever mensagem do S\u00ednodo d\u00e1 detalhes do texto - O Arcanjo no ar\",\"isPartOf\":{\"@id\":\"https:\/\/www.oarcanjo.net\/site\/#website\"},\"primaryImageOfPage\":{\"@id\":\"https:\/\/www.oarcanjo.net\/site\/bispo-que-ajudou-escrever-mensagem-do-sinodo-da-detalhes-do-texto\/#primaryimage\"},\"image\":{\"@id\":\"https:\/\/www.oarcanjo.net\/site\/bispo-que-ajudou-escrever-mensagem-do-sinodo-da-detalhes-do-texto\/#primaryimage\"},\"thumbnailUrl\":\"http:\/\/www.revistamissoes.org.br\/public\/tbnail\/?c=false&amp;w=286&amp;h=320&amp;f=..\/..\/\/public\/images\/mcefiles\/images\/domsergiobrasilia.jpg\",\"datePublished\":\"2012-10-26T19:44:08+00:00\",\"dateModified\":\"2012-10-26T19:44:08+00:00\",\"breadcrumb\":{\"@id\":\"https:\/\/www.oarcanjo.net\/site\/bispo-que-ajudou-escrever-mensagem-do-sinodo-da-detalhes-do-texto\/#breadcrumb\"},\"inLanguage\":\"pt-BR\",\"potentialAction\":[{\"@type\":\"ReadAction\",\"target\":[\"https:\/\/www.oarcanjo.net\/site\/bispo-que-ajudou-escrever-mensagem-do-sinodo-da-detalhes-do-texto\/\"]}]},{\"@type\":\"ImageObject\",\"inLanguage\":\"pt-BR\",\"@id\":\"https:\/\/www.oarcanjo.net\/site\/bispo-que-ajudou-escrever-mensagem-do-sinodo-da-detalhes-do-texto\/#primaryimage\",\"url\":\"http:\/\/www.revistamissoes.org.br\/public\/tbnail\/?c=false&amp;w=286&amp;h=320&amp;f=..\/..\/\/public\/images\/mcefiles\/images\/domsergiobrasilia.jpg\",\"contentUrl\":\"http:\/\/www.revistamissoes.org.br\/public\/tbnail\/?c=false&amp;w=286&amp;h=320&amp;f=..\/..\/\/public\/images\/mcefiles\/images\/domsergiobrasilia.jpg\"},{\"@type\":\"BreadcrumbList\",\"@id\":\"https:\/\/www.oarcanjo.net\/site\/bispo-que-ajudou-escrever-mensagem-do-sinodo-da-detalhes-do-texto\/#breadcrumb\",\"itemListElement\":[{\"@type\":\"ListItem\",\"position\":1,\"name\":\"In\u00edcio\",\"item\":\"https:\/\/www.oarcanjo.net\/site\/\"},{\"@type\":\"ListItem\",\"position\":2,\"name\":\"Bispo que ajudou escrever mensagem do S\u00ednodo d\u00e1 detalhes do texto\"}]},{\"@type\":\"WebSite\",\"@id\":\"https:\/\/www.oarcanjo.net\/site\/#website\",\"url\":\"https:\/\/www.oarcanjo.net\/site\/\",\"name\":\"O Arcanjo no ar\",\"description\":\"Site da Par\u00f3quia S\u00e3o Miguel Arcanjo (Arquidiocese de SP)\",\"publisher\":{\"@id\":\"https:\/\/www.oarcanjo.net\/site\/#organization\"},\"potentialAction\":[{\"@type\":\"SearchAction\",\"target\":{\"@type\":\"EntryPoint\",\"urlTemplate\":\"https:\/\/www.oarcanjo.net\/site\/?s={search_term_string}\"},\"query-input\":{\"@type\":\"PropertyValueSpecification\",\"valueRequired\":true,\"valueName\":\"search_term_string\"}}],\"inLanguage\":\"pt-BR\"},{\"@type\":\"Organization\",\"@id\":\"https:\/\/www.oarcanjo.net\/site\/#organization\",\"name\":\"Par\u00f3quia S\u00e3o Miguel Arcanjo\",\"url\":\"https:\/\/www.oarcanjo.net\/site\/\",\"logo\":{\"@type\":\"ImageObject\",\"inLanguage\":\"pt-BR\",\"@id\":\"https:\/\/www.oarcanjo.net\/site\/#\/schema\/logo\/image\/\",\"url\":\"https:\/\/www.oarcanjo.net\/site\/wp-content\/uploads\/LogoOArcanjo.png\",\"contentUrl\":\"https:\/\/www.oarcanjo.net\/site\/wp-content\/uploads\/LogoOArcanjo.png\",\"width\":319,\"height\":99,\"caption\":\"Par\u00f3quia S\u00e3o Miguel Arcanjo\"},\"image\":{\"@id\":\"https:\/\/www.oarcanjo.net\/site\/#\/schema\/logo\/image\/\"},\"sameAs\":[\"https:\/\/www.facebook.com\/OArcanjoNoAr\/\"]},{\"@type\":\"Person\",\"@id\":\"https:\/\/www.oarcanjo.net\/site\/#\/schema\/person\/58d7f78850a973b8e467c7ae4a7eb4ad\",\"name\":\"pe.geovane\"}]}<\/script>\n<!-- \/ Yoast SEO plugin. -->","yoast_head_json":{"title":"Bispo que ajudou escrever mensagem do S\u00ednodo d\u00e1 detalhes do texto - O Arcanjo no ar","robots":{"index":"index","follow":"follow","max-snippet":"max-snippet:-1","max-image-preview":"max-image-preview:large","max-video-preview":"max-video-preview:-1"},"canonical":"https:\/\/www.oarcanjo.net\/site\/bispo-que-ajudou-escrever-mensagem-do-sinodo-da-detalhes-do-texto\/","og_locale":"pt_BR","og_type":"article","og_title":"Bispo que ajudou escrever mensagem do S\u00ednodo d\u00e1 detalhes do texto - O Arcanjo no ar","og_description":"Kelen Galvan e Danusa Rego A Igreja na Am\u00e9rica Latina \u00e9 convidada pelo S\u00ednodo a se colocar em estado permanente de miss\u00e3o, formando disc\u00edpulos mission\u00e1rios. Um dos redatores da mensagem final do S\u00ednodo dos Bispos sobre a Nova Evangeliza\u00e7\u00e3o, Dom S\u00e9rgio da Rocha, Arcebispo de Bras\u00edlia (DF), fez um breve resumo do texto, divulgado nesta [&hellip;]","og_url":"https:\/\/www.oarcanjo.net\/site\/bispo-que-ajudou-escrever-mensagem-do-sinodo-da-detalhes-do-texto\/","og_site_name":"O Arcanjo no ar","article_publisher":"https:\/\/www.facebook.com\/OArcanjoNoAr\/","article_published_time":"2012-10-26T19:44:08+00:00","og_image":[{"url":"http:\/\/www.revistamissoes.org.br\/public\/tbnail\/?c=false&amp;w=286&amp;h=320&amp;f=..\/..\/\/public\/images\/mcefiles\/images\/domsergiobrasilia.jpg"}],"author":"pe.geovane","twitter_card":"summary_large_image","twitter_misc":{"Escrito por":"pe.geovane","Est. tempo de leitura":"4 minutos"},"schema":{"@context":"https:\/\/schema.org","@graph":[{"@type":"Article","@id":"https:\/\/www.oarcanjo.net\/site\/bispo-que-ajudou-escrever-mensagem-do-sinodo-da-detalhes-do-texto\/#article","isPartOf":{"@id":"https:\/\/www.oarcanjo.net\/site\/bispo-que-ajudou-escrever-mensagem-do-sinodo-da-detalhes-do-texto\/"},"author":{"name":"pe.geovane","@id":"https:\/\/www.oarcanjo.net\/site\/#\/schema\/person\/58d7f78850a973b8e467c7ae4a7eb4ad"},"headline":"Bispo que ajudou escrever mensagem do S\u00ednodo d\u00e1 detalhes do texto","datePublished":"2012-10-26T19:44:08+00:00","dateModified":"2012-10-26T19:44:08+00:00","mainEntityOfPage":{"@id":"https:\/\/www.oarcanjo.net\/site\/bispo-que-ajudou-escrever-mensagem-do-sinodo-da-detalhes-do-texto\/"},"wordCount":907,"commentCount":0,"publisher":{"@id":"https:\/\/www.oarcanjo.net\/site\/#organization"},"image":{"@id":"https:\/\/www.oarcanjo.net\/site\/bispo-que-ajudou-escrever-mensagem-do-sinodo-da-detalhes-do-texto\/#primaryimage"},"thumbnailUrl":"http:\/\/www.revistamissoes.org.br\/public\/tbnail\/?c=false&amp;w=286&amp;h=320&amp;f=..\/..\/\/public\/images\/mcefiles\/images\/domsergiobrasilia.jpg","articleSection":["Reflex\u00f5es"],"inLanguage":"pt-BR","potentialAction":[{"@type":"CommentAction","name":"Comment","target":["https:\/\/www.oarcanjo.net\/site\/bispo-que-ajudou-escrever-mensagem-do-sinodo-da-detalhes-do-texto\/#respond"]}]},{"@type":"WebPage","@id":"https:\/\/www.oarcanjo.net\/site\/bispo-que-ajudou-escrever-mensagem-do-sinodo-da-detalhes-do-texto\/","url":"https:\/\/www.oarcanjo.net\/site\/bispo-que-ajudou-escrever-mensagem-do-sinodo-da-detalhes-do-texto\/","name":"Bispo que ajudou escrever mensagem do S\u00ednodo d\u00e1 detalhes do texto - O Arcanjo no ar","isPartOf":{"@id":"https:\/\/www.oarcanjo.net\/site\/#website"},"primaryImageOfPage":{"@id":"https:\/\/www.oarcanjo.net\/site\/bispo-que-ajudou-escrever-mensagem-do-sinodo-da-detalhes-do-texto\/#primaryimage"},"image":{"@id":"https:\/\/www.oarcanjo.net\/site\/bispo-que-ajudou-escrever-mensagem-do-sinodo-da-detalhes-do-texto\/#primaryimage"},"thumbnailUrl":"http:\/\/www.revistamissoes.org.br\/public\/tbnail\/?c=false&amp;w=286&amp;h=320&amp;f=..\/..\/\/public\/images\/mcefiles\/images\/domsergiobrasilia.jpg","datePublished":"2012-10-26T19:44:08+00:00","dateModified":"2012-10-26T19:44:08+00:00","breadcrumb":{"@id":"https:\/\/www.oarcanjo.net\/site\/bispo-que-ajudou-escrever-mensagem-do-sinodo-da-detalhes-do-texto\/#breadcrumb"},"inLanguage":"pt-BR","potentialAction":[{"@type":"ReadAction","target":["https:\/\/www.oarcanjo.net\/site\/bispo-que-ajudou-escrever-mensagem-do-sinodo-da-detalhes-do-texto\/"]}]},{"@type":"ImageObject","inLanguage":"pt-BR","@id":"https:\/\/www.oarcanjo.net\/site\/bispo-que-ajudou-escrever-mensagem-do-sinodo-da-detalhes-do-texto\/#primaryimage","url":"http:\/\/www.revistamissoes.org.br\/public\/tbnail\/?c=false&amp;w=286&amp;h=320&amp;f=..\/..\/\/public\/images\/mcefiles\/images\/domsergiobrasilia.jpg","contentUrl":"http:\/\/www.revistamissoes.org.br\/public\/tbnail\/?c=false&amp;w=286&amp;h=320&amp;f=..\/..\/\/public\/images\/mcefiles\/images\/domsergiobrasilia.jpg"},{"@type":"BreadcrumbList","@id":"https:\/\/www.oarcanjo.net\/site\/bispo-que-ajudou-escrever-mensagem-do-sinodo-da-detalhes-do-texto\/#breadcrumb","itemListElement":[{"@type":"ListItem","position":1,"name":"In\u00edcio","item":"https:\/\/www.oarcanjo.net\/site\/"},{"@type":"ListItem","position":2,"name":"Bispo que ajudou escrever mensagem do S\u00ednodo d\u00e1 detalhes do texto"}]},{"@type":"WebSite","@id":"https:\/\/www.oarcanjo.net\/site\/#website","url":"https:\/\/www.oarcanjo.net\/site\/","name":"O Arcanjo no ar","description":"Site da Par\u00f3quia S\u00e3o Miguel Arcanjo (Arquidiocese de SP)","publisher":{"@id":"https:\/\/www.oarcanjo.net\/site\/#organization"},"potentialAction":[{"@type":"SearchAction","target":{"@type":"EntryPoint","urlTemplate":"https:\/\/www.oarcanjo.net\/site\/?s={search_term_string}"},"query-input":{"@type":"PropertyValueSpecification","valueRequired":true,"valueName":"search_term_string"}}],"inLanguage":"pt-BR"},{"@type":"Organization","@id":"https:\/\/www.oarcanjo.net\/site\/#organization","name":"Par\u00f3quia S\u00e3o Miguel Arcanjo","url":"https:\/\/www.oarcanjo.net\/site\/","logo":{"@type":"ImageObject","inLanguage":"pt-BR","@id":"https:\/\/www.oarcanjo.net\/site\/#\/schema\/logo\/image\/","url":"https:\/\/www.oarcanjo.net\/site\/wp-content\/uploads\/LogoOArcanjo.png","contentUrl":"https:\/\/www.oarcanjo.net\/site\/wp-content\/uploads\/LogoOArcanjo.png","width":319,"height":99,"caption":"Par\u00f3quia S\u00e3o Miguel Arcanjo"},"image":{"@id":"https:\/\/www.oarcanjo.net\/site\/#\/schema\/logo\/image\/"},"sameAs":["https:\/\/www.facebook.com\/OArcanjoNoAr\/"]},{"@type":"Person","@id":"https:\/\/www.oarcanjo.net\/site\/#\/schema\/person\/58d7f78850a973b8e467c7ae4a7eb4ad","name":"pe.geovane"}]}},"publishpress_future_action":{"enabled":false,"date":"2026-05-09 10:25:05","action":"category","newStatus":"draft","terms":[],"taxonomy":"category"},"publishpress_future_workflow_manual_trigger":{"enabledWorkflows":[]},"_links":{"self":[{"href":"https:\/\/www.oarcanjo.net\/site\/wp-json\/wp\/v2\/posts\/19728"}],"collection":[{"href":"https:\/\/www.oarcanjo.net\/site\/wp-json\/wp\/v2\/posts"}],"about":[{"href":"https:\/\/www.oarcanjo.net\/site\/wp-json\/wp\/v2\/types\/post"}],"author":[{"embeddable":true,"href":"https:\/\/www.oarcanjo.net\/site\/wp-json\/wp\/v2\/users\/17"}],"replies":[{"embeddable":true,"href":"https:\/\/www.oarcanjo.net\/site\/wp-json\/wp\/v2\/comments?post=19728"}],"version-history":[{"count":0,"href":"https:\/\/www.oarcanjo.net\/site\/wp-json\/wp\/v2\/posts\/19728\/revisions"}],"wp:attachment":[{"href":"https:\/\/www.oarcanjo.net\/site\/wp-json\/wp\/v2\/media?parent=19728"}],"wp:term":[{"taxonomy":"category","embeddable":true,"href":"https:\/\/www.oarcanjo.net\/site\/wp-json\/wp\/v2\/categories?post=19728"},{"taxonomy":"post_tag","embeddable":true,"href":"https:\/\/www.oarcanjo.net\/site\/wp-json\/wp\/v2\/tags?post=19728"}],"curies":[{"name":"wp","href":"https:\/\/api.w.org\/{rel}","templated":true}]}}