
{"id":19734,"date":"2012-10-29T19:42:02","date_gmt":"2012-10-29T21:42:02","guid":{"rendered":"http:\/\/www.oarcanjo.net\/site\/?p=19734"},"modified":"2012-11-02T10:27:01","modified_gmt":"2012-11-02T12:27:01","slug":"missas-de-finados-serao-as-7h-da-manha-e-7h-da-noite","status":"publish","type":"post","link":"https:\/\/www.oarcanjo.net\/site\/missas-de-finados-serao-as-7h-da-manha-e-7h-da-noite\/","title":{"rendered":"Missas de Finados ser\u00e3o \u00e0s 7h da manh\u00e3 e 7h da noite"},"content":{"rendered":"<p>No dia de Finados, haver\u00e1 missas \u00e0s 7h da manh\u00e3 e \u00e0s 19h na igreja S\u00e3o Miguel Arcanjo. Como toda primeira sexta-feira do m\u00eas, tamb\u00e9m haver\u00e1 o Ter\u00e7o dos Homens, depois da missa das 19hs.\u00a0Nesse dia, o Pe. Julio celebra tamb\u00e9m no Cemit\u00e9rio de Perus, na vala comum em que foram enterrados presos pol\u00edticos da ditadura militar e moradores de rua. Veja mais informa\u00e7\u00f5es nos avisos da semana:<\/p>\n<p><iframe loading=\"lazy\" frameborder=\"0\" height=\"315\" src=\"http:\/\/www.youtube.com\/embed\/J7gEDurNyfA?rel=0\" width=\"560\"><\/iframe><\/p>\n<p>No final da missa de domingo, 28\/10, dia de elei\u00e7\u00e3o, o Pe. Julio defendeu uma cidade mais humana e recomendou \u00e0 comunidade manter a esperan\u00e7a e lutar:<\/p>\n<p><iframe loading=\"lazy\" frameborder=\"0\" height=\"315\" src=\"http:\/\/www.youtube.com\/embed\/1LDqUt8BZAk?rel=0\" width=\"560\"><\/iframe><\/p>\n<div id=\"themify_builder_content-19734\" data-postid=\"19734\" class=\"themify_builder_content themify_builder_content-19734 themify_builder themify_builder_front\">\n\t<\/div>\n<!-- \/themify_builder_content -->","protected":false},"excerpt":{"rendered":"<p>No dia de Finados, haver\u00e1 missas \u00e0s 7h da manh\u00e3 e \u00e0s 19h na igreja S\u00e3o Miguel Arcanjo. Como toda primeira sexta-feira do m\u00eas, tamb\u00e9m haver\u00e1 o Ter\u00e7o dos Homens, depois da missa das 19hs.\u00a0Nesse dia, o Pe. Julio celebra tamb\u00e9m no Cemit\u00e9rio de Perus, na vala comum em que foram enterrados presos pol\u00edticos da [&hellip;]<\/p>\n","protected":false},"author":5,"featured_media":0,"comment_status":"open","ping_status":"open","sticky":false,"template":"","format":"standard","meta":{"ngg_post_thumbnail":0,"footnotes":""},"categories":[476,8],"tags":[3213,323,67,91,2302],"yoast_head":"<!-- This site is optimized with the Yoast SEO plugin v23.5 - https:\/\/yoast.com\/wordpress\/plugins\/seo\/ -->\n<title>Missas de Finados ser\u00e3o \u00e0s 7h da manh\u00e3 e 7h da noite - O Arcanjo no ar<\/title>\n<meta name=\"robots\" content=\"index, follow, max-snippet:-1, max-image-preview:large, max-video-preview:-1\" \/>\n<link rel=\"canonical\" href=\"https:\/\/www.oarcanjo.net\/site\/missas-de-finados-serao-as-7h-da-manha-e-7h-da-noite\/\" \/>\n<meta property=\"og:locale\" content=\"pt_BR\" \/>\n<meta property=\"og:type\" content=\"article\" \/>\n<meta property=\"og:title\" content=\"Missas de Finados ser\u00e3o \u00e0s 7h da manh\u00e3 e 7h da noite - O Arcanjo no ar\" \/>\n<meta property=\"og:description\" content=\"No dia de Finados, haver\u00e1 missas \u00e0s 7h da manh\u00e3 e \u00e0s 19h na igreja S\u00e3o Miguel Arcanjo. Como toda primeira sexta-feira do m\u00eas, tamb\u00e9m haver\u00e1 o Ter\u00e7o dos Homens, depois da missa das 19hs.\u00a0Nesse dia, o Pe. Julio celebra tamb\u00e9m no Cemit\u00e9rio de Perus, na vala comum em que foram enterrados presos pol\u00edticos da [&hellip;]\" \/>\n<meta property=\"og:url\" content=\"https:\/\/www.oarcanjo.net\/site\/missas-de-finados-serao-as-7h-da-manha-e-7h-da-noite\/\" \/>\n<meta property=\"og:site_name\" content=\"O Arcanjo no ar\" \/>\n<meta property=\"article:publisher\" content=\"https:\/\/www.facebook.com\/OArcanjoNoAr\/\" \/>\n<meta property=\"article:published_time\" content=\"2012-10-29T21:42:02+00:00\" \/>\n<meta property=\"article:modified_time\" content=\"2012-11-02T12:27:01+00:00\" \/>\n<meta property=\"og:image\" content=\"https:\/\/www.oarcanjo.net\/site\/wp-content\/uploads\/logo-o-arcanjo-no-ar-facebook.png\" \/>\n\t<meta property=\"og:image:width\" content=\"300\" \/>\n\t<meta property=\"og:image:height\" content=\"300\" \/>\n\t<meta property=\"og:image:type\" content=\"image\/png\" \/>\n<meta name=\"author\" content=\"editor\" \/>\n<meta name=\"twitter:card\" content=\"summary_large_image\" \/>\n<meta name=\"twitter:label1\" content=\"Escrito por\" \/>\n\t<meta name=\"twitter:data1\" content=\"editor\" \/>\n\t<meta name=\"twitter:label2\" content=\"Est. tempo de leitura\" \/>\n\t<meta name=\"twitter:data2\" content=\"1 minuto\" \/>\n<script type=\"application\/ld+json\" class=\"yoast-schema-graph\">{\"@context\":\"https:\/\/schema.org\",\"@graph\":[{\"@type\":\"Article\",\"@id\":\"https:\/\/www.oarcanjo.net\/site\/missas-de-finados-serao-as-7h-da-manha-e-7h-da-noite\/#article\",\"isPartOf\":{\"@id\":\"https:\/\/www.oarcanjo.net\/site\/missas-de-finados-serao-as-7h-da-manha-e-7h-da-noite\/\"},\"author\":{\"name\":\"editor\",\"@id\":\"https:\/\/www.oarcanjo.net\/site\/#\/schema\/person\/f7024d007863202483a31326673a0838\"},\"headline\":\"Missas de Finados ser\u00e3o \u00e0s 7h da manh\u00e3 e 7h da noite\",\"datePublished\":\"2012-10-29T21:42:02+00:00\",\"dateModified\":\"2012-11-02T12:27:01+00:00\",\"mainEntityOfPage\":{\"@id\":\"https:\/\/www.oarcanjo.net\/site\/missas-de-finados-serao-as-7h-da-manha-e-7h-da-noite\/\"},\"wordCount\":117,\"commentCount\":1,\"publisher\":{\"@id\":\"https:\/\/www.oarcanjo.net\/site\/#organization\"},\"keywords\":[\"Ano da F\u00e9\",\"Catequese\",\"finados\",\"povo da rua\",\"presos pol\u00edticos\"],\"articleSection\":[\"Avisos\",\"Not\u00edcias\"],\"inLanguage\":\"pt-BR\",\"potentialAction\":[{\"@type\":\"CommentAction\",\"name\":\"Comment\",\"target\":[\"https:\/\/www.oarcanjo.net\/site\/missas-de-finados-serao-as-7h-da-manha-e-7h-da-noite\/#respond\"]}]},{\"@type\":\"WebPage\",\"@id\":\"https:\/\/www.oarcanjo.net\/site\/missas-de-finados-serao-as-7h-da-manha-e-7h-da-noite\/\",\"url\":\"https:\/\/www.oarcanjo.net\/site\/missas-de-finados-serao-as-7h-da-manha-e-7h-da-noite\/\",\"name\":\"Missas de Finados ser\u00e3o \u00e0s 7h da manh\u00e3 e 7h da noite - O Arcanjo no ar\",\"isPartOf\":{\"@id\":\"https:\/\/www.oarcanjo.net\/site\/#website\"},\"datePublished\":\"2012-10-29T21:42:02+00:00\",\"dateModified\":\"2012-11-02T12:27:01+00:00\",\"breadcrumb\":{\"@id\":\"https:\/\/www.oarcanjo.net\/site\/missas-de-finados-serao-as-7h-da-manha-e-7h-da-noite\/#breadcrumb\"},\"inLanguage\":\"pt-BR\",\"potentialAction\":[{\"@type\":\"ReadAction\",\"target\":[\"https:\/\/www.oarcanjo.net\/site\/missas-de-finados-serao-as-7h-da-manha-e-7h-da-noite\/\"]}]},{\"@type\":\"BreadcrumbList\",\"@id\":\"https:\/\/www.oarcanjo.net\/site\/missas-de-finados-serao-as-7h-da-manha-e-7h-da-noite\/#breadcrumb\",\"itemListElement\":[{\"@type\":\"ListItem\",\"position\":1,\"name\":\"In\u00edcio\",\"item\":\"https:\/\/www.oarcanjo.net\/site\/\"},{\"@type\":\"ListItem\",\"position\":2,\"name\":\"Missas de Finados ser\u00e3o \u00e0s 7h da manh\u00e3 e 7h da noite\"}]},{\"@type\":\"WebSite\",\"@id\":\"https:\/\/www.oarcanjo.net\/site\/#website\",\"url\":\"https:\/\/www.oarcanjo.net\/site\/\",\"name\":\"O Arcanjo no ar\",\"description\":\"Site da Par\u00f3quia S\u00e3o Miguel Arcanjo (Arquidiocese de SP)\",\"publisher\":{\"@id\":\"https:\/\/www.oarcanjo.net\/site\/#organization\"},\"potentialAction\":[{\"@type\":\"SearchAction\",\"target\":{\"@type\":\"EntryPoint\",\"urlTemplate\":\"https:\/\/www.oarcanjo.net\/site\/?s={search_term_string}\"},\"query-input\":{\"@type\":\"PropertyValueSpecification\",\"valueRequired\":true,\"valueName\":\"search_term_string\"}}],\"inLanguage\":\"pt-BR\"},{\"@type\":\"Organization\",\"@id\":\"https:\/\/www.oarcanjo.net\/site\/#organization\",\"name\":\"Par\u00f3quia S\u00e3o Miguel Arcanjo\",\"url\":\"https:\/\/www.oarcanjo.net\/site\/\",\"logo\":{\"@type\":\"ImageObject\",\"inLanguage\":\"pt-BR\",\"@id\":\"https:\/\/www.oarcanjo.net\/site\/#\/schema\/logo\/image\/\",\"url\":\"https:\/\/www.oarcanjo.net\/site\/wp-content\/uploads\/LogoOArcanjo.png\",\"contentUrl\":\"https:\/\/www.oarcanjo.net\/site\/wp-content\/uploads\/LogoOArcanjo.png\",\"width\":319,\"height\":99,\"caption\":\"Par\u00f3quia S\u00e3o Miguel Arcanjo\"},\"image\":{\"@id\":\"https:\/\/www.oarcanjo.net\/site\/#\/schema\/logo\/image\/\"},\"sameAs\":[\"https:\/\/www.facebook.com\/OArcanjoNoAr\/\"]},{\"@type\":\"Person\",\"@id\":\"https:\/\/www.oarcanjo.net\/site\/#\/schema\/person\/f7024d007863202483a31326673a0838\",\"name\":\"editor\",\"sameAs\":[\"http:\/\/www.oarcanjo.net\"]}]}<\/script>\n<!-- \/ Yoast SEO plugin. -->","yoast_head_json":{"title":"Missas de Finados ser\u00e3o \u00e0s 7h da manh\u00e3 e 7h da noite - O Arcanjo no ar","robots":{"index":"index","follow":"follow","max-snippet":"max-snippet:-1","max-image-preview":"max-image-preview:large","max-video-preview":"max-video-preview:-1"},"canonical":"https:\/\/www.oarcanjo.net\/site\/missas-de-finados-serao-as-7h-da-manha-e-7h-da-noite\/","og_locale":"pt_BR","og_type":"article","og_title":"Missas de Finados ser\u00e3o \u00e0s 7h da manh\u00e3 e 7h da noite - O Arcanjo no ar","og_description":"No dia de Finados, haver\u00e1 missas \u00e0s 7h da manh\u00e3 e \u00e0s 19h na igreja S\u00e3o Miguel Arcanjo. Como toda primeira sexta-feira do m\u00eas, tamb\u00e9m haver\u00e1 o Ter\u00e7o dos Homens, depois da missa das 19hs.\u00a0Nesse dia, o Pe. Julio celebra tamb\u00e9m no Cemit\u00e9rio de Perus, na vala comum em que foram enterrados presos pol\u00edticos da [&hellip;]","og_url":"https:\/\/www.oarcanjo.net\/site\/missas-de-finados-serao-as-7h-da-manha-e-7h-da-noite\/","og_site_name":"O Arcanjo no ar","article_publisher":"https:\/\/www.facebook.com\/OArcanjoNoAr\/","article_published_time":"2012-10-29T21:42:02+00:00","article_modified_time":"2012-11-02T12:27:01+00:00","og_image":[{"width":300,"height":300,"url":"https:\/\/www.oarcanjo.net\/site\/wp-content\/uploads\/logo-o-arcanjo-no-ar-facebook.png","type":"image\/png"}],"author":"editor","twitter_card":"summary_large_image","twitter_misc":{"Escrito por":"editor","Est. tempo de leitura":"1 minuto"},"schema":{"@context":"https:\/\/schema.org","@graph":[{"@type":"Article","@id":"https:\/\/www.oarcanjo.net\/site\/missas-de-finados-serao-as-7h-da-manha-e-7h-da-noite\/#article","isPartOf":{"@id":"https:\/\/www.oarcanjo.net\/site\/missas-de-finados-serao-as-7h-da-manha-e-7h-da-noite\/"},"author":{"name":"editor","@id":"https:\/\/www.oarcanjo.net\/site\/#\/schema\/person\/f7024d007863202483a31326673a0838"},"headline":"Missas de Finados ser\u00e3o \u00e0s 7h da manh\u00e3 e 7h da noite","datePublished":"2012-10-29T21:42:02+00:00","dateModified":"2012-11-02T12:27:01+00:00","mainEntityOfPage":{"@id":"https:\/\/www.oarcanjo.net\/site\/missas-de-finados-serao-as-7h-da-manha-e-7h-da-noite\/"},"wordCount":117,"commentCount":1,"publisher":{"@id":"https:\/\/www.oarcanjo.net\/site\/#organization"},"keywords":["Ano da F\u00e9","Catequese","finados","povo da rua","presos pol\u00edticos"],"articleSection":["Avisos","Not\u00edcias"],"inLanguage":"pt-BR","potentialAction":[{"@type":"CommentAction","name":"Comment","target":["https:\/\/www.oarcanjo.net\/site\/missas-de-finados-serao-as-7h-da-manha-e-7h-da-noite\/#respond"]}]},{"@type":"WebPage","@id":"https:\/\/www.oarcanjo.net\/site\/missas-de-finados-serao-as-7h-da-manha-e-7h-da-noite\/","url":"https:\/\/www.oarcanjo.net\/site\/missas-de-finados-serao-as-7h-da-manha-e-7h-da-noite\/","name":"Missas de Finados ser\u00e3o \u00e0s 7h da manh\u00e3 e 7h da noite - O Arcanjo no ar","isPartOf":{"@id":"https:\/\/www.oarcanjo.net\/site\/#website"},"datePublished":"2012-10-29T21:42:02+00:00","dateModified":"2012-11-02T12:27:01+00:00","breadcrumb":{"@id":"https:\/\/www.oarcanjo.net\/site\/missas-de-finados-serao-as-7h-da-manha-e-7h-da-noite\/#breadcrumb"},"inLanguage":"pt-BR","potentialAction":[{"@type":"ReadAction","target":["https:\/\/www.oarcanjo.net\/site\/missas-de-finados-serao-as-7h-da-manha-e-7h-da-noite\/"]}]},{"@type":"BreadcrumbList","@id":"https:\/\/www.oarcanjo.net\/site\/missas-de-finados-serao-as-7h-da-manha-e-7h-da-noite\/#breadcrumb","itemListElement":[{"@type":"ListItem","position":1,"name":"In\u00edcio","item":"https:\/\/www.oarcanjo.net\/site\/"},{"@type":"ListItem","position":2,"name":"Missas de Finados ser\u00e3o \u00e0s 7h da manh\u00e3 e 7h da noite"}]},{"@type":"WebSite","@id":"https:\/\/www.oarcanjo.net\/site\/#website","url":"https:\/\/www.oarcanjo.net\/site\/","name":"O Arcanjo no ar","description":"Site da Par\u00f3quia S\u00e3o Miguel Arcanjo (Arquidiocese de SP)","publisher":{"@id":"https:\/\/www.oarcanjo.net\/site\/#organization"},"potentialAction":[{"@type":"SearchAction","target":{"@type":"EntryPoint","urlTemplate":"https:\/\/www.oarcanjo.net\/site\/?s={search_term_string}"},"query-input":{"@type":"PropertyValueSpecification","valueRequired":true,"valueName":"search_term_string"}}],"inLanguage":"pt-BR"},{"@type":"Organization","@id":"https:\/\/www.oarcanjo.net\/site\/#organization","name":"Par\u00f3quia S\u00e3o Miguel Arcanjo","url":"https:\/\/www.oarcanjo.net\/site\/","logo":{"@type":"ImageObject","inLanguage":"pt-BR","@id":"https:\/\/www.oarcanjo.net\/site\/#\/schema\/logo\/image\/","url":"https:\/\/www.oarcanjo.net\/site\/wp-content\/uploads\/LogoOArcanjo.png","contentUrl":"https:\/\/www.oarcanjo.net\/site\/wp-content\/uploads\/LogoOArcanjo.png","width":319,"height":99,"caption":"Par\u00f3quia S\u00e3o Miguel Arcanjo"},"image":{"@id":"https:\/\/www.oarcanjo.net\/site\/#\/schema\/logo\/image\/"},"sameAs":["https:\/\/www.facebook.com\/OArcanjoNoAr\/"]},{"@type":"Person","@id":"https:\/\/www.oarcanjo.net\/site\/#\/schema\/person\/f7024d007863202483a31326673a0838","name":"editor","sameAs":["http:\/\/www.oarcanjo.net"]}]}},"publishpress_future_action":{"enabled":false,"date":"2026-05-09 09:59:31","action":"category","newStatus":"draft","terms":[],"taxonomy":"category"},"publishpress_future_workflow_manual_trigger":{"enabledWorkflows":[]},"_links":{"self":[{"href":"https:\/\/www.oarcanjo.net\/site\/wp-json\/wp\/v2\/posts\/19734"}],"collection":[{"href":"https:\/\/www.oarcanjo.net\/site\/wp-json\/wp\/v2\/posts"}],"about":[{"href":"https:\/\/www.oarcanjo.net\/site\/wp-json\/wp\/v2\/types\/post"}],"author":[{"embeddable":true,"href":"https:\/\/www.oarcanjo.net\/site\/wp-json\/wp\/v2\/users\/5"}],"replies":[{"embeddable":true,"href":"https:\/\/www.oarcanjo.net\/site\/wp-json\/wp\/v2\/comments?post=19734"}],"version-history":[{"count":0,"href":"https:\/\/www.oarcanjo.net\/site\/wp-json\/wp\/v2\/posts\/19734\/revisions"}],"wp:attachment":[{"href":"https:\/\/www.oarcanjo.net\/site\/wp-json\/wp\/v2\/media?parent=19734"}],"wp:term":[{"taxonomy":"category","embeddable":true,"href":"https:\/\/www.oarcanjo.net\/site\/wp-json\/wp\/v2\/categories?post=19734"},{"taxonomy":"post_tag","embeddable":true,"href":"https:\/\/www.oarcanjo.net\/site\/wp-json\/wp\/v2\/tags?post=19734"}],"curies":[{"name":"wp","href":"https:\/\/api.w.org\/{rel}","templated":true}]}}