
{"id":19740,"date":"2012-10-29T21:56:37","date_gmt":"2012-10-29T23:56:37","guid":{"rendered":"http:\/\/www.oarcanjo.net\/site\/?p=19740"},"modified":"2012-10-29T21:58:39","modified_gmt":"2012-10-29T23:58:39","slug":"o-girassol-e-a-5-semana-social-brasileira","status":"publish","type":"post","link":"https:\/\/www.oarcanjo.net\/site\/o-girassol-e-a-5-semana-social-brasileira\/","title":{"rendered":"O girassol e a 5\u00aa Semana Social Brasileira"},"content":{"rendered":"<p style=\"text-align: justify;\"><em>Pe. Alfredo J. Gon\u00e7alves, CS<\/em><\/p>\n<p style=\"text-align: justify;\">As Semanas Sociais Brasileiras (SSBs), n\u00e3o como eventos localizados no tempo e no espa\u00e7o, mas como longos processos de reflex\u00e3o e a\u00e7\u00e3o, t\u00eam utilizado o s\u00edmbolo do girassol. N\u00e3o poderia ser diferente nesta 5\u00aa SSB que tem como tema a \u201cParticipa\u00e7\u00e3o da sociedade no processo de democratiza\u00e7\u00e3o do Estado Brasileiro\u201d. Trata-se de uma trajet\u00f3ria reflexiva que est\u00e1 em curso e que, em termos mais populares, procura abrir veredas a partir do Estado que temos para o Estado que queremos. Em uma palavra, como podemos construir juntos os canais, mecanismos e instrumentos dessa participa\u00e7\u00e3o popular?<\/p>\n<p style=\"text-align: justify;\"><strong>Um olhar para tr\u00e1s<\/strong><\/p>\n<p style=\"text-align: justify;\">Conv\u00e9m fazer uma r\u00e1pida retrospectiva pelas Semanas Sociais Brasileiras j\u00e1 realizadas e suas respectivas tem\u00e1ticas: em novembro de 1981, centen\u00e1rio de celebra\u00e7\u00e3o da <em>Rerum Novarum<\/em>, carta enc\u00edclica do Papa Le\u00e3o XIII, a 1\u00aa SSB centrou os debates na quest\u00e3o do trabalho e as novas tecnologias. J\u00e1 a 2\u00aa SSB ampliou o tempo de dura\u00e7\u00e3o, entre 1993 e 1994, tendo como preocupa\u00e7\u00e3o de fundo <em>o Brasil que queremos<\/em>, aprofundando o tema \u201cBrasil, alternativas e protagonistas\u201d. No decorrer da prepara\u00e7\u00e3o ao grande Jubileu do nascimento de Jesus Cristo, a 3\u00aa SSB dedicou tr\u00eas anos, de 1997 a 1999, ao estudo detalhado do endividamento brasileiro, em particular a D\u00edvida Externa. Em 2005, encerrava-se a 4\u00aa SSB, com o tema \u201cArticula\u00e7\u00e3o das for\u00e7as sociais para a constru\u00e7\u00e3o do Brasil que n\u00f3s queremos\u201d, familiarmente, <em>Mutir\u00e3o por um novo Brasil<\/em>.<\/p>\n<p style=\"text-align: justify;\">No decurso de todas as Semanas Sociais participaram numerosos atores da sociedade civil: movimentos e pastorais sociais, entidades, associa\u00e7\u00f5es, organiza\u00e7\u00f5es n\u00e3o governamentais, campanhas, mobiliza\u00e7\u00f5es, consulta popular&#8230; Numerosos frutos nasceram e\/ou se fortaleceram com a realiza\u00e7\u00e3o das Semanas Sociais. Entre tantos, conv\u00e9m destacar a Campanha Jubileu Sul, na auditoria e no combate ao endividamento brasileiro; o Grito dos Exclu\u00eddos, que desde 1995 vem lutando pela \u201cvida em primeiro lugar\u201d, e o Grito Continental que levou a mobiliza\u00e7\u00e3o a outros pa\u00edses; os dois Plebiscitos Populares, respectivamente sobre a D\u00edvida Externa e sobre a implanta\u00e7\u00e3o da ALCA, que levaram milh\u00f5es de pessoas \u00e0s urnas; a Assembleia Popular, reunindo em Bras\u00edlia milhares de pessoas&#8230; E assim por diante.<\/p>\n<p style=\"text-align: justify;\"><strong>Um olhar ao redor<\/strong><\/p>\n<p style=\"text-align: justify;\">Com a 5\u00aa SSB, trata-se de colocar em pauta o Estado Brasileiro. Hist\u00f3rica e estruturalmente, \u00e9 um Estado que carrega uma s\u00e9rie de n\u00f3s, de entraves e de v\u00edcios dif\u00edceis de explicar e mais ainda de substituir por institui\u00e7\u00f5es sadias e saud\u00e1veis. Express\u00f5es como oligarquias e coronelismo, curral eleitoral e bancada ruralista, patrimonialismo e apadrinhamento, corrup\u00e7\u00e3o com enriquecimento il\u00edcito e compra e venda de apoio pol\u00edtico, tr\u00e1fico de influ\u00eancia e balc\u00e3o de neg\u00f3cios, demagogia, populismo, centralismo e personalismo, para n\u00e3o falar de outros \u201cismos\u201d. \u00a0Tudo isso desenha um panorama nada id\u00f4neo do que tem sido, e segue sendo, a pr\u00e1tica pol\u00edtica no pa\u00eds em n\u00e3o poucas inst\u00e2ncias do cen\u00e1rio pol\u00edtico. O tecido sociopol\u00edtico brasileiro, salvo raras e boas exce\u00e7\u00f5es, est\u00e1 carcomido por v\u00edrus dif\u00edceis de extirpar. Em maior ou menor grau, voltam \u00e0 tona por ocasi\u00e3o dos pleitos e das disputas eleitorais, com ataques e acusa\u00e7\u00f5es de parte a parte. Hoje nenhum partido escapa a semelhante clima.<\/p>\n<p style=\"text-align: justify;\">Com freq\u00fc\u00eancia preocupante, a <em>rex publica<\/em> escancara as portas para o oportunismo de toda sorte. O Estado \u00e9 visto como uma gigantesca \u201cvaca leiteira\u201d, com leite abundante para quem conhece os meandros e corredores dos \u00f3rg\u00e3os federais, estaduais ou municipais. Mais do que a intelig\u00eancia e responsabilidade na gest\u00e3o da coisa p\u00fablica, acaba prevalecendo a \u201cesperteza\u201d de quem sabe se aproveitar do cargo, da \u201cboquinha\u201d, da ocasi\u00e3o prop\u00edcia para fazer seu \u201cp\u00e9 de meia\u201d. O pol\u00edtico na acep\u00e7\u00e3o mais popular do termo prima n\u00e3o pela \u00e9tica, e sim pela maneira como \u201csoube aproveitar a chance\u201d. Da\u00ed os pol\u00edticos de carreira que s\u00f3 t\u00eam olhos e ouvidos para os pr\u00f3prios neg\u00f3cios. Da\u00ed tamb\u00e9m a id\u00e9ia difundida pelas ruas de que h\u00e1 a<em> Pol\u00edtica<\/em> (com \u201cP\u201d mai\u00fasculo) e a<em> pol\u00edtica<\/em> (com \u201cp\u201d min\u00fasculo). Mesclam-se e se confundem empreendimentos p\u00fablicos e privados, uns dando suporte aos outros, numa espiral dial\u00e9tica e din\u00e2mica que s\u00f3 faz crescer o patrim\u00f4nio das grandes fam\u00edlias, ao lado do abandono de popula\u00e7\u00f5es inteiras. Cargo pol\u00edtico e enriquecimento tornam-se simultaneamente causa e efeito de um processo prom\u00edscuo em sua hist\u00f3ria, em sua estrutura e em suas bases. Mas retornemos ao s\u00edmbolo cl\u00e1ssico das Semanas Sociais.<\/p>\n<p style=\"text-align: justify;\"><strong>Um olhar para frente: Imagem do girassol<\/strong><\/p>\n<p style=\"text-align: justify;\">A meta da 5\u00aa SSB \u00e9 contribuir para a revers\u00e3o desse quadro. E a imagem do girassol, a exemplo dos anteriores processos de debate, pode nos indicar ao menos quatro li\u00e7\u00f5es. Primeiramente, como toda planta, antes de crescer para cima, o girassol cresce para baixo. Antes de buscar o ar livre, o c\u00e9u azul e a luz do sol, ele mergulha as ra\u00edzes no solo \u00famido e escuro. Matura em sil\u00eancio no ventre fecundo da terra. Por isso, quando levanta a cabe\u00e7a, tem os p\u00e9s firmes no ch\u00e3o, n\u00e3o se deixando levar pelo vento de eventuais modismos. Conhece os desafios sombrios da hist\u00f3ria, como tamb\u00e9m a possibilidade de dias ensolarados. Na medida em que busca o Estado que queremos, a discuss\u00e3o da 5\u00aa SSB deve estudar a fundo as mazelas do Estado atual, penetrar em seus bastidores \u00e0s vezes putrefatos, dar-se conta dos tumores que grassam em seu tecido, alguns em fase de met\u00e1stase adiantada. E deve conhecer, paralelamente, as v\u00edtimas de uma pr\u00e1tica pol\u00edtica viciada, cristalizada e necrosada. Crescer para baixo \u00e9 ter coragem de mergulhar o bisturi na ferida para buscar-lhe rem\u00e9dio. Antes de pensar numa planta vigorosa que podemos chamar de \u201cprojeto popular para o Brasil\u201d \u00e9 necess\u00e1rio fortalecer suas ra\u00edzes no ch\u00e3o da cultura e popula\u00e7\u00e3o brasileira.<\/p>\n<p style=\"text-align: justify;\">Em segundo lugar, como toda flor, a passagem do girassol pela exist\u00eancia \u00e9 transit\u00f3ria e ef\u00eamera. Essa provisoriedade lhe confere brilho intenso e beleza \u00fanica. Sabendo-se h\u00f3spede pela face da terra, doa-se incondicionalmente enquanto est\u00e1 vivo e vicejante. Como diz o poeta Fernando Pessoa: \u201cPara ser grande, s\u00ea inteiro: nada teu exagera ou exclui. S\u00ea todo em cada coisa. P\u00f5e quanto \u00e9s no m\u00ednimo que fazes. Assim em cada lago a lua toda brilha, porque alta vive\u201d. A constru\u00e7\u00e3o de novas vias para o exerc\u00edcio da pol\u00edtica exige de cada protagonista doa\u00e7\u00e3o integral. O caminho da pol\u00edtica, em especial o mandato, n\u00e3o pode converter-se em empreendimento privado com vistas a maiores ganhos. O bem comum prevalece sobre os interesses pessoais, familiares, grupais, partid\u00e1rios, corporativistas. O conceito de \u201cbem comum\u201d, t\u00e3o antigo quanto a hist\u00f3ria da democracia, s\u00f3 ser\u00e1 poss\u00edvel se e quando firmemente ancorado em princ\u00edpios \u00e9ticos. O tema da \u00e9tica na pol\u00edtica tem gerado in\u00fameras discuss\u00f5es e escritos, bibliotecas inteiras, mas em nossas terras pouco avan\u00e7ou em termos de pr\u00e1tica real e eficaz.<\/p>\n<p style=\"text-align: justify;\">Numa terceira li\u00e7\u00e3o, diferentemente de outros vegetais, o girassol reafirma a cada dia seu pr\u00f3prio nome. Acompanha a trajet\u00f3ria do astro rei, girando de acordo com sua \u00f3rbita, permanecendo-lhe fiel do nascente ao poente. Nutre-se dessa fonte de luz, alimento para toda esp\u00e9cie de vida. At\u00e9 mesmo quando o sol se oculta, o girassol curva-se sob o solo, como a busc\u00e1-lo nas trevas. \u00c9 a intui\u00e7\u00e3o de que, apesar da escurid\u00e3o, seu brilho infal\u00edvel h\u00e1 de trazer a aurora de outro amanhecer. Traz em sua constitui\u00e7\u00e3o a id\u00e9ia de que um novo dia sempre segue o anterior. Vale o mesmo para a constru\u00e7\u00e3o participativa de um projeto popular, do Estado que queremos. N\u00e3o importa a densidade das trevas em que vivemos, n\u00e3o importa a ilus\u00e3o das democracias de fachada nos pa\u00edses ocidentais. Com a luz e o calor do sol, ser\u00e1 poss\u00edvel refazer os caminhos da pol\u00edtica e de uma verdadeira democracia.<\/p>\n<p style=\"text-align: justify;\">Por fim, mas n\u00e3o em \u00faltimo lugar, o girassol, embora de exist\u00eancia breve, prolonga-se eternamente na semente que deixa cair no ch\u00e3o ou que os p\u00e1ssaros carregam para terras mais f\u00e9rteis. A exemplo do lavrador, intui que a semeadura \u00e9 seguida de um tempo de matura\u00e7\u00e3o. O rel\u00f3gio da m\u00e3e terra e de Deus n\u00e3o coincide com o rel\u00f3gio dos homens e da hist\u00f3ria. Trabalhar em termos pol\u00edticos n\u00e3o \u00e9 fazer algo para um retorno imediato, com benef\u00edcio para esta ou aquela agremia\u00e7\u00e3o, e sim pensar um projeto que esteja acima do pr\u00f3prio mandato ou corpora\u00e7\u00e3o. N\u00e3o se trata de extrair ou manter benesses e privil\u00e9gios do cargo, mas de levar em conta as necessidades b\u00e1sicas de toda a popula\u00e7\u00e3o, priorizando evidentemente os setores que, por algum motivo, tenham sua vida mais amea\u00e7ada.<\/p>\n<p style=\"text-align: justify;\">Aqui se conjugam duas li\u00e7\u00f5es: a do girassol e a do jardineiro. Este prepara o terreno, lan\u00e7a a semente, e repousa tranq\u00fcilo, pois tem certeza que a natureza h\u00e1 de fazer o resto, desde que ele n\u00e3o se descuide do cultivo da planta. Igual serenidade \u00e9 indispens\u00e1vel ao agente de pastoral ou ao cidad\u00e3o em sua a\u00e7\u00e3o social. Quantas vezes a ansiedade o deixa impaciente! O trabalhador da terra ensina que n\u00e3o se pode fazer a parte nossa e a parte do Esp\u00edrito de Deus. Quando sobrecarregamos os ombros com ambas as tarefas, facilmente tombamos sob um fardo pesado. Importa fazer nossa parte, sem d\u00favida, e da melhor forma poss\u00edvel. Mas importa igualmente confiar na a\u00e7\u00e3o de Deus. A palavra final do jardineiro, com o cultivo do girassol, tem a ver com a f\u00e9 na presen\u00e7a de Deus tecendo os caminhos da hist\u00f3ria.<\/p>\n<p style=\"text-align: justify;\">A 5\u00aa SSB nos convida a essa tarefa de tecer novos caminhos. \u00c9 uma tentativa de fazer com que os espectadores deixem a arquibancada, entrem em campo e participem do jogo. O desafio \u00e9 passar de um patriotismo passivo a uma participa\u00e7\u00e3o ativa nos debates sobre o destino do pa\u00eds. Nesse desafio conjunto, como deve ser a nova cara do Estado? J\u00e1 conhecemos a democracia representativa e sabemos de suas limita\u00e7\u00f5es. Como avan\u00e7ar para um tipo de democracia mais direta, inclusiva e participativa? Essas e outras quest\u00f5es est\u00e3o lan\u00e7adas. N\u00e3o h\u00e1 para elas respostas f\u00e1ceis, imediatas. Tampouco existem receitas prontas. A via a seguir \u00e9 estreita, tortuosa e longa. Requer espa\u00e7o para todos, respeito \u00e0 pluralidade de opini\u00f5es, abertura dial\u00f3gica, m\u00fatua compreens\u00e3o&#8230; O mutir\u00e3o envolve a todos sem exce\u00e7\u00e3o.<\/p>\n<p style=\"text-align: justify;\">&nbsp;<\/p>\n<div id=\"themify_builder_content-19740\" data-postid=\"19740\" class=\"themify_builder_content themify_builder_content-19740 themify_builder themify_builder_front\">\n\t<\/div>\n<!-- \/themify_builder_content -->","protected":false},"excerpt":{"rendered":"<p>Pe. Alfredo J. Gon\u00e7alves, CS As Semanas Sociais Brasileiras (SSBs), n\u00e3o como eventos localizados no tempo e no espa\u00e7o, mas como longos processos de reflex\u00e3o e a\u00e7\u00e3o, t\u00eam utilizado o s\u00edmbolo do girassol. N\u00e3o poderia ser diferente nesta 5\u00aa SSB que tem como tema a \u201cParticipa\u00e7\u00e3o da sociedade no processo de democratiza\u00e7\u00e3o do Estado Brasileiro\u201d. [&hellip;]<\/p>\n","protected":false},"author":15,"featured_media":0,"comment_status":"open","ping_status":"open","sticky":false,"template":"","format":"standard","meta":{"ngg_post_thumbnail":0,"footnotes":""},"categories":[9],"tags":[],"yoast_head":"<!-- This site is optimized with the Yoast SEO plugin v23.5 - https:\/\/yoast.com\/wordpress\/plugins\/seo\/ -->\n<title>O girassol e a 5\u00aa Semana Social Brasileira - O Arcanjo no ar<\/title>\n<meta name=\"robots\" content=\"index, follow, max-snippet:-1, max-image-preview:large, max-video-preview:-1\" \/>\n<link rel=\"canonical\" href=\"https:\/\/www.oarcanjo.net\/site\/o-girassol-e-a-5-semana-social-brasileira\/\" \/>\n<meta property=\"og:locale\" content=\"pt_BR\" \/>\n<meta property=\"og:type\" content=\"article\" \/>\n<meta property=\"og:title\" content=\"O girassol e a 5\u00aa Semana Social Brasileira - O Arcanjo no ar\" \/>\n<meta property=\"og:description\" content=\"Pe. Alfredo J. Gon\u00e7alves, CS As Semanas Sociais Brasileiras (SSBs), n\u00e3o como eventos localizados no tempo e no espa\u00e7o, mas como longos processos de reflex\u00e3o e a\u00e7\u00e3o, t\u00eam utilizado o s\u00edmbolo do girassol. N\u00e3o poderia ser diferente nesta 5\u00aa SSB que tem como tema a \u201cParticipa\u00e7\u00e3o da sociedade no processo de democratiza\u00e7\u00e3o do Estado Brasileiro\u201d. [&hellip;]\" \/>\n<meta property=\"og:url\" content=\"https:\/\/www.oarcanjo.net\/site\/o-girassol-e-a-5-semana-social-brasileira\/\" \/>\n<meta property=\"og:site_name\" content=\"O Arcanjo no ar\" \/>\n<meta property=\"article:publisher\" content=\"https:\/\/www.facebook.com\/OArcanjoNoAr\/\" \/>\n<meta property=\"article:published_time\" content=\"2012-10-29T23:56:37+00:00\" \/>\n<meta property=\"article:modified_time\" content=\"2012-10-29T23:58:39+00:00\" \/>\n<meta property=\"og:image\" content=\"https:\/\/www.oarcanjo.net\/site\/wp-content\/uploads\/logo-o-arcanjo-no-ar-facebook.png\" \/>\n\t<meta property=\"og:image:width\" content=\"300\" \/>\n\t<meta property=\"og:image:height\" content=\"300\" \/>\n\t<meta property=\"og:image:type\" content=\"image\/png\" \/>\n<meta name=\"author\" content=\"Alexandre Nunes\" \/>\n<meta name=\"twitter:card\" content=\"summary_large_image\" \/>\n<meta name=\"twitter:label1\" content=\"Escrito por\" \/>\n\t<meta name=\"twitter:data1\" content=\"Alexandre Nunes\" \/>\n\t<meta name=\"twitter:label2\" content=\"Est. tempo de leitura\" \/>\n\t<meta name=\"twitter:data2\" content=\"9 minutos\" \/>\n<script type=\"application\/ld+json\" class=\"yoast-schema-graph\">{\"@context\":\"https:\/\/schema.org\",\"@graph\":[{\"@type\":\"Article\",\"@id\":\"https:\/\/www.oarcanjo.net\/site\/o-girassol-e-a-5-semana-social-brasileira\/#article\",\"isPartOf\":{\"@id\":\"https:\/\/www.oarcanjo.net\/site\/o-girassol-e-a-5-semana-social-brasileira\/\"},\"author\":{\"name\":\"Alexandre Nunes\",\"@id\":\"https:\/\/www.oarcanjo.net\/site\/#\/schema\/person\/0a2ae077c1a09b69d29928e3b9f1c0d1\"},\"headline\":\"O girassol e a 5\u00aa Semana Social Brasileira\",\"datePublished\":\"2012-10-29T23:56:37+00:00\",\"dateModified\":\"2012-10-29T23:58:39+00:00\",\"mainEntityOfPage\":{\"@id\":\"https:\/\/www.oarcanjo.net\/site\/o-girassol-e-a-5-semana-social-brasileira\/\"},\"wordCount\":1852,\"commentCount\":0,\"publisher\":{\"@id\":\"https:\/\/www.oarcanjo.net\/site\/#organization\"},\"articleSection\":[\"Reflex\u00f5es\"],\"inLanguage\":\"pt-BR\",\"potentialAction\":[{\"@type\":\"CommentAction\",\"name\":\"Comment\",\"target\":[\"https:\/\/www.oarcanjo.net\/site\/o-girassol-e-a-5-semana-social-brasileira\/#respond\"]}]},{\"@type\":\"WebPage\",\"@id\":\"https:\/\/www.oarcanjo.net\/site\/o-girassol-e-a-5-semana-social-brasileira\/\",\"url\":\"https:\/\/www.oarcanjo.net\/site\/o-girassol-e-a-5-semana-social-brasileira\/\",\"name\":\"O girassol e a 5\u00aa Semana Social Brasileira - O Arcanjo no ar\",\"isPartOf\":{\"@id\":\"https:\/\/www.oarcanjo.net\/site\/#website\"},\"datePublished\":\"2012-10-29T23:56:37+00:00\",\"dateModified\":\"2012-10-29T23:58:39+00:00\",\"breadcrumb\":{\"@id\":\"https:\/\/www.oarcanjo.net\/site\/o-girassol-e-a-5-semana-social-brasileira\/#breadcrumb\"},\"inLanguage\":\"pt-BR\",\"potentialAction\":[{\"@type\":\"ReadAction\",\"target\":[\"https:\/\/www.oarcanjo.net\/site\/o-girassol-e-a-5-semana-social-brasileira\/\"]}]},{\"@type\":\"BreadcrumbList\",\"@id\":\"https:\/\/www.oarcanjo.net\/site\/o-girassol-e-a-5-semana-social-brasileira\/#breadcrumb\",\"itemListElement\":[{\"@type\":\"ListItem\",\"position\":1,\"name\":\"In\u00edcio\",\"item\":\"https:\/\/www.oarcanjo.net\/site\/\"},{\"@type\":\"ListItem\",\"position\":2,\"name\":\"O girassol e a 5\u00aa Semana Social Brasileira\"}]},{\"@type\":\"WebSite\",\"@id\":\"https:\/\/www.oarcanjo.net\/site\/#website\",\"url\":\"https:\/\/www.oarcanjo.net\/site\/\",\"name\":\"O Arcanjo no ar\",\"description\":\"Site da Par\u00f3quia S\u00e3o Miguel Arcanjo (Arquidiocese de SP)\",\"publisher\":{\"@id\":\"https:\/\/www.oarcanjo.net\/site\/#organization\"},\"potentialAction\":[{\"@type\":\"SearchAction\",\"target\":{\"@type\":\"EntryPoint\",\"urlTemplate\":\"https:\/\/www.oarcanjo.net\/site\/?s={search_term_string}\"},\"query-input\":{\"@type\":\"PropertyValueSpecification\",\"valueRequired\":true,\"valueName\":\"search_term_string\"}}],\"inLanguage\":\"pt-BR\"},{\"@type\":\"Organization\",\"@id\":\"https:\/\/www.oarcanjo.net\/site\/#organization\",\"name\":\"Par\u00f3quia S\u00e3o Miguel Arcanjo\",\"url\":\"https:\/\/www.oarcanjo.net\/site\/\",\"logo\":{\"@type\":\"ImageObject\",\"inLanguage\":\"pt-BR\",\"@id\":\"https:\/\/www.oarcanjo.net\/site\/#\/schema\/logo\/image\/\",\"url\":\"https:\/\/www.oarcanjo.net\/site\/wp-content\/uploads\/LogoOArcanjo.png\",\"contentUrl\":\"https:\/\/www.oarcanjo.net\/site\/wp-content\/uploads\/LogoOArcanjo.png\",\"width\":319,\"height\":99,\"caption\":\"Par\u00f3quia S\u00e3o Miguel Arcanjo\"},\"image\":{\"@id\":\"https:\/\/www.oarcanjo.net\/site\/#\/schema\/logo\/image\/\"},\"sameAs\":[\"https:\/\/www.facebook.com\/OArcanjoNoAr\/\"]},{\"@type\":\"Person\",\"@id\":\"https:\/\/www.oarcanjo.net\/site\/#\/schema\/person\/0a2ae077c1a09b69d29928e3b9f1c0d1\",\"name\":\"Alexandre Nunes\",\"sameAs\":[\"http:\/\/alexandrenu.com\"]}]}<\/script>\n<!-- \/ Yoast SEO plugin. -->","yoast_head_json":{"title":"O girassol e a 5\u00aa Semana Social Brasileira - O Arcanjo no ar","robots":{"index":"index","follow":"follow","max-snippet":"max-snippet:-1","max-image-preview":"max-image-preview:large","max-video-preview":"max-video-preview:-1"},"canonical":"https:\/\/www.oarcanjo.net\/site\/o-girassol-e-a-5-semana-social-brasileira\/","og_locale":"pt_BR","og_type":"article","og_title":"O girassol e a 5\u00aa Semana Social Brasileira - O Arcanjo no ar","og_description":"Pe. Alfredo J. Gon\u00e7alves, CS As Semanas Sociais Brasileiras (SSBs), n\u00e3o como eventos localizados no tempo e no espa\u00e7o, mas como longos processos de reflex\u00e3o e a\u00e7\u00e3o, t\u00eam utilizado o s\u00edmbolo do girassol. N\u00e3o poderia ser diferente nesta 5\u00aa SSB que tem como tema a \u201cParticipa\u00e7\u00e3o da sociedade no processo de democratiza\u00e7\u00e3o do Estado Brasileiro\u201d. [&hellip;]","og_url":"https:\/\/www.oarcanjo.net\/site\/o-girassol-e-a-5-semana-social-brasileira\/","og_site_name":"O Arcanjo no ar","article_publisher":"https:\/\/www.facebook.com\/OArcanjoNoAr\/","article_published_time":"2012-10-29T23:56:37+00:00","article_modified_time":"2012-10-29T23:58:39+00:00","og_image":[{"width":300,"height":300,"url":"https:\/\/www.oarcanjo.net\/site\/wp-content\/uploads\/logo-o-arcanjo-no-ar-facebook.png","type":"image\/png"}],"author":"Alexandre Nunes","twitter_card":"summary_large_image","twitter_misc":{"Escrito por":"Alexandre Nunes","Est. tempo de leitura":"9 minutos"},"schema":{"@context":"https:\/\/schema.org","@graph":[{"@type":"Article","@id":"https:\/\/www.oarcanjo.net\/site\/o-girassol-e-a-5-semana-social-brasileira\/#article","isPartOf":{"@id":"https:\/\/www.oarcanjo.net\/site\/o-girassol-e-a-5-semana-social-brasileira\/"},"author":{"name":"Alexandre Nunes","@id":"https:\/\/www.oarcanjo.net\/site\/#\/schema\/person\/0a2ae077c1a09b69d29928e3b9f1c0d1"},"headline":"O girassol e a 5\u00aa Semana Social Brasileira","datePublished":"2012-10-29T23:56:37+00:00","dateModified":"2012-10-29T23:58:39+00:00","mainEntityOfPage":{"@id":"https:\/\/www.oarcanjo.net\/site\/o-girassol-e-a-5-semana-social-brasileira\/"},"wordCount":1852,"commentCount":0,"publisher":{"@id":"https:\/\/www.oarcanjo.net\/site\/#organization"},"articleSection":["Reflex\u00f5es"],"inLanguage":"pt-BR","potentialAction":[{"@type":"CommentAction","name":"Comment","target":["https:\/\/www.oarcanjo.net\/site\/o-girassol-e-a-5-semana-social-brasileira\/#respond"]}]},{"@type":"WebPage","@id":"https:\/\/www.oarcanjo.net\/site\/o-girassol-e-a-5-semana-social-brasileira\/","url":"https:\/\/www.oarcanjo.net\/site\/o-girassol-e-a-5-semana-social-brasileira\/","name":"O girassol e a 5\u00aa Semana Social Brasileira - O Arcanjo no ar","isPartOf":{"@id":"https:\/\/www.oarcanjo.net\/site\/#website"},"datePublished":"2012-10-29T23:56:37+00:00","dateModified":"2012-10-29T23:58:39+00:00","breadcrumb":{"@id":"https:\/\/www.oarcanjo.net\/site\/o-girassol-e-a-5-semana-social-brasileira\/#breadcrumb"},"inLanguage":"pt-BR","potentialAction":[{"@type":"ReadAction","target":["https:\/\/www.oarcanjo.net\/site\/o-girassol-e-a-5-semana-social-brasileira\/"]}]},{"@type":"BreadcrumbList","@id":"https:\/\/www.oarcanjo.net\/site\/o-girassol-e-a-5-semana-social-brasileira\/#breadcrumb","itemListElement":[{"@type":"ListItem","position":1,"name":"In\u00edcio","item":"https:\/\/www.oarcanjo.net\/site\/"},{"@type":"ListItem","position":2,"name":"O girassol e a 5\u00aa Semana Social Brasileira"}]},{"@type":"WebSite","@id":"https:\/\/www.oarcanjo.net\/site\/#website","url":"https:\/\/www.oarcanjo.net\/site\/","name":"O Arcanjo no ar","description":"Site da Par\u00f3quia S\u00e3o Miguel Arcanjo (Arquidiocese de SP)","publisher":{"@id":"https:\/\/www.oarcanjo.net\/site\/#organization"},"potentialAction":[{"@type":"SearchAction","target":{"@type":"EntryPoint","urlTemplate":"https:\/\/www.oarcanjo.net\/site\/?s={search_term_string}"},"query-input":{"@type":"PropertyValueSpecification","valueRequired":true,"valueName":"search_term_string"}}],"inLanguage":"pt-BR"},{"@type":"Organization","@id":"https:\/\/www.oarcanjo.net\/site\/#organization","name":"Par\u00f3quia S\u00e3o Miguel Arcanjo","url":"https:\/\/www.oarcanjo.net\/site\/","logo":{"@type":"ImageObject","inLanguage":"pt-BR","@id":"https:\/\/www.oarcanjo.net\/site\/#\/schema\/logo\/image\/","url":"https:\/\/www.oarcanjo.net\/site\/wp-content\/uploads\/LogoOArcanjo.png","contentUrl":"https:\/\/www.oarcanjo.net\/site\/wp-content\/uploads\/LogoOArcanjo.png","width":319,"height":99,"caption":"Par\u00f3quia S\u00e3o Miguel Arcanjo"},"image":{"@id":"https:\/\/www.oarcanjo.net\/site\/#\/schema\/logo\/image\/"},"sameAs":["https:\/\/www.facebook.com\/OArcanjoNoAr\/"]},{"@type":"Person","@id":"https:\/\/www.oarcanjo.net\/site\/#\/schema\/person\/0a2ae077c1a09b69d29928e3b9f1c0d1","name":"Alexandre Nunes","sameAs":["http:\/\/alexandrenu.com"]}]}},"publishpress_future_action":{"enabled":false,"date":"2026-05-09 10:23:53","action":"category","newStatus":"draft","terms":[],"taxonomy":"category"},"publishpress_future_workflow_manual_trigger":{"enabledWorkflows":[]},"_links":{"self":[{"href":"https:\/\/www.oarcanjo.net\/site\/wp-json\/wp\/v2\/posts\/19740"}],"collection":[{"href":"https:\/\/www.oarcanjo.net\/site\/wp-json\/wp\/v2\/posts"}],"about":[{"href":"https:\/\/www.oarcanjo.net\/site\/wp-json\/wp\/v2\/types\/post"}],"author":[{"embeddable":true,"href":"https:\/\/www.oarcanjo.net\/site\/wp-json\/wp\/v2\/users\/15"}],"replies":[{"embeddable":true,"href":"https:\/\/www.oarcanjo.net\/site\/wp-json\/wp\/v2\/comments?post=19740"}],"version-history":[{"count":0,"href":"https:\/\/www.oarcanjo.net\/site\/wp-json\/wp\/v2\/posts\/19740\/revisions"}],"wp:attachment":[{"href":"https:\/\/www.oarcanjo.net\/site\/wp-json\/wp\/v2\/media?parent=19740"}],"wp:term":[{"taxonomy":"category","embeddable":true,"href":"https:\/\/www.oarcanjo.net\/site\/wp-json\/wp\/v2\/categories?post=19740"},{"taxonomy":"post_tag","embeddable":true,"href":"https:\/\/www.oarcanjo.net\/site\/wp-json\/wp\/v2\/tags?post=19740"}],"curies":[{"name":"wp","href":"https:\/\/api.w.org\/{rel}","templated":true}]}}