
{"id":19763,"date":"2012-11-04T09:23:56","date_gmt":"2012-11-04T11:23:56","guid":{"rendered":"http:\/\/www.oarcanjo.net\/site\/?p=19763"},"modified":"2012-11-05T10:12:27","modified_gmt":"2012-11-05T12:12:27","slug":"felizes-os-santos-dom-sergio","status":"publish","type":"post","link":"https:\/\/www.oarcanjo.net\/site\/felizes-os-santos-dom-sergio\/","title":{"rendered":"Felizes Os Santos &#8211; Dom Sergio"},"content":{"rendered":"<p>Dom Sergio da Rocha<br \/>\n<img decoding=\"async\" src=\"http:\/\/3.bp.blogspot.com\/-QUFg7NGkmLs\/UJY07kZH3SI\/AAAAAAAAOeY\/Pw2uXeqx0J8\/s1600\/300502_159988240759727_100002456578485_296584_1555955916_a.jpg\" border=\"0\" alt=\"\" \/><\/p>\n<p>Celebramos, com alegria e a\u00e7\u00e3o de gra\u00e7as a Deus, a Solenidade de Todos os Santos,\u00a0 transferida no Brasil para o domingo seguinte ao dia primeiro de novembro, a fim de que todos possam participar da Eucaristia. A Liturgia da Palavra nos mostra quem s\u00e3o os santos e como ser santos. Na primeira leitura, o livro do Apocalipse se refere a uma &#8220;multid\u00e3o imensa&#8221; trajada com vestes brancas e trazendo palmas na m\u00e3o (Ap 7,9). Quem s\u00e3o? De onde vieram? O pr\u00f3prio texto nos d\u00e1 a resposta: \u00a0&#8220;vieram da grande tribula\u00e7\u00e3o, lavaram as suas vestes e as alvejaram no sangue do Cordeiro&#8221; (Ap 7,14).<\/p>\n<div style=\"text-align: justify;\">\n<p>A santidade se expressa atrav\u00e9s do testemunho corajoso, que deve ocorrer no dia a dia e que se manifesta, por excel\u00eancia, no mart\u00edrio, em meio a &#8220;grande tribula\u00e7\u00e3o&#8221;, simbolizado pelas palmas que trazem nas m\u00e3os. Na arte sacra, h\u00e1 o costume de se representar os santos que morreram m\u00e1rtires, com uma palma na m\u00e3o, a palma do mart\u00edrio, a palma da vit\u00f3ria de Cristo. Em meio a persegui\u00e7\u00e3o religiosa, como nos in\u00edcios do Cristianismo, o testemunho p\u00fablico da f\u00e9 torna-se ainda mais dif\u00edcil e necess\u00e1rio. O fato de estarem &#8220;de p\u00e9&#8221; diante do Cordeiro expressa a prontid\u00e3o e firmeza dos santos em qualquer situa\u00e7\u00e3o e, principalmente, na hora da prova\u00e7\u00e3o.<\/p>\n<p>Infelizmente, nem sempre se tem uma ideia justa a respeito dos santos. Muitos se enganam, fazendo um retrato triste de quem \u00e9 santo, que n\u00e3o corresponde ao que prop\u00f5e o Evangelho. Ao falar das bem-aventuran\u00e7as, Jesus nos mostra que os santos s\u00e3o &#8220;bem-aventurados&#8221;, isto \u00e9, verdadeiramente felizes. Santos e felizes s\u00e3o os pobres em esp\u00edrito, os mansos, os misericordiosos, os que tem fome e sede de justi\u00e7a, os puros de cora\u00e7\u00e3o, os aflitos, os que promovem a paz e os perseguidos pela justi\u00e7a. Infelizmente, no mundo de hoje, busca-se uma felicidade muito distante do que Jesus nos apresenta; por isso, n\u00e3o se encontra. As in\u00fameras pessoas que t\u00eam sido canonizadas pela Igreja nos mostra que \u00e9 poss\u00edvel ser santos e felizes. Antes de estarem no c\u00e9u, assim como n\u00f3s, viveram neste mundo as bem-aventuran\u00e7as e permaneceram fi\u00e9is a Cristo.<\/p>\n<p>Entretanto, ningu\u00e9m \u00e9 santo contando somente com o pr\u00f3prio esfor\u00e7o e compromisso. A santidade \u00e9 dom de Deus. Recebida como gra\u00e7a, isto \u00e9, como dom gratuito do amor de Deus, a santidade somente poder\u00e1 ser vivida pela gra\u00e7a. Os santos s\u00e3o redimidos pelo sangue de Cristo derramado na cruz; s\u00e3o santos por causa dele e em vista dele. Por isso, o Apocalipse deixa claro que aqueles que est\u00e3o trajando vestes brancas, &#8220;lavaram as suas vestes e as alvejaram no sangue do Cordeiro&#8221; (Ap 7,14), que \u00e9 Jesus Cristo. Sejamos santos, pela gra\u00e7a de Deus, contando com a intercess\u00e3o e o exemplo dos santos!<\/p>\n<p>*Arcebispo Metropolitano de Bras\u00edlia<\/p>\n<p>Postado por\u00a0<a title=\"author profile\" rel=\"author\" href=\"http:\/\/www.blogger.com\/profile\/12037961757835243213\">Par\u00f3quia de Santo Afonso<\/a><\/p>\n<div id=\"themify_builder_content-19763\" data-postid=\"19763\" class=\"themify_builder_content themify_builder_content-19763 themify_builder themify_builder_front\">\n\t<\/div>\n<!-- \/themify_builder_content -->","protected":false},"excerpt":{"rendered":"<p>Dom Sergio da Rocha Celebramos, com alegria e a\u00e7\u00e3o de gra\u00e7as a Deus, a Solenidade de Todos os Santos,\u00a0 transferida no Brasil para o domingo seguinte ao dia primeiro de novembro, a fim de que todos possam participar da Eucaristia. A Liturgia da Palavra nos mostra quem s\u00e3o os santos e como ser santos. Na [&hellip;]<\/p>\n","protected":false},"author":17,"featured_media":0,"comment_status":"open","ping_status":"open","sticky":false,"template":"","format":"standard","meta":{"ngg_post_thumbnail":0,"footnotes":""},"categories":[9],"tags":[],"yoast_head":"<!-- This site is optimized with the Yoast SEO plugin v23.5 - https:\/\/yoast.com\/wordpress\/plugins\/seo\/ -->\n<title>Felizes Os Santos - Dom Sergio - O Arcanjo no ar<\/title>\n<meta name=\"robots\" content=\"index, follow, max-snippet:-1, max-image-preview:large, max-video-preview:-1\" \/>\n<link rel=\"canonical\" href=\"https:\/\/www.oarcanjo.net\/site\/felizes-os-santos-dom-sergio\/\" \/>\n<meta property=\"og:locale\" content=\"pt_BR\" \/>\n<meta property=\"og:type\" content=\"article\" \/>\n<meta property=\"og:title\" content=\"Felizes Os Santos - Dom Sergio - O Arcanjo no ar\" \/>\n<meta property=\"og:description\" content=\"Dom Sergio da Rocha Celebramos, com alegria e a\u00e7\u00e3o de gra\u00e7as a Deus, a Solenidade de Todos os Santos,\u00a0 transferida no Brasil para o domingo seguinte ao dia primeiro de novembro, a fim de que todos possam participar da Eucaristia. A Liturgia da Palavra nos mostra quem s\u00e3o os santos e como ser santos. Na [&hellip;]\" \/>\n<meta property=\"og:url\" content=\"https:\/\/www.oarcanjo.net\/site\/felizes-os-santos-dom-sergio\/\" \/>\n<meta property=\"og:site_name\" content=\"O Arcanjo no ar\" \/>\n<meta property=\"article:publisher\" content=\"https:\/\/www.facebook.com\/OArcanjoNoAr\/\" \/>\n<meta property=\"article:published_time\" content=\"2012-11-04T11:23:56+00:00\" \/>\n<meta property=\"article:modified_time\" content=\"2012-11-05T12:12:27+00:00\" \/>\n<meta property=\"og:image\" content=\"http:\/\/3.bp.blogspot.com\/-QUFg7NGkmLs\/UJY07kZH3SI\/AAAAAAAAOeY\/Pw2uXeqx0J8\/s1600\/300502_159988240759727_100002456578485_296584_1555955916_a.jpg\" \/>\n<meta name=\"author\" content=\"pe.geovane\" \/>\n<meta name=\"twitter:card\" content=\"summary_large_image\" \/>\n<meta name=\"twitter:label1\" content=\"Escrito por\" \/>\n\t<meta name=\"twitter:data1\" content=\"pe.geovane\" \/>\n\t<meta name=\"twitter:label2\" content=\"Est. tempo de leitura\" \/>\n\t<meta name=\"twitter:data2\" content=\"3 minutos\" \/>\n<script type=\"application\/ld+json\" class=\"yoast-schema-graph\">{\"@context\":\"https:\/\/schema.org\",\"@graph\":[{\"@type\":\"Article\",\"@id\":\"https:\/\/www.oarcanjo.net\/site\/felizes-os-santos-dom-sergio\/#article\",\"isPartOf\":{\"@id\":\"https:\/\/www.oarcanjo.net\/site\/felizes-os-santos-dom-sergio\/\"},\"author\":{\"name\":\"pe.geovane\",\"@id\":\"https:\/\/www.oarcanjo.net\/site\/#\/schema\/person\/58d7f78850a973b8e467c7ae4a7eb4ad\"},\"headline\":\"Felizes Os Santos &#8211; Dom Sergio\",\"datePublished\":\"2012-11-04T11:23:56+00:00\",\"dateModified\":\"2012-11-05T12:12:27+00:00\",\"mainEntityOfPage\":{\"@id\":\"https:\/\/www.oarcanjo.net\/site\/felizes-os-santos-dom-sergio\/\"},\"wordCount\":519,\"commentCount\":0,\"publisher\":{\"@id\":\"https:\/\/www.oarcanjo.net\/site\/#organization\"},\"image\":{\"@id\":\"https:\/\/www.oarcanjo.net\/site\/felizes-os-santos-dom-sergio\/#primaryimage\"},\"thumbnailUrl\":\"http:\/\/3.bp.blogspot.com\/-QUFg7NGkmLs\/UJY07kZH3SI\/AAAAAAAAOeY\/Pw2uXeqx0J8\/s1600\/300502_159988240759727_100002456578485_296584_1555955916_a.jpg\",\"articleSection\":[\"Reflex\u00f5es\"],\"inLanguage\":\"pt-BR\",\"potentialAction\":[{\"@type\":\"CommentAction\",\"name\":\"Comment\",\"target\":[\"https:\/\/www.oarcanjo.net\/site\/felizes-os-santos-dom-sergio\/#respond\"]}]},{\"@type\":\"WebPage\",\"@id\":\"https:\/\/www.oarcanjo.net\/site\/felizes-os-santos-dom-sergio\/\",\"url\":\"https:\/\/www.oarcanjo.net\/site\/felizes-os-santos-dom-sergio\/\",\"name\":\"Felizes Os Santos - Dom Sergio - O Arcanjo no ar\",\"isPartOf\":{\"@id\":\"https:\/\/www.oarcanjo.net\/site\/#website\"},\"primaryImageOfPage\":{\"@id\":\"https:\/\/www.oarcanjo.net\/site\/felizes-os-santos-dom-sergio\/#primaryimage\"},\"image\":{\"@id\":\"https:\/\/www.oarcanjo.net\/site\/felizes-os-santos-dom-sergio\/#primaryimage\"},\"thumbnailUrl\":\"http:\/\/3.bp.blogspot.com\/-QUFg7NGkmLs\/UJY07kZH3SI\/AAAAAAAAOeY\/Pw2uXeqx0J8\/s1600\/300502_159988240759727_100002456578485_296584_1555955916_a.jpg\",\"datePublished\":\"2012-11-04T11:23:56+00:00\",\"dateModified\":\"2012-11-05T12:12:27+00:00\",\"breadcrumb\":{\"@id\":\"https:\/\/www.oarcanjo.net\/site\/felizes-os-santos-dom-sergio\/#breadcrumb\"},\"inLanguage\":\"pt-BR\",\"potentialAction\":[{\"@type\":\"ReadAction\",\"target\":[\"https:\/\/www.oarcanjo.net\/site\/felizes-os-santos-dom-sergio\/\"]}]},{\"@type\":\"ImageObject\",\"inLanguage\":\"pt-BR\",\"@id\":\"https:\/\/www.oarcanjo.net\/site\/felizes-os-santos-dom-sergio\/#primaryimage\",\"url\":\"http:\/\/3.bp.blogspot.com\/-QUFg7NGkmLs\/UJY07kZH3SI\/AAAAAAAAOeY\/Pw2uXeqx0J8\/s1600\/300502_159988240759727_100002456578485_296584_1555955916_a.jpg\",\"contentUrl\":\"http:\/\/3.bp.blogspot.com\/-QUFg7NGkmLs\/UJY07kZH3SI\/AAAAAAAAOeY\/Pw2uXeqx0J8\/s1600\/300502_159988240759727_100002456578485_296584_1555955916_a.jpg\"},{\"@type\":\"BreadcrumbList\",\"@id\":\"https:\/\/www.oarcanjo.net\/site\/felizes-os-santos-dom-sergio\/#breadcrumb\",\"itemListElement\":[{\"@type\":\"ListItem\",\"position\":1,\"name\":\"In\u00edcio\",\"item\":\"https:\/\/www.oarcanjo.net\/site\/\"},{\"@type\":\"ListItem\",\"position\":2,\"name\":\"Felizes Os Santos &#8211; Dom Sergio\"}]},{\"@type\":\"WebSite\",\"@id\":\"https:\/\/www.oarcanjo.net\/site\/#website\",\"url\":\"https:\/\/www.oarcanjo.net\/site\/\",\"name\":\"O Arcanjo no ar\",\"description\":\"Site da Par\u00f3quia S\u00e3o Miguel Arcanjo (Arquidiocese de SP)\",\"publisher\":{\"@id\":\"https:\/\/www.oarcanjo.net\/site\/#organization\"},\"potentialAction\":[{\"@type\":\"SearchAction\",\"target\":{\"@type\":\"EntryPoint\",\"urlTemplate\":\"https:\/\/www.oarcanjo.net\/site\/?s={search_term_string}\"},\"query-input\":{\"@type\":\"PropertyValueSpecification\",\"valueRequired\":true,\"valueName\":\"search_term_string\"}}],\"inLanguage\":\"pt-BR\"},{\"@type\":\"Organization\",\"@id\":\"https:\/\/www.oarcanjo.net\/site\/#organization\",\"name\":\"Par\u00f3quia S\u00e3o Miguel Arcanjo\",\"url\":\"https:\/\/www.oarcanjo.net\/site\/\",\"logo\":{\"@type\":\"ImageObject\",\"inLanguage\":\"pt-BR\",\"@id\":\"https:\/\/www.oarcanjo.net\/site\/#\/schema\/logo\/image\/\",\"url\":\"https:\/\/www.oarcanjo.net\/site\/wp-content\/uploads\/LogoOArcanjo.png\",\"contentUrl\":\"https:\/\/www.oarcanjo.net\/site\/wp-content\/uploads\/LogoOArcanjo.png\",\"width\":319,\"height\":99,\"caption\":\"Par\u00f3quia S\u00e3o Miguel Arcanjo\"},\"image\":{\"@id\":\"https:\/\/www.oarcanjo.net\/site\/#\/schema\/logo\/image\/\"},\"sameAs\":[\"https:\/\/www.facebook.com\/OArcanjoNoAr\/\"]},{\"@type\":\"Person\",\"@id\":\"https:\/\/www.oarcanjo.net\/site\/#\/schema\/person\/58d7f78850a973b8e467c7ae4a7eb4ad\",\"name\":\"pe.geovane\"}]}<\/script>\n<!-- \/ Yoast SEO plugin. -->","yoast_head_json":{"title":"Felizes Os Santos - Dom Sergio - O Arcanjo no ar","robots":{"index":"index","follow":"follow","max-snippet":"max-snippet:-1","max-image-preview":"max-image-preview:large","max-video-preview":"max-video-preview:-1"},"canonical":"https:\/\/www.oarcanjo.net\/site\/felizes-os-santos-dom-sergio\/","og_locale":"pt_BR","og_type":"article","og_title":"Felizes Os Santos - Dom Sergio - O Arcanjo no ar","og_description":"Dom Sergio da Rocha Celebramos, com alegria e a\u00e7\u00e3o de gra\u00e7as a Deus, a Solenidade de Todos os Santos,\u00a0 transferida no Brasil para o domingo seguinte ao dia primeiro de novembro, a fim de que todos possam participar da Eucaristia. A Liturgia da Palavra nos mostra quem s\u00e3o os santos e como ser santos. Na [&hellip;]","og_url":"https:\/\/www.oarcanjo.net\/site\/felizes-os-santos-dom-sergio\/","og_site_name":"O Arcanjo no ar","article_publisher":"https:\/\/www.facebook.com\/OArcanjoNoAr\/","article_published_time":"2012-11-04T11:23:56+00:00","article_modified_time":"2012-11-05T12:12:27+00:00","og_image":[{"url":"http:\/\/3.bp.blogspot.com\/-QUFg7NGkmLs\/UJY07kZH3SI\/AAAAAAAAOeY\/Pw2uXeqx0J8\/s1600\/300502_159988240759727_100002456578485_296584_1555955916_a.jpg"}],"author":"pe.geovane","twitter_card":"summary_large_image","twitter_misc":{"Escrito por":"pe.geovane","Est. tempo de leitura":"3 minutos"},"schema":{"@context":"https:\/\/schema.org","@graph":[{"@type":"Article","@id":"https:\/\/www.oarcanjo.net\/site\/felizes-os-santos-dom-sergio\/#article","isPartOf":{"@id":"https:\/\/www.oarcanjo.net\/site\/felizes-os-santos-dom-sergio\/"},"author":{"name":"pe.geovane","@id":"https:\/\/www.oarcanjo.net\/site\/#\/schema\/person\/58d7f78850a973b8e467c7ae4a7eb4ad"},"headline":"Felizes Os Santos &#8211; Dom Sergio","datePublished":"2012-11-04T11:23:56+00:00","dateModified":"2012-11-05T12:12:27+00:00","mainEntityOfPage":{"@id":"https:\/\/www.oarcanjo.net\/site\/felizes-os-santos-dom-sergio\/"},"wordCount":519,"commentCount":0,"publisher":{"@id":"https:\/\/www.oarcanjo.net\/site\/#organization"},"image":{"@id":"https:\/\/www.oarcanjo.net\/site\/felizes-os-santos-dom-sergio\/#primaryimage"},"thumbnailUrl":"http:\/\/3.bp.blogspot.com\/-QUFg7NGkmLs\/UJY07kZH3SI\/AAAAAAAAOeY\/Pw2uXeqx0J8\/s1600\/300502_159988240759727_100002456578485_296584_1555955916_a.jpg","articleSection":["Reflex\u00f5es"],"inLanguage":"pt-BR","potentialAction":[{"@type":"CommentAction","name":"Comment","target":["https:\/\/www.oarcanjo.net\/site\/felizes-os-santos-dom-sergio\/#respond"]}]},{"@type":"WebPage","@id":"https:\/\/www.oarcanjo.net\/site\/felizes-os-santos-dom-sergio\/","url":"https:\/\/www.oarcanjo.net\/site\/felizes-os-santos-dom-sergio\/","name":"Felizes Os Santos - Dom Sergio - O Arcanjo no ar","isPartOf":{"@id":"https:\/\/www.oarcanjo.net\/site\/#website"},"primaryImageOfPage":{"@id":"https:\/\/www.oarcanjo.net\/site\/felizes-os-santos-dom-sergio\/#primaryimage"},"image":{"@id":"https:\/\/www.oarcanjo.net\/site\/felizes-os-santos-dom-sergio\/#primaryimage"},"thumbnailUrl":"http:\/\/3.bp.blogspot.com\/-QUFg7NGkmLs\/UJY07kZH3SI\/AAAAAAAAOeY\/Pw2uXeqx0J8\/s1600\/300502_159988240759727_100002456578485_296584_1555955916_a.jpg","datePublished":"2012-11-04T11:23:56+00:00","dateModified":"2012-11-05T12:12:27+00:00","breadcrumb":{"@id":"https:\/\/www.oarcanjo.net\/site\/felizes-os-santos-dom-sergio\/#breadcrumb"},"inLanguage":"pt-BR","potentialAction":[{"@type":"ReadAction","target":["https:\/\/www.oarcanjo.net\/site\/felizes-os-santos-dom-sergio\/"]}]},{"@type":"ImageObject","inLanguage":"pt-BR","@id":"https:\/\/www.oarcanjo.net\/site\/felizes-os-santos-dom-sergio\/#primaryimage","url":"http:\/\/3.bp.blogspot.com\/-QUFg7NGkmLs\/UJY07kZH3SI\/AAAAAAAAOeY\/Pw2uXeqx0J8\/s1600\/300502_159988240759727_100002456578485_296584_1555955916_a.jpg","contentUrl":"http:\/\/3.bp.blogspot.com\/-QUFg7NGkmLs\/UJY07kZH3SI\/AAAAAAAAOeY\/Pw2uXeqx0J8\/s1600\/300502_159988240759727_100002456578485_296584_1555955916_a.jpg"},{"@type":"BreadcrumbList","@id":"https:\/\/www.oarcanjo.net\/site\/felizes-os-santos-dom-sergio\/#breadcrumb","itemListElement":[{"@type":"ListItem","position":1,"name":"In\u00edcio","item":"https:\/\/www.oarcanjo.net\/site\/"},{"@type":"ListItem","position":2,"name":"Felizes Os Santos &#8211; Dom Sergio"}]},{"@type":"WebSite","@id":"https:\/\/www.oarcanjo.net\/site\/#website","url":"https:\/\/www.oarcanjo.net\/site\/","name":"O Arcanjo no ar","description":"Site da Par\u00f3quia S\u00e3o Miguel Arcanjo (Arquidiocese de SP)","publisher":{"@id":"https:\/\/www.oarcanjo.net\/site\/#organization"},"potentialAction":[{"@type":"SearchAction","target":{"@type":"EntryPoint","urlTemplate":"https:\/\/www.oarcanjo.net\/site\/?s={search_term_string}"},"query-input":{"@type":"PropertyValueSpecification","valueRequired":true,"valueName":"search_term_string"}}],"inLanguage":"pt-BR"},{"@type":"Organization","@id":"https:\/\/www.oarcanjo.net\/site\/#organization","name":"Par\u00f3quia S\u00e3o Miguel Arcanjo","url":"https:\/\/www.oarcanjo.net\/site\/","logo":{"@type":"ImageObject","inLanguage":"pt-BR","@id":"https:\/\/www.oarcanjo.net\/site\/#\/schema\/logo\/image\/","url":"https:\/\/www.oarcanjo.net\/site\/wp-content\/uploads\/LogoOArcanjo.png","contentUrl":"https:\/\/www.oarcanjo.net\/site\/wp-content\/uploads\/LogoOArcanjo.png","width":319,"height":99,"caption":"Par\u00f3quia S\u00e3o Miguel Arcanjo"},"image":{"@id":"https:\/\/www.oarcanjo.net\/site\/#\/schema\/logo\/image\/"},"sameAs":["https:\/\/www.facebook.com\/OArcanjoNoAr\/"]},{"@type":"Person","@id":"https:\/\/www.oarcanjo.net\/site\/#\/schema\/person\/58d7f78850a973b8e467c7ae4a7eb4ad","name":"pe.geovane"}]}},"publishpress_future_action":{"enabled":false,"date":"2026-05-09 10:23:54","action":"category","newStatus":"draft","terms":[],"taxonomy":"category"},"publishpress_future_workflow_manual_trigger":{"enabledWorkflows":[]},"_links":{"self":[{"href":"https:\/\/www.oarcanjo.net\/site\/wp-json\/wp\/v2\/posts\/19763"}],"collection":[{"href":"https:\/\/www.oarcanjo.net\/site\/wp-json\/wp\/v2\/posts"}],"about":[{"href":"https:\/\/www.oarcanjo.net\/site\/wp-json\/wp\/v2\/types\/post"}],"author":[{"embeddable":true,"href":"https:\/\/www.oarcanjo.net\/site\/wp-json\/wp\/v2\/users\/17"}],"replies":[{"embeddable":true,"href":"https:\/\/www.oarcanjo.net\/site\/wp-json\/wp\/v2\/comments?post=19763"}],"version-history":[{"count":0,"href":"https:\/\/www.oarcanjo.net\/site\/wp-json\/wp\/v2\/posts\/19763\/revisions"}],"wp:attachment":[{"href":"https:\/\/www.oarcanjo.net\/site\/wp-json\/wp\/v2\/media?parent=19763"}],"wp:term":[{"taxonomy":"category","embeddable":true,"href":"https:\/\/www.oarcanjo.net\/site\/wp-json\/wp\/v2\/categories?post=19763"},{"taxonomy":"post_tag","embeddable":true,"href":"https:\/\/www.oarcanjo.net\/site\/wp-json\/wp\/v2\/tags?post=19763"}],"curies":[{"name":"wp","href":"https:\/\/api.w.org\/{rel}","templated":true}]}}