
{"id":1977,"date":"2009-02-22T22:00:13","date_gmt":"2009-02-23T01:00:13","guid":{"rendered":"http:\/\/www.oarcanjo.net\/site\/?p=1977"},"modified":"2009-06-28T23:16:52","modified_gmt":"2009-06-29T02:16:52","slug":"um-novo-batismo","status":"publish","type":"post","link":"https:\/\/www.oarcanjo.net\/site\/um-novo-batismo\/","title":{"rendered":"Um novo batismo"},"content":{"rendered":"<p>Rubens Marchioni, di\u00e1cono<\/p>\n<p>Hoje fui novamente batizado, agora na capela da Universidade S\u00e3o Judas Tadeu. Hoje passei a pertencer ao grupo dos que j\u00e1 participaram de uma celebra\u00e7\u00e3o do Sacramento do Batismo presidida pelo Pe. Julio Lancellotti. <\/p>\n<p>A liturgia, celebrada no dia 22 de fevereiro, come\u00e7ava na porta da igreja. Da Acolhida \u00e0 B\u00ean\u00e7\u00e3o Final, em cada gesto e palavra, ela envolvia a todos e os conduzia de maneira inevit\u00e1vel para o sentido de fazer parte da vida da Igreja, com \u201ci\u201d mai\u00fasculo. Foi assim comigo, foi assim com todos os que participaram daquele momento de integra\u00e7\u00e3o na vida crist\u00e3. Era como se todos estiv\u00e9ssemos recebendo novamente aquele sacramento. <\/p>\n<p>O clima que marcou a celebra\u00e7\u00e3o, como disse, foi de uma festa genu\u00edna, contagiante, como s\u00f3 \u00e9 poss\u00edvel quando se tem \u00e0 frente algu\u00e9m apaixonado pelo Reino e por seus membros como o Pe. Julio. Que o diga a l\u00e1grima que a certa altura explodiu dos meus olhos rotineiros enquanto aquele profeta conduzia a celebra\u00e7\u00e3o da chegada de novos pequenos irm\u00e3os (Felipe, Pietro e Vin\u00edcius) \u00e0 comunidade crist\u00e3 e transformava num momento \u00fanico e absolutamente especial um evento que poderia ter sido um ritual mec\u00e2nico feito apenas de palavras e alguns gestos decorados. <\/p>\n<p>Obrigado, Senhor, por esse momento de alegria renovada. Am\u00e9m.<\/p>\n<p>Veja abaixo algumas fotos da celebra\u00e7\u00e3o:<br \/>ngg_shortcode_0_placeholder\n<div id=\"themify_builder_content-1977\" data-postid=\"1977\" class=\"themify_builder_content themify_builder_content-1977 themify_builder themify_builder_front\">\n\t<\/div>\n<!-- \/themify_builder_content -->","protected":false},"excerpt":{"rendered":"<p>Rubens Marchioni, di\u00e1cono Hoje fui novamente batizado, agora na capela da Universidade S\u00e3o Judas Tadeu. Hoje passei a pertencer ao grupo dos que j\u00e1 participaram de uma celebra\u00e7\u00e3o do Sacramento do Batismo presidida pelo Pe. Julio Lancellotti. A liturgia, celebrada no dia 22 de fevereiro, come\u00e7ava na porta da igreja. Da Acolhida \u00e0 B\u00ean\u00e7\u00e3o Final, [&hellip;]<\/p>\n","protected":false},"author":5,"featured_media":0,"comment_status":"open","ping_status":"open","sticky":false,"template":"","format":"standard","meta":{"ngg_post_thumbnail":0,"footnotes":""},"categories":[8],"tags":[154,278],"yoast_head":"<!-- This site is optimized with the Yoast SEO plugin v23.5 - https:\/\/yoast.com\/wordpress\/plugins\/seo\/ -->\n<title>Um novo batismo - O Arcanjo no ar<\/title>\n<meta name=\"robots\" content=\"index, follow, max-snippet:-1, max-image-preview:large, max-video-preview:-1\" \/>\n<link rel=\"canonical\" href=\"https:\/\/www.oarcanjo.net\/site\/um-novo-batismo\/\" \/>\n<meta property=\"og:locale\" content=\"pt_BR\" \/>\n<meta property=\"og:type\" content=\"article\" \/>\n<meta property=\"og:title\" content=\"Um novo batismo - O Arcanjo no ar\" \/>\n<meta property=\"og:description\" content=\"Rubens Marchioni, di\u00e1cono Hoje fui novamente batizado, agora na capela da Universidade S\u00e3o Judas Tadeu. Hoje passei a pertencer ao grupo dos que j\u00e1 participaram de uma celebra\u00e7\u00e3o do Sacramento do Batismo presidida pelo Pe. Julio Lancellotti. A liturgia, celebrada no dia 22 de fevereiro, come\u00e7ava na porta da igreja. Da Acolhida \u00e0 B\u00ean\u00e7\u00e3o Final, [&hellip;]\" \/>\n<meta property=\"og:url\" content=\"https:\/\/www.oarcanjo.net\/site\/um-novo-batismo\/\" \/>\n<meta property=\"og:site_name\" content=\"O Arcanjo no ar\" \/>\n<meta property=\"article:publisher\" content=\"https:\/\/www.facebook.com\/OArcanjoNoAr\/\" \/>\n<meta property=\"article:published_time\" content=\"2009-02-23T01:00:13+00:00\" \/>\n<meta property=\"article:modified_time\" content=\"2009-06-29T02:16:52+00:00\" \/>\n<meta property=\"og:image\" content=\"https:\/\/www.oarcanjo.net\/site\/wp-content\/uploads\/logo-o-arcanjo-no-ar-facebook.png\" \/>\n\t<meta property=\"og:image:width\" content=\"300\" \/>\n\t<meta property=\"og:image:height\" content=\"300\" \/>\n\t<meta property=\"og:image:type\" content=\"image\/png\" \/>\n<meta name=\"author\" content=\"editor\" \/>\n<meta name=\"twitter:card\" content=\"summary_large_image\" \/>\n<meta name=\"twitter:label1\" content=\"Escrito por\" \/>\n\t<meta name=\"twitter:data1\" content=\"editor\" \/>\n\t<meta name=\"twitter:label2\" content=\"Est. tempo de leitura\" \/>\n\t<meta name=\"twitter:data2\" content=\"1 minuto\" \/>\n<script type=\"application\/ld+json\" class=\"yoast-schema-graph\">{\"@context\":\"https:\/\/schema.org\",\"@graph\":[{\"@type\":\"Article\",\"@id\":\"https:\/\/www.oarcanjo.net\/site\/um-novo-batismo\/#article\",\"isPartOf\":{\"@id\":\"https:\/\/www.oarcanjo.net\/site\/um-novo-batismo\/\"},\"author\":{\"name\":\"editor\",\"@id\":\"https:\/\/www.oarcanjo.net\/site\/#\/schema\/person\/f7024d007863202483a31326673a0838\"},\"headline\":\"Um novo batismo\",\"datePublished\":\"2009-02-23T01:00:13+00:00\",\"dateModified\":\"2009-06-29T02:16:52+00:00\",\"mainEntityOfPage\":{\"@id\":\"https:\/\/www.oarcanjo.net\/site\/um-novo-batismo\/\"},\"wordCount\":237,\"commentCount\":4,\"publisher\":{\"@id\":\"https:\/\/www.oarcanjo.net\/site\/#organization\"},\"keywords\":[\"Batismo\",\"sacramento\"],\"articleSection\":[\"Not\u00edcias\"],\"inLanguage\":\"pt-BR\",\"potentialAction\":[{\"@type\":\"CommentAction\",\"name\":\"Comment\",\"target\":[\"https:\/\/www.oarcanjo.net\/site\/um-novo-batismo\/#respond\"]}]},{\"@type\":\"WebPage\",\"@id\":\"https:\/\/www.oarcanjo.net\/site\/um-novo-batismo\/\",\"url\":\"https:\/\/www.oarcanjo.net\/site\/um-novo-batismo\/\",\"name\":\"Um novo batismo - O Arcanjo no ar\",\"isPartOf\":{\"@id\":\"https:\/\/www.oarcanjo.net\/site\/#website\"},\"datePublished\":\"2009-02-23T01:00:13+00:00\",\"dateModified\":\"2009-06-29T02:16:52+00:00\",\"breadcrumb\":{\"@id\":\"https:\/\/www.oarcanjo.net\/site\/um-novo-batismo\/#breadcrumb\"},\"inLanguage\":\"pt-BR\",\"potentialAction\":[{\"@type\":\"ReadAction\",\"target\":[\"https:\/\/www.oarcanjo.net\/site\/um-novo-batismo\/\"]}]},{\"@type\":\"BreadcrumbList\",\"@id\":\"https:\/\/www.oarcanjo.net\/site\/um-novo-batismo\/#breadcrumb\",\"itemListElement\":[{\"@type\":\"ListItem\",\"position\":1,\"name\":\"In\u00edcio\",\"item\":\"https:\/\/www.oarcanjo.net\/site\/\"},{\"@type\":\"ListItem\",\"position\":2,\"name\":\"Um novo batismo\"}]},{\"@type\":\"WebSite\",\"@id\":\"https:\/\/www.oarcanjo.net\/site\/#website\",\"url\":\"https:\/\/www.oarcanjo.net\/site\/\",\"name\":\"O Arcanjo no ar\",\"description\":\"Site da Par\u00f3quia S\u00e3o Miguel Arcanjo (Arquidiocese de SP)\",\"publisher\":{\"@id\":\"https:\/\/www.oarcanjo.net\/site\/#organization\"},\"potentialAction\":[{\"@type\":\"SearchAction\",\"target\":{\"@type\":\"EntryPoint\",\"urlTemplate\":\"https:\/\/www.oarcanjo.net\/site\/?s={search_term_string}\"},\"query-input\":{\"@type\":\"PropertyValueSpecification\",\"valueRequired\":true,\"valueName\":\"search_term_string\"}}],\"inLanguage\":\"pt-BR\"},{\"@type\":\"Organization\",\"@id\":\"https:\/\/www.oarcanjo.net\/site\/#organization\",\"name\":\"Par\u00f3quia S\u00e3o Miguel Arcanjo\",\"url\":\"https:\/\/www.oarcanjo.net\/site\/\",\"logo\":{\"@type\":\"ImageObject\",\"inLanguage\":\"pt-BR\",\"@id\":\"https:\/\/www.oarcanjo.net\/site\/#\/schema\/logo\/image\/\",\"url\":\"https:\/\/www.oarcanjo.net\/site\/wp-content\/uploads\/LogoOArcanjo.png\",\"contentUrl\":\"https:\/\/www.oarcanjo.net\/site\/wp-content\/uploads\/LogoOArcanjo.png\",\"width\":319,\"height\":99,\"caption\":\"Par\u00f3quia S\u00e3o Miguel Arcanjo\"},\"image\":{\"@id\":\"https:\/\/www.oarcanjo.net\/site\/#\/schema\/logo\/image\/\"},\"sameAs\":[\"https:\/\/www.facebook.com\/OArcanjoNoAr\/\"]},{\"@type\":\"Person\",\"@id\":\"https:\/\/www.oarcanjo.net\/site\/#\/schema\/person\/f7024d007863202483a31326673a0838\",\"name\":\"editor\",\"sameAs\":[\"http:\/\/www.oarcanjo.net\"]}]}<\/script>\n<!-- \/ Yoast SEO plugin. -->","yoast_head_json":{"title":"Um novo batismo - O Arcanjo no ar","robots":{"index":"index","follow":"follow","max-snippet":"max-snippet:-1","max-image-preview":"max-image-preview:large","max-video-preview":"max-video-preview:-1"},"canonical":"https:\/\/www.oarcanjo.net\/site\/um-novo-batismo\/","og_locale":"pt_BR","og_type":"article","og_title":"Um novo batismo - O Arcanjo no ar","og_description":"Rubens Marchioni, di\u00e1cono Hoje fui novamente batizado, agora na capela da Universidade S\u00e3o Judas Tadeu. Hoje passei a pertencer ao grupo dos que j\u00e1 participaram de uma celebra\u00e7\u00e3o do Sacramento do Batismo presidida pelo Pe. Julio Lancellotti. A liturgia, celebrada no dia 22 de fevereiro, come\u00e7ava na porta da igreja. Da Acolhida \u00e0 B\u00ean\u00e7\u00e3o Final, [&hellip;]","og_url":"https:\/\/www.oarcanjo.net\/site\/um-novo-batismo\/","og_site_name":"O Arcanjo no ar","article_publisher":"https:\/\/www.facebook.com\/OArcanjoNoAr\/","article_published_time":"2009-02-23T01:00:13+00:00","article_modified_time":"2009-06-29T02:16:52+00:00","og_image":[{"width":300,"height":300,"url":"https:\/\/www.oarcanjo.net\/site\/wp-content\/uploads\/logo-o-arcanjo-no-ar-facebook.png","type":"image\/png"}],"author":"editor","twitter_card":"summary_large_image","twitter_misc":{"Escrito por":"editor","Est. tempo de leitura":"1 minuto"},"schema":{"@context":"https:\/\/schema.org","@graph":[{"@type":"Article","@id":"https:\/\/www.oarcanjo.net\/site\/um-novo-batismo\/#article","isPartOf":{"@id":"https:\/\/www.oarcanjo.net\/site\/um-novo-batismo\/"},"author":{"name":"editor","@id":"https:\/\/www.oarcanjo.net\/site\/#\/schema\/person\/f7024d007863202483a31326673a0838"},"headline":"Um novo batismo","datePublished":"2009-02-23T01:00:13+00:00","dateModified":"2009-06-29T02:16:52+00:00","mainEntityOfPage":{"@id":"https:\/\/www.oarcanjo.net\/site\/um-novo-batismo\/"},"wordCount":237,"commentCount":4,"publisher":{"@id":"https:\/\/www.oarcanjo.net\/site\/#organization"},"keywords":["Batismo","sacramento"],"articleSection":["Not\u00edcias"],"inLanguage":"pt-BR","potentialAction":[{"@type":"CommentAction","name":"Comment","target":["https:\/\/www.oarcanjo.net\/site\/um-novo-batismo\/#respond"]}]},{"@type":"WebPage","@id":"https:\/\/www.oarcanjo.net\/site\/um-novo-batismo\/","url":"https:\/\/www.oarcanjo.net\/site\/um-novo-batismo\/","name":"Um novo batismo - O Arcanjo no ar","isPartOf":{"@id":"https:\/\/www.oarcanjo.net\/site\/#website"},"datePublished":"2009-02-23T01:00:13+00:00","dateModified":"2009-06-29T02:16:52+00:00","breadcrumb":{"@id":"https:\/\/www.oarcanjo.net\/site\/um-novo-batismo\/#breadcrumb"},"inLanguage":"pt-BR","potentialAction":[{"@type":"ReadAction","target":["https:\/\/www.oarcanjo.net\/site\/um-novo-batismo\/"]}]},{"@type":"BreadcrumbList","@id":"https:\/\/www.oarcanjo.net\/site\/um-novo-batismo\/#breadcrumb","itemListElement":[{"@type":"ListItem","position":1,"name":"In\u00edcio","item":"https:\/\/www.oarcanjo.net\/site\/"},{"@type":"ListItem","position":2,"name":"Um novo batismo"}]},{"@type":"WebSite","@id":"https:\/\/www.oarcanjo.net\/site\/#website","url":"https:\/\/www.oarcanjo.net\/site\/","name":"O Arcanjo no ar","description":"Site da Par\u00f3quia S\u00e3o Miguel Arcanjo (Arquidiocese de SP)","publisher":{"@id":"https:\/\/www.oarcanjo.net\/site\/#organization"},"potentialAction":[{"@type":"SearchAction","target":{"@type":"EntryPoint","urlTemplate":"https:\/\/www.oarcanjo.net\/site\/?s={search_term_string}"},"query-input":{"@type":"PropertyValueSpecification","valueRequired":true,"valueName":"search_term_string"}}],"inLanguage":"pt-BR"},{"@type":"Organization","@id":"https:\/\/www.oarcanjo.net\/site\/#organization","name":"Par\u00f3quia S\u00e3o Miguel Arcanjo","url":"https:\/\/www.oarcanjo.net\/site\/","logo":{"@type":"ImageObject","inLanguage":"pt-BR","@id":"https:\/\/www.oarcanjo.net\/site\/#\/schema\/logo\/image\/","url":"https:\/\/www.oarcanjo.net\/site\/wp-content\/uploads\/LogoOArcanjo.png","contentUrl":"https:\/\/www.oarcanjo.net\/site\/wp-content\/uploads\/LogoOArcanjo.png","width":319,"height":99,"caption":"Par\u00f3quia S\u00e3o Miguel Arcanjo"},"image":{"@id":"https:\/\/www.oarcanjo.net\/site\/#\/schema\/logo\/image\/"},"sameAs":["https:\/\/www.facebook.com\/OArcanjoNoAr\/"]},{"@type":"Person","@id":"https:\/\/www.oarcanjo.net\/site\/#\/schema\/person\/f7024d007863202483a31326673a0838","name":"editor","sameAs":["http:\/\/www.oarcanjo.net"]}]}},"publishpress_future_action":{"enabled":false,"date":"2026-05-08 19:33:12","action":"category","newStatus":"draft","terms":[],"taxonomy":"category"},"publishpress_future_workflow_manual_trigger":{"enabledWorkflows":[]},"_links":{"self":[{"href":"https:\/\/www.oarcanjo.net\/site\/wp-json\/wp\/v2\/posts\/1977"}],"collection":[{"href":"https:\/\/www.oarcanjo.net\/site\/wp-json\/wp\/v2\/posts"}],"about":[{"href":"https:\/\/www.oarcanjo.net\/site\/wp-json\/wp\/v2\/types\/post"}],"author":[{"embeddable":true,"href":"https:\/\/www.oarcanjo.net\/site\/wp-json\/wp\/v2\/users\/5"}],"replies":[{"embeddable":true,"href":"https:\/\/www.oarcanjo.net\/site\/wp-json\/wp\/v2\/comments?post=1977"}],"version-history":[{"count":0,"href":"https:\/\/www.oarcanjo.net\/site\/wp-json\/wp\/v2\/posts\/1977\/revisions"}],"wp:attachment":[{"href":"https:\/\/www.oarcanjo.net\/site\/wp-json\/wp\/v2\/media?parent=1977"}],"wp:term":[{"taxonomy":"category","embeddable":true,"href":"https:\/\/www.oarcanjo.net\/site\/wp-json\/wp\/v2\/categories?post=1977"},{"taxonomy":"post_tag","embeddable":true,"href":"https:\/\/www.oarcanjo.net\/site\/wp-json\/wp\/v2\/tags?post=1977"}],"curies":[{"name":"wp","href":"https:\/\/api.w.org\/{rel}","templated":true}]}}