
{"id":19823,"date":"2012-11-05T09:33:37","date_gmt":"2012-11-05T11:33:37","guid":{"rendered":"http:\/\/www.oarcanjo.net\/site\/?p=19823"},"modified":"2012-11-07T01:40:48","modified_gmt":"2012-11-07T03:40:48","slug":"comunidade-abre-o-ano-da-fe","status":"publish","type":"post","link":"https:\/\/www.oarcanjo.net\/site\/comunidade-abre-o-ano-da-fe\/","title":{"rendered":"Comunidade abre o Ano da F\u00e9"},"content":{"rendered":"<p>Fieis da comunidade S\u00e3o Miguel Arcanjo renovaram a f\u00e9 na abertura oficial do Ano da F\u00e9, realizada no dia 04\/11\/2012. Em todas as missas, cada um recebeu uma vela, que foi acesa na Profiss\u00e3o de F\u00e9 &#8211; veja:<\/p>\n<p><iframe loading=\"lazy\" width=\"560\" height=\"315\" src=\"http:\/\/www.youtube.com\/embed\/nU91o2AGaOc?rel=0\" frameborder=\"0\" allowfullscreen><\/iframe><\/p>\n<p>No final da missa das 18h, o Pe. Julio convidou as crian\u00e7as, adolescentes e jovens a se reunirem na frente do altar com a <a href=\"http:\/\/www.oarcanjo.net\/site\/index.php\/noticias\/arcebispo-lanca-2-carta-pastoral\/\">Carta Pastoral de Dom Odilo<\/a> e desafiou a comunidade a transmitir a f\u00e9. Ao fundo, o canto &#8220;Incendeia minha alma&#8221;, do Pe. Fabio de Melo:<\/p>\n<p><iframe loading=\"lazy\" width=\"560\" height=\"315\" src=\"http:\/\/www.youtube.com\/embed\/1PKbknr9tCo?rel=0\" frameborder=\"0\" allowfullscreen><\/iframe><\/p>\n<p>Veja as fotos da abertura oficial do Ano da F\u00e9 nas missas das 7h30 e das 10h, e da prepara\u00e7\u00e3o na reuni\u00e3o do Conselho Pastoral da Par\u00f3quia S\u00e3o Miguel Arcanjo, dia 03\/11:<\/p>\nngg_shortcode_0_placeholder\n<p><em>Fotos: Carlos Beatriz<\/em><\/p>\n<div id=\"themify_builder_content-19823\" data-postid=\"19823\" class=\"themify_builder_content themify_builder_content-19823 themify_builder themify_builder_front\">\n\t<\/div>\n<!-- \/themify_builder_content -->","protected":false},"excerpt":{"rendered":"<p>Fieis da comunidade S\u00e3o Miguel Arcanjo renovaram a f\u00e9 na abertura oficial do Ano da F\u00e9, realizada no dia 04\/11\/2012. Em todas as missas, cada um recebeu uma vela, que foi acesa na Profiss\u00e3o de F\u00e9 &#8211; veja: No final da missa das 18h, o Pe. Julio convidou as crian\u00e7as, adolescentes e jovens a se [&hellip;]<\/p>\n","protected":false},"author":5,"featured_media":0,"comment_status":"open","ping_status":"open","sticky":false,"template":"","format":"standard","meta":{"ngg_post_thumbnail":0,"footnotes":""},"categories":[2153,3,8,7],"tags":[960,3213,1840,125,801,3207,225],"yoast_head":"<!-- This site is optimized with the Yoast SEO plugin v23.5 - https:\/\/yoast.com\/wordpress\/plugins\/seo\/ -->\n<title>Comunidade abre o Ano da F\u00e9 - O Arcanjo no ar<\/title>\n<meta name=\"robots\" content=\"index, follow, max-snippet:-1, max-image-preview:large, max-video-preview:-1\" \/>\n<link rel=\"canonical\" href=\"https:\/\/www.oarcanjo.net\/site\/comunidade-abre-o-ano-da-fe\/\" \/>\n<meta property=\"og:locale\" content=\"pt_BR\" \/>\n<meta property=\"og:type\" content=\"article\" \/>\n<meta property=\"og:title\" content=\"Comunidade abre o Ano da F\u00e9 - O Arcanjo no ar\" \/>\n<meta property=\"og:description\" content=\"Fieis da comunidade S\u00e3o Miguel Arcanjo renovaram a f\u00e9 na abertura oficial do Ano da F\u00e9, realizada no dia 04\/11\/2012. Em todas as missas, cada um recebeu uma vela, que foi acesa na Profiss\u00e3o de F\u00e9 &#8211; veja: No final da missa das 18h, o Pe. Julio convidou as crian\u00e7as, adolescentes e jovens a se [&hellip;]\" \/>\n<meta property=\"og:url\" content=\"https:\/\/www.oarcanjo.net\/site\/comunidade-abre-o-ano-da-fe\/\" \/>\n<meta property=\"og:site_name\" content=\"O Arcanjo no ar\" \/>\n<meta property=\"article:publisher\" content=\"https:\/\/www.facebook.com\/OArcanjoNoAr\/\" \/>\n<meta property=\"article:published_time\" content=\"2012-11-05T11:33:37+00:00\" \/>\n<meta property=\"article:modified_time\" content=\"2012-11-07T03:40:48+00:00\" \/>\n<meta property=\"og:image\" content=\"https:\/\/www.oarcanjo.net\/site\/wp-content\/uploads\/logo-o-arcanjo-no-ar-facebook.png\" \/>\n\t<meta property=\"og:image:width\" content=\"300\" \/>\n\t<meta property=\"og:image:height\" content=\"300\" \/>\n\t<meta property=\"og:image:type\" content=\"image\/png\" \/>\n<meta name=\"author\" content=\"editor\" \/>\n<meta name=\"twitter:card\" content=\"summary_large_image\" \/>\n<meta name=\"twitter:label1\" content=\"Escrito por\" \/>\n\t<meta name=\"twitter:data1\" content=\"editor\" \/>\n\t<meta name=\"twitter:label2\" content=\"Est. tempo de leitura\" \/>\n\t<meta name=\"twitter:data2\" content=\"1 minuto\" \/>\n<script type=\"application\/ld+json\" class=\"yoast-schema-graph\">{\"@context\":\"https:\/\/schema.org\",\"@graph\":[{\"@type\":\"Article\",\"@id\":\"https:\/\/www.oarcanjo.net\/site\/comunidade-abre-o-ano-da-fe\/#article\",\"isPartOf\":{\"@id\":\"https:\/\/www.oarcanjo.net\/site\/comunidade-abre-o-ano-da-fe\/\"},\"author\":{\"name\":\"editor\",\"@id\":\"https:\/\/www.oarcanjo.net\/site\/#\/schema\/person\/f7024d007863202483a31326673a0838\"},\"headline\":\"Comunidade abre o Ano da F\u00e9\",\"datePublished\":\"2012-11-05T11:33:37+00:00\",\"dateModified\":\"2012-11-07T03:40:48+00:00\",\"mainEntityOfPage\":{\"@id\":\"https:\/\/www.oarcanjo.net\/site\/comunidade-abre-o-ano-da-fe\/\"},\"wordCount\":135,\"commentCount\":0,\"publisher\":{\"@id\":\"https:\/\/www.oarcanjo.net\/site\/#organization\"},\"keywords\":[\"Adolescentes\",\"Ano da F\u00e9\",\"Carta Pastoral\",\"crian\u00e7as\",\"Fabio de Melo\",\"Jovens\",\"juventude\"],\"articleSection\":[\"Ano da F\u00e9\",\"Destaques\",\"Not\u00edcias\",\"Rosto da comunidade\"],\"inLanguage\":\"pt-BR\",\"potentialAction\":[{\"@type\":\"CommentAction\",\"name\":\"Comment\",\"target\":[\"https:\/\/www.oarcanjo.net\/site\/comunidade-abre-o-ano-da-fe\/#respond\"]}]},{\"@type\":\"WebPage\",\"@id\":\"https:\/\/www.oarcanjo.net\/site\/comunidade-abre-o-ano-da-fe\/\",\"url\":\"https:\/\/www.oarcanjo.net\/site\/comunidade-abre-o-ano-da-fe\/\",\"name\":\"Comunidade abre o Ano da F\u00e9 - O Arcanjo no ar\",\"isPartOf\":{\"@id\":\"https:\/\/www.oarcanjo.net\/site\/#website\"},\"datePublished\":\"2012-11-05T11:33:37+00:00\",\"dateModified\":\"2012-11-07T03:40:48+00:00\",\"breadcrumb\":{\"@id\":\"https:\/\/www.oarcanjo.net\/site\/comunidade-abre-o-ano-da-fe\/#breadcrumb\"},\"inLanguage\":\"pt-BR\",\"potentialAction\":[{\"@type\":\"ReadAction\",\"target\":[\"https:\/\/www.oarcanjo.net\/site\/comunidade-abre-o-ano-da-fe\/\"]}]},{\"@type\":\"BreadcrumbList\",\"@id\":\"https:\/\/www.oarcanjo.net\/site\/comunidade-abre-o-ano-da-fe\/#breadcrumb\",\"itemListElement\":[{\"@type\":\"ListItem\",\"position\":1,\"name\":\"In\u00edcio\",\"item\":\"https:\/\/www.oarcanjo.net\/site\/\"},{\"@type\":\"ListItem\",\"position\":2,\"name\":\"Comunidade abre o Ano da F\u00e9\"}]},{\"@type\":\"WebSite\",\"@id\":\"https:\/\/www.oarcanjo.net\/site\/#website\",\"url\":\"https:\/\/www.oarcanjo.net\/site\/\",\"name\":\"O Arcanjo no ar\",\"description\":\"Site da Par\u00f3quia S\u00e3o Miguel Arcanjo (Arquidiocese de SP)\",\"publisher\":{\"@id\":\"https:\/\/www.oarcanjo.net\/site\/#organization\"},\"potentialAction\":[{\"@type\":\"SearchAction\",\"target\":{\"@type\":\"EntryPoint\",\"urlTemplate\":\"https:\/\/www.oarcanjo.net\/site\/?s={search_term_string}\"},\"query-input\":{\"@type\":\"PropertyValueSpecification\",\"valueRequired\":true,\"valueName\":\"search_term_string\"}}],\"inLanguage\":\"pt-BR\"},{\"@type\":\"Organization\",\"@id\":\"https:\/\/www.oarcanjo.net\/site\/#organization\",\"name\":\"Par\u00f3quia S\u00e3o Miguel Arcanjo\",\"url\":\"https:\/\/www.oarcanjo.net\/site\/\",\"logo\":{\"@type\":\"ImageObject\",\"inLanguage\":\"pt-BR\",\"@id\":\"https:\/\/www.oarcanjo.net\/site\/#\/schema\/logo\/image\/\",\"url\":\"https:\/\/www.oarcanjo.net\/site\/wp-content\/uploads\/LogoOArcanjo.png\",\"contentUrl\":\"https:\/\/www.oarcanjo.net\/site\/wp-content\/uploads\/LogoOArcanjo.png\",\"width\":319,\"height\":99,\"caption\":\"Par\u00f3quia S\u00e3o Miguel Arcanjo\"},\"image\":{\"@id\":\"https:\/\/www.oarcanjo.net\/site\/#\/schema\/logo\/image\/\"},\"sameAs\":[\"https:\/\/www.facebook.com\/OArcanjoNoAr\/\"]},{\"@type\":\"Person\",\"@id\":\"https:\/\/www.oarcanjo.net\/site\/#\/schema\/person\/f7024d007863202483a31326673a0838\",\"name\":\"editor\",\"sameAs\":[\"http:\/\/www.oarcanjo.net\"]}]}<\/script>\n<!-- \/ Yoast SEO plugin. -->","yoast_head_json":{"title":"Comunidade abre o Ano da F\u00e9 - O Arcanjo no ar","robots":{"index":"index","follow":"follow","max-snippet":"max-snippet:-1","max-image-preview":"max-image-preview:large","max-video-preview":"max-video-preview:-1"},"canonical":"https:\/\/www.oarcanjo.net\/site\/comunidade-abre-o-ano-da-fe\/","og_locale":"pt_BR","og_type":"article","og_title":"Comunidade abre o Ano da F\u00e9 - O Arcanjo no ar","og_description":"Fieis da comunidade S\u00e3o Miguel Arcanjo renovaram a f\u00e9 na abertura oficial do Ano da F\u00e9, realizada no dia 04\/11\/2012. Em todas as missas, cada um recebeu uma vela, que foi acesa na Profiss\u00e3o de F\u00e9 &#8211; veja: No final da missa das 18h, o Pe. Julio convidou as crian\u00e7as, adolescentes e jovens a se [&hellip;]","og_url":"https:\/\/www.oarcanjo.net\/site\/comunidade-abre-o-ano-da-fe\/","og_site_name":"O Arcanjo no ar","article_publisher":"https:\/\/www.facebook.com\/OArcanjoNoAr\/","article_published_time":"2012-11-05T11:33:37+00:00","article_modified_time":"2012-11-07T03:40:48+00:00","og_image":[{"width":300,"height":300,"url":"https:\/\/www.oarcanjo.net\/site\/wp-content\/uploads\/logo-o-arcanjo-no-ar-facebook.png","type":"image\/png"}],"author":"editor","twitter_card":"summary_large_image","twitter_misc":{"Escrito por":"editor","Est. tempo de leitura":"1 minuto"},"schema":{"@context":"https:\/\/schema.org","@graph":[{"@type":"Article","@id":"https:\/\/www.oarcanjo.net\/site\/comunidade-abre-o-ano-da-fe\/#article","isPartOf":{"@id":"https:\/\/www.oarcanjo.net\/site\/comunidade-abre-o-ano-da-fe\/"},"author":{"name":"editor","@id":"https:\/\/www.oarcanjo.net\/site\/#\/schema\/person\/f7024d007863202483a31326673a0838"},"headline":"Comunidade abre o Ano da F\u00e9","datePublished":"2012-11-05T11:33:37+00:00","dateModified":"2012-11-07T03:40:48+00:00","mainEntityOfPage":{"@id":"https:\/\/www.oarcanjo.net\/site\/comunidade-abre-o-ano-da-fe\/"},"wordCount":135,"commentCount":0,"publisher":{"@id":"https:\/\/www.oarcanjo.net\/site\/#organization"},"keywords":["Adolescentes","Ano da F\u00e9","Carta Pastoral","crian\u00e7as","Fabio de Melo","Jovens","juventude"],"articleSection":["Ano da F\u00e9","Destaques","Not\u00edcias","Rosto da comunidade"],"inLanguage":"pt-BR","potentialAction":[{"@type":"CommentAction","name":"Comment","target":["https:\/\/www.oarcanjo.net\/site\/comunidade-abre-o-ano-da-fe\/#respond"]}]},{"@type":"WebPage","@id":"https:\/\/www.oarcanjo.net\/site\/comunidade-abre-o-ano-da-fe\/","url":"https:\/\/www.oarcanjo.net\/site\/comunidade-abre-o-ano-da-fe\/","name":"Comunidade abre o Ano da F\u00e9 - O Arcanjo no ar","isPartOf":{"@id":"https:\/\/www.oarcanjo.net\/site\/#website"},"datePublished":"2012-11-05T11:33:37+00:00","dateModified":"2012-11-07T03:40:48+00:00","breadcrumb":{"@id":"https:\/\/www.oarcanjo.net\/site\/comunidade-abre-o-ano-da-fe\/#breadcrumb"},"inLanguage":"pt-BR","potentialAction":[{"@type":"ReadAction","target":["https:\/\/www.oarcanjo.net\/site\/comunidade-abre-o-ano-da-fe\/"]}]},{"@type":"BreadcrumbList","@id":"https:\/\/www.oarcanjo.net\/site\/comunidade-abre-o-ano-da-fe\/#breadcrumb","itemListElement":[{"@type":"ListItem","position":1,"name":"In\u00edcio","item":"https:\/\/www.oarcanjo.net\/site\/"},{"@type":"ListItem","position":2,"name":"Comunidade abre o Ano da F\u00e9"}]},{"@type":"WebSite","@id":"https:\/\/www.oarcanjo.net\/site\/#website","url":"https:\/\/www.oarcanjo.net\/site\/","name":"O Arcanjo no ar","description":"Site da Par\u00f3quia S\u00e3o Miguel Arcanjo (Arquidiocese de SP)","publisher":{"@id":"https:\/\/www.oarcanjo.net\/site\/#organization"},"potentialAction":[{"@type":"SearchAction","target":{"@type":"EntryPoint","urlTemplate":"https:\/\/www.oarcanjo.net\/site\/?s={search_term_string}"},"query-input":{"@type":"PropertyValueSpecification","valueRequired":true,"valueName":"search_term_string"}}],"inLanguage":"pt-BR"},{"@type":"Organization","@id":"https:\/\/www.oarcanjo.net\/site\/#organization","name":"Par\u00f3quia S\u00e3o Miguel Arcanjo","url":"https:\/\/www.oarcanjo.net\/site\/","logo":{"@type":"ImageObject","inLanguage":"pt-BR","@id":"https:\/\/www.oarcanjo.net\/site\/#\/schema\/logo\/image\/","url":"https:\/\/www.oarcanjo.net\/site\/wp-content\/uploads\/LogoOArcanjo.png","contentUrl":"https:\/\/www.oarcanjo.net\/site\/wp-content\/uploads\/LogoOArcanjo.png","width":319,"height":99,"caption":"Par\u00f3quia S\u00e3o Miguel Arcanjo"},"image":{"@id":"https:\/\/www.oarcanjo.net\/site\/#\/schema\/logo\/image\/"},"sameAs":["https:\/\/www.facebook.com\/OArcanjoNoAr\/"]},{"@type":"Person","@id":"https:\/\/www.oarcanjo.net\/site\/#\/schema\/person\/f7024d007863202483a31326673a0838","name":"editor","sameAs":["http:\/\/www.oarcanjo.net"]}]}},"publishpress_future_action":{"enabled":false,"date":"2026-05-09 06:32:39","action":"category","newStatus":"draft","terms":[],"taxonomy":"category"},"publishpress_future_workflow_manual_trigger":{"enabledWorkflows":[]},"_links":{"self":[{"href":"https:\/\/www.oarcanjo.net\/site\/wp-json\/wp\/v2\/posts\/19823"}],"collection":[{"href":"https:\/\/www.oarcanjo.net\/site\/wp-json\/wp\/v2\/posts"}],"about":[{"href":"https:\/\/www.oarcanjo.net\/site\/wp-json\/wp\/v2\/types\/post"}],"author":[{"embeddable":true,"href":"https:\/\/www.oarcanjo.net\/site\/wp-json\/wp\/v2\/users\/5"}],"replies":[{"embeddable":true,"href":"https:\/\/www.oarcanjo.net\/site\/wp-json\/wp\/v2\/comments?post=19823"}],"version-history":[{"count":0,"href":"https:\/\/www.oarcanjo.net\/site\/wp-json\/wp\/v2\/posts\/19823\/revisions"}],"wp:attachment":[{"href":"https:\/\/www.oarcanjo.net\/site\/wp-json\/wp\/v2\/media?parent=19823"}],"wp:term":[{"taxonomy":"category","embeddable":true,"href":"https:\/\/www.oarcanjo.net\/site\/wp-json\/wp\/v2\/categories?post=19823"},{"taxonomy":"post_tag","embeddable":true,"href":"https:\/\/www.oarcanjo.net\/site\/wp-json\/wp\/v2\/tags?post=19823"}],"curies":[{"name":"wp","href":"https:\/\/api.w.org\/{rel}","templated":true}]}}