
{"id":1984,"date":"2009-02-24T11:00:36","date_gmt":"2009-02-24T14:00:36","guid":{"rendered":"http:\/\/www.oarcanjo.net\/site\/?p=1984"},"modified":"2009-02-25T12:06:25","modified_gmt":"2009-02-25T15:06:25","slug":"criancas-soldado-a-infancia-assassinada","status":"publish","type":"post","link":"https:\/\/www.oarcanjo.net\/site\/criancas-soldado-a-infancia-assassinada\/","title":{"rendered":"Crian\u00e7as soldado: a inf\u00e2ncia assassinada"},"content":{"rendered":"<p>Maria Clara Lucchetti Bingemer<\/p>\n<p>No \u00faltimo dia 12 de fevereiro, o mundo \u201ccelebrou\u201d uma data de tristes caracter\u00edsticas: o dia das crian\u00e7as soldado. Estima-se que existam 300 mil crian\u00e7as envolvidas em conflitos armados em mais de 30 pa\u00edses ao redor do mundo. De acordo com o Unicef, a maioria \u00e9 de adolescentes, mas existem crian\u00e7as de at\u00e9 sete anos nessa situa\u00e7\u00e3o. O recrutamento de crian\u00e7as em guerras se d\u00e1 geralmente para as linhas de batalha, mas elas s\u00e3o usadas tamb\u00e9m como espi\u00f5es, mensageiros, escudos humanos, trabalhadores ou escravos sexuais.<\/p>\n<p>Afeganist\u00e3o, Birm\u00e2nia, Burundi, Chade, Rep\u00fablica Centro-Africana, Col\u00f4mbia, Rep\u00fablica Democr\u00e1tica do Congo, Filipinas, Nepal, Som\u00e1lia, Sud\u00e3o, Sri Lanka e Uganda s\u00e3o os. pa\u00edses onde mais casos se verificam de crian\u00e7as recrutadas para atuar em guerras e portar armas.<\/p>\n<p>Em 2007, dez destes pa\u00edses assinaram os \u201dCompromissos de Paris\u201d, onde os pa\u00edses prometem combater a \u201cimpunidade\u201d de autores de recrutamento ou utiliza\u00e7\u00e3o ilegal de menores e \u201cinvestigar e perseguir\u201d essas pessoas, opondo-se \u00e0 anistia destes crimes nos acordos de paz. A liberta\u00e7\u00e3o das crian\u00e7as n\u00e3o dever\u00e1 estar sujeita a condi\u00e7\u00f5es e as crian\u00e7as soldados acusadas de crimes devem ser consideradas \u201cem primeiro lugar como v\u00edtimas e viola\u00e7\u00e3o do direito internacional e n\u00e3o apenas como presum\u00edveis culpados\u201d.<\/p>\n<p>Se a viol\u00eancia e o flagelo maior da nossa \u00e9poca, quando crian\u00e7as inocentes s\u00e3o for\u00e7adas a participar como agentes desse flagelo, a coisa torna-se ainda mais revoltante. Uma crian\u00e7a-soldado n\u00e3o \u00e9 s\u00f3 aquela que vai combater. \u00c9 tamb\u00e9m usada como mensageira, espia e escrava sexual dos grupos armados. A pobreza, a propaganda e os interesses ideol\u00f3gicos continuam a provocar o envolvimento de crian\u00e7as em v\u00e1rios conflitos.<\/p>\n<p>A maioria das crian\u00e7as-soldado \u00e9 raptada de suas casas. Vivem em meios pobres e marcados pelo analfabetismo, sendo, muitas vezes, de zonas rurais. Aquelas que se voluntariam s\u00e3o guiadas pelo desejo de se libertarem da pobreza e fazerem parte de um grupo pol\u00edtico e ideol\u00f3gico. Aquelas que sobrevivem aos conflitos ficam f\u00edsica e psicologicamente afetadas e necessitam de apoio psicol\u00f3gico para posteriormente se reintegrarem na sociedade.<\/p>\n<p>Em 1996, a ex-ministra da Educa\u00e7\u00e3o e Cultura e ex-primeira-dama de Mo\u00e7ambique, Gra\u00e7a Machel, concluiu um estudo de impacto patrocinado pelas Na\u00e7\u00f5es Unidas e que a levou a viajar por na\u00e7\u00f5es assoladas por guerras civis como Angola, Camboja, Col\u00f4mbia, Irlanda do Norte, L\u00edbano, Ruanda, Serra Leoa e a antiga Iugosl\u00e1via. Durante quase dois anos de pesquisa, a Professora Machel estudou um contingente armado cujas vozes nunca tinham sido ouvidas porque eram jovens demais.<\/p>\n<p>O estudo &#8220;O impacto dos conflitos armados sobre as crian\u00e7as&#8221; tirou os jovens combatentes da invisibilidade, o que significou o primeiro passo para traz\u00ea-los para a luz da Lei Internacional. Com vit\u00f3rias legais importantes como legisla\u00e7\u00e3o contra o recrutamento for\u00e7ado de crian\u00e7as para a guerra, especialistas e defensores dos direitos das crian\u00e7as se encontram agora para fazer uma revis\u00e3o no documento com um olho no futuro.<\/p>\n<p>&#8220;O estudo de Gra\u00e7a Machel cobriu exaustivamente o tema&#8221;, afirmou Paula M. Claycomb, do Escrit\u00f3rio de Programas Emergenciais do Unicef, que est\u00e1 participando do processo de revis\u00e3o. &#8220;Mas n\u00f3s estamos agora olhando para os avan\u00e7os conquistados nos \u00faltimos 10 anos, para as mudan\u00e7as ocorridas e para os desafios que est\u00e3o \u00e0 nossa frente&#8221;, disse Claycomb, destacando que este deve ser um documento que &#8220;realmente enxergue a quest\u00e3o com um olhar no futuro&#8221;.<\/p>\n<p>No Brasil, vemos a realidade triste e terr\u00edvel de crian\u00e7as serem recrutadas, n\u00e3o talvez para guerras pol\u00edtico-ideologicas, mas para outra guerra, talvez mais letal e monstruosa: a guerra do tr\u00e1fico de drogas.  \u00c9 comum ver nos morros cariocas e em outros lugares onde a droga circula meninos de 12 anos ou at\u00e9 menos fazendo de avi\u00e3ozinho\u201d, ou seja, portando droga de um ponto para outro.<\/p>\n<div id=\"themify_builder_content-1984\" data-postid=\"1984\" class=\"themify_builder_content themify_builder_content-1984 themify_builder themify_builder_front\">\n\t<\/div>\n<!-- \/themify_builder_content -->","protected":false},"excerpt":{"rendered":"<p>Maria Clara Lucchetti Bingemer No \u00faltimo dia 12 de fevereiro, o mundo \u201ccelebrou\u201d uma data de tristes caracter\u00edsticas: o dia das crian\u00e7as soldado. Estima-se que existam 300 mil crian\u00e7as envolvidas em conflitos armados em mais de 30 pa\u00edses ao redor do mundo. De acordo com o Unicef, a maioria \u00e9 de adolescentes, mas existem crian\u00e7as [&hellip;]<\/p>\n","protected":false},"author":5,"featured_media":0,"comment_status":"open","ping_status":"open","sticky":false,"template":"","format":"standard","meta":{"ngg_post_thumbnail":0,"footnotes":""},"categories":[241],"tags":[261,229,260,279,20],"yoast_head":"<!-- This site is optimized with the Yoast SEO plugin v23.5 - https:\/\/yoast.com\/wordpress\/plugins\/seo\/ -->\n<title>Crian\u00e7as soldado: a inf\u00e2ncia assassinada - O Arcanjo no ar<\/title>\n<meta name=\"robots\" content=\"index, follow, max-snippet:-1, max-image-preview:large, max-video-preview:-1\" \/>\n<link rel=\"canonical\" href=\"https:\/\/www.oarcanjo.net\/site\/criancas-soldado-a-infancia-assassinada\/\" \/>\n<meta property=\"og:locale\" content=\"pt_BR\" \/>\n<meta property=\"og:type\" content=\"article\" \/>\n<meta property=\"og:title\" content=\"Crian\u00e7as soldado: a inf\u00e2ncia assassinada - O Arcanjo no ar\" \/>\n<meta property=\"og:description\" content=\"Maria Clara Lucchetti Bingemer No \u00faltimo dia 12 de fevereiro, o mundo \u201ccelebrou\u201d uma data de tristes caracter\u00edsticas: o dia das crian\u00e7as soldado. Estima-se que existam 300 mil crian\u00e7as envolvidas em conflitos armados em mais de 30 pa\u00edses ao redor do mundo. De acordo com o Unicef, a maioria \u00e9 de adolescentes, mas existem crian\u00e7as [&hellip;]\" \/>\n<meta property=\"og:url\" content=\"https:\/\/www.oarcanjo.net\/site\/criancas-soldado-a-infancia-assassinada\/\" \/>\n<meta property=\"og:site_name\" content=\"O Arcanjo no ar\" \/>\n<meta property=\"article:publisher\" content=\"https:\/\/www.facebook.com\/OArcanjoNoAr\/\" \/>\n<meta property=\"article:published_time\" content=\"2009-02-24T14:00:36+00:00\" \/>\n<meta property=\"article:modified_time\" content=\"2009-02-25T15:06:25+00:00\" \/>\n<meta property=\"og:image\" content=\"https:\/\/www.oarcanjo.net\/site\/wp-content\/uploads\/logo-o-arcanjo-no-ar-facebook.png\" \/>\n\t<meta property=\"og:image:width\" content=\"300\" \/>\n\t<meta property=\"og:image:height\" content=\"300\" \/>\n\t<meta property=\"og:image:type\" content=\"image\/png\" \/>\n<meta name=\"author\" content=\"editor\" \/>\n<meta name=\"twitter:card\" content=\"summary_large_image\" \/>\n<meta name=\"twitter:label1\" content=\"Escrito por\" \/>\n\t<meta name=\"twitter:data1\" content=\"editor\" \/>\n\t<meta name=\"twitter:label2\" content=\"Est. tempo de leitura\" \/>\n\t<meta name=\"twitter:data2\" content=\"3 minutos\" \/>\n<script type=\"application\/ld+json\" class=\"yoast-schema-graph\">{\"@context\":\"https:\/\/schema.org\",\"@graph\":[{\"@type\":\"Article\",\"@id\":\"https:\/\/www.oarcanjo.net\/site\/criancas-soldado-a-infancia-assassinada\/#article\",\"isPartOf\":{\"@id\":\"https:\/\/www.oarcanjo.net\/site\/criancas-soldado-a-infancia-assassinada\/\"},\"author\":{\"name\":\"editor\",\"@id\":\"https:\/\/www.oarcanjo.net\/site\/#\/schema\/person\/f7024d007863202483a31326673a0838\"},\"headline\":\"Crian\u00e7as soldado: a inf\u00e2ncia assassinada\",\"datePublished\":\"2009-02-24T14:00:36+00:00\",\"dateModified\":\"2009-02-25T15:06:25+00:00\",\"mainEntityOfPage\":{\"@id\":\"https:\/\/www.oarcanjo.net\/site\/criancas-soldado-a-infancia-assassinada\/\"},\"wordCount\":683,\"commentCount\":1,\"publisher\":{\"@id\":\"https:\/\/www.oarcanjo.net\/site\/#organization\"},\"keywords\":[\"adolescente\",\"Campanha da Fraternidade\",\"crian\u00e7a\",\"narcotr\u00e1fico\",\"viol\u00eancia\"],\"articleSection\":[\"CF\"],\"inLanguage\":\"pt-BR\",\"potentialAction\":[{\"@type\":\"CommentAction\",\"name\":\"Comment\",\"target\":[\"https:\/\/www.oarcanjo.net\/site\/criancas-soldado-a-infancia-assassinada\/#respond\"]}]},{\"@type\":\"WebPage\",\"@id\":\"https:\/\/www.oarcanjo.net\/site\/criancas-soldado-a-infancia-assassinada\/\",\"url\":\"https:\/\/www.oarcanjo.net\/site\/criancas-soldado-a-infancia-assassinada\/\",\"name\":\"Crian\u00e7as soldado: a inf\u00e2ncia assassinada - O Arcanjo no ar\",\"isPartOf\":{\"@id\":\"https:\/\/www.oarcanjo.net\/site\/#website\"},\"datePublished\":\"2009-02-24T14:00:36+00:00\",\"dateModified\":\"2009-02-25T15:06:25+00:00\",\"breadcrumb\":{\"@id\":\"https:\/\/www.oarcanjo.net\/site\/criancas-soldado-a-infancia-assassinada\/#breadcrumb\"},\"inLanguage\":\"pt-BR\",\"potentialAction\":[{\"@type\":\"ReadAction\",\"target\":[\"https:\/\/www.oarcanjo.net\/site\/criancas-soldado-a-infancia-assassinada\/\"]}]},{\"@type\":\"BreadcrumbList\",\"@id\":\"https:\/\/www.oarcanjo.net\/site\/criancas-soldado-a-infancia-assassinada\/#breadcrumb\",\"itemListElement\":[{\"@type\":\"ListItem\",\"position\":1,\"name\":\"In\u00edcio\",\"item\":\"https:\/\/www.oarcanjo.net\/site\/\"},{\"@type\":\"ListItem\",\"position\":2,\"name\":\"Crian\u00e7as soldado: a inf\u00e2ncia assassinada\"}]},{\"@type\":\"WebSite\",\"@id\":\"https:\/\/www.oarcanjo.net\/site\/#website\",\"url\":\"https:\/\/www.oarcanjo.net\/site\/\",\"name\":\"O Arcanjo no ar\",\"description\":\"Site da Par\u00f3quia S\u00e3o Miguel Arcanjo (Arquidiocese de SP)\",\"publisher\":{\"@id\":\"https:\/\/www.oarcanjo.net\/site\/#organization\"},\"potentialAction\":[{\"@type\":\"SearchAction\",\"target\":{\"@type\":\"EntryPoint\",\"urlTemplate\":\"https:\/\/www.oarcanjo.net\/site\/?s={search_term_string}\"},\"query-input\":{\"@type\":\"PropertyValueSpecification\",\"valueRequired\":true,\"valueName\":\"search_term_string\"}}],\"inLanguage\":\"pt-BR\"},{\"@type\":\"Organization\",\"@id\":\"https:\/\/www.oarcanjo.net\/site\/#organization\",\"name\":\"Par\u00f3quia S\u00e3o Miguel Arcanjo\",\"url\":\"https:\/\/www.oarcanjo.net\/site\/\",\"logo\":{\"@type\":\"ImageObject\",\"inLanguage\":\"pt-BR\",\"@id\":\"https:\/\/www.oarcanjo.net\/site\/#\/schema\/logo\/image\/\",\"url\":\"https:\/\/www.oarcanjo.net\/site\/wp-content\/uploads\/LogoOArcanjo.png\",\"contentUrl\":\"https:\/\/www.oarcanjo.net\/site\/wp-content\/uploads\/LogoOArcanjo.png\",\"width\":319,\"height\":99,\"caption\":\"Par\u00f3quia S\u00e3o Miguel Arcanjo\"},\"image\":{\"@id\":\"https:\/\/www.oarcanjo.net\/site\/#\/schema\/logo\/image\/\"},\"sameAs\":[\"https:\/\/www.facebook.com\/OArcanjoNoAr\/\"]},{\"@type\":\"Person\",\"@id\":\"https:\/\/www.oarcanjo.net\/site\/#\/schema\/person\/f7024d007863202483a31326673a0838\",\"name\":\"editor\",\"sameAs\":[\"http:\/\/www.oarcanjo.net\"]}]}<\/script>\n<!-- \/ Yoast SEO plugin. -->","yoast_head_json":{"title":"Crian\u00e7as soldado: a inf\u00e2ncia assassinada - O Arcanjo no ar","robots":{"index":"index","follow":"follow","max-snippet":"max-snippet:-1","max-image-preview":"max-image-preview:large","max-video-preview":"max-video-preview:-1"},"canonical":"https:\/\/www.oarcanjo.net\/site\/criancas-soldado-a-infancia-assassinada\/","og_locale":"pt_BR","og_type":"article","og_title":"Crian\u00e7as soldado: a inf\u00e2ncia assassinada - O Arcanjo no ar","og_description":"Maria Clara Lucchetti Bingemer No \u00faltimo dia 12 de fevereiro, o mundo \u201ccelebrou\u201d uma data de tristes caracter\u00edsticas: o dia das crian\u00e7as soldado. Estima-se que existam 300 mil crian\u00e7as envolvidas em conflitos armados em mais de 30 pa\u00edses ao redor do mundo. De acordo com o Unicef, a maioria \u00e9 de adolescentes, mas existem crian\u00e7as [&hellip;]","og_url":"https:\/\/www.oarcanjo.net\/site\/criancas-soldado-a-infancia-assassinada\/","og_site_name":"O Arcanjo no ar","article_publisher":"https:\/\/www.facebook.com\/OArcanjoNoAr\/","article_published_time":"2009-02-24T14:00:36+00:00","article_modified_time":"2009-02-25T15:06:25+00:00","og_image":[{"width":300,"height":300,"url":"https:\/\/www.oarcanjo.net\/site\/wp-content\/uploads\/logo-o-arcanjo-no-ar-facebook.png","type":"image\/png"}],"author":"editor","twitter_card":"summary_large_image","twitter_misc":{"Escrito por":"editor","Est. tempo de leitura":"3 minutos"},"schema":{"@context":"https:\/\/schema.org","@graph":[{"@type":"Article","@id":"https:\/\/www.oarcanjo.net\/site\/criancas-soldado-a-infancia-assassinada\/#article","isPartOf":{"@id":"https:\/\/www.oarcanjo.net\/site\/criancas-soldado-a-infancia-assassinada\/"},"author":{"name":"editor","@id":"https:\/\/www.oarcanjo.net\/site\/#\/schema\/person\/f7024d007863202483a31326673a0838"},"headline":"Crian\u00e7as soldado: a inf\u00e2ncia assassinada","datePublished":"2009-02-24T14:00:36+00:00","dateModified":"2009-02-25T15:06:25+00:00","mainEntityOfPage":{"@id":"https:\/\/www.oarcanjo.net\/site\/criancas-soldado-a-infancia-assassinada\/"},"wordCount":683,"commentCount":1,"publisher":{"@id":"https:\/\/www.oarcanjo.net\/site\/#organization"},"keywords":["adolescente","Campanha da Fraternidade","crian\u00e7a","narcotr\u00e1fico","viol\u00eancia"],"articleSection":["CF"],"inLanguage":"pt-BR","potentialAction":[{"@type":"CommentAction","name":"Comment","target":["https:\/\/www.oarcanjo.net\/site\/criancas-soldado-a-infancia-assassinada\/#respond"]}]},{"@type":"WebPage","@id":"https:\/\/www.oarcanjo.net\/site\/criancas-soldado-a-infancia-assassinada\/","url":"https:\/\/www.oarcanjo.net\/site\/criancas-soldado-a-infancia-assassinada\/","name":"Crian\u00e7as soldado: a inf\u00e2ncia assassinada - O Arcanjo no ar","isPartOf":{"@id":"https:\/\/www.oarcanjo.net\/site\/#website"},"datePublished":"2009-02-24T14:00:36+00:00","dateModified":"2009-02-25T15:06:25+00:00","breadcrumb":{"@id":"https:\/\/www.oarcanjo.net\/site\/criancas-soldado-a-infancia-assassinada\/#breadcrumb"},"inLanguage":"pt-BR","potentialAction":[{"@type":"ReadAction","target":["https:\/\/www.oarcanjo.net\/site\/criancas-soldado-a-infancia-assassinada\/"]}]},{"@type":"BreadcrumbList","@id":"https:\/\/www.oarcanjo.net\/site\/criancas-soldado-a-infancia-assassinada\/#breadcrumb","itemListElement":[{"@type":"ListItem","position":1,"name":"In\u00edcio","item":"https:\/\/www.oarcanjo.net\/site\/"},{"@type":"ListItem","position":2,"name":"Crian\u00e7as soldado: a inf\u00e2ncia assassinada"}]},{"@type":"WebSite","@id":"https:\/\/www.oarcanjo.net\/site\/#website","url":"https:\/\/www.oarcanjo.net\/site\/","name":"O Arcanjo no ar","description":"Site da Par\u00f3quia S\u00e3o Miguel Arcanjo (Arquidiocese de SP)","publisher":{"@id":"https:\/\/www.oarcanjo.net\/site\/#organization"},"potentialAction":[{"@type":"SearchAction","target":{"@type":"EntryPoint","urlTemplate":"https:\/\/www.oarcanjo.net\/site\/?s={search_term_string}"},"query-input":{"@type":"PropertyValueSpecification","valueRequired":true,"valueName":"search_term_string"}}],"inLanguage":"pt-BR"},{"@type":"Organization","@id":"https:\/\/www.oarcanjo.net\/site\/#organization","name":"Par\u00f3quia S\u00e3o Miguel Arcanjo","url":"https:\/\/www.oarcanjo.net\/site\/","logo":{"@type":"ImageObject","inLanguage":"pt-BR","@id":"https:\/\/www.oarcanjo.net\/site\/#\/schema\/logo\/image\/","url":"https:\/\/www.oarcanjo.net\/site\/wp-content\/uploads\/LogoOArcanjo.png","contentUrl":"https:\/\/www.oarcanjo.net\/site\/wp-content\/uploads\/LogoOArcanjo.png","width":319,"height":99,"caption":"Par\u00f3quia S\u00e3o Miguel Arcanjo"},"image":{"@id":"https:\/\/www.oarcanjo.net\/site\/#\/schema\/logo\/image\/"},"sameAs":["https:\/\/www.facebook.com\/OArcanjoNoAr\/"]},{"@type":"Person","@id":"https:\/\/www.oarcanjo.net\/site\/#\/schema\/person\/f7024d007863202483a31326673a0838","name":"editor","sameAs":["http:\/\/www.oarcanjo.net"]}]}},"publishpress_future_action":{"enabled":false,"date":"2026-05-08 22:52:35","action":"category","newStatus":"draft","terms":[],"taxonomy":"category"},"publishpress_future_workflow_manual_trigger":{"enabledWorkflows":[]},"_links":{"self":[{"href":"https:\/\/www.oarcanjo.net\/site\/wp-json\/wp\/v2\/posts\/1984"}],"collection":[{"href":"https:\/\/www.oarcanjo.net\/site\/wp-json\/wp\/v2\/posts"}],"about":[{"href":"https:\/\/www.oarcanjo.net\/site\/wp-json\/wp\/v2\/types\/post"}],"author":[{"embeddable":true,"href":"https:\/\/www.oarcanjo.net\/site\/wp-json\/wp\/v2\/users\/5"}],"replies":[{"embeddable":true,"href":"https:\/\/www.oarcanjo.net\/site\/wp-json\/wp\/v2\/comments?post=1984"}],"version-history":[{"count":0,"href":"https:\/\/www.oarcanjo.net\/site\/wp-json\/wp\/v2\/posts\/1984\/revisions"}],"wp:attachment":[{"href":"https:\/\/www.oarcanjo.net\/site\/wp-json\/wp\/v2\/media?parent=1984"}],"wp:term":[{"taxonomy":"category","embeddable":true,"href":"https:\/\/www.oarcanjo.net\/site\/wp-json\/wp\/v2\/categories?post=1984"},{"taxonomy":"post_tag","embeddable":true,"href":"https:\/\/www.oarcanjo.net\/site\/wp-json\/wp\/v2\/tags?post=1984"}],"curies":[{"name":"wp","href":"https:\/\/api.w.org\/{rel}","templated":true}]}}