
{"id":19853,"date":"2012-11-05T17:20:44","date_gmt":"2012-11-05T19:20:44","guid":{"rendered":"http:\/\/www.oarcanjo.net\/site\/?p=19853"},"modified":"2012-11-05T17:20:44","modified_gmt":"2012-11-05T19:20:44","slug":"ver-tudo-tolerar-muito-e-corrigir-pouco","status":"publish","type":"post","link":"https:\/\/www.oarcanjo.net\/site\/ver-tudo-tolerar-muito-e-corrigir-pouco\/","title":{"rendered":"Ver tudo, tolerar muito e corrigir pouco"},"content":{"rendered":"<h3 style=\"text-align: justify\"><\/h3>\n<div>\n<div style=\"text-align: justify\">Padre Geovane Saraiva*<\/div>\n<div style=\"text-align: justify\"><a href=\"http:\/\/4.bp.blogspot.com\/-YhnYaZdm5f0\/UJgMl6MVilI\/AAAAAAAAOiE\/WA2jaoZb4rc\/s1600\/Medalha+botic%C3%A1rio.jpg\"><\/a><\/div>\n<div style=\"text-align: justify\"><a href=\"http:\/\/www.oarcanjo.net\/site\/wp-content\/uploads\/DSC03049.jpg\"><img loading=\"lazy\" decoding=\"async\" class=\"alignleft size-thumbnail wp-image-19151\" src=\"http:\/\/www.oarcanjo.net\/site\/wp-content\/uploads\/DSC03049-150x150.jpg\" alt=\"\" width=\"150\" height=\"150\" \/><\/a>Carlos Borromeu nasceu pr\u00f3ximo da cidade de Mil\u00e3o \u2013 It\u00e1lia, em 1538, numa \u00e9poca profundamente marcada pelo nepotismo. Sua m\u00e3e era uma mulher de grande f\u00e9, acompanhada da piedade, com privil\u00e9gio de ser irm\u00e3 do Papa Pio IV.\u00a0 Ela cuidou com muito amor da educa\u00e7\u00e3o do filho em todos os sentidos, especialmente da parte moral e religiosa. Jovem inteligente e aberto \u00e0 realidade do mundo de seu tempo, como um ex\u00edmio aluno do curso de Direito na Universidade de P\u00e1via. Sabemos que as virtudes s\u00e3o excelsas e neste sentido Deus o marcou com a virtude de ir ao encontro das pessoas, de acolh\u00ea-las e bem trat\u00e1-las.<\/div>\n<div style=\"text-align: justify\">Pio IV o chamou \u00e0 cidade eterna e o nomeou Cardeal e Arcebispo de Mil\u00e3o, com apenas 22 anos de idade, mesmo sem ser sacerdote.\u00a0 O jovem Carlos Borromeu recebeu as Ordens Sagradas \u2013 Padre e Bispo. Ao iniciar a carreira eclesi\u00e1stica, parecia n\u00e3o muito animadora para os que sonhavam com a reforma da Igreja. Mas a partir daquele momento em diante, sua vida se transformou por completo, sendo selado por Deus e por sua infinita miseric\u00f3rdia, na ascese, na piedade e na caridade.<\/div>\n<div style=\"text-align: justify\">Bispo extraordin\u00e1rio e grandioso, pela vigil\u00e2ncia pastoral e espl\u00eandidas virtudes, mostrando ao mundo a verdadeira face pascal Senhor ressuscitado, tornando-se um servo bom e fiel, no servi\u00e7o do Evangelho, ao edificar o reino de Deus, pela fervorosa caridade pastoral, manifestando-a especialmente no cuidado aos pobres, na inesquec\u00edvel peste de Mil\u00e3o.<\/div>\n<div style=\"text-align: justify\">S\u00e3o Carlos Borromeu pertence aos grandes promotores na renova\u00e7\u00e3o da f\u00e9 e dos costumes, sancionado pelo Conc\u00edlio de Trento. Modelo de pastor de almas, entrela\u00e7ado pela autoridade e a ora\u00e7\u00e3o, no seu zelo e caridade de pastor. Tinha como princ\u00edpio pedag\u00f3gico: \u201cver tudo, tolerar muito e corrigir pouco\u201d, certamente, muito v\u00e1lido para os dias de hoje.<\/div>\n<div style=\"text-align: justify\">Homem vigoroso, de uma for\u00e7a e coragem inabal\u00e1vel, na sua atividade de ensinar santificar e governar, concretamente, causando mudan\u00e7as nos costumes e na mentalidade de seu povo. Promoveu prociss\u00f5es, suplicando a miseric\u00f3rdia divina e o perd\u00e3o dos pecados. Para dar bom exemplo, o grande Bispo de Mil\u00e3o acompanhou uma, das muitas prociss\u00f5es, com os p\u00e9s descal\u00e7os.<\/div>\n<div style=\"text-align: justify\">Seu modo exemplar de viver, sendo grande como Santo e como Bispo, foi imprescind\u00edvel, para que no s\u00e9culo XVI se levantasse por toda a Europa vozes angustiadas, clamando por reforma dentro da Igreja, come\u00e7ando pelos pr\u00f3prios pastores: Bispos e Padres. Como Arcebispo, mostrou-se cumpridor dos seus deveres, criando um modelo e uma mentalidade diferente, ocasionando um grande impacto, de tal maneira, que proporcionou em toda a Igreja, sua renova\u00e7\u00e3o espiritual. Patrim\u00f4nio do mundo crist\u00e3o, a data do seu nascimento para Deus deu-se no dia 04 de novembro de 1584, dia em que Igreja comemora sua festa.<\/div>\n<div style=\"text-align: justify\"><em>*Padre da Arquidiocese de Fortaleza, Escritor, Membro da Academia de Letras dos Munic\u00edpios do Estado Cear\u00e1 (ALMECE), e da Academia Metropolitana de Letras de Fortaleza.<\/em><\/div>\n<div style=\"text-align: justify\"><em>P\u00e1roco de Santo Afonso<\/em><\/div>\n<div><em><a href=\"mailto:geovanesaraiva@gmail.com\">geovanesaraiva@gmail.com<\/a><\/em><\/div>\n<div><strong>Autor dos livros:<\/strong><\/div>\n<div><strong>\u201cO peregrino da Paz\u201d e \u201cNascido Para as Coisas Maiores\u201d (centen\u00e1rio de Dom Helder C\u00e2mara);<\/strong><\/div>\n<div><strong>\u201cA Ternura de um Pastor\u201d &#8211; 2\u00aa Edi\u00e7\u00e3o (homenagem ao Cardeal Lorscheider);<\/strong><\/div>\n<div><strong>\u201cA Esperan\u00e7a Tem Nome\u201d (espiritualidade e compromisso);<\/strong><\/div>\n<div><strong>&#8220;Dom Helder: sonhos e utopias&#8221; (o pastor dos empobrecidos).<\/strong><\/div>\n<\/div>\n<div>\n<div>Postado por\u00a0<a title=\"author profile\" rel=\"author\" href=\"http:\/\/www.blogger.com\/profile\/12037961757835243213\">Par\u00f3quia de Santo Afonso<\/a><\/div>\n<\/div>\n<p>&nbsp;<\/p>\n<div id=\"themify_builder_content-19853\" data-postid=\"19853\" class=\"themify_builder_content themify_builder_content-19853 themify_builder themify_builder_front\">\n\t<\/div>\n<!-- \/themify_builder_content -->","protected":false},"excerpt":{"rendered":"<p>Padre Geovane Saraiva* Carlos Borromeu nasceu pr\u00f3ximo da cidade de Mil\u00e3o \u2013 It\u00e1lia, em 1538, numa \u00e9poca profundamente marcada pelo nepotismo. Sua m\u00e3e era uma mulher de grande f\u00e9, acompanhada da piedade, com privil\u00e9gio de ser irm\u00e3 do Papa Pio IV.\u00a0 Ela cuidou com muito amor da educa\u00e7\u00e3o do filho em todos os sentidos, especialmente [&hellip;]<\/p>\n","protected":false},"author":17,"featured_media":0,"comment_status":"open","ping_status":"open","sticky":false,"template":"","format":"standard","meta":{"ngg_post_thumbnail":0,"footnotes":""},"categories":[9],"tags":[],"yoast_head":"<!-- This site is optimized with the Yoast SEO plugin v23.5 - https:\/\/yoast.com\/wordpress\/plugins\/seo\/ -->\n<title>Ver tudo, tolerar muito e corrigir pouco - O Arcanjo no ar<\/title>\n<meta name=\"robots\" content=\"index, follow, max-snippet:-1, max-image-preview:large, max-video-preview:-1\" \/>\n<link rel=\"canonical\" href=\"https:\/\/www.oarcanjo.net\/site\/ver-tudo-tolerar-muito-e-corrigir-pouco\/\" \/>\n<meta property=\"og:locale\" content=\"pt_BR\" \/>\n<meta property=\"og:type\" content=\"article\" \/>\n<meta property=\"og:title\" content=\"Ver tudo, tolerar muito e corrigir pouco - O Arcanjo no ar\" \/>\n<meta property=\"og:description\" content=\"Padre Geovane Saraiva* Carlos Borromeu nasceu pr\u00f3ximo da cidade de Mil\u00e3o \u2013 It\u00e1lia, em 1538, numa \u00e9poca profundamente marcada pelo nepotismo. Sua m\u00e3e era uma mulher de grande f\u00e9, acompanhada da piedade, com privil\u00e9gio de ser irm\u00e3 do Papa Pio IV.\u00a0 Ela cuidou com muito amor da educa\u00e7\u00e3o do filho em todos os sentidos, especialmente [&hellip;]\" \/>\n<meta property=\"og:url\" content=\"https:\/\/www.oarcanjo.net\/site\/ver-tudo-tolerar-muito-e-corrigir-pouco\/\" \/>\n<meta property=\"og:site_name\" content=\"O Arcanjo no ar\" \/>\n<meta property=\"article:publisher\" content=\"https:\/\/www.facebook.com\/OArcanjoNoAr\/\" \/>\n<meta property=\"article:published_time\" content=\"2012-11-05T19:20:44+00:00\" \/>\n<meta property=\"og:image\" content=\"http:\/\/www.oarcanjo.net\/site\/wp-content\/uploads\/DSC03049-150x150.jpg\" \/>\n<meta name=\"author\" content=\"pe.geovane\" \/>\n<meta name=\"twitter:card\" content=\"summary_large_image\" \/>\n<meta name=\"twitter:label1\" content=\"Escrito por\" \/>\n\t<meta name=\"twitter:data1\" content=\"pe.geovane\" \/>\n\t<meta name=\"twitter:label2\" content=\"Est. tempo de leitura\" \/>\n\t<meta name=\"twitter:data2\" content=\"3 minutos\" \/>\n<script type=\"application\/ld+json\" class=\"yoast-schema-graph\">{\"@context\":\"https:\/\/schema.org\",\"@graph\":[{\"@type\":\"Article\",\"@id\":\"https:\/\/www.oarcanjo.net\/site\/ver-tudo-tolerar-muito-e-corrigir-pouco\/#article\",\"isPartOf\":{\"@id\":\"https:\/\/www.oarcanjo.net\/site\/ver-tudo-tolerar-muito-e-corrigir-pouco\/\"},\"author\":{\"name\":\"pe.geovane\",\"@id\":\"https:\/\/www.oarcanjo.net\/site\/#\/schema\/person\/58d7f78850a973b8e467c7ae4a7eb4ad\"},\"headline\":\"Ver tudo, tolerar muito e corrigir pouco\",\"datePublished\":\"2012-11-05T19:20:44+00:00\",\"dateModified\":\"2012-11-05T19:20:44+00:00\",\"mainEntityOfPage\":{\"@id\":\"https:\/\/www.oarcanjo.net\/site\/ver-tudo-tolerar-muito-e-corrigir-pouco\/\"},\"wordCount\":587,\"commentCount\":0,\"publisher\":{\"@id\":\"https:\/\/www.oarcanjo.net\/site\/#organization\"},\"image\":{\"@id\":\"https:\/\/www.oarcanjo.net\/site\/ver-tudo-tolerar-muito-e-corrigir-pouco\/#primaryimage\"},\"thumbnailUrl\":\"http:\/\/www.oarcanjo.net\/site\/wp-content\/uploads\/DSC03049-150x150.jpg\",\"articleSection\":[\"Reflex\u00f5es\"],\"inLanguage\":\"pt-BR\",\"potentialAction\":[{\"@type\":\"CommentAction\",\"name\":\"Comment\",\"target\":[\"https:\/\/www.oarcanjo.net\/site\/ver-tudo-tolerar-muito-e-corrigir-pouco\/#respond\"]}]},{\"@type\":\"WebPage\",\"@id\":\"https:\/\/www.oarcanjo.net\/site\/ver-tudo-tolerar-muito-e-corrigir-pouco\/\",\"url\":\"https:\/\/www.oarcanjo.net\/site\/ver-tudo-tolerar-muito-e-corrigir-pouco\/\",\"name\":\"Ver tudo, tolerar muito e corrigir pouco - O Arcanjo no ar\",\"isPartOf\":{\"@id\":\"https:\/\/www.oarcanjo.net\/site\/#website\"},\"primaryImageOfPage\":{\"@id\":\"https:\/\/www.oarcanjo.net\/site\/ver-tudo-tolerar-muito-e-corrigir-pouco\/#primaryimage\"},\"image\":{\"@id\":\"https:\/\/www.oarcanjo.net\/site\/ver-tudo-tolerar-muito-e-corrigir-pouco\/#primaryimage\"},\"thumbnailUrl\":\"http:\/\/www.oarcanjo.net\/site\/wp-content\/uploads\/DSC03049-150x150.jpg\",\"datePublished\":\"2012-11-05T19:20:44+00:00\",\"dateModified\":\"2012-11-05T19:20:44+00:00\",\"breadcrumb\":{\"@id\":\"https:\/\/www.oarcanjo.net\/site\/ver-tudo-tolerar-muito-e-corrigir-pouco\/#breadcrumb\"},\"inLanguage\":\"pt-BR\",\"potentialAction\":[{\"@type\":\"ReadAction\",\"target\":[\"https:\/\/www.oarcanjo.net\/site\/ver-tudo-tolerar-muito-e-corrigir-pouco\/\"]}]},{\"@type\":\"ImageObject\",\"inLanguage\":\"pt-BR\",\"@id\":\"https:\/\/www.oarcanjo.net\/site\/ver-tudo-tolerar-muito-e-corrigir-pouco\/#primaryimage\",\"url\":\"https:\/\/www.oarcanjo.net\/site\/wp-content\/uploads\/DSC03049.jpg\",\"contentUrl\":\"https:\/\/www.oarcanjo.net\/site\/wp-content\/uploads\/DSC03049.jpg\",\"width\":\"655\",\"height\":\"917\"},{\"@type\":\"BreadcrumbList\",\"@id\":\"https:\/\/www.oarcanjo.net\/site\/ver-tudo-tolerar-muito-e-corrigir-pouco\/#breadcrumb\",\"itemListElement\":[{\"@type\":\"ListItem\",\"position\":1,\"name\":\"In\u00edcio\",\"item\":\"https:\/\/www.oarcanjo.net\/site\/\"},{\"@type\":\"ListItem\",\"position\":2,\"name\":\"Ver tudo, tolerar muito e corrigir pouco\"}]},{\"@type\":\"WebSite\",\"@id\":\"https:\/\/www.oarcanjo.net\/site\/#website\",\"url\":\"https:\/\/www.oarcanjo.net\/site\/\",\"name\":\"O Arcanjo no ar\",\"description\":\"Site da Par\u00f3quia S\u00e3o Miguel Arcanjo (Arquidiocese de SP)\",\"publisher\":{\"@id\":\"https:\/\/www.oarcanjo.net\/site\/#organization\"},\"potentialAction\":[{\"@type\":\"SearchAction\",\"target\":{\"@type\":\"EntryPoint\",\"urlTemplate\":\"https:\/\/www.oarcanjo.net\/site\/?s={search_term_string}\"},\"query-input\":{\"@type\":\"PropertyValueSpecification\",\"valueRequired\":true,\"valueName\":\"search_term_string\"}}],\"inLanguage\":\"pt-BR\"},{\"@type\":\"Organization\",\"@id\":\"https:\/\/www.oarcanjo.net\/site\/#organization\",\"name\":\"Par\u00f3quia S\u00e3o Miguel Arcanjo\",\"url\":\"https:\/\/www.oarcanjo.net\/site\/\",\"logo\":{\"@type\":\"ImageObject\",\"inLanguage\":\"pt-BR\",\"@id\":\"https:\/\/www.oarcanjo.net\/site\/#\/schema\/logo\/image\/\",\"url\":\"https:\/\/www.oarcanjo.net\/site\/wp-content\/uploads\/LogoOArcanjo.png\",\"contentUrl\":\"https:\/\/www.oarcanjo.net\/site\/wp-content\/uploads\/LogoOArcanjo.png\",\"width\":319,\"height\":99,\"caption\":\"Par\u00f3quia S\u00e3o Miguel Arcanjo\"},\"image\":{\"@id\":\"https:\/\/www.oarcanjo.net\/site\/#\/schema\/logo\/image\/\"},\"sameAs\":[\"https:\/\/www.facebook.com\/OArcanjoNoAr\/\"]},{\"@type\":\"Person\",\"@id\":\"https:\/\/www.oarcanjo.net\/site\/#\/schema\/person\/58d7f78850a973b8e467c7ae4a7eb4ad\",\"name\":\"pe.geovane\"}]}<\/script>\n<!-- \/ Yoast SEO plugin. -->","yoast_head_json":{"title":"Ver tudo, tolerar muito e corrigir pouco - O Arcanjo no ar","robots":{"index":"index","follow":"follow","max-snippet":"max-snippet:-1","max-image-preview":"max-image-preview:large","max-video-preview":"max-video-preview:-1"},"canonical":"https:\/\/www.oarcanjo.net\/site\/ver-tudo-tolerar-muito-e-corrigir-pouco\/","og_locale":"pt_BR","og_type":"article","og_title":"Ver tudo, tolerar muito e corrigir pouco - O Arcanjo no ar","og_description":"Padre Geovane Saraiva* Carlos Borromeu nasceu pr\u00f3ximo da cidade de Mil\u00e3o \u2013 It\u00e1lia, em 1538, numa \u00e9poca profundamente marcada pelo nepotismo. Sua m\u00e3e era uma mulher de grande f\u00e9, acompanhada da piedade, com privil\u00e9gio de ser irm\u00e3 do Papa Pio IV.\u00a0 Ela cuidou com muito amor da educa\u00e7\u00e3o do filho em todos os sentidos, especialmente [&hellip;]","og_url":"https:\/\/www.oarcanjo.net\/site\/ver-tudo-tolerar-muito-e-corrigir-pouco\/","og_site_name":"O Arcanjo no ar","article_publisher":"https:\/\/www.facebook.com\/OArcanjoNoAr\/","article_published_time":"2012-11-05T19:20:44+00:00","og_image":[{"url":"http:\/\/www.oarcanjo.net\/site\/wp-content\/uploads\/DSC03049-150x150.jpg"}],"author":"pe.geovane","twitter_card":"summary_large_image","twitter_misc":{"Escrito por":"pe.geovane","Est. tempo de leitura":"3 minutos"},"schema":{"@context":"https:\/\/schema.org","@graph":[{"@type":"Article","@id":"https:\/\/www.oarcanjo.net\/site\/ver-tudo-tolerar-muito-e-corrigir-pouco\/#article","isPartOf":{"@id":"https:\/\/www.oarcanjo.net\/site\/ver-tudo-tolerar-muito-e-corrigir-pouco\/"},"author":{"name":"pe.geovane","@id":"https:\/\/www.oarcanjo.net\/site\/#\/schema\/person\/58d7f78850a973b8e467c7ae4a7eb4ad"},"headline":"Ver tudo, tolerar muito e corrigir pouco","datePublished":"2012-11-05T19:20:44+00:00","dateModified":"2012-11-05T19:20:44+00:00","mainEntityOfPage":{"@id":"https:\/\/www.oarcanjo.net\/site\/ver-tudo-tolerar-muito-e-corrigir-pouco\/"},"wordCount":587,"commentCount":0,"publisher":{"@id":"https:\/\/www.oarcanjo.net\/site\/#organization"},"image":{"@id":"https:\/\/www.oarcanjo.net\/site\/ver-tudo-tolerar-muito-e-corrigir-pouco\/#primaryimage"},"thumbnailUrl":"http:\/\/www.oarcanjo.net\/site\/wp-content\/uploads\/DSC03049-150x150.jpg","articleSection":["Reflex\u00f5es"],"inLanguage":"pt-BR","potentialAction":[{"@type":"CommentAction","name":"Comment","target":["https:\/\/www.oarcanjo.net\/site\/ver-tudo-tolerar-muito-e-corrigir-pouco\/#respond"]}]},{"@type":"WebPage","@id":"https:\/\/www.oarcanjo.net\/site\/ver-tudo-tolerar-muito-e-corrigir-pouco\/","url":"https:\/\/www.oarcanjo.net\/site\/ver-tudo-tolerar-muito-e-corrigir-pouco\/","name":"Ver tudo, tolerar muito e corrigir pouco - O Arcanjo no ar","isPartOf":{"@id":"https:\/\/www.oarcanjo.net\/site\/#website"},"primaryImageOfPage":{"@id":"https:\/\/www.oarcanjo.net\/site\/ver-tudo-tolerar-muito-e-corrigir-pouco\/#primaryimage"},"image":{"@id":"https:\/\/www.oarcanjo.net\/site\/ver-tudo-tolerar-muito-e-corrigir-pouco\/#primaryimage"},"thumbnailUrl":"http:\/\/www.oarcanjo.net\/site\/wp-content\/uploads\/DSC03049-150x150.jpg","datePublished":"2012-11-05T19:20:44+00:00","dateModified":"2012-11-05T19:20:44+00:00","breadcrumb":{"@id":"https:\/\/www.oarcanjo.net\/site\/ver-tudo-tolerar-muito-e-corrigir-pouco\/#breadcrumb"},"inLanguage":"pt-BR","potentialAction":[{"@type":"ReadAction","target":["https:\/\/www.oarcanjo.net\/site\/ver-tudo-tolerar-muito-e-corrigir-pouco\/"]}]},{"@type":"ImageObject","inLanguage":"pt-BR","@id":"https:\/\/www.oarcanjo.net\/site\/ver-tudo-tolerar-muito-e-corrigir-pouco\/#primaryimage","url":"https:\/\/www.oarcanjo.net\/site\/wp-content\/uploads\/DSC03049.jpg","contentUrl":"https:\/\/www.oarcanjo.net\/site\/wp-content\/uploads\/DSC03049.jpg","width":"655","height":"917"},{"@type":"BreadcrumbList","@id":"https:\/\/www.oarcanjo.net\/site\/ver-tudo-tolerar-muito-e-corrigir-pouco\/#breadcrumb","itemListElement":[{"@type":"ListItem","position":1,"name":"In\u00edcio","item":"https:\/\/www.oarcanjo.net\/site\/"},{"@type":"ListItem","position":2,"name":"Ver tudo, tolerar muito e corrigir pouco"}]},{"@type":"WebSite","@id":"https:\/\/www.oarcanjo.net\/site\/#website","url":"https:\/\/www.oarcanjo.net\/site\/","name":"O Arcanjo no ar","description":"Site da Par\u00f3quia S\u00e3o Miguel Arcanjo (Arquidiocese de SP)","publisher":{"@id":"https:\/\/www.oarcanjo.net\/site\/#organization"},"potentialAction":[{"@type":"SearchAction","target":{"@type":"EntryPoint","urlTemplate":"https:\/\/www.oarcanjo.net\/site\/?s={search_term_string}"},"query-input":{"@type":"PropertyValueSpecification","valueRequired":true,"valueName":"search_term_string"}}],"inLanguage":"pt-BR"},{"@type":"Organization","@id":"https:\/\/www.oarcanjo.net\/site\/#organization","name":"Par\u00f3quia S\u00e3o Miguel Arcanjo","url":"https:\/\/www.oarcanjo.net\/site\/","logo":{"@type":"ImageObject","inLanguage":"pt-BR","@id":"https:\/\/www.oarcanjo.net\/site\/#\/schema\/logo\/image\/","url":"https:\/\/www.oarcanjo.net\/site\/wp-content\/uploads\/LogoOArcanjo.png","contentUrl":"https:\/\/www.oarcanjo.net\/site\/wp-content\/uploads\/LogoOArcanjo.png","width":319,"height":99,"caption":"Par\u00f3quia S\u00e3o Miguel Arcanjo"},"image":{"@id":"https:\/\/www.oarcanjo.net\/site\/#\/schema\/logo\/image\/"},"sameAs":["https:\/\/www.facebook.com\/OArcanjoNoAr\/"]},{"@type":"Person","@id":"https:\/\/www.oarcanjo.net\/site\/#\/schema\/person\/58d7f78850a973b8e467c7ae4a7eb4ad","name":"pe.geovane"}]}},"publishpress_future_action":{"enabled":false,"date":"2026-05-09 10:25:22","action":"category","newStatus":"draft","terms":[],"taxonomy":"category"},"publishpress_future_workflow_manual_trigger":{"enabledWorkflows":[]},"_links":{"self":[{"href":"https:\/\/www.oarcanjo.net\/site\/wp-json\/wp\/v2\/posts\/19853"}],"collection":[{"href":"https:\/\/www.oarcanjo.net\/site\/wp-json\/wp\/v2\/posts"}],"about":[{"href":"https:\/\/www.oarcanjo.net\/site\/wp-json\/wp\/v2\/types\/post"}],"author":[{"embeddable":true,"href":"https:\/\/www.oarcanjo.net\/site\/wp-json\/wp\/v2\/users\/17"}],"replies":[{"embeddable":true,"href":"https:\/\/www.oarcanjo.net\/site\/wp-json\/wp\/v2\/comments?post=19853"}],"version-history":[{"count":0,"href":"https:\/\/www.oarcanjo.net\/site\/wp-json\/wp\/v2\/posts\/19853\/revisions"}],"wp:attachment":[{"href":"https:\/\/www.oarcanjo.net\/site\/wp-json\/wp\/v2\/media?parent=19853"}],"wp:term":[{"taxonomy":"category","embeddable":true,"href":"https:\/\/www.oarcanjo.net\/site\/wp-json\/wp\/v2\/categories?post=19853"},{"taxonomy":"post_tag","embeddable":true,"href":"https:\/\/www.oarcanjo.net\/site\/wp-json\/wp\/v2\/tags?post=19853"}],"curies":[{"name":"wp","href":"https:\/\/api.w.org\/{rel}","templated":true}]}}