
{"id":19887,"date":"2012-11-08T10:14:44","date_gmt":"2012-11-08T12:14:44","guid":{"rendered":"http:\/\/www.oarcanjo.net\/site\/?p=19887"},"modified":"2012-11-08T10:14:44","modified_gmt":"2012-11-08T12:14:44","slug":"hildegarda-de-bingen-doutora-da-igreja","status":"publish","type":"post","link":"https:\/\/www.oarcanjo.net\/site\/hildegarda-de-bingen-doutora-da-igreja\/","title":{"rendered":"Hildegarda de Bingen: Doutora da Igreja"},"content":{"rendered":"<p>Maria Clara Bingemer<\/p>\n<p>No \u00faltimo dia 7 de outubro, o  Papa Bento XVI proclamou doutora da Igreja uma extraordin\u00e1ria mulher:  Hildegarda de Bingen.  Alem\u00e3, nasceu em 1089 e morreu em 1179. Provinha  de uma fam\u00edlia da pequena nobreza de Bermershein, que estava a servi\u00e7o dos  condes de Sponheim. Desde muito pequena tinha vis\u00f5es extraordin\u00e1rias e este  parece ter sido o principal motivo pelo qual seus pais a encaminharam \u00e0 vida  religiosa.<\/p>\n<p>Aos  oito anos de idade entrou  como oblata na abadia beneditina de  Disibodenberg, onde, em 1115, emitiu a profiss\u00e3o religiosa. Com a morte de  Jutta de Sponheim,  ent\u00e3o magistra (mestra) do mosteiro, por volta de  1136, Hildegarda foi chamada a suceder-lhe. De sa\u00fade fr\u00e1gil, mas vigorosa no  esp\u00edrito, comprometeu-se profundamente com uma renova\u00e7\u00e3o adequada da vida  religiosa. Era tal sua irradia\u00e7\u00e3o que trazia novas voca\u00e7\u00f5es ao mosteiro. Por  volta de 1150, fundou outro mosteiro na colina chamada Rupertsberg, nas  proximidades de Bingen, para onde se transferiu juntamente com vinte outras  irm\u00e3s. Em 1165,  instituiu outro em Eibingen, na margem oposta do Reno,  tendo sido  abadessa de  ambos.<\/p>\n<p>Personalidade  muito citada, mas de fato pouco conhecida pelo grande p\u00fablico moderno,  Hildegarda rompeu as barreiras dos preconceitos contra as mulheres e tornou-se  respeitada como autoridade em assuntos teol\u00f3gicos, louvada por seus  contempor\u00e2neos em altos termos. Atuou dentro do mosteiro, zelando pelo  progresso espiritual e a vida comunit\u00e1ria de suas irm\u00e3s, mas igualmente fora  dele.  A\u00ed buscou fortalecer e propagar a f\u00e9 crist\u00e3, enfrentando a heresia  c\u00e1tara que crescia em sua \u00e9poca.  Seus escritos foram de grande  import\u00e2ncia para a disciplina e a vida do clero de sua  \u00e9poca.<\/p>\n<p>Diferente das mulheres  de ent\u00e3o, Hildegarda viajou para pregar em igrejas, catedrais e at\u00e9 mesmo em  pra\u00e7as p\u00fablicas, primeiro autorizada pelo Papa Adriano IV e, posteriormente,  pelo Papa Alexandre III. Nos seus numerosos escritos, dedicou-se  exclusivamente a expor a revela\u00e7\u00e3o divina e a fazer conhecer Deus na limpidez  do seu amor. Esse conhecimento que transmitia, era fruto das numerosas vis\u00f5es  e gra\u00e7as m\u00edsticas com que era dotada pelo pr\u00f3prio Deus.  A doutrina  hildegardiana \u00e9 considerada eminente tanto pela profundidade e retid\u00e3o das  suas interpreta\u00e7\u00f5es, como pela originalidade das suas  vis\u00f5es.<\/p>\n<p>Para  ela, o universo era a resposta para as d\u00favidas da humanidade, e a humanidade  era a resposta para o enigma do universo. Mas, como ela escreveu, se a  humanidade n\u00e3o fizesse a pergunta, o Esp\u00edrito Santo  n\u00e3o poderia  respond\u00ea-la. Por isso, acreditava na ci\u00eancia e a praticava com rigor e  desvelo. Al\u00e9m de m\u00edstica, te\u00f3loga e pregadora, foi poetisa e compositora  talentosa, deixando obra original de vulto. Tamb\u00e9m fez muitas observa\u00e7\u00f5es da  natureza com uma objetividade cient\u00edfica at\u00e9 ent\u00e3o desconhecida, especialmente  sobre as plantas medicinais, compilando-as em tratados onde abordou ainda  v\u00e1rios temas ligados \u00e0 medicina e ofereceu m\u00e9todos de tratamento para v\u00e1rias  doen\u00e7as. Foi tamb\u00e9m compositora de m\u00fasica  sacra.<\/p>\n<p>A partir  de sua pr\u00f3pria experi\u00eancia de vis\u00f5es e conhecimento infuso, Hildegarda  transmite em sua doutrina a possibilidade real e aut\u00eantica do conhecimento de  Deus, considerando esta a tarefa fundamental da teologia. Embora Deus sempre  permanecer\u00e1 mist\u00e9rio, pela f\u00e9 o ser humano \u00e9 capaz de aproximar-se dele e de  seu conhecimento. A cria\u00e7\u00e3o desvela seu mist\u00e9rio, ao mesmo tempo em que n\u00e3o \u00e9  compreendida separadamente de Deus, j\u00e1 que a natureza s\u00f3 fornece informa\u00e7\u00f5es  parciais, que devem ser plenificadas pela f\u00e9.<\/p>\n<p>Em sua  original antropologia, a monja, analisando o relato b\u00edblico de Ad\u00e3o e Eva,  interpreta a causa do pecado original n\u00e3o na fraqueza e volubilidade de Eva,  como normalmente s\u00f3i acontecer, mas na excessiva paix\u00e3o de Ad\u00e3o em rela\u00e7\u00e3o \u00e0  mulher que Deus lhe dera. E declara que a imita\u00e7\u00e3o de Cristo \u00e9 a condi\u00e7\u00e3o dada  a todo ser humano de viver uma vida plenamente virtuosa.  O Esp\u00edrito  Santo ser\u00e1 a garantia de que a exist\u00eancia humana pode e deve tornar-se  cristiforme.<\/p>\n<p>Na Carta  Apost\u00f3lica em que a declara doutora da Igreja, o Papa Bento XVI exalta as  virtudes e qualidades desta mulher que, segundo ele, \u201c tem um grande  significado para o mundo de hoje e uma extraordin\u00e1ria import\u00e2ncia para as  mulheres. Em Hildegarda resultam expressos os valores mais nobres da  feminilidade: por isso tamb\u00e9m a presen\u00e7a da mulher na Igreja e na sociedade \u00e9  iluminada pela sua figura, tanto na \u00f3tica da pesquisa cient\u00edfica como na da  a\u00e7\u00e3o pastoral. A sua capacidade de falar a quantos est\u00e3o distantes da f\u00e9 e da  Igreja fazem de Hildegarda uma testemunha cred\u00edvel da nova evangeliza\u00e7\u00e3o.\u201d<\/p>\n<div id=\"themify_builder_content-19887\" data-postid=\"19887\" class=\"themify_builder_content themify_builder_content-19887 themify_builder themify_builder_front\">\n\t<\/div>\n<!-- \/themify_builder_content -->","protected":false},"excerpt":{"rendered":"<p>Maria Clara Bingemer No \u00faltimo dia 7 de outubro, o Papa Bento XVI proclamou doutora da Igreja uma extraordin\u00e1ria mulher: Hildegarda de Bingen. Alem\u00e3, nasceu em 1089 e morreu em 1179. Provinha de uma fam\u00edlia da pequena nobreza de Bermershein, que estava a servi\u00e7o dos condes de Sponheim. Desde muito pequena tinha vis\u00f5es extraordin\u00e1rias e [&hellip;]<\/p>\n","protected":false},"author":5,"featured_media":0,"comment_status":"open","ping_status":"open","sticky":false,"template":"","format":"standard","meta":{"ngg_post_thumbnail":0,"footnotes":""},"categories":[9,186],"tags":[2313,307],"yoast_head":"<!-- This site is optimized with the Yoast SEO plugin v23.5 - https:\/\/yoast.com\/wordpress\/plugins\/seo\/ -->\n<title>Hildegarda de Bingen: Doutora da Igreja - O Arcanjo no ar<\/title>\n<meta name=\"robots\" content=\"index, follow, max-snippet:-1, max-image-preview:large, max-video-preview:-1\" \/>\n<link rel=\"canonical\" href=\"https:\/\/www.oarcanjo.net\/site\/hildegarda-de-bingen-doutora-da-igreja\/\" \/>\n<meta property=\"og:locale\" content=\"pt_BR\" \/>\n<meta property=\"og:type\" content=\"article\" \/>\n<meta property=\"og:title\" content=\"Hildegarda de Bingen: Doutora da Igreja - O Arcanjo no ar\" \/>\n<meta property=\"og:description\" content=\"Maria Clara Bingemer No \u00faltimo dia 7 de outubro, o Papa Bento XVI proclamou doutora da Igreja uma extraordin\u00e1ria mulher: Hildegarda de Bingen. Alem\u00e3, nasceu em 1089 e morreu em 1179. Provinha de uma fam\u00edlia da pequena nobreza de Bermershein, que estava a servi\u00e7o dos condes de Sponheim. Desde muito pequena tinha vis\u00f5es extraordin\u00e1rias e [&hellip;]\" \/>\n<meta property=\"og:url\" content=\"https:\/\/www.oarcanjo.net\/site\/hildegarda-de-bingen-doutora-da-igreja\/\" \/>\n<meta property=\"og:site_name\" content=\"O Arcanjo no ar\" \/>\n<meta property=\"article:publisher\" content=\"https:\/\/www.facebook.com\/OArcanjoNoAr\/\" \/>\n<meta property=\"article:published_time\" content=\"2012-11-08T12:14:44+00:00\" \/>\n<meta property=\"og:image\" content=\"https:\/\/www.oarcanjo.net\/site\/wp-content\/uploads\/logo-o-arcanjo-no-ar-facebook.png\" \/>\n\t<meta property=\"og:image:width\" content=\"300\" \/>\n\t<meta property=\"og:image:height\" content=\"300\" \/>\n\t<meta property=\"og:image:type\" content=\"image\/png\" \/>\n<meta name=\"author\" content=\"editor\" \/>\n<meta name=\"twitter:card\" content=\"summary_large_image\" \/>\n<meta name=\"twitter:label1\" content=\"Escrito por\" \/>\n\t<meta name=\"twitter:data1\" content=\"editor\" \/>\n\t<meta name=\"twitter:label2\" content=\"Est. tempo de leitura\" \/>\n\t<meta name=\"twitter:data2\" content=\"4 minutos\" \/>\n<script type=\"application\/ld+json\" class=\"yoast-schema-graph\">{\"@context\":\"https:\/\/schema.org\",\"@graph\":[{\"@type\":\"Article\",\"@id\":\"https:\/\/www.oarcanjo.net\/site\/hildegarda-de-bingen-doutora-da-igreja\/#article\",\"isPartOf\":{\"@id\":\"https:\/\/www.oarcanjo.net\/site\/hildegarda-de-bingen-doutora-da-igreja\/\"},\"author\":{\"name\":\"editor\",\"@id\":\"https:\/\/www.oarcanjo.net\/site\/#\/schema\/person\/f7024d007863202483a31326673a0838\"},\"headline\":\"Hildegarda de Bingen: Doutora da Igreja\",\"datePublished\":\"2012-11-08T12:14:44+00:00\",\"dateModified\":\"2012-11-08T12:14:44+00:00\",\"mainEntityOfPage\":{\"@id\":\"https:\/\/www.oarcanjo.net\/site\/hildegarda-de-bingen-doutora-da-igreja\/\"},\"wordCount\":804,\"commentCount\":1,\"publisher\":{\"@id\":\"https:\/\/www.oarcanjo.net\/site\/#organization\"},\"keywords\":[\"Doutora de Igreja\",\"mulher\"],\"articleSection\":[\"Reflex\u00f5es\",\"Testemunhos\"],\"inLanguage\":\"pt-BR\",\"potentialAction\":[{\"@type\":\"CommentAction\",\"name\":\"Comment\",\"target\":[\"https:\/\/www.oarcanjo.net\/site\/hildegarda-de-bingen-doutora-da-igreja\/#respond\"]}]},{\"@type\":\"WebPage\",\"@id\":\"https:\/\/www.oarcanjo.net\/site\/hildegarda-de-bingen-doutora-da-igreja\/\",\"url\":\"https:\/\/www.oarcanjo.net\/site\/hildegarda-de-bingen-doutora-da-igreja\/\",\"name\":\"Hildegarda de Bingen: Doutora da Igreja - O Arcanjo no ar\",\"isPartOf\":{\"@id\":\"https:\/\/www.oarcanjo.net\/site\/#website\"},\"datePublished\":\"2012-11-08T12:14:44+00:00\",\"dateModified\":\"2012-11-08T12:14:44+00:00\",\"breadcrumb\":{\"@id\":\"https:\/\/www.oarcanjo.net\/site\/hildegarda-de-bingen-doutora-da-igreja\/#breadcrumb\"},\"inLanguage\":\"pt-BR\",\"potentialAction\":[{\"@type\":\"ReadAction\",\"target\":[\"https:\/\/www.oarcanjo.net\/site\/hildegarda-de-bingen-doutora-da-igreja\/\"]}]},{\"@type\":\"BreadcrumbList\",\"@id\":\"https:\/\/www.oarcanjo.net\/site\/hildegarda-de-bingen-doutora-da-igreja\/#breadcrumb\",\"itemListElement\":[{\"@type\":\"ListItem\",\"position\":1,\"name\":\"In\u00edcio\",\"item\":\"https:\/\/www.oarcanjo.net\/site\/\"},{\"@type\":\"ListItem\",\"position\":2,\"name\":\"Hildegarda de Bingen: Doutora da Igreja\"}]},{\"@type\":\"WebSite\",\"@id\":\"https:\/\/www.oarcanjo.net\/site\/#website\",\"url\":\"https:\/\/www.oarcanjo.net\/site\/\",\"name\":\"O Arcanjo no ar\",\"description\":\"Site da Par\u00f3quia S\u00e3o Miguel Arcanjo (Arquidiocese de SP)\",\"publisher\":{\"@id\":\"https:\/\/www.oarcanjo.net\/site\/#organization\"},\"potentialAction\":[{\"@type\":\"SearchAction\",\"target\":{\"@type\":\"EntryPoint\",\"urlTemplate\":\"https:\/\/www.oarcanjo.net\/site\/?s={search_term_string}\"},\"query-input\":{\"@type\":\"PropertyValueSpecification\",\"valueRequired\":true,\"valueName\":\"search_term_string\"}}],\"inLanguage\":\"pt-BR\"},{\"@type\":\"Organization\",\"@id\":\"https:\/\/www.oarcanjo.net\/site\/#organization\",\"name\":\"Par\u00f3quia S\u00e3o Miguel Arcanjo\",\"url\":\"https:\/\/www.oarcanjo.net\/site\/\",\"logo\":{\"@type\":\"ImageObject\",\"inLanguage\":\"pt-BR\",\"@id\":\"https:\/\/www.oarcanjo.net\/site\/#\/schema\/logo\/image\/\",\"url\":\"https:\/\/www.oarcanjo.net\/site\/wp-content\/uploads\/LogoOArcanjo.png\",\"contentUrl\":\"https:\/\/www.oarcanjo.net\/site\/wp-content\/uploads\/LogoOArcanjo.png\",\"width\":319,\"height\":99,\"caption\":\"Par\u00f3quia S\u00e3o Miguel Arcanjo\"},\"image\":{\"@id\":\"https:\/\/www.oarcanjo.net\/site\/#\/schema\/logo\/image\/\"},\"sameAs\":[\"https:\/\/www.facebook.com\/OArcanjoNoAr\/\"]},{\"@type\":\"Person\",\"@id\":\"https:\/\/www.oarcanjo.net\/site\/#\/schema\/person\/f7024d007863202483a31326673a0838\",\"name\":\"editor\",\"sameAs\":[\"http:\/\/www.oarcanjo.net\"]}]}<\/script>\n<!-- \/ Yoast SEO plugin. -->","yoast_head_json":{"title":"Hildegarda de Bingen: Doutora da Igreja - O Arcanjo no ar","robots":{"index":"index","follow":"follow","max-snippet":"max-snippet:-1","max-image-preview":"max-image-preview:large","max-video-preview":"max-video-preview:-1"},"canonical":"https:\/\/www.oarcanjo.net\/site\/hildegarda-de-bingen-doutora-da-igreja\/","og_locale":"pt_BR","og_type":"article","og_title":"Hildegarda de Bingen: Doutora da Igreja - O Arcanjo no ar","og_description":"Maria Clara Bingemer No \u00faltimo dia 7 de outubro, o Papa Bento XVI proclamou doutora da Igreja uma extraordin\u00e1ria mulher: Hildegarda de Bingen. Alem\u00e3, nasceu em 1089 e morreu em 1179. Provinha de uma fam\u00edlia da pequena nobreza de Bermershein, que estava a servi\u00e7o dos condes de Sponheim. Desde muito pequena tinha vis\u00f5es extraordin\u00e1rias e [&hellip;]","og_url":"https:\/\/www.oarcanjo.net\/site\/hildegarda-de-bingen-doutora-da-igreja\/","og_site_name":"O Arcanjo no ar","article_publisher":"https:\/\/www.facebook.com\/OArcanjoNoAr\/","article_published_time":"2012-11-08T12:14:44+00:00","og_image":[{"width":300,"height":300,"url":"https:\/\/www.oarcanjo.net\/site\/wp-content\/uploads\/logo-o-arcanjo-no-ar-facebook.png","type":"image\/png"}],"author":"editor","twitter_card":"summary_large_image","twitter_misc":{"Escrito por":"editor","Est. tempo de leitura":"4 minutos"},"schema":{"@context":"https:\/\/schema.org","@graph":[{"@type":"Article","@id":"https:\/\/www.oarcanjo.net\/site\/hildegarda-de-bingen-doutora-da-igreja\/#article","isPartOf":{"@id":"https:\/\/www.oarcanjo.net\/site\/hildegarda-de-bingen-doutora-da-igreja\/"},"author":{"name":"editor","@id":"https:\/\/www.oarcanjo.net\/site\/#\/schema\/person\/f7024d007863202483a31326673a0838"},"headline":"Hildegarda de Bingen: Doutora da Igreja","datePublished":"2012-11-08T12:14:44+00:00","dateModified":"2012-11-08T12:14:44+00:00","mainEntityOfPage":{"@id":"https:\/\/www.oarcanjo.net\/site\/hildegarda-de-bingen-doutora-da-igreja\/"},"wordCount":804,"commentCount":1,"publisher":{"@id":"https:\/\/www.oarcanjo.net\/site\/#organization"},"keywords":["Doutora de Igreja","mulher"],"articleSection":["Reflex\u00f5es","Testemunhos"],"inLanguage":"pt-BR","potentialAction":[{"@type":"CommentAction","name":"Comment","target":["https:\/\/www.oarcanjo.net\/site\/hildegarda-de-bingen-doutora-da-igreja\/#respond"]}]},{"@type":"WebPage","@id":"https:\/\/www.oarcanjo.net\/site\/hildegarda-de-bingen-doutora-da-igreja\/","url":"https:\/\/www.oarcanjo.net\/site\/hildegarda-de-bingen-doutora-da-igreja\/","name":"Hildegarda de Bingen: Doutora da Igreja - O Arcanjo no ar","isPartOf":{"@id":"https:\/\/www.oarcanjo.net\/site\/#website"},"datePublished":"2012-11-08T12:14:44+00:00","dateModified":"2012-11-08T12:14:44+00:00","breadcrumb":{"@id":"https:\/\/www.oarcanjo.net\/site\/hildegarda-de-bingen-doutora-da-igreja\/#breadcrumb"},"inLanguage":"pt-BR","potentialAction":[{"@type":"ReadAction","target":["https:\/\/www.oarcanjo.net\/site\/hildegarda-de-bingen-doutora-da-igreja\/"]}]},{"@type":"BreadcrumbList","@id":"https:\/\/www.oarcanjo.net\/site\/hildegarda-de-bingen-doutora-da-igreja\/#breadcrumb","itemListElement":[{"@type":"ListItem","position":1,"name":"In\u00edcio","item":"https:\/\/www.oarcanjo.net\/site\/"},{"@type":"ListItem","position":2,"name":"Hildegarda de Bingen: Doutora da Igreja"}]},{"@type":"WebSite","@id":"https:\/\/www.oarcanjo.net\/site\/#website","url":"https:\/\/www.oarcanjo.net\/site\/","name":"O Arcanjo no ar","description":"Site da Par\u00f3quia S\u00e3o Miguel Arcanjo (Arquidiocese de SP)","publisher":{"@id":"https:\/\/www.oarcanjo.net\/site\/#organization"},"potentialAction":[{"@type":"SearchAction","target":{"@type":"EntryPoint","urlTemplate":"https:\/\/www.oarcanjo.net\/site\/?s={search_term_string}"},"query-input":{"@type":"PropertyValueSpecification","valueRequired":true,"valueName":"search_term_string"}}],"inLanguage":"pt-BR"},{"@type":"Organization","@id":"https:\/\/www.oarcanjo.net\/site\/#organization","name":"Par\u00f3quia S\u00e3o Miguel Arcanjo","url":"https:\/\/www.oarcanjo.net\/site\/","logo":{"@type":"ImageObject","inLanguage":"pt-BR","@id":"https:\/\/www.oarcanjo.net\/site\/#\/schema\/logo\/image\/","url":"https:\/\/www.oarcanjo.net\/site\/wp-content\/uploads\/LogoOArcanjo.png","contentUrl":"https:\/\/www.oarcanjo.net\/site\/wp-content\/uploads\/LogoOArcanjo.png","width":319,"height":99,"caption":"Par\u00f3quia S\u00e3o Miguel Arcanjo"},"image":{"@id":"https:\/\/www.oarcanjo.net\/site\/#\/schema\/logo\/image\/"},"sameAs":["https:\/\/www.facebook.com\/OArcanjoNoAr\/"]},{"@type":"Person","@id":"https:\/\/www.oarcanjo.net\/site\/#\/schema\/person\/f7024d007863202483a31326673a0838","name":"editor","sameAs":["http:\/\/www.oarcanjo.net"]}]}},"publishpress_future_action":{"enabled":false,"date":"2026-05-08 00:47:42","action":"category","newStatus":"draft","terms":[],"taxonomy":"category"},"publishpress_future_workflow_manual_trigger":{"enabledWorkflows":[]},"_links":{"self":[{"href":"https:\/\/www.oarcanjo.net\/site\/wp-json\/wp\/v2\/posts\/19887"}],"collection":[{"href":"https:\/\/www.oarcanjo.net\/site\/wp-json\/wp\/v2\/posts"}],"about":[{"href":"https:\/\/www.oarcanjo.net\/site\/wp-json\/wp\/v2\/types\/post"}],"author":[{"embeddable":true,"href":"https:\/\/www.oarcanjo.net\/site\/wp-json\/wp\/v2\/users\/5"}],"replies":[{"embeddable":true,"href":"https:\/\/www.oarcanjo.net\/site\/wp-json\/wp\/v2\/comments?post=19887"}],"version-history":[{"count":0,"href":"https:\/\/www.oarcanjo.net\/site\/wp-json\/wp\/v2\/posts\/19887\/revisions"}],"wp:attachment":[{"href":"https:\/\/www.oarcanjo.net\/site\/wp-json\/wp\/v2\/media?parent=19887"}],"wp:term":[{"taxonomy":"category","embeddable":true,"href":"https:\/\/www.oarcanjo.net\/site\/wp-json\/wp\/v2\/categories?post=19887"},{"taxonomy":"post_tag","embeddable":true,"href":"https:\/\/www.oarcanjo.net\/site\/wp-json\/wp\/v2\/tags?post=19887"}],"curies":[{"name":"wp","href":"https:\/\/api.w.org\/{rel}","templated":true}]}}