
{"id":19894,"date":"2012-11-09T00:18:21","date_gmt":"2012-11-09T02:18:21","guid":{"rendered":"http:\/\/www.oarcanjo.net\/site\/?p=19894"},"modified":"2012-11-09T00:18:21","modified_gmt":"2012-11-09T02:18:21","slug":"dom-odilo-pede-oracoes-pela-paz","status":"publish","type":"post","link":"https:\/\/www.oarcanjo.net\/site\/dom-odilo-pede-oracoes-pela-paz\/","title":{"rendered":"Dom Odilo pede ora\u00e7\u00f5es pela paz"},"content":{"rendered":"<p><\/p>\n<p>Diante do crescente aumento dos \u00edndices de viol\u00eancia no Estado de S\u00e3o Paulo, o arcebispo metropolitano, cardeal dom Odilo Pedro Scherer, recomendou que os fi\u00e9is rezem pela paz.<\/p>\n<p>O cardeal pediu, ainda, que a ora\u00e7\u00e3o seja divulgada nos meios de comunica\u00e7\u00e3o e nas m\u00eddias digitais, e que \u201cas pessoas, fam\u00edlias, grupos, comunidades e par\u00f3quias a rezarem pela paz em nossa cidade\u201d, disse.<\/p>\n<p>Veja abaixo a Ora\u00e7\u00e3o pela Paz e a Ora\u00e7\u00e3o de S\u00e3o Francisco.<\/p>\n<p>5\u00ba Mandamento da Lei de Deus:<em> \u201cn\u00e3o matar\u00e1s!\u201d<\/em><\/p>\n<p><em>\u201cFelizes os mansos; eles possuir\u00e3o a terra;<br \/>\nfelizes os que promovem a paz:<br \/>\neles ser\u00e3o chamados filhos de Deus!\u201d (Mt 5,3.9).<\/em><\/p>\n<p>Diante da onda de viol\u00eancia, rezemos pela paz em S\u00e3o Paulo<\/p>\n<p><strong>Ora\u00e7\u00e3o pela Paz<\/strong><\/p>\n<p><em>\u00d3 Deus, Pai de todos n\u00f3s,<br \/>\nque enviastes ao mundo vosso Filho, o Pr\u00edncipe da Paz,<br \/>\npara que tiv\u00e9ssemos vida e paz por meio dele,<br \/>\nnesta hora t\u00e3o dif\u00edcil para a cidade de S\u00e3o Paulo,<br \/>\nn\u00f3s vos pedimos com f\u00e9 e humilde confian\u00e7a:<br \/>\nenviai sobre todos n\u00f3s o Esp\u00edrito Santo<br \/>\ne despertai nos cora\u00e7\u00f5es sentimentos de respeito por todos.<br \/>\nQue todos os habitantes desta Cidade,<br \/>\ncolocando de lado as diferen\u00e7as,<br \/>\nprocurem un\u00e2nimes edificar o conv\u00edvio fraterno<br \/>\nna justi\u00e7a, no respeito e na solidariedade,<br \/>\na fim de que a nossa Cidade supere a viol\u00eancia<br \/>\ne nela habite a Vossa paz. Am\u00e9m!<\/em><\/p>\n<p><em><strong>S\u00e3o Miguel Arcanjo, defendei-nos e protegei-nos!<br \/>\nS\u00e3o Paulo Ap\u00f3stolo, ensinai-nos os caminhos da paz!<br \/>\nNossa Senhora, Rainha da Paz, rogai por n\u00f3s!<\/strong><\/em><\/p>\n<p>&#8212;&#8212;<\/p>\n<p><strong>Ora\u00e7\u00e3o de S. Francisco de Assis<\/strong><\/p>\n<p><em>Senhor, fazei-me instrumento de vossa paz.<br \/>\nOnde houver \u00f3dio, que eu leve o amor;<br \/>\nOnde houver ofensa, que eu leve o perd\u00e3o;<br \/>\nOnde houver disc\u00f3rdia, que eu leve a uni\u00e3o;<br \/>\nOnde houver d\u00favida, que eu leve a f\u00e9;<br \/>\nOnde houver erro, que eu leve a verdade;<br \/>\nOnde houver desespero, que eu leve a esperan\u00e7a;<br \/>\nOnde houver tristeza, que eu leve a alegria;<br \/>\nOnde houver trevas, que eu leve a luz.<br \/>\n\u00d3 Mestre,<br \/>\nFazei que eu procure mais consolar, que ser consolado;<br \/>\ncompreender que ser compreendido;<br \/>\namar, que ser amado.<br \/>\nPois \u00e9 dando que se recebe,<br \/>\n\u00e9 perdoando que se \u00e9 perdoado,<br \/>\ne \u00e9 morrendo que se vive para a vida eterna. Am\u00e9m!<\/em><\/p>\n<p><em><strong>S\u00e3o Miguel Arcanjo, defendei-nos e protegei-nos!<br \/>\nS\u00e3o Paulo Ap\u00f3stolo, ensinai-nos os caminhos da paz!<br \/>\nNossa Senhora, Rainha da Paz, rogai por n\u00f3s!<\/strong><\/em><\/p>\n<p><\/p>\n<div id=\"themify_builder_content-19894\" data-postid=\"19894\" class=\"themify_builder_content themify_builder_content-19894 themify_builder themify_builder_front\">\n\t<\/div>\n<!-- \/themify_builder_content -->","protected":false},"excerpt":{"rendered":"<p>Diante do crescente aumento dos \u00edndices de viol\u00eancia no Estado de S\u00e3o Paulo, o arcebispo metropolitano, cardeal dom Odilo Pedro Scherer, recomendou que os fi\u00e9is rezem pela paz. O cardeal pediu, ainda, que a ora\u00e7\u00e3o seja divulgada nos meios de comunica\u00e7\u00e3o e nas m\u00eddias digitais, e que \u201cas pessoas, fam\u00edlias, grupos, comunidades e par\u00f3quias a [&hellip;]<\/p>\n","protected":false},"author":5,"featured_media":0,"comment_status":"open","ping_status":"open","sticky":false,"template":"","format":"standard","meta":{"ngg_post_thumbnail":0,"footnotes":""},"categories":[8],"tags":[2315,2314,167,20],"yoast_head":"<!-- This site is optimized with the Yoast SEO plugin v23.5 - https:\/\/yoast.com\/wordpress\/plugins\/seo\/ -->\n<title>Dom Odilo pede ora\u00e7\u00f5es pela paz - O Arcanjo no ar<\/title>\n<meta name=\"robots\" content=\"index, follow, max-snippet:-1, max-image-preview:large, max-video-preview:-1\" \/>\n<link rel=\"canonical\" href=\"https:\/\/www.oarcanjo.net\/site\/dom-odilo-pede-oracoes-pela-paz\/\" \/>\n<meta property=\"og:locale\" content=\"pt_BR\" \/>\n<meta property=\"og:type\" content=\"article\" \/>\n<meta property=\"og:title\" content=\"Dom Odilo pede ora\u00e7\u00f5es pela paz - O Arcanjo no ar\" \/>\n<meta property=\"og:description\" content=\"Diante do crescente aumento dos \u00edndices de viol\u00eancia no Estado de S\u00e3o Paulo, o arcebispo metropolitano, cardeal dom Odilo Pedro Scherer, recomendou que os fi\u00e9is rezem pela paz. O cardeal pediu, ainda, que a ora\u00e7\u00e3o seja divulgada nos meios de comunica\u00e7\u00e3o e nas m\u00eddias digitais, e que \u201cas pessoas, fam\u00edlias, grupos, comunidades e par\u00f3quias a [&hellip;]\" \/>\n<meta property=\"og:url\" content=\"https:\/\/www.oarcanjo.net\/site\/dom-odilo-pede-oracoes-pela-paz\/\" \/>\n<meta property=\"og:site_name\" content=\"O Arcanjo no ar\" \/>\n<meta property=\"article:publisher\" content=\"https:\/\/www.facebook.com\/OArcanjoNoAr\/\" \/>\n<meta property=\"article:published_time\" content=\"2012-11-09T02:18:21+00:00\" \/>\n<meta property=\"og:image\" content=\"https:\/\/www.oarcanjo.net\/site\/wp-content\/uploads\/logo-o-arcanjo-no-ar-facebook.png\" \/>\n\t<meta property=\"og:image:width\" content=\"300\" \/>\n\t<meta property=\"og:image:height\" content=\"300\" \/>\n\t<meta property=\"og:image:type\" content=\"image\/png\" \/>\n<meta name=\"author\" content=\"editor\" \/>\n<meta name=\"twitter:card\" content=\"summary_large_image\" \/>\n<meta name=\"twitter:label1\" content=\"Escrito por\" \/>\n\t<meta name=\"twitter:data1\" content=\"editor\" \/>\n\t<meta name=\"twitter:label2\" content=\"Est. tempo de leitura\" \/>\n\t<meta name=\"twitter:data2\" content=\"2 minutos\" \/>\n<script type=\"application\/ld+json\" class=\"yoast-schema-graph\">{\"@context\":\"https:\/\/schema.org\",\"@graph\":[{\"@type\":\"Article\",\"@id\":\"https:\/\/www.oarcanjo.net\/site\/dom-odilo-pede-oracoes-pela-paz\/#article\",\"isPartOf\":{\"@id\":\"https:\/\/www.oarcanjo.net\/site\/dom-odilo-pede-oracoes-pela-paz\/\"},\"author\":{\"name\":\"editor\",\"@id\":\"https:\/\/www.oarcanjo.net\/site\/#\/schema\/person\/f7024d007863202483a31326673a0838\"},\"headline\":\"Dom Odilo pede ora\u00e7\u00f5es pela paz\",\"datePublished\":\"2012-11-09T02:18:21+00:00\",\"dateModified\":\"2012-11-09T02:18:21+00:00\",\"mainEntityOfPage\":{\"@id\":\"https:\/\/www.oarcanjo.net\/site\/dom-odilo-pede-oracoes-pela-paz\/\"},\"wordCount\":429,\"commentCount\":1,\"publisher\":{\"@id\":\"https:\/\/www.oarcanjo.net\/site\/#organization\"},\"keywords\":[\"Ora\u00e7\u00e3o de S. Francisco de Assis\",\"Ora\u00e7\u00e3o pela Paz\",\"paz\",\"viol\u00eancia\"],\"articleSection\":[\"Not\u00edcias\"],\"inLanguage\":\"pt-BR\",\"potentialAction\":[{\"@type\":\"CommentAction\",\"name\":\"Comment\",\"target\":[\"https:\/\/www.oarcanjo.net\/site\/dom-odilo-pede-oracoes-pela-paz\/#respond\"]}]},{\"@type\":\"WebPage\",\"@id\":\"https:\/\/www.oarcanjo.net\/site\/dom-odilo-pede-oracoes-pela-paz\/\",\"url\":\"https:\/\/www.oarcanjo.net\/site\/dom-odilo-pede-oracoes-pela-paz\/\",\"name\":\"Dom Odilo pede ora\u00e7\u00f5es pela paz - O Arcanjo no ar\",\"isPartOf\":{\"@id\":\"https:\/\/www.oarcanjo.net\/site\/#website\"},\"datePublished\":\"2012-11-09T02:18:21+00:00\",\"dateModified\":\"2012-11-09T02:18:21+00:00\",\"breadcrumb\":{\"@id\":\"https:\/\/www.oarcanjo.net\/site\/dom-odilo-pede-oracoes-pela-paz\/#breadcrumb\"},\"inLanguage\":\"pt-BR\",\"potentialAction\":[{\"@type\":\"ReadAction\",\"target\":[\"https:\/\/www.oarcanjo.net\/site\/dom-odilo-pede-oracoes-pela-paz\/\"]}]},{\"@type\":\"BreadcrumbList\",\"@id\":\"https:\/\/www.oarcanjo.net\/site\/dom-odilo-pede-oracoes-pela-paz\/#breadcrumb\",\"itemListElement\":[{\"@type\":\"ListItem\",\"position\":1,\"name\":\"In\u00edcio\",\"item\":\"https:\/\/www.oarcanjo.net\/site\/\"},{\"@type\":\"ListItem\",\"position\":2,\"name\":\"Dom Odilo pede ora\u00e7\u00f5es pela paz\"}]},{\"@type\":\"WebSite\",\"@id\":\"https:\/\/www.oarcanjo.net\/site\/#website\",\"url\":\"https:\/\/www.oarcanjo.net\/site\/\",\"name\":\"O Arcanjo no ar\",\"description\":\"Site da Par\u00f3quia S\u00e3o Miguel Arcanjo (Arquidiocese de SP)\",\"publisher\":{\"@id\":\"https:\/\/www.oarcanjo.net\/site\/#organization\"},\"potentialAction\":[{\"@type\":\"SearchAction\",\"target\":{\"@type\":\"EntryPoint\",\"urlTemplate\":\"https:\/\/www.oarcanjo.net\/site\/?s={search_term_string}\"},\"query-input\":{\"@type\":\"PropertyValueSpecification\",\"valueRequired\":true,\"valueName\":\"search_term_string\"}}],\"inLanguage\":\"pt-BR\"},{\"@type\":\"Organization\",\"@id\":\"https:\/\/www.oarcanjo.net\/site\/#organization\",\"name\":\"Par\u00f3quia S\u00e3o Miguel Arcanjo\",\"url\":\"https:\/\/www.oarcanjo.net\/site\/\",\"logo\":{\"@type\":\"ImageObject\",\"inLanguage\":\"pt-BR\",\"@id\":\"https:\/\/www.oarcanjo.net\/site\/#\/schema\/logo\/image\/\",\"url\":\"https:\/\/www.oarcanjo.net\/site\/wp-content\/uploads\/LogoOArcanjo.png\",\"contentUrl\":\"https:\/\/www.oarcanjo.net\/site\/wp-content\/uploads\/LogoOArcanjo.png\",\"width\":319,\"height\":99,\"caption\":\"Par\u00f3quia S\u00e3o Miguel Arcanjo\"},\"image\":{\"@id\":\"https:\/\/www.oarcanjo.net\/site\/#\/schema\/logo\/image\/\"},\"sameAs\":[\"https:\/\/www.facebook.com\/OArcanjoNoAr\/\"]},{\"@type\":\"Person\",\"@id\":\"https:\/\/www.oarcanjo.net\/site\/#\/schema\/person\/f7024d007863202483a31326673a0838\",\"name\":\"editor\",\"sameAs\":[\"http:\/\/www.oarcanjo.net\"]}]}<\/script>\n<!-- \/ Yoast SEO plugin. -->","yoast_head_json":{"title":"Dom Odilo pede ora\u00e7\u00f5es pela paz - O Arcanjo no ar","robots":{"index":"index","follow":"follow","max-snippet":"max-snippet:-1","max-image-preview":"max-image-preview:large","max-video-preview":"max-video-preview:-1"},"canonical":"https:\/\/www.oarcanjo.net\/site\/dom-odilo-pede-oracoes-pela-paz\/","og_locale":"pt_BR","og_type":"article","og_title":"Dom Odilo pede ora\u00e7\u00f5es pela paz - O Arcanjo no ar","og_description":"Diante do crescente aumento dos \u00edndices de viol\u00eancia no Estado de S\u00e3o Paulo, o arcebispo metropolitano, cardeal dom Odilo Pedro Scherer, recomendou que os fi\u00e9is rezem pela paz. O cardeal pediu, ainda, que a ora\u00e7\u00e3o seja divulgada nos meios de comunica\u00e7\u00e3o e nas m\u00eddias digitais, e que \u201cas pessoas, fam\u00edlias, grupos, comunidades e par\u00f3quias a [&hellip;]","og_url":"https:\/\/www.oarcanjo.net\/site\/dom-odilo-pede-oracoes-pela-paz\/","og_site_name":"O Arcanjo no ar","article_publisher":"https:\/\/www.facebook.com\/OArcanjoNoAr\/","article_published_time":"2012-11-09T02:18:21+00:00","og_image":[{"width":300,"height":300,"url":"https:\/\/www.oarcanjo.net\/site\/wp-content\/uploads\/logo-o-arcanjo-no-ar-facebook.png","type":"image\/png"}],"author":"editor","twitter_card":"summary_large_image","twitter_misc":{"Escrito por":"editor","Est. tempo de leitura":"2 minutos"},"schema":{"@context":"https:\/\/schema.org","@graph":[{"@type":"Article","@id":"https:\/\/www.oarcanjo.net\/site\/dom-odilo-pede-oracoes-pela-paz\/#article","isPartOf":{"@id":"https:\/\/www.oarcanjo.net\/site\/dom-odilo-pede-oracoes-pela-paz\/"},"author":{"name":"editor","@id":"https:\/\/www.oarcanjo.net\/site\/#\/schema\/person\/f7024d007863202483a31326673a0838"},"headline":"Dom Odilo pede ora\u00e7\u00f5es pela paz","datePublished":"2012-11-09T02:18:21+00:00","dateModified":"2012-11-09T02:18:21+00:00","mainEntityOfPage":{"@id":"https:\/\/www.oarcanjo.net\/site\/dom-odilo-pede-oracoes-pela-paz\/"},"wordCount":429,"commentCount":1,"publisher":{"@id":"https:\/\/www.oarcanjo.net\/site\/#organization"},"keywords":["Ora\u00e7\u00e3o de S. Francisco de Assis","Ora\u00e7\u00e3o pela Paz","paz","viol\u00eancia"],"articleSection":["Not\u00edcias"],"inLanguage":"pt-BR","potentialAction":[{"@type":"CommentAction","name":"Comment","target":["https:\/\/www.oarcanjo.net\/site\/dom-odilo-pede-oracoes-pela-paz\/#respond"]}]},{"@type":"WebPage","@id":"https:\/\/www.oarcanjo.net\/site\/dom-odilo-pede-oracoes-pela-paz\/","url":"https:\/\/www.oarcanjo.net\/site\/dom-odilo-pede-oracoes-pela-paz\/","name":"Dom Odilo pede ora\u00e7\u00f5es pela paz - O Arcanjo no ar","isPartOf":{"@id":"https:\/\/www.oarcanjo.net\/site\/#website"},"datePublished":"2012-11-09T02:18:21+00:00","dateModified":"2012-11-09T02:18:21+00:00","breadcrumb":{"@id":"https:\/\/www.oarcanjo.net\/site\/dom-odilo-pede-oracoes-pela-paz\/#breadcrumb"},"inLanguage":"pt-BR","potentialAction":[{"@type":"ReadAction","target":["https:\/\/www.oarcanjo.net\/site\/dom-odilo-pede-oracoes-pela-paz\/"]}]},{"@type":"BreadcrumbList","@id":"https:\/\/www.oarcanjo.net\/site\/dom-odilo-pede-oracoes-pela-paz\/#breadcrumb","itemListElement":[{"@type":"ListItem","position":1,"name":"In\u00edcio","item":"https:\/\/www.oarcanjo.net\/site\/"},{"@type":"ListItem","position":2,"name":"Dom Odilo pede ora\u00e7\u00f5es pela paz"}]},{"@type":"WebSite","@id":"https:\/\/www.oarcanjo.net\/site\/#website","url":"https:\/\/www.oarcanjo.net\/site\/","name":"O Arcanjo no ar","description":"Site da Par\u00f3quia S\u00e3o Miguel Arcanjo (Arquidiocese de SP)","publisher":{"@id":"https:\/\/www.oarcanjo.net\/site\/#organization"},"potentialAction":[{"@type":"SearchAction","target":{"@type":"EntryPoint","urlTemplate":"https:\/\/www.oarcanjo.net\/site\/?s={search_term_string}"},"query-input":{"@type":"PropertyValueSpecification","valueRequired":true,"valueName":"search_term_string"}}],"inLanguage":"pt-BR"},{"@type":"Organization","@id":"https:\/\/www.oarcanjo.net\/site\/#organization","name":"Par\u00f3quia S\u00e3o Miguel Arcanjo","url":"https:\/\/www.oarcanjo.net\/site\/","logo":{"@type":"ImageObject","inLanguage":"pt-BR","@id":"https:\/\/www.oarcanjo.net\/site\/#\/schema\/logo\/image\/","url":"https:\/\/www.oarcanjo.net\/site\/wp-content\/uploads\/LogoOArcanjo.png","contentUrl":"https:\/\/www.oarcanjo.net\/site\/wp-content\/uploads\/LogoOArcanjo.png","width":319,"height":99,"caption":"Par\u00f3quia S\u00e3o Miguel Arcanjo"},"image":{"@id":"https:\/\/www.oarcanjo.net\/site\/#\/schema\/logo\/image\/"},"sameAs":["https:\/\/www.facebook.com\/OArcanjoNoAr\/"]},{"@type":"Person","@id":"https:\/\/www.oarcanjo.net\/site\/#\/schema\/person\/f7024d007863202483a31326673a0838","name":"editor","sameAs":["http:\/\/www.oarcanjo.net"]}]}},"publishpress_future_action":{"enabled":false,"date":"2026-05-07 11:20:32","action":"category","newStatus":"draft","terms":[],"taxonomy":"category"},"publishpress_future_workflow_manual_trigger":{"enabledWorkflows":[]},"_links":{"self":[{"href":"https:\/\/www.oarcanjo.net\/site\/wp-json\/wp\/v2\/posts\/19894"}],"collection":[{"href":"https:\/\/www.oarcanjo.net\/site\/wp-json\/wp\/v2\/posts"}],"about":[{"href":"https:\/\/www.oarcanjo.net\/site\/wp-json\/wp\/v2\/types\/post"}],"author":[{"embeddable":true,"href":"https:\/\/www.oarcanjo.net\/site\/wp-json\/wp\/v2\/users\/5"}],"replies":[{"embeddable":true,"href":"https:\/\/www.oarcanjo.net\/site\/wp-json\/wp\/v2\/comments?post=19894"}],"version-history":[{"count":0,"href":"https:\/\/www.oarcanjo.net\/site\/wp-json\/wp\/v2\/posts\/19894\/revisions"}],"wp:attachment":[{"href":"https:\/\/www.oarcanjo.net\/site\/wp-json\/wp\/v2\/media?parent=19894"}],"wp:term":[{"taxonomy":"category","embeddable":true,"href":"https:\/\/www.oarcanjo.net\/site\/wp-json\/wp\/v2\/categories?post=19894"},{"taxonomy":"post_tag","embeddable":true,"href":"https:\/\/www.oarcanjo.net\/site\/wp-json\/wp\/v2\/tags?post=19894"}],"curies":[{"name":"wp","href":"https:\/\/api.w.org\/{rel}","templated":true}]}}