
{"id":19900,"date":"2012-11-12T16:02:42","date_gmt":"2012-11-12T18:02:42","guid":{"rendered":"http:\/\/www.oarcanjo.net\/site\/?p=19900"},"modified":"2012-11-12T16:02:42","modified_gmt":"2012-11-12T18:02:42","slug":"como-perceber-a-presenca-de-deus","status":"publish","type":"post","link":"https:\/\/www.oarcanjo.net\/site\/como-perceber-a-presenca-de-deus\/","title":{"rendered":"Como perceber a presen\u00e7a de Deus"},"content":{"rendered":"<h3><\/h3>\n<div>\n<div>\n<div style=\"text-align: justify\">Padre Geovane Saraiva*<\/div>\n<div style=\"text-align: justify\"><a href=\"http:\/\/3.bp.blogspot.com\/-OW9lWSwb-i4\/UKE04ltqQtI\/AAAAAAAAOsc\/V6Lc3jKPWGs\/s1600\/Posse+na+ALMECE.jpg\"><\/a><a href=\"http:\/\/www.oarcanjo.net\/site\/wp-content\/uploads\/pe.-geovane1.png\"><img loading=\"lazy\" decoding=\"async\" class=\"alignleft size-thumbnail wp-image-18944\" src=\"http:\/\/www.oarcanjo.net\/site\/wp-content\/uploads\/pe.-geovane1-136x150.png\" alt=\"\" width=\"136\" height=\"150\" \/><\/a>Para o peregrino que visita ainda hoje a Terra Santa, logo h\u00e1 de perceber que Monte Carmelo, uma montanha na costa de Israel com vista para o Mar Mediterr\u00e2neo, \u00e9 o lugar onde Profeta Elias viveu e morreu 850 antes de Cristo. Mas pouco se sabe sobre esse homem de Deus, antes do in\u00edcio do seu minist\u00e9rio. O que se sabe \u00e9 que ele origin\u00e1rio de Tisb\u00e9 e foi contempor\u00e2neo do rei Acab e da rainha Jezabel.<\/div>\n<div style=\"text-align: justify\">O importante mesmo \u00e9 olhar para o ponto mais alto do Monte, numa profunda simbologia, onde Elias, com seu lema, \u201cardo de zelo pelo Senhor Deus dos ex\u00e9rcitos\u201d, venceu o desafio e deu prova aos israelitas de que Jav\u00e9, o Senhor Deus, \u00e9 o \u00fanico e verdadeiro Deus. Do Monte Carmelo, optou pelo sil\u00eancio, para que mergulhado da solid\u00e3o, pudesse saborear a presen\u00e7a de Deus, numa vida de eremita, ao travar um grande e decisivo duelo contra a idolatria, anunciada pelos profetas de Baal.<\/div>\n<div style=\"text-align: justify\">A Transfigura\u00e7\u00e3o do Senhor nos leva a olhar para a Sagrada Escritura e nela, ver a presen\u00e7a do profeta Elias, grande mestre na escola da ora\u00e7\u00e3o e da contempla\u00e7\u00e3o, que caminhou sempre na presen\u00e7a de Deus (cf. 1Rs 19). Sua f\u00e9 no \u00fanico Deus \u2013 numa f\u00e9 s\u00f3lida e amadurecida na prova\u00e7\u00e3o \u2013 impressionou muit\u00edssimas gera\u00e7\u00f5es de homens e mulheres na hist\u00f3ria do povo de Deus.<\/div>\n<div style=\"text-align: justify\">Quero aqui agradecer a Deus pelo Carmelo Santa Teresinha de Fortaleza, vendo nas nossas queridas Irm\u00e3s Carmelitas, &#8220;nosso pai Santo Elias&#8221;, como elas costumam chamar. Escolheram-nas, a exemplo do mesmo, viver de uma \u00fanica ocupa\u00e7\u00e3o \u2013 na presen\u00e7a de Deus, pelo trabalho e pela ora\u00e7\u00e3o, mostrando ao mundo que vale a pena contemplar a beleza de um Deus essencialmente terno e bondade sem limitastes (cf. Sl 139), tendo diante dos olhos o Monte Carmelo, na sua mais elevada simbologia e express\u00e3o, a Jerusal\u00e9m Celeste. Pela nossa f\u00e9 vemos Jesus, o Filho de Deus, no Monte Tabor, manifestando aos seus amigos todo o seu esplendor. Ele revela a divindade que est\u00e1 dentro dele, antecipando, assim, a sua gl\u00f3ria e a nossa gl\u00f3ria futura. S\u00e3o Jo\u00e3o nos assegura: \u201cQuando Cristo aparecer, seremos semelhantes a ele, pois o veremos como ele \u00e9\u201d (1Jo 3, 2).<\/div>\n<div style=\"text-align: justify\">Jesus Cristo, na montanha sagrada, transfigurou-se, isto \u00e9, mudou de apar\u00eancia. Os tr\u00eas ap\u00f3stolos, Pedro, Tiago e Jo\u00e3o ficaram deslumbrados. Eles queriam que essa alegria ficasse sempre entre eles. Da\u00ed a proposta: Vamos construir tr\u00eas tendas, porque aqui \u00e9 bom demais e a nossa vida ser\u00e1 perpetuamente fascinante e maravilhosa (cf. Lc 9,33). No alto da montanha, Jesus Cristo, antes da sua paix\u00e3o, com Mois\u00e9s e Elias revelou o esplendor de sua face, dizendo-nos que haveremos de nos transfigurar, uma vez que nosso destino se fundamenta na sua palavra: \u201cN\u00f3s somos cidad\u00e3os do c\u00e9u. De l\u00e1 aguardamos o Salvador, o Senhor, Jesus Cristo. Ele transformar\u00e1 o nosso corpo humilhado e o tornar\u00e1 semelhante ao seu corpo glorioso\u201d (Fl 3, 20-21).<\/div>\n<div style=\"text-align: justify\">\u201cUma voz do c\u00e9u ressoa: Eis o meu Filho amado\u201d (Lc 9, 35-36), que\u00a0 nos faz ouvir com fidelidade a sua palavra e buscar no seu corpo e sangue o alimento para nossa vida. E \u00e9 precisamente pela for\u00e7a da palavra, do corpo e sangue de Cristo, que vamos andar na sonhada esperan\u00e7a de sermos semelhantes a ele, quando ele se manifestar em sua gl\u00f3ria.<\/div>\n<div style=\"text-align: justify\">Como seria maravilhoso ver os crist\u00e3os, com p\u00e9s firmes no ch\u00e3o da realidade, abra\u00e7arem e saborearem o sil\u00eancio e, mesmo a solid\u00e3o, como condi\u00e7\u00e3o imprescind\u00edvel, no reto sentido de buscar uma profunda m\u00edstica, a partir do mist\u00e9rio da contempla\u00e7\u00e3o da presen\u00e7a de Deus, a exemplo do profeta Elias, que viveu unicamente para Deus e fez d\u2019Ele o seu ref\u00fagio em todas as circunst\u00e2ncias de sua vida.<\/div>\n<div><em>*padre da Arquidiocese de Fortaleza, Escritor, Membro da Academia de Letras dos Munic\u00edpios do Estado Cear\u00e1 (ALMECE), e da Academia Metropolitana de Letras de Fortaleza.<\/em><\/div>\n<div><em>P\u00e1roco de Santo Afonso<\/em><\/div>\n<div><a href=\"mailto:pegeovane@paroquiasantoafonso.org.br\"><em>pegeovane@paroquiasantoafonso.org.br<\/em><\/a><\/div>\n<div>Autor dos livros:<\/div>\n<div>\u201cO peregrino da Paz\u201d e \u201cNascido Para as Coisas Maiores\u201d (centen\u00e1rio de Dom Helder C\u00e2mara);<\/div>\n<div>\u201cA Ternura de um Pastor\u201d &#8211; 2\u00aa Edi\u00e7\u00e3o (homenagem ao Cardeal Lorscheider);<\/div>\n<div>\u201cA Esperan\u00e7a Tem Nome\u201d (espiritualidade e compromisso);<\/div>\n<div>&#8220;Dom Helder: sonhos e utopias&#8221; (o pastor dos empobrecidos).<\/div>\n<\/div>\n<\/div>\n<div>\n<div>Postado por\u00a0<a title=\"author profile\" rel=\"author\" href=\"http:\/\/www.blogger.com\/profile\/12037961757835243213\">Par\u00f3quia de Santo Afonso<\/a><\/div>\n<\/div>\n<p>&nbsp;<\/p>\n<div id=\"themify_builder_content-19900\" data-postid=\"19900\" class=\"themify_builder_content themify_builder_content-19900 themify_builder themify_builder_front\">\n\t<\/div>\n<!-- \/themify_builder_content -->","protected":false},"excerpt":{"rendered":"<p>Padre Geovane Saraiva* Para o peregrino que visita ainda hoje a Terra Santa, logo h\u00e1 de perceber que Monte Carmelo, uma montanha na costa de Israel com vista para o Mar Mediterr\u00e2neo, \u00e9 o lugar onde Profeta Elias viveu e morreu 850 antes de Cristo. Mas pouco se sabe sobre esse homem de Deus, antes [&hellip;]<\/p>\n","protected":false},"author":17,"featured_media":0,"comment_status":"open","ping_status":"open","sticky":false,"template":"","format":"standard","meta":{"ngg_post_thumbnail":0,"footnotes":""},"categories":[9],"tags":[],"yoast_head":"<!-- This site is optimized with the Yoast SEO plugin v23.5 - https:\/\/yoast.com\/wordpress\/plugins\/seo\/ -->\n<title>Como perceber a presen\u00e7a de Deus - O Arcanjo no ar<\/title>\n<meta name=\"robots\" content=\"index, follow, max-snippet:-1, max-image-preview:large, max-video-preview:-1\" \/>\n<link rel=\"canonical\" href=\"https:\/\/www.oarcanjo.net\/site\/como-perceber-a-presenca-de-deus\/\" \/>\n<meta property=\"og:locale\" content=\"pt_BR\" \/>\n<meta property=\"og:type\" content=\"article\" \/>\n<meta property=\"og:title\" content=\"Como perceber a presen\u00e7a de Deus - O Arcanjo no ar\" \/>\n<meta property=\"og:description\" content=\"Padre Geovane Saraiva* Para o peregrino que visita ainda hoje a Terra Santa, logo h\u00e1 de perceber que Monte Carmelo, uma montanha na costa de Israel com vista para o Mar Mediterr\u00e2neo, \u00e9 o lugar onde Profeta Elias viveu e morreu 850 antes de Cristo. Mas pouco se sabe sobre esse homem de Deus, antes [&hellip;]\" \/>\n<meta property=\"og:url\" content=\"https:\/\/www.oarcanjo.net\/site\/como-perceber-a-presenca-de-deus\/\" \/>\n<meta property=\"og:site_name\" content=\"O Arcanjo no ar\" \/>\n<meta property=\"article:publisher\" content=\"https:\/\/www.facebook.com\/OArcanjoNoAr\/\" \/>\n<meta property=\"article:published_time\" content=\"2012-11-12T18:02:42+00:00\" \/>\n<meta property=\"og:image\" content=\"http:\/\/www.oarcanjo.net\/site\/wp-content\/uploads\/pe.-geovane1-136x150.png\" \/>\n<meta name=\"author\" content=\"pe.geovane\" \/>\n<meta name=\"twitter:card\" content=\"summary_large_image\" \/>\n<meta name=\"twitter:label1\" content=\"Escrito por\" \/>\n\t<meta name=\"twitter:data1\" content=\"pe.geovane\" \/>\n\t<meta name=\"twitter:label2\" content=\"Est. tempo de leitura\" \/>\n\t<meta name=\"twitter:data2\" content=\"4 minutos\" \/>\n<script type=\"application\/ld+json\" class=\"yoast-schema-graph\">{\"@context\":\"https:\/\/schema.org\",\"@graph\":[{\"@type\":\"Article\",\"@id\":\"https:\/\/www.oarcanjo.net\/site\/como-perceber-a-presenca-de-deus\/#article\",\"isPartOf\":{\"@id\":\"https:\/\/www.oarcanjo.net\/site\/como-perceber-a-presenca-de-deus\/\"},\"author\":{\"name\":\"pe.geovane\",\"@id\":\"https:\/\/www.oarcanjo.net\/site\/#\/schema\/person\/58d7f78850a973b8e467c7ae4a7eb4ad\"},\"headline\":\"Como perceber a presen\u00e7a de Deus\",\"datePublished\":\"2012-11-12T18:02:42+00:00\",\"dateModified\":\"2012-11-12T18:02:42+00:00\",\"mainEntityOfPage\":{\"@id\":\"https:\/\/www.oarcanjo.net\/site\/como-perceber-a-presenca-de-deus\/\"},\"wordCount\":761,\"commentCount\":0,\"publisher\":{\"@id\":\"https:\/\/www.oarcanjo.net\/site\/#organization\"},\"image\":{\"@id\":\"https:\/\/www.oarcanjo.net\/site\/como-perceber-a-presenca-de-deus\/#primaryimage\"},\"thumbnailUrl\":\"http:\/\/www.oarcanjo.net\/site\/wp-content\/uploads\/pe.-geovane1-136x150.png\",\"articleSection\":[\"Reflex\u00f5es\"],\"inLanguage\":\"pt-BR\",\"potentialAction\":[{\"@type\":\"CommentAction\",\"name\":\"Comment\",\"target\":[\"https:\/\/www.oarcanjo.net\/site\/como-perceber-a-presenca-de-deus\/#respond\"]}]},{\"@type\":\"WebPage\",\"@id\":\"https:\/\/www.oarcanjo.net\/site\/como-perceber-a-presenca-de-deus\/\",\"url\":\"https:\/\/www.oarcanjo.net\/site\/como-perceber-a-presenca-de-deus\/\",\"name\":\"Como perceber a presen\u00e7a de Deus - O Arcanjo no ar\",\"isPartOf\":{\"@id\":\"https:\/\/www.oarcanjo.net\/site\/#website\"},\"primaryImageOfPage\":{\"@id\":\"https:\/\/www.oarcanjo.net\/site\/como-perceber-a-presenca-de-deus\/#primaryimage\"},\"image\":{\"@id\":\"https:\/\/www.oarcanjo.net\/site\/como-perceber-a-presenca-de-deus\/#primaryimage\"},\"thumbnailUrl\":\"http:\/\/www.oarcanjo.net\/site\/wp-content\/uploads\/pe.-geovane1-136x150.png\",\"datePublished\":\"2012-11-12T18:02:42+00:00\",\"dateModified\":\"2012-11-12T18:02:42+00:00\",\"breadcrumb\":{\"@id\":\"https:\/\/www.oarcanjo.net\/site\/como-perceber-a-presenca-de-deus\/#breadcrumb\"},\"inLanguage\":\"pt-BR\",\"potentialAction\":[{\"@type\":\"ReadAction\",\"target\":[\"https:\/\/www.oarcanjo.net\/site\/como-perceber-a-presenca-de-deus\/\"]}]},{\"@type\":\"ImageObject\",\"inLanguage\":\"pt-BR\",\"@id\":\"https:\/\/www.oarcanjo.net\/site\/como-perceber-a-presenca-de-deus\/#primaryimage\",\"url\":\"https:\/\/www.oarcanjo.net\/site\/wp-content\/uploads\/pe.-geovane1.png\",\"contentUrl\":\"https:\/\/www.oarcanjo.net\/site\/wp-content\/uploads\/pe.-geovane1.png\",\"width\":\"136\",\"height\":\"205\"},{\"@type\":\"BreadcrumbList\",\"@id\":\"https:\/\/www.oarcanjo.net\/site\/como-perceber-a-presenca-de-deus\/#breadcrumb\",\"itemListElement\":[{\"@type\":\"ListItem\",\"position\":1,\"name\":\"In\u00edcio\",\"item\":\"https:\/\/www.oarcanjo.net\/site\/\"},{\"@type\":\"ListItem\",\"position\":2,\"name\":\"Como perceber a presen\u00e7a de Deus\"}]},{\"@type\":\"WebSite\",\"@id\":\"https:\/\/www.oarcanjo.net\/site\/#website\",\"url\":\"https:\/\/www.oarcanjo.net\/site\/\",\"name\":\"O Arcanjo no ar\",\"description\":\"Site da Par\u00f3quia S\u00e3o Miguel Arcanjo (Arquidiocese de SP)\",\"publisher\":{\"@id\":\"https:\/\/www.oarcanjo.net\/site\/#organization\"},\"potentialAction\":[{\"@type\":\"SearchAction\",\"target\":{\"@type\":\"EntryPoint\",\"urlTemplate\":\"https:\/\/www.oarcanjo.net\/site\/?s={search_term_string}\"},\"query-input\":{\"@type\":\"PropertyValueSpecification\",\"valueRequired\":true,\"valueName\":\"search_term_string\"}}],\"inLanguage\":\"pt-BR\"},{\"@type\":\"Organization\",\"@id\":\"https:\/\/www.oarcanjo.net\/site\/#organization\",\"name\":\"Par\u00f3quia S\u00e3o Miguel Arcanjo\",\"url\":\"https:\/\/www.oarcanjo.net\/site\/\",\"logo\":{\"@type\":\"ImageObject\",\"inLanguage\":\"pt-BR\",\"@id\":\"https:\/\/www.oarcanjo.net\/site\/#\/schema\/logo\/image\/\",\"url\":\"https:\/\/www.oarcanjo.net\/site\/wp-content\/uploads\/LogoOArcanjo.png\",\"contentUrl\":\"https:\/\/www.oarcanjo.net\/site\/wp-content\/uploads\/LogoOArcanjo.png\",\"width\":319,\"height\":99,\"caption\":\"Par\u00f3quia S\u00e3o Miguel Arcanjo\"},\"image\":{\"@id\":\"https:\/\/www.oarcanjo.net\/site\/#\/schema\/logo\/image\/\"},\"sameAs\":[\"https:\/\/www.facebook.com\/OArcanjoNoAr\/\"]},{\"@type\":\"Person\",\"@id\":\"https:\/\/www.oarcanjo.net\/site\/#\/schema\/person\/58d7f78850a973b8e467c7ae4a7eb4ad\",\"name\":\"pe.geovane\"}]}<\/script>\n<!-- \/ Yoast SEO plugin. -->","yoast_head_json":{"title":"Como perceber a presen\u00e7a de Deus - O Arcanjo no ar","robots":{"index":"index","follow":"follow","max-snippet":"max-snippet:-1","max-image-preview":"max-image-preview:large","max-video-preview":"max-video-preview:-1"},"canonical":"https:\/\/www.oarcanjo.net\/site\/como-perceber-a-presenca-de-deus\/","og_locale":"pt_BR","og_type":"article","og_title":"Como perceber a presen\u00e7a de Deus - O Arcanjo no ar","og_description":"Padre Geovane Saraiva* Para o peregrino que visita ainda hoje a Terra Santa, logo h\u00e1 de perceber que Monte Carmelo, uma montanha na costa de Israel com vista para o Mar Mediterr\u00e2neo, \u00e9 o lugar onde Profeta Elias viveu e morreu 850 antes de Cristo. Mas pouco se sabe sobre esse homem de Deus, antes [&hellip;]","og_url":"https:\/\/www.oarcanjo.net\/site\/como-perceber-a-presenca-de-deus\/","og_site_name":"O Arcanjo no ar","article_publisher":"https:\/\/www.facebook.com\/OArcanjoNoAr\/","article_published_time":"2012-11-12T18:02:42+00:00","og_image":[{"url":"http:\/\/www.oarcanjo.net\/site\/wp-content\/uploads\/pe.-geovane1-136x150.png"}],"author":"pe.geovane","twitter_card":"summary_large_image","twitter_misc":{"Escrito por":"pe.geovane","Est. tempo de leitura":"4 minutos"},"schema":{"@context":"https:\/\/schema.org","@graph":[{"@type":"Article","@id":"https:\/\/www.oarcanjo.net\/site\/como-perceber-a-presenca-de-deus\/#article","isPartOf":{"@id":"https:\/\/www.oarcanjo.net\/site\/como-perceber-a-presenca-de-deus\/"},"author":{"name":"pe.geovane","@id":"https:\/\/www.oarcanjo.net\/site\/#\/schema\/person\/58d7f78850a973b8e467c7ae4a7eb4ad"},"headline":"Como perceber a presen\u00e7a de Deus","datePublished":"2012-11-12T18:02:42+00:00","dateModified":"2012-11-12T18:02:42+00:00","mainEntityOfPage":{"@id":"https:\/\/www.oarcanjo.net\/site\/como-perceber-a-presenca-de-deus\/"},"wordCount":761,"commentCount":0,"publisher":{"@id":"https:\/\/www.oarcanjo.net\/site\/#organization"},"image":{"@id":"https:\/\/www.oarcanjo.net\/site\/como-perceber-a-presenca-de-deus\/#primaryimage"},"thumbnailUrl":"http:\/\/www.oarcanjo.net\/site\/wp-content\/uploads\/pe.-geovane1-136x150.png","articleSection":["Reflex\u00f5es"],"inLanguage":"pt-BR","potentialAction":[{"@type":"CommentAction","name":"Comment","target":["https:\/\/www.oarcanjo.net\/site\/como-perceber-a-presenca-de-deus\/#respond"]}]},{"@type":"WebPage","@id":"https:\/\/www.oarcanjo.net\/site\/como-perceber-a-presenca-de-deus\/","url":"https:\/\/www.oarcanjo.net\/site\/como-perceber-a-presenca-de-deus\/","name":"Como perceber a presen\u00e7a de Deus - O Arcanjo no ar","isPartOf":{"@id":"https:\/\/www.oarcanjo.net\/site\/#website"},"primaryImageOfPage":{"@id":"https:\/\/www.oarcanjo.net\/site\/como-perceber-a-presenca-de-deus\/#primaryimage"},"image":{"@id":"https:\/\/www.oarcanjo.net\/site\/como-perceber-a-presenca-de-deus\/#primaryimage"},"thumbnailUrl":"http:\/\/www.oarcanjo.net\/site\/wp-content\/uploads\/pe.-geovane1-136x150.png","datePublished":"2012-11-12T18:02:42+00:00","dateModified":"2012-11-12T18:02:42+00:00","breadcrumb":{"@id":"https:\/\/www.oarcanjo.net\/site\/como-perceber-a-presenca-de-deus\/#breadcrumb"},"inLanguage":"pt-BR","potentialAction":[{"@type":"ReadAction","target":["https:\/\/www.oarcanjo.net\/site\/como-perceber-a-presenca-de-deus\/"]}]},{"@type":"ImageObject","inLanguage":"pt-BR","@id":"https:\/\/www.oarcanjo.net\/site\/como-perceber-a-presenca-de-deus\/#primaryimage","url":"https:\/\/www.oarcanjo.net\/site\/wp-content\/uploads\/pe.-geovane1.png","contentUrl":"https:\/\/www.oarcanjo.net\/site\/wp-content\/uploads\/pe.-geovane1.png","width":"136","height":"205"},{"@type":"BreadcrumbList","@id":"https:\/\/www.oarcanjo.net\/site\/como-perceber-a-presenca-de-deus\/#breadcrumb","itemListElement":[{"@type":"ListItem","position":1,"name":"In\u00edcio","item":"https:\/\/www.oarcanjo.net\/site\/"},{"@type":"ListItem","position":2,"name":"Como perceber a presen\u00e7a de Deus"}]},{"@type":"WebSite","@id":"https:\/\/www.oarcanjo.net\/site\/#website","url":"https:\/\/www.oarcanjo.net\/site\/","name":"O Arcanjo no ar","description":"Site da Par\u00f3quia S\u00e3o Miguel Arcanjo (Arquidiocese de SP)","publisher":{"@id":"https:\/\/www.oarcanjo.net\/site\/#organization"},"potentialAction":[{"@type":"SearchAction","target":{"@type":"EntryPoint","urlTemplate":"https:\/\/www.oarcanjo.net\/site\/?s={search_term_string}"},"query-input":{"@type":"PropertyValueSpecification","valueRequired":true,"valueName":"search_term_string"}}],"inLanguage":"pt-BR"},{"@type":"Organization","@id":"https:\/\/www.oarcanjo.net\/site\/#organization","name":"Par\u00f3quia S\u00e3o Miguel Arcanjo","url":"https:\/\/www.oarcanjo.net\/site\/","logo":{"@type":"ImageObject","inLanguage":"pt-BR","@id":"https:\/\/www.oarcanjo.net\/site\/#\/schema\/logo\/image\/","url":"https:\/\/www.oarcanjo.net\/site\/wp-content\/uploads\/LogoOArcanjo.png","contentUrl":"https:\/\/www.oarcanjo.net\/site\/wp-content\/uploads\/LogoOArcanjo.png","width":319,"height":99,"caption":"Par\u00f3quia S\u00e3o Miguel Arcanjo"},"image":{"@id":"https:\/\/www.oarcanjo.net\/site\/#\/schema\/logo\/image\/"},"sameAs":["https:\/\/www.facebook.com\/OArcanjoNoAr\/"]},{"@type":"Person","@id":"https:\/\/www.oarcanjo.net\/site\/#\/schema\/person\/58d7f78850a973b8e467c7ae4a7eb4ad","name":"pe.geovane"}]}},"publishpress_future_action":{"enabled":false,"date":"2026-05-09 09:32:00","action":"category","newStatus":"draft","terms":[],"taxonomy":"category"},"publishpress_future_workflow_manual_trigger":{"enabledWorkflows":[]},"_links":{"self":[{"href":"https:\/\/www.oarcanjo.net\/site\/wp-json\/wp\/v2\/posts\/19900"}],"collection":[{"href":"https:\/\/www.oarcanjo.net\/site\/wp-json\/wp\/v2\/posts"}],"about":[{"href":"https:\/\/www.oarcanjo.net\/site\/wp-json\/wp\/v2\/types\/post"}],"author":[{"embeddable":true,"href":"https:\/\/www.oarcanjo.net\/site\/wp-json\/wp\/v2\/users\/17"}],"replies":[{"embeddable":true,"href":"https:\/\/www.oarcanjo.net\/site\/wp-json\/wp\/v2\/comments?post=19900"}],"version-history":[{"count":0,"href":"https:\/\/www.oarcanjo.net\/site\/wp-json\/wp\/v2\/posts\/19900\/revisions"}],"wp:attachment":[{"href":"https:\/\/www.oarcanjo.net\/site\/wp-json\/wp\/v2\/media?parent=19900"}],"wp:term":[{"taxonomy":"category","embeddable":true,"href":"https:\/\/www.oarcanjo.net\/site\/wp-json\/wp\/v2\/categories?post=19900"},{"taxonomy":"post_tag","embeddable":true,"href":"https:\/\/www.oarcanjo.net\/site\/wp-json\/wp\/v2\/tags?post=19900"}],"curies":[{"name":"wp","href":"https:\/\/api.w.org\/{rel}","templated":true}]}}