
{"id":19909,"date":"2012-11-14T18:17:13","date_gmt":"2012-11-14T20:17:13","guid":{"rendered":"http:\/\/www.oarcanjo.net\/site\/?p=19909"},"modified":"2012-11-15T12:31:29","modified_gmt":"2012-11-15T14:31:29","slug":"comunicacao-na-pauta-do-2-encontro-de-formacao-missionaria-para-comidis-e-comipas","status":"publish","type":"post","link":"https:\/\/www.oarcanjo.net\/site\/comunicacao-na-pauta-do-2-encontro-de-formacao-missionaria-para-comidis-e-comipas\/","title":{"rendered":"Comunica\u00e7\u00e3o na pauta do 2\u00ba Encontro de Forma\u00e7\u00e3o Mission\u00e1ria para Comidis e Comipas"},"content":{"rendered":"<p>POM<\/p>\n<p>Nesta quarta-feira, 14, tem in\u00edcio na sede do Centro Cultural Mission\u00e1rio (CCM) em Bras\u00edlia, o 2\u00ba Encontro de Forma\u00e7\u00e3o para Conselhos Mission\u00e1rios Diocesanos e Paroquiais (Comidis e Comipas), destinado a coordenadores, animadores e assessores de comunica\u00e7\u00e3o de conselhos mission\u00e1rios.<\/p>\n<p>O conte\u00fado program\u00e1tico contempla o esquema ver, julgar e agir, bastante usado na Igreja no Brasil. &#8220;O are\u00f3pago da comunica\u00e7\u00e3o e a Miss\u00e3o da Igreja hoje. \u00c2mbito, evolu\u00e7\u00e3o, desafios e perspectivas&#8221;; o julgar fica com o tema &#8220;A Miss\u00e3o como comunica\u00e7\u00e3o. Teologia e espiritualidade da comunica\u00e7\u00e3o para o animador mission\u00e1rio&#8221;; no s\u00e1bado, 17, o tema trabalhado ser\u00e1 &#8220;Anima\u00e7\u00e3o Mission\u00e1ria e Comunica\u00e7\u00e3o&#8221;. O domingo ser\u00e1 para os encaminhamentos e compromissos.<\/p>\n<p>De acordo com padre Jaime Patias, secret\u00e1rio nacional da Pontif\u00edcia Uni\u00e3o Mission\u00e1ria e assessor de comunica\u00e7\u00e3o das Pontif\u00edcias Obras Mission\u00e1rias, o encontro tem o objetivo de trabalhar comunica\u00e7\u00e3o e miss\u00e3o como aportes da anima\u00e7\u00e3o mission\u00e1ria. &#8220;Precisamos animar a Igreja local para que ela se abra \u00e0 miss\u00e3o dentro e fora. E para isso n\u00f3s temos uma ferramenta indispens\u00e1vel que \u00e9 a comunica\u00e7\u00e3o, n\u00e3o s\u00f3 com os meios ecol\u00f3gicos (digitais), mas o meio de comunica\u00e7\u00e3o como processo. As pessoas, os coordenadores dos conselhos mission\u00e1rios e a Pastoral da Comunica\u00e7\u00e3o (Pascom)&#8221;.<\/p>\n<p>O curso tem sido pensado por representantes da CNBB, das POM e da Confer\u00eancia dos Religiosos do Brasil (CRB) h\u00e1 alguns anos para que a articula\u00e7\u00e3o da comunica\u00e7\u00e3o seja estabelecida tamb\u00e9m entre os organismos da Igreja. Segundo padre Jaime, a meta \u00e9 focar nos profissionais de comunica\u00e7\u00e3o que est\u00e3o envolvidos com a dimens\u00e3o mission\u00e1ria atrav\u00e9s dos conselhos mission\u00e1rios nos regionais e dioceses.<\/p>\n<p><img loading=\"lazy\" decoding=\"async\" src=\"http:\/\/www.revistamissoes.org.br\/public\/tbnail\/?c=false&amp;w=335&amp;h=222&amp;f=..\/..\/\/public\/images\/mcefiles\/images\/jaimecpatiaspom.png\" alt=\"\" width=\"335\" height=\"222\" \/><\/p>\n<p>&#8220;Queremos pensar como articular os Conselhos Mission\u00e1rios Regionais pensando numa futura rede. Cada regional deve contar com uma ou duas pessoas de refer\u00eancia para prestar aten\u00e7\u00e3o em tr\u00eas coisas: os contextos de miss\u00e3o que podem surgir; trabalhos j\u00e1 em andamento; como o Brasil pode conhecer melhor esses trabalhos, atrav\u00e9s da comunica\u00e7\u00e3o (not\u00edcias, artigos, reportagens); segundo s\u00e3o os eventos, aquilo que se faz nas bases. E terceiro as pessoas que est\u00e3o nos regionais envolvidas com a miss\u00e3o.<\/p>\n<p>Se concretizados esses objetivos, a produ\u00e7\u00e3o de conte\u00fados e divulga\u00e7\u00e3o da anima\u00e7\u00e3o mission\u00e1ria no Brasil e al\u00e9m-fronteiras s\u00f3 tem a ganhar, conta. &#8220;A produ\u00e7\u00e3o que n\u00f3s fazemos nos sites de refer\u00eancia ganhariam muito se tivesse mais pessoas trabalhando e articulando as informa\u00e7\u00f5es. As informa\u00e7\u00f5es chegariam com mais facilidade e qualidade. Hoje, o que chega \u00e9 aquilo que buscamos. Precisamos nos organizar para o material chegar e ser divulgado como deve ser atrav\u00e9s de uma rede de comunicadores&#8221;, completa.<\/p>\n<p><em>Fonte: www.pom.org.br<\/em><\/p>\n<p>Postado por\u00a0<a title=\"author profile\" rel=\"author\" href=\"http:\/\/www.blogger.com\/profile\/12037961757835243213\">Par\u00f3quia de Santo Afonso <\/a><\/p>\n<div id=\"themify_builder_content-19909\" data-postid=\"19909\" class=\"themify_builder_content themify_builder_content-19909 themify_builder themify_builder_front\">\n\t<\/div>\n<!-- \/themify_builder_content -->","protected":false},"excerpt":{"rendered":"<p>POM Nesta quarta-feira, 14, tem in\u00edcio na sede do Centro Cultural Mission\u00e1rio (CCM) em Bras\u00edlia, o 2\u00ba Encontro de Forma\u00e7\u00e3o para Conselhos Mission\u00e1rios Diocesanos e Paroquiais (Comidis e Comipas), destinado a coordenadores, animadores e assessores de comunica\u00e7\u00e3o de conselhos mission\u00e1rios. O conte\u00fado program\u00e1tico contempla o esquema ver, julgar e agir, bastante usado na Igreja no [&hellip;]<\/p>\n","protected":false},"author":17,"featured_media":0,"comment_status":"open","ping_status":"open","sticky":false,"template":"","format":"standard","meta":{"ngg_post_thumbnail":0,"footnotes":""},"categories":[8],"tags":[],"yoast_head":"<!-- This site is optimized with the Yoast SEO plugin v23.5 - https:\/\/yoast.com\/wordpress\/plugins\/seo\/ -->\n<title>Comunica\u00e7\u00e3o na pauta do 2\u00ba Encontro de Forma\u00e7\u00e3o Mission\u00e1ria para Comidis e Comipas - O Arcanjo no ar<\/title>\n<meta name=\"robots\" content=\"index, follow, max-snippet:-1, max-image-preview:large, max-video-preview:-1\" \/>\n<link rel=\"canonical\" href=\"https:\/\/www.oarcanjo.net\/site\/comunicacao-na-pauta-do-2-encontro-de-formacao-missionaria-para-comidis-e-comipas\/\" \/>\n<meta property=\"og:locale\" content=\"pt_BR\" \/>\n<meta property=\"og:type\" content=\"article\" \/>\n<meta property=\"og:title\" content=\"Comunica\u00e7\u00e3o na pauta do 2\u00ba Encontro de Forma\u00e7\u00e3o Mission\u00e1ria para Comidis e Comipas - O Arcanjo no ar\" \/>\n<meta property=\"og:description\" content=\"POM Nesta quarta-feira, 14, tem in\u00edcio na sede do Centro Cultural Mission\u00e1rio (CCM) em Bras\u00edlia, o 2\u00ba Encontro de Forma\u00e7\u00e3o para Conselhos Mission\u00e1rios Diocesanos e Paroquiais (Comidis e Comipas), destinado a coordenadores, animadores e assessores de comunica\u00e7\u00e3o de conselhos mission\u00e1rios. O conte\u00fado program\u00e1tico contempla o esquema ver, julgar e agir, bastante usado na Igreja no [&hellip;]\" \/>\n<meta property=\"og:url\" content=\"https:\/\/www.oarcanjo.net\/site\/comunicacao-na-pauta-do-2-encontro-de-formacao-missionaria-para-comidis-e-comipas\/\" \/>\n<meta property=\"og:site_name\" content=\"O Arcanjo no ar\" \/>\n<meta property=\"article:publisher\" content=\"https:\/\/www.facebook.com\/OArcanjoNoAr\/\" \/>\n<meta property=\"article:published_time\" content=\"2012-11-14T20:17:13+00:00\" \/>\n<meta property=\"article:modified_time\" content=\"2012-11-15T14:31:29+00:00\" \/>\n<meta property=\"og:image\" content=\"http:\/\/www.revistamissoes.org.br\/public\/tbnail\/?c=false&amp;w=335&amp;h=222&amp;f=..\/..\/\/public\/images\/mcefiles\/images\/jaimecpatiaspom.png\" \/>\n<meta name=\"author\" content=\"pe.geovane\" \/>\n<meta name=\"twitter:card\" content=\"summary_large_image\" \/>\n<meta name=\"twitter:label1\" content=\"Escrito por\" \/>\n\t<meta name=\"twitter:data1\" content=\"pe.geovane\" \/>\n\t<meta name=\"twitter:label2\" content=\"Est. tempo de leitura\" \/>\n\t<meta name=\"twitter:data2\" content=\"2 minutos\" \/>\n<script type=\"application\/ld+json\" class=\"yoast-schema-graph\">{\"@context\":\"https:\/\/schema.org\",\"@graph\":[{\"@type\":\"Article\",\"@id\":\"https:\/\/www.oarcanjo.net\/site\/comunicacao-na-pauta-do-2-encontro-de-formacao-missionaria-para-comidis-e-comipas\/#article\",\"isPartOf\":{\"@id\":\"https:\/\/www.oarcanjo.net\/site\/comunicacao-na-pauta-do-2-encontro-de-formacao-missionaria-para-comidis-e-comipas\/\"},\"author\":{\"name\":\"pe.geovane\",\"@id\":\"https:\/\/www.oarcanjo.net\/site\/#\/schema\/person\/58d7f78850a973b8e467c7ae4a7eb4ad\"},\"headline\":\"Comunica\u00e7\u00e3o na pauta do 2\u00ba Encontro de Forma\u00e7\u00e3o Mission\u00e1ria para Comidis e Comipas\",\"datePublished\":\"2012-11-14T20:17:13+00:00\",\"dateModified\":\"2012-11-15T14:31:29+00:00\",\"mainEntityOfPage\":{\"@id\":\"https:\/\/www.oarcanjo.net\/site\/comunicacao-na-pauta-do-2-encontro-de-formacao-missionaria-para-comidis-e-comipas\/\"},\"wordCount\":508,\"commentCount\":0,\"publisher\":{\"@id\":\"https:\/\/www.oarcanjo.net\/site\/#organization\"},\"image\":{\"@id\":\"https:\/\/www.oarcanjo.net\/site\/comunicacao-na-pauta-do-2-encontro-de-formacao-missionaria-para-comidis-e-comipas\/#primaryimage\"},\"thumbnailUrl\":\"http:\/\/www.revistamissoes.org.br\/public\/tbnail\/?c=false&amp;w=335&amp;h=222&amp;f=..\/..\/\/public\/images\/mcefiles\/images\/jaimecpatiaspom.png\",\"articleSection\":[\"Not\u00edcias\"],\"inLanguage\":\"pt-BR\",\"potentialAction\":[{\"@type\":\"CommentAction\",\"name\":\"Comment\",\"target\":[\"https:\/\/www.oarcanjo.net\/site\/comunicacao-na-pauta-do-2-encontro-de-formacao-missionaria-para-comidis-e-comipas\/#respond\"]}]},{\"@type\":\"WebPage\",\"@id\":\"https:\/\/www.oarcanjo.net\/site\/comunicacao-na-pauta-do-2-encontro-de-formacao-missionaria-para-comidis-e-comipas\/\",\"url\":\"https:\/\/www.oarcanjo.net\/site\/comunicacao-na-pauta-do-2-encontro-de-formacao-missionaria-para-comidis-e-comipas\/\",\"name\":\"Comunica\u00e7\u00e3o na pauta do 2\u00ba Encontro de Forma\u00e7\u00e3o Mission\u00e1ria para Comidis e Comipas - O Arcanjo no ar\",\"isPartOf\":{\"@id\":\"https:\/\/www.oarcanjo.net\/site\/#website\"},\"primaryImageOfPage\":{\"@id\":\"https:\/\/www.oarcanjo.net\/site\/comunicacao-na-pauta-do-2-encontro-de-formacao-missionaria-para-comidis-e-comipas\/#primaryimage\"},\"image\":{\"@id\":\"https:\/\/www.oarcanjo.net\/site\/comunicacao-na-pauta-do-2-encontro-de-formacao-missionaria-para-comidis-e-comipas\/#primaryimage\"},\"thumbnailUrl\":\"http:\/\/www.revistamissoes.org.br\/public\/tbnail\/?c=false&amp;w=335&amp;h=222&amp;f=..\/..\/\/public\/images\/mcefiles\/images\/jaimecpatiaspom.png\",\"datePublished\":\"2012-11-14T20:17:13+00:00\",\"dateModified\":\"2012-11-15T14:31:29+00:00\",\"breadcrumb\":{\"@id\":\"https:\/\/www.oarcanjo.net\/site\/comunicacao-na-pauta-do-2-encontro-de-formacao-missionaria-para-comidis-e-comipas\/#breadcrumb\"},\"inLanguage\":\"pt-BR\",\"potentialAction\":[{\"@type\":\"ReadAction\",\"target\":[\"https:\/\/www.oarcanjo.net\/site\/comunicacao-na-pauta-do-2-encontro-de-formacao-missionaria-para-comidis-e-comipas\/\"]}]},{\"@type\":\"ImageObject\",\"inLanguage\":\"pt-BR\",\"@id\":\"https:\/\/www.oarcanjo.net\/site\/comunicacao-na-pauta-do-2-encontro-de-formacao-missionaria-para-comidis-e-comipas\/#primaryimage\",\"url\":\"http:\/\/www.revistamissoes.org.br\/public\/tbnail\/?c=false&amp;w=335&amp;h=222&amp;f=..\/..\/\/public\/images\/mcefiles\/images\/jaimecpatiaspom.png\",\"contentUrl\":\"http:\/\/www.revistamissoes.org.br\/public\/tbnail\/?c=false&amp;w=335&amp;h=222&amp;f=..\/..\/\/public\/images\/mcefiles\/images\/jaimecpatiaspom.png\"},{\"@type\":\"BreadcrumbList\",\"@id\":\"https:\/\/www.oarcanjo.net\/site\/comunicacao-na-pauta-do-2-encontro-de-formacao-missionaria-para-comidis-e-comipas\/#breadcrumb\",\"itemListElement\":[{\"@type\":\"ListItem\",\"position\":1,\"name\":\"In\u00edcio\",\"item\":\"https:\/\/www.oarcanjo.net\/site\/\"},{\"@type\":\"ListItem\",\"position\":2,\"name\":\"Comunica\u00e7\u00e3o na pauta do 2\u00ba Encontro de Forma\u00e7\u00e3o Mission\u00e1ria para Comidis e Comipas\"}]},{\"@type\":\"WebSite\",\"@id\":\"https:\/\/www.oarcanjo.net\/site\/#website\",\"url\":\"https:\/\/www.oarcanjo.net\/site\/\",\"name\":\"O Arcanjo no ar\",\"description\":\"Site da Par\u00f3quia S\u00e3o Miguel Arcanjo (Arquidiocese de SP)\",\"publisher\":{\"@id\":\"https:\/\/www.oarcanjo.net\/site\/#organization\"},\"potentialAction\":[{\"@type\":\"SearchAction\",\"target\":{\"@type\":\"EntryPoint\",\"urlTemplate\":\"https:\/\/www.oarcanjo.net\/site\/?s={search_term_string}\"},\"query-input\":{\"@type\":\"PropertyValueSpecification\",\"valueRequired\":true,\"valueName\":\"search_term_string\"}}],\"inLanguage\":\"pt-BR\"},{\"@type\":\"Organization\",\"@id\":\"https:\/\/www.oarcanjo.net\/site\/#organization\",\"name\":\"Par\u00f3quia S\u00e3o Miguel Arcanjo\",\"url\":\"https:\/\/www.oarcanjo.net\/site\/\",\"logo\":{\"@type\":\"ImageObject\",\"inLanguage\":\"pt-BR\",\"@id\":\"https:\/\/www.oarcanjo.net\/site\/#\/schema\/logo\/image\/\",\"url\":\"https:\/\/www.oarcanjo.net\/site\/wp-content\/uploads\/LogoOArcanjo.png\",\"contentUrl\":\"https:\/\/www.oarcanjo.net\/site\/wp-content\/uploads\/LogoOArcanjo.png\",\"width\":319,\"height\":99,\"caption\":\"Par\u00f3quia S\u00e3o Miguel Arcanjo\"},\"image\":{\"@id\":\"https:\/\/www.oarcanjo.net\/site\/#\/schema\/logo\/image\/\"},\"sameAs\":[\"https:\/\/www.facebook.com\/OArcanjoNoAr\/\"]},{\"@type\":\"Person\",\"@id\":\"https:\/\/www.oarcanjo.net\/site\/#\/schema\/person\/58d7f78850a973b8e467c7ae4a7eb4ad\",\"name\":\"pe.geovane\"}]}<\/script>\n<!-- \/ Yoast SEO plugin. -->","yoast_head_json":{"title":"Comunica\u00e7\u00e3o na pauta do 2\u00ba Encontro de Forma\u00e7\u00e3o Mission\u00e1ria para Comidis e Comipas - O Arcanjo no ar","robots":{"index":"index","follow":"follow","max-snippet":"max-snippet:-1","max-image-preview":"max-image-preview:large","max-video-preview":"max-video-preview:-1"},"canonical":"https:\/\/www.oarcanjo.net\/site\/comunicacao-na-pauta-do-2-encontro-de-formacao-missionaria-para-comidis-e-comipas\/","og_locale":"pt_BR","og_type":"article","og_title":"Comunica\u00e7\u00e3o na pauta do 2\u00ba Encontro de Forma\u00e7\u00e3o Mission\u00e1ria para Comidis e Comipas - O Arcanjo no ar","og_description":"POM Nesta quarta-feira, 14, tem in\u00edcio na sede do Centro Cultural Mission\u00e1rio (CCM) em Bras\u00edlia, o 2\u00ba Encontro de Forma\u00e7\u00e3o para Conselhos Mission\u00e1rios Diocesanos e Paroquiais (Comidis e Comipas), destinado a coordenadores, animadores e assessores de comunica\u00e7\u00e3o de conselhos mission\u00e1rios. O conte\u00fado program\u00e1tico contempla o esquema ver, julgar e agir, bastante usado na Igreja no [&hellip;]","og_url":"https:\/\/www.oarcanjo.net\/site\/comunicacao-na-pauta-do-2-encontro-de-formacao-missionaria-para-comidis-e-comipas\/","og_site_name":"O Arcanjo no ar","article_publisher":"https:\/\/www.facebook.com\/OArcanjoNoAr\/","article_published_time":"2012-11-14T20:17:13+00:00","article_modified_time":"2012-11-15T14:31:29+00:00","og_image":[{"url":"http:\/\/www.revistamissoes.org.br\/public\/tbnail\/?c=false&amp;w=335&amp;h=222&amp;f=..\/..\/\/public\/images\/mcefiles\/images\/jaimecpatiaspom.png"}],"author":"pe.geovane","twitter_card":"summary_large_image","twitter_misc":{"Escrito por":"pe.geovane","Est. tempo de leitura":"2 minutos"},"schema":{"@context":"https:\/\/schema.org","@graph":[{"@type":"Article","@id":"https:\/\/www.oarcanjo.net\/site\/comunicacao-na-pauta-do-2-encontro-de-formacao-missionaria-para-comidis-e-comipas\/#article","isPartOf":{"@id":"https:\/\/www.oarcanjo.net\/site\/comunicacao-na-pauta-do-2-encontro-de-formacao-missionaria-para-comidis-e-comipas\/"},"author":{"name":"pe.geovane","@id":"https:\/\/www.oarcanjo.net\/site\/#\/schema\/person\/58d7f78850a973b8e467c7ae4a7eb4ad"},"headline":"Comunica\u00e7\u00e3o na pauta do 2\u00ba Encontro de Forma\u00e7\u00e3o Mission\u00e1ria para Comidis e Comipas","datePublished":"2012-11-14T20:17:13+00:00","dateModified":"2012-11-15T14:31:29+00:00","mainEntityOfPage":{"@id":"https:\/\/www.oarcanjo.net\/site\/comunicacao-na-pauta-do-2-encontro-de-formacao-missionaria-para-comidis-e-comipas\/"},"wordCount":508,"commentCount":0,"publisher":{"@id":"https:\/\/www.oarcanjo.net\/site\/#organization"},"image":{"@id":"https:\/\/www.oarcanjo.net\/site\/comunicacao-na-pauta-do-2-encontro-de-formacao-missionaria-para-comidis-e-comipas\/#primaryimage"},"thumbnailUrl":"http:\/\/www.revistamissoes.org.br\/public\/tbnail\/?c=false&amp;w=335&amp;h=222&amp;f=..\/..\/\/public\/images\/mcefiles\/images\/jaimecpatiaspom.png","articleSection":["Not\u00edcias"],"inLanguage":"pt-BR","potentialAction":[{"@type":"CommentAction","name":"Comment","target":["https:\/\/www.oarcanjo.net\/site\/comunicacao-na-pauta-do-2-encontro-de-formacao-missionaria-para-comidis-e-comipas\/#respond"]}]},{"@type":"WebPage","@id":"https:\/\/www.oarcanjo.net\/site\/comunicacao-na-pauta-do-2-encontro-de-formacao-missionaria-para-comidis-e-comipas\/","url":"https:\/\/www.oarcanjo.net\/site\/comunicacao-na-pauta-do-2-encontro-de-formacao-missionaria-para-comidis-e-comipas\/","name":"Comunica\u00e7\u00e3o na pauta do 2\u00ba Encontro de Forma\u00e7\u00e3o Mission\u00e1ria para Comidis e Comipas - O Arcanjo no ar","isPartOf":{"@id":"https:\/\/www.oarcanjo.net\/site\/#website"},"primaryImageOfPage":{"@id":"https:\/\/www.oarcanjo.net\/site\/comunicacao-na-pauta-do-2-encontro-de-formacao-missionaria-para-comidis-e-comipas\/#primaryimage"},"image":{"@id":"https:\/\/www.oarcanjo.net\/site\/comunicacao-na-pauta-do-2-encontro-de-formacao-missionaria-para-comidis-e-comipas\/#primaryimage"},"thumbnailUrl":"http:\/\/www.revistamissoes.org.br\/public\/tbnail\/?c=false&amp;w=335&amp;h=222&amp;f=..\/..\/\/public\/images\/mcefiles\/images\/jaimecpatiaspom.png","datePublished":"2012-11-14T20:17:13+00:00","dateModified":"2012-11-15T14:31:29+00:00","breadcrumb":{"@id":"https:\/\/www.oarcanjo.net\/site\/comunicacao-na-pauta-do-2-encontro-de-formacao-missionaria-para-comidis-e-comipas\/#breadcrumb"},"inLanguage":"pt-BR","potentialAction":[{"@type":"ReadAction","target":["https:\/\/www.oarcanjo.net\/site\/comunicacao-na-pauta-do-2-encontro-de-formacao-missionaria-para-comidis-e-comipas\/"]}]},{"@type":"ImageObject","inLanguage":"pt-BR","@id":"https:\/\/www.oarcanjo.net\/site\/comunicacao-na-pauta-do-2-encontro-de-formacao-missionaria-para-comidis-e-comipas\/#primaryimage","url":"http:\/\/www.revistamissoes.org.br\/public\/tbnail\/?c=false&amp;w=335&amp;h=222&amp;f=..\/..\/\/public\/images\/mcefiles\/images\/jaimecpatiaspom.png","contentUrl":"http:\/\/www.revistamissoes.org.br\/public\/tbnail\/?c=false&amp;w=335&amp;h=222&amp;f=..\/..\/\/public\/images\/mcefiles\/images\/jaimecpatiaspom.png"},{"@type":"BreadcrumbList","@id":"https:\/\/www.oarcanjo.net\/site\/comunicacao-na-pauta-do-2-encontro-de-formacao-missionaria-para-comidis-e-comipas\/#breadcrumb","itemListElement":[{"@type":"ListItem","position":1,"name":"In\u00edcio","item":"https:\/\/www.oarcanjo.net\/site\/"},{"@type":"ListItem","position":2,"name":"Comunica\u00e7\u00e3o na pauta do 2\u00ba Encontro de Forma\u00e7\u00e3o Mission\u00e1ria para Comidis e Comipas"}]},{"@type":"WebSite","@id":"https:\/\/www.oarcanjo.net\/site\/#website","url":"https:\/\/www.oarcanjo.net\/site\/","name":"O Arcanjo no ar","description":"Site da Par\u00f3quia S\u00e3o Miguel Arcanjo (Arquidiocese de SP)","publisher":{"@id":"https:\/\/www.oarcanjo.net\/site\/#organization"},"potentialAction":[{"@type":"SearchAction","target":{"@type":"EntryPoint","urlTemplate":"https:\/\/www.oarcanjo.net\/site\/?s={search_term_string}"},"query-input":{"@type":"PropertyValueSpecification","valueRequired":true,"valueName":"search_term_string"}}],"inLanguage":"pt-BR"},{"@type":"Organization","@id":"https:\/\/www.oarcanjo.net\/site\/#organization","name":"Par\u00f3quia S\u00e3o Miguel Arcanjo","url":"https:\/\/www.oarcanjo.net\/site\/","logo":{"@type":"ImageObject","inLanguage":"pt-BR","@id":"https:\/\/www.oarcanjo.net\/site\/#\/schema\/logo\/image\/","url":"https:\/\/www.oarcanjo.net\/site\/wp-content\/uploads\/LogoOArcanjo.png","contentUrl":"https:\/\/www.oarcanjo.net\/site\/wp-content\/uploads\/LogoOArcanjo.png","width":319,"height":99,"caption":"Par\u00f3quia S\u00e3o Miguel Arcanjo"},"image":{"@id":"https:\/\/www.oarcanjo.net\/site\/#\/schema\/logo\/image\/"},"sameAs":["https:\/\/www.facebook.com\/OArcanjoNoAr\/"]},{"@type":"Person","@id":"https:\/\/www.oarcanjo.net\/site\/#\/schema\/person\/58d7f78850a973b8e467c7ae4a7eb4ad","name":"pe.geovane"}]}},"publishpress_future_action":{"enabled":false,"date":"2026-05-07 08:06:26","action":"category","newStatus":"draft","terms":[],"taxonomy":"category"},"publishpress_future_workflow_manual_trigger":{"enabledWorkflows":[]},"_links":{"self":[{"href":"https:\/\/www.oarcanjo.net\/site\/wp-json\/wp\/v2\/posts\/19909"}],"collection":[{"href":"https:\/\/www.oarcanjo.net\/site\/wp-json\/wp\/v2\/posts"}],"about":[{"href":"https:\/\/www.oarcanjo.net\/site\/wp-json\/wp\/v2\/types\/post"}],"author":[{"embeddable":true,"href":"https:\/\/www.oarcanjo.net\/site\/wp-json\/wp\/v2\/users\/17"}],"replies":[{"embeddable":true,"href":"https:\/\/www.oarcanjo.net\/site\/wp-json\/wp\/v2\/comments?post=19909"}],"version-history":[{"count":0,"href":"https:\/\/www.oarcanjo.net\/site\/wp-json\/wp\/v2\/posts\/19909\/revisions"}],"wp:attachment":[{"href":"https:\/\/www.oarcanjo.net\/site\/wp-json\/wp\/v2\/media?parent=19909"}],"wp:term":[{"taxonomy":"category","embeddable":true,"href":"https:\/\/www.oarcanjo.net\/site\/wp-json\/wp\/v2\/categories?post=19909"},{"taxonomy":"post_tag","embeddable":true,"href":"https:\/\/www.oarcanjo.net\/site\/wp-json\/wp\/v2\/tags?post=19909"}],"curies":[{"name":"wp","href":"https:\/\/api.w.org\/{rel}","templated":true}]}}