
{"id":19920,"date":"2012-11-14T21:50:52","date_gmt":"2012-11-14T23:50:52","guid":{"rendered":"http:\/\/www.oarcanjo.net\/site\/?p=19920"},"modified":"2012-11-14T21:50:52","modified_gmt":"2012-11-14T23:50:52","slug":"tolerancia-e-interculturalidade-16-de-novembro-como-o-dia-internacional-da-tolerancia","status":"publish","type":"post","link":"https:\/\/www.oarcanjo.net\/site\/tolerancia-e-interculturalidade-16-de-novembro-como-o-dia-internacional-da-tolerancia\/","title":{"rendered":"Toler\u00e2ncia e interculturalidade [16 de novembro como o Dia Internacional da Toler\u00e2ncia]"},"content":{"rendered":"<p><img loading=\"lazy\" decoding=\"async\" id=\"campaign-icon\" class=\"alignleft\" style=\"border: 0px;\" src=\"http:\/\/www.adital.com.br\/arquivos\/autor\/Marcelo_barros.jpg\" border=\"0\" alt=\"\" width=\"60\" height=\"60\" \/><\/p>\n<div><em>Marcelo Barros<\/em><\/div>\n<div><em>Monge beneditino e escritor<\/em><\/div>\n<div><em>Adital<\/em><\/div>\n<div><em><br \/>\n<\/em><\/div>\n<div>\n<p style=\"text-align: justify;\"><img loading=\"lazy\" decoding=\"async\" class=\"alignleft\" src=\"http:\/\/www.adital.com.br\/arquivos\/2012\/11\/20121114_marcelo1.jpg\" alt=\"\" width=\"256\" height=\"312\" align=\"bottom\" \/>A ONU consagrou 16 de novembro como o dia internacional da toler\u00e2ncia. Prop\u00f5e que, nessa semana, em todos os continentes, se fa\u00e7am esfor\u00e7os pelo di\u00e1logo e compreens\u00e3o entre grupos e culturas diferentes. De fato, o mundo atual \u00e9 cada vez mais pluralista e, a cada momento, atrav\u00e9s dos meios de comunica\u00e7\u00e3o ou da internet ou simplesmente pela conviv\u00eancia na cidade, cada pessoa tem de conviver com outros que v\u00eam de culturas diversas e professam diferentes religi\u00f5es. Para conviver bem com essa realidade, n\u00e3o basta toler\u00e2ncia. A toler\u00e2ncia evita o confronto e a guerra, mas n\u00e3o chega a criar um ambiente positivo de di\u00e1logo e compreens\u00e3o. Normalmente se tolera aquilo que n\u00e3o se pode evitar. Ningu\u00e9m quer ser apenas tolerado. As pessoas, grupos e culturas merecem ser respeitados e valorizados. Por isso, \u00e9 importante deixar claro: a ONU usa o termo toler\u00e2ncia no sentido mais positivo de uma aceita\u00e7\u00e3o de respeito e conviv\u00eancia pac\u00edfica. Com esse sentido, a partir da segunda guerra mundial, o termo passou a ser usado no di\u00e1logo intercultural e inter-religioso. Isso era importante porque, no campo das religi\u00f5es, durante a maior parte do tempo, houve mais intoler\u00e2ncia do que amor, mais discrimina\u00e7\u00e3o do que a disponibilidade de ver Deus presente e atuante nas outras religi\u00f5es. At\u00e9 hoje, ainda ocorrem casos de discrimina\u00e7\u00e3o e viol\u00eancia baseados na f\u00e9. Por isso, a toler\u00e2ncia, como princ\u00edpio e caminho, \u00e9 um primeiro passo positivo e fecundo.<\/p>\n<p style=\"text-align: justify;\">No Brasil, h\u00e1 um ano, a ministra Maria do Ros\u00e1rio, da Secretaria da Presid\u00eancia da Rep\u00fablica para os Direitos Humanos, instituiu a Comiss\u00e3o Nacional da Diversidade Religiosa, para atuar em todos os casos, nos quais o desrespeito aos direitos humanos vem de preconceitos e discrimina\u00e7\u00e3o a cultos e a grupos religiosos. Para que esse tipo de iniciativa chegue \u00e0s bases, em diversos estados, t\u00eam se criado f\u00f3runs permanentes de di\u00e1logo intercultural e inter-religioso. Nessa segunda feira, 12, na Assembleia Legislativa de Pernambuco foi institu\u00eddo o F\u00f3rum Pernambucano de Di\u00e1logos do qual participam representantes da Igreja Cat\u00f3lica, de v\u00e1rias Igrejas evang\u00e9licas, do Juda\u00edsmo, Isl\u00e3, Candombl\u00e9, Umbanda e outros grupos religiosos.<\/p>\n<p style=\"text-align: justify;\">A institui\u00e7\u00e3o de comiss\u00f5es como essa ajuda muito n\u00e3o s\u00f3 a promover a lei como a criar uma cultura de di\u00e1logo e interculturalidade. A lei pode impedir a discrimina\u00e7\u00e3o e a injusti\u00e7a, mas n\u00e3o pode obrigar ningu\u00e9m a amar o diferente e a valorizar uma cultura que n\u00e3o \u00e9 a sua. Isso sup\u00f5e uma op\u00e7\u00e3o &#8220;espiritual\u201d, ou seja, abertura amorosa ao diferente, como op\u00e7\u00e3o de vida. De fato, as religi\u00f5es foram criadas para ensinar as pessoas a amar e a fazer do amor uma lente especial com a qual se olha a vida, as pessoas e as culturas. Entretanto, quando se deixam aprisionar pelo autoritarismo e pelo dogmatismo, as religi\u00f5es se tornam fonte de intransig\u00eancia, intoler\u00e2ncia e viol\u00eancia. Na hist\u00f3ria, todas as religi\u00f5es, de um modo ou de outro, tiveram momentos de intoler\u00e2ncia e combateram-se entre si. Ao preparar o ano 2000, em nome da Igreja Cat\u00f3lica, o papa Jo\u00e3o Paulo II pediu perd\u00e3o \u00e0 humanidade pelas Cruzadas, Inquisi\u00e7\u00f5es e outros erros que os crist\u00e3os cometeram no passado. O reconhecimento do erro e o pedido de perd\u00e3o s\u00e3o importantes, mas n\u00e3o levam a nada se a Igreja n\u00e3o se converte sempre e cada vez mais ao universalismo do Esp\u00edrito Divino e n\u00e3o toma uma atitude positiva de companheirismo e amor com os outros grupos religiosos.<\/p>\n<p style=\"text-align: justify;\">Hoje, o Brasil \u00e9 um pa\u00eds leigo, mas ainda dominado por uma cultura de Cristandade. Os feriados religiosos s\u00e3o em geral cat\u00f3licos. Os s\u00edmbolos mais aceitos s\u00e3o os da Igreja. Pelo modo como na hist\u00f3ria, a Igreja se imp\u00f4s, ela tem uma d\u00edvida hist\u00f3rica e moral para com toda a humanidade, mas especialmente com as religi\u00f5es ind\u00edgenas e negras. Deve dar o exemplo de abertura ao di\u00e1logo e \u00e0 conviv\u00eancia intercultural e inter-religiosa. Nessa semana, a pr\u00f3pria ONU convida a que Igrejas, religi\u00f5es e organismos da sociedade civil possam unir-se na constru\u00e7\u00e3o de uma sociedade pluralista e, como dizia um pai da Igreja do s\u00e9culo III, &#8220;aberta a tudo o que \u00e9 humano\u201d. Essa atitude testemunha para os outros o amor divino e nos confirma a todos no caminho do evangelho de Jesus Cristo que afirmou: &#8220;Muitos vir\u00e3o do Oriente e do Ocidente e se sentar\u00e3o \u00e0 mesa do reino de Deus\u201d (Mt 8, 11). E tamb\u00e9m: &#8220;Quem n\u00e3o \u00e9 contra n\u00f3s, est\u00e1 do nosso lado\u201d (Mc 9, 40).<\/p>\n<\/div>\n<p style=\"text-align: justify;\">&nbsp;<\/p>\n<div id=\"themify_builder_content-19920\" data-postid=\"19920\" class=\"themify_builder_content themify_builder_content-19920 themify_builder themify_builder_front\">\n\t<\/div>\n<!-- \/themify_builder_content -->","protected":false},"excerpt":{"rendered":"<p>Marcelo Barros Monge beneditino e escritor Adital A ONU consagrou 16 de novembro como o dia internacional da toler\u00e2ncia. Prop\u00f5e que, nessa semana, em todos os continentes, se fa\u00e7am esfor\u00e7os pelo di\u00e1logo e compreens\u00e3o entre grupos e culturas diferentes. De fato, o mundo atual \u00e9 cada vez mais pluralista e, a cada momento, atrav\u00e9s dos [&hellip;]<\/p>\n","protected":false},"author":15,"featured_media":0,"comment_status":"open","ping_status":"open","sticky":false,"template":"","format":"standard","meta":{"ngg_post_thumbnail":0,"footnotes":""},"categories":[9],"tags":[],"yoast_head":"<!-- This site is optimized with the Yoast SEO plugin v23.5 - https:\/\/yoast.com\/wordpress\/plugins\/seo\/ -->\n<title>Toler\u00e2ncia e interculturalidade [16 de novembro como o Dia Internacional da Toler\u00e2ncia] - O Arcanjo no ar<\/title>\n<meta name=\"robots\" content=\"index, follow, max-snippet:-1, max-image-preview:large, max-video-preview:-1\" \/>\n<link rel=\"canonical\" href=\"https:\/\/www.oarcanjo.net\/site\/tolerancia-e-interculturalidade-16-de-novembro-como-o-dia-internacional-da-tolerancia\/\" \/>\n<meta property=\"og:locale\" content=\"pt_BR\" \/>\n<meta property=\"og:type\" content=\"article\" \/>\n<meta property=\"og:title\" content=\"Toler\u00e2ncia e interculturalidade [16 de novembro como o Dia Internacional da Toler\u00e2ncia] - O Arcanjo no ar\" \/>\n<meta property=\"og:description\" content=\"Marcelo Barros Monge beneditino e escritor Adital A ONU consagrou 16 de novembro como o dia internacional da toler\u00e2ncia. Prop\u00f5e que, nessa semana, em todos os continentes, se fa\u00e7am esfor\u00e7os pelo di\u00e1logo e compreens\u00e3o entre grupos e culturas diferentes. De fato, o mundo atual \u00e9 cada vez mais pluralista e, a cada momento, atrav\u00e9s dos [&hellip;]\" \/>\n<meta property=\"og:url\" content=\"https:\/\/www.oarcanjo.net\/site\/tolerancia-e-interculturalidade-16-de-novembro-como-o-dia-internacional-da-tolerancia\/\" \/>\n<meta property=\"og:site_name\" content=\"O Arcanjo no ar\" \/>\n<meta property=\"article:publisher\" content=\"https:\/\/www.facebook.com\/OArcanjoNoAr\/\" \/>\n<meta property=\"article:published_time\" content=\"2012-11-14T23:50:52+00:00\" \/>\n<meta property=\"og:image\" content=\"http:\/\/www.adital.com.br\/arquivos\/autor\/Marcelo_barros.jpg\" \/>\n<meta name=\"author\" content=\"Alexandre Nunes\" \/>\n<meta name=\"twitter:card\" content=\"summary_large_image\" \/>\n<meta name=\"twitter:label1\" content=\"Escrito por\" \/>\n\t<meta name=\"twitter:data1\" content=\"Alexandre Nunes\" \/>\n\t<meta name=\"twitter:label2\" content=\"Est. tempo de leitura\" \/>\n\t<meta name=\"twitter:data2\" content=\"4 minutos\" \/>\n<script type=\"application\/ld+json\" class=\"yoast-schema-graph\">{\"@context\":\"https:\/\/schema.org\",\"@graph\":[{\"@type\":\"Article\",\"@id\":\"https:\/\/www.oarcanjo.net\/site\/tolerancia-e-interculturalidade-16-de-novembro-como-o-dia-internacional-da-tolerancia\/#article\",\"isPartOf\":{\"@id\":\"https:\/\/www.oarcanjo.net\/site\/tolerancia-e-interculturalidade-16-de-novembro-como-o-dia-internacional-da-tolerancia\/\"},\"author\":{\"name\":\"Alexandre Nunes\",\"@id\":\"https:\/\/www.oarcanjo.net\/site\/#\/schema\/person\/0a2ae077c1a09b69d29928e3b9f1c0d1\"},\"headline\":\"Toler\u00e2ncia e interculturalidade [16 de novembro como o Dia Internacional da Toler\u00e2ncia]\",\"datePublished\":\"2012-11-14T23:50:52+00:00\",\"dateModified\":\"2012-11-14T23:50:52+00:00\",\"mainEntityOfPage\":{\"@id\":\"https:\/\/www.oarcanjo.net\/site\/tolerancia-e-interculturalidade-16-de-novembro-como-o-dia-internacional-da-tolerancia\/\"},\"wordCount\":832,\"commentCount\":0,\"publisher\":{\"@id\":\"https:\/\/www.oarcanjo.net\/site\/#organization\"},\"image\":{\"@id\":\"https:\/\/www.oarcanjo.net\/site\/tolerancia-e-interculturalidade-16-de-novembro-como-o-dia-internacional-da-tolerancia\/#primaryimage\"},\"thumbnailUrl\":\"http:\/\/www.adital.com.br\/arquivos\/autor\/Marcelo_barros.jpg\",\"articleSection\":[\"Reflex\u00f5es\"],\"inLanguage\":\"pt-BR\",\"potentialAction\":[{\"@type\":\"CommentAction\",\"name\":\"Comment\",\"target\":[\"https:\/\/www.oarcanjo.net\/site\/tolerancia-e-interculturalidade-16-de-novembro-como-o-dia-internacional-da-tolerancia\/#respond\"]}]},{\"@type\":\"WebPage\",\"@id\":\"https:\/\/www.oarcanjo.net\/site\/tolerancia-e-interculturalidade-16-de-novembro-como-o-dia-internacional-da-tolerancia\/\",\"url\":\"https:\/\/www.oarcanjo.net\/site\/tolerancia-e-interculturalidade-16-de-novembro-como-o-dia-internacional-da-tolerancia\/\",\"name\":\"Toler\u00e2ncia e interculturalidade [16 de novembro como o Dia Internacional da Toler\u00e2ncia] - O Arcanjo no ar\",\"isPartOf\":{\"@id\":\"https:\/\/www.oarcanjo.net\/site\/#website\"},\"primaryImageOfPage\":{\"@id\":\"https:\/\/www.oarcanjo.net\/site\/tolerancia-e-interculturalidade-16-de-novembro-como-o-dia-internacional-da-tolerancia\/#primaryimage\"},\"image\":{\"@id\":\"https:\/\/www.oarcanjo.net\/site\/tolerancia-e-interculturalidade-16-de-novembro-como-o-dia-internacional-da-tolerancia\/#primaryimage\"},\"thumbnailUrl\":\"http:\/\/www.adital.com.br\/arquivos\/autor\/Marcelo_barros.jpg\",\"datePublished\":\"2012-11-14T23:50:52+00:00\",\"dateModified\":\"2012-11-14T23:50:52+00:00\",\"breadcrumb\":{\"@id\":\"https:\/\/www.oarcanjo.net\/site\/tolerancia-e-interculturalidade-16-de-novembro-como-o-dia-internacional-da-tolerancia\/#breadcrumb\"},\"inLanguage\":\"pt-BR\",\"potentialAction\":[{\"@type\":\"ReadAction\",\"target\":[\"https:\/\/www.oarcanjo.net\/site\/tolerancia-e-interculturalidade-16-de-novembro-como-o-dia-internacional-da-tolerancia\/\"]}]},{\"@type\":\"ImageObject\",\"inLanguage\":\"pt-BR\",\"@id\":\"https:\/\/www.oarcanjo.net\/site\/tolerancia-e-interculturalidade-16-de-novembro-como-o-dia-internacional-da-tolerancia\/#primaryimage\",\"url\":\"http:\/\/www.adital.com.br\/arquivos\/autor\/Marcelo_barros.jpg\",\"contentUrl\":\"http:\/\/www.adital.com.br\/arquivos\/autor\/Marcelo_barros.jpg\"},{\"@type\":\"BreadcrumbList\",\"@id\":\"https:\/\/www.oarcanjo.net\/site\/tolerancia-e-interculturalidade-16-de-novembro-como-o-dia-internacional-da-tolerancia\/#breadcrumb\",\"itemListElement\":[{\"@type\":\"ListItem\",\"position\":1,\"name\":\"In\u00edcio\",\"item\":\"https:\/\/www.oarcanjo.net\/site\/\"},{\"@type\":\"ListItem\",\"position\":2,\"name\":\"Toler\u00e2ncia e interculturalidade [16 de novembro como o Dia Internacional da Toler\u00e2ncia]\"}]},{\"@type\":\"WebSite\",\"@id\":\"https:\/\/www.oarcanjo.net\/site\/#website\",\"url\":\"https:\/\/www.oarcanjo.net\/site\/\",\"name\":\"O Arcanjo no ar\",\"description\":\"Site da Par\u00f3quia S\u00e3o Miguel Arcanjo (Arquidiocese de SP)\",\"publisher\":{\"@id\":\"https:\/\/www.oarcanjo.net\/site\/#organization\"},\"potentialAction\":[{\"@type\":\"SearchAction\",\"target\":{\"@type\":\"EntryPoint\",\"urlTemplate\":\"https:\/\/www.oarcanjo.net\/site\/?s={search_term_string}\"},\"query-input\":{\"@type\":\"PropertyValueSpecification\",\"valueRequired\":true,\"valueName\":\"search_term_string\"}}],\"inLanguage\":\"pt-BR\"},{\"@type\":\"Organization\",\"@id\":\"https:\/\/www.oarcanjo.net\/site\/#organization\",\"name\":\"Par\u00f3quia S\u00e3o Miguel Arcanjo\",\"url\":\"https:\/\/www.oarcanjo.net\/site\/\",\"logo\":{\"@type\":\"ImageObject\",\"inLanguage\":\"pt-BR\",\"@id\":\"https:\/\/www.oarcanjo.net\/site\/#\/schema\/logo\/image\/\",\"url\":\"https:\/\/www.oarcanjo.net\/site\/wp-content\/uploads\/LogoOArcanjo.png\",\"contentUrl\":\"https:\/\/www.oarcanjo.net\/site\/wp-content\/uploads\/LogoOArcanjo.png\",\"width\":319,\"height\":99,\"caption\":\"Par\u00f3quia S\u00e3o Miguel Arcanjo\"},\"image\":{\"@id\":\"https:\/\/www.oarcanjo.net\/site\/#\/schema\/logo\/image\/\"},\"sameAs\":[\"https:\/\/www.facebook.com\/OArcanjoNoAr\/\"]},{\"@type\":\"Person\",\"@id\":\"https:\/\/www.oarcanjo.net\/site\/#\/schema\/person\/0a2ae077c1a09b69d29928e3b9f1c0d1\",\"name\":\"Alexandre Nunes\",\"sameAs\":[\"http:\/\/alexandrenu.com\"]}]}<\/script>\n<!-- \/ Yoast SEO plugin. -->","yoast_head_json":{"title":"Toler\u00e2ncia e interculturalidade [16 de novembro como o Dia Internacional da Toler\u00e2ncia] - O Arcanjo no ar","robots":{"index":"index","follow":"follow","max-snippet":"max-snippet:-1","max-image-preview":"max-image-preview:large","max-video-preview":"max-video-preview:-1"},"canonical":"https:\/\/www.oarcanjo.net\/site\/tolerancia-e-interculturalidade-16-de-novembro-como-o-dia-internacional-da-tolerancia\/","og_locale":"pt_BR","og_type":"article","og_title":"Toler\u00e2ncia e interculturalidade [16 de novembro como o Dia Internacional da Toler\u00e2ncia] - O Arcanjo no ar","og_description":"Marcelo Barros Monge beneditino e escritor Adital A ONU consagrou 16 de novembro como o dia internacional da toler\u00e2ncia. Prop\u00f5e que, nessa semana, em todos os continentes, se fa\u00e7am esfor\u00e7os pelo di\u00e1logo e compreens\u00e3o entre grupos e culturas diferentes. De fato, o mundo atual \u00e9 cada vez mais pluralista e, a cada momento, atrav\u00e9s dos [&hellip;]","og_url":"https:\/\/www.oarcanjo.net\/site\/tolerancia-e-interculturalidade-16-de-novembro-como-o-dia-internacional-da-tolerancia\/","og_site_name":"O Arcanjo no ar","article_publisher":"https:\/\/www.facebook.com\/OArcanjoNoAr\/","article_published_time":"2012-11-14T23:50:52+00:00","og_image":[{"url":"http:\/\/www.adital.com.br\/arquivos\/autor\/Marcelo_barros.jpg"}],"author":"Alexandre Nunes","twitter_card":"summary_large_image","twitter_misc":{"Escrito por":"Alexandre Nunes","Est. tempo de leitura":"4 minutos"},"schema":{"@context":"https:\/\/schema.org","@graph":[{"@type":"Article","@id":"https:\/\/www.oarcanjo.net\/site\/tolerancia-e-interculturalidade-16-de-novembro-como-o-dia-internacional-da-tolerancia\/#article","isPartOf":{"@id":"https:\/\/www.oarcanjo.net\/site\/tolerancia-e-interculturalidade-16-de-novembro-como-o-dia-internacional-da-tolerancia\/"},"author":{"name":"Alexandre Nunes","@id":"https:\/\/www.oarcanjo.net\/site\/#\/schema\/person\/0a2ae077c1a09b69d29928e3b9f1c0d1"},"headline":"Toler\u00e2ncia e interculturalidade [16 de novembro como o Dia Internacional da Toler\u00e2ncia]","datePublished":"2012-11-14T23:50:52+00:00","dateModified":"2012-11-14T23:50:52+00:00","mainEntityOfPage":{"@id":"https:\/\/www.oarcanjo.net\/site\/tolerancia-e-interculturalidade-16-de-novembro-como-o-dia-internacional-da-tolerancia\/"},"wordCount":832,"commentCount":0,"publisher":{"@id":"https:\/\/www.oarcanjo.net\/site\/#organization"},"image":{"@id":"https:\/\/www.oarcanjo.net\/site\/tolerancia-e-interculturalidade-16-de-novembro-como-o-dia-internacional-da-tolerancia\/#primaryimage"},"thumbnailUrl":"http:\/\/www.adital.com.br\/arquivos\/autor\/Marcelo_barros.jpg","articleSection":["Reflex\u00f5es"],"inLanguage":"pt-BR","potentialAction":[{"@type":"CommentAction","name":"Comment","target":["https:\/\/www.oarcanjo.net\/site\/tolerancia-e-interculturalidade-16-de-novembro-como-o-dia-internacional-da-tolerancia\/#respond"]}]},{"@type":"WebPage","@id":"https:\/\/www.oarcanjo.net\/site\/tolerancia-e-interculturalidade-16-de-novembro-como-o-dia-internacional-da-tolerancia\/","url":"https:\/\/www.oarcanjo.net\/site\/tolerancia-e-interculturalidade-16-de-novembro-como-o-dia-internacional-da-tolerancia\/","name":"Toler\u00e2ncia e interculturalidade [16 de novembro como o Dia Internacional da Toler\u00e2ncia] - O Arcanjo no ar","isPartOf":{"@id":"https:\/\/www.oarcanjo.net\/site\/#website"},"primaryImageOfPage":{"@id":"https:\/\/www.oarcanjo.net\/site\/tolerancia-e-interculturalidade-16-de-novembro-como-o-dia-internacional-da-tolerancia\/#primaryimage"},"image":{"@id":"https:\/\/www.oarcanjo.net\/site\/tolerancia-e-interculturalidade-16-de-novembro-como-o-dia-internacional-da-tolerancia\/#primaryimage"},"thumbnailUrl":"http:\/\/www.adital.com.br\/arquivos\/autor\/Marcelo_barros.jpg","datePublished":"2012-11-14T23:50:52+00:00","dateModified":"2012-11-14T23:50:52+00:00","breadcrumb":{"@id":"https:\/\/www.oarcanjo.net\/site\/tolerancia-e-interculturalidade-16-de-novembro-como-o-dia-internacional-da-tolerancia\/#breadcrumb"},"inLanguage":"pt-BR","potentialAction":[{"@type":"ReadAction","target":["https:\/\/www.oarcanjo.net\/site\/tolerancia-e-interculturalidade-16-de-novembro-como-o-dia-internacional-da-tolerancia\/"]}]},{"@type":"ImageObject","inLanguage":"pt-BR","@id":"https:\/\/www.oarcanjo.net\/site\/tolerancia-e-interculturalidade-16-de-novembro-como-o-dia-internacional-da-tolerancia\/#primaryimage","url":"http:\/\/www.adital.com.br\/arquivos\/autor\/Marcelo_barros.jpg","contentUrl":"http:\/\/www.adital.com.br\/arquivos\/autor\/Marcelo_barros.jpg"},{"@type":"BreadcrumbList","@id":"https:\/\/www.oarcanjo.net\/site\/tolerancia-e-interculturalidade-16-de-novembro-como-o-dia-internacional-da-tolerancia\/#breadcrumb","itemListElement":[{"@type":"ListItem","position":1,"name":"In\u00edcio","item":"https:\/\/www.oarcanjo.net\/site\/"},{"@type":"ListItem","position":2,"name":"Toler\u00e2ncia e interculturalidade [16 de novembro como o Dia Internacional da Toler\u00e2ncia]"}]},{"@type":"WebSite","@id":"https:\/\/www.oarcanjo.net\/site\/#website","url":"https:\/\/www.oarcanjo.net\/site\/","name":"O Arcanjo no ar","description":"Site da Par\u00f3quia S\u00e3o Miguel Arcanjo (Arquidiocese de SP)","publisher":{"@id":"https:\/\/www.oarcanjo.net\/site\/#organization"},"potentialAction":[{"@type":"SearchAction","target":{"@type":"EntryPoint","urlTemplate":"https:\/\/www.oarcanjo.net\/site\/?s={search_term_string}"},"query-input":{"@type":"PropertyValueSpecification","valueRequired":true,"valueName":"search_term_string"}}],"inLanguage":"pt-BR"},{"@type":"Organization","@id":"https:\/\/www.oarcanjo.net\/site\/#organization","name":"Par\u00f3quia S\u00e3o Miguel Arcanjo","url":"https:\/\/www.oarcanjo.net\/site\/","logo":{"@type":"ImageObject","inLanguage":"pt-BR","@id":"https:\/\/www.oarcanjo.net\/site\/#\/schema\/logo\/image\/","url":"https:\/\/www.oarcanjo.net\/site\/wp-content\/uploads\/LogoOArcanjo.png","contentUrl":"https:\/\/www.oarcanjo.net\/site\/wp-content\/uploads\/LogoOArcanjo.png","width":319,"height":99,"caption":"Par\u00f3quia S\u00e3o Miguel Arcanjo"},"image":{"@id":"https:\/\/www.oarcanjo.net\/site\/#\/schema\/logo\/image\/"},"sameAs":["https:\/\/www.facebook.com\/OArcanjoNoAr\/"]},{"@type":"Person","@id":"https:\/\/www.oarcanjo.net\/site\/#\/schema\/person\/0a2ae077c1a09b69d29928e3b9f1c0d1","name":"Alexandre Nunes","sameAs":["http:\/\/alexandrenu.com"]}]}},"publishpress_future_action":{"enabled":false,"date":"2026-05-09 09:30:08","action":"category","newStatus":"draft","terms":[],"taxonomy":"category"},"publishpress_future_workflow_manual_trigger":{"enabledWorkflows":[]},"_links":{"self":[{"href":"https:\/\/www.oarcanjo.net\/site\/wp-json\/wp\/v2\/posts\/19920"}],"collection":[{"href":"https:\/\/www.oarcanjo.net\/site\/wp-json\/wp\/v2\/posts"}],"about":[{"href":"https:\/\/www.oarcanjo.net\/site\/wp-json\/wp\/v2\/types\/post"}],"author":[{"embeddable":true,"href":"https:\/\/www.oarcanjo.net\/site\/wp-json\/wp\/v2\/users\/15"}],"replies":[{"embeddable":true,"href":"https:\/\/www.oarcanjo.net\/site\/wp-json\/wp\/v2\/comments?post=19920"}],"version-history":[{"count":0,"href":"https:\/\/www.oarcanjo.net\/site\/wp-json\/wp\/v2\/posts\/19920\/revisions"}],"wp:attachment":[{"href":"https:\/\/www.oarcanjo.net\/site\/wp-json\/wp\/v2\/media?parent=19920"}],"wp:term":[{"taxonomy":"category","embeddable":true,"href":"https:\/\/www.oarcanjo.net\/site\/wp-json\/wp\/v2\/categories?post=19920"},{"taxonomy":"post_tag","embeddable":true,"href":"https:\/\/www.oarcanjo.net\/site\/wp-json\/wp\/v2\/tags?post=19920"}],"curies":[{"name":"wp","href":"https:\/\/api.w.org\/{rel}","templated":true}]}}