
{"id":19948,"date":"2012-11-19T17:21:53","date_gmt":"2012-11-19T19:21:53","guid":{"rendered":"http:\/\/www.oarcanjo.net\/site\/?p=19948"},"modified":"2012-11-21T12:55:57","modified_gmt":"2012-11-21T14:55:57","slug":"a-paz-emerge-dos-conflitos","status":"publish","type":"post","link":"https:\/\/www.oarcanjo.net\/site\/a-paz-emerge-dos-conflitos\/","title":{"rendered":"A paz emerge dos conflitos"},"content":{"rendered":"<div>\n<div>\n<div>Padre Geovane Saraiva*<\/div>\n<div style=\"text-align: justify\">\n<div><a href=\"http:\/\/3.bp.blogspot.com\/-QfbMN51J6CQ\/UKqIwu9rzmI\/AAAAAAAAO5U\/SD9kqiQDQh4\/s1600\/DSC03049.JPG\"><\/a><\/div>\n<p><a href=\"http:\/\/www.oarcanjo.net\/site\/wp-content\/uploads\/geovane.png\"><img loading=\"lazy\" decoding=\"async\" class=\"alignleft size-thumbnail wp-image-19951\" src=\"http:\/\/www.oarcanjo.net\/site\/wp-content\/uploads\/geovane-146x150.png\" alt=\"\" width=\"146\" height=\"150\" \/><\/a>No mundo atual, profundamente marcado pela aus\u00eancia de paz, nos conflitos, guerras e derramamento de sangue, ouvimos gritos de dor e de sofrimento, num grande clamor de toda ordem e natureza. Jesus Nosso Senhor \u00e9 aquele que se apresenta ao mundo, mostrando e revelando-nos o projeto do Pai, oferecendo generosamente uma resposta \u00e0s pessoas desejosas de paz.<\/p>\n<p>Ele est\u00e1 a nos dizer algo que tem que ser endireitado, a fim de que se cumpra seu an\u00fancio, n\u00e3o num espa\u00e7o de tempo n\u00e3o longe e distante, no final dos tempos, mas j\u00e1 aqui e agora. Cat\u00e1strofe, destrui\u00e7\u00e3o, estrelas e astros ca\u00edrem dos c\u00e9us n\u00e3o s\u00e3o elementos e acontecimentos conclusivos da hist\u00f3ria (cf. Mc 13, 24-32). O que realmente \u00e9 necess\u00e1rio cair e descer, indo para ch\u00e3o \u00e9 as estrelas e ostros catastr\u00f3ficos do nosso ego\u00edsmo e orgulho, com os frutos que nos torna insens\u00edveis aos problemas dos irm\u00e3os famintos, do desempregado, daqueles que lutam por um peda\u00e7o de ch\u00e3o e pelos seus direitos mais elementares.<\/p>\n<p>Animados pela f\u00e9, a partir de Jesus, que nos ensina a buscar a paz verdadeira e duradoura, ao se declarar p\u00e3o da vida, cumprindo inteiramente a vontade do Pai, quando sacia e mata a fome da humanidade, no amor que tudo se transforma em dom e partilha, \u00e9 que nos associamos \u00e0s promessas divinas, a fim de prestarmos conta de todos os nossos compromissos de crist\u00e3os.<\/p>\n<p>Eucaristia \u00e9 dom, sacrif\u00edcio, solidariedade e fonte de reconcilia\u00e7\u00e3o. Aprendemos no catecismo que a missa \u00e9 o sacrif\u00edcio incruento, isto \u00e9, sem derramamento de sangue, oferecido por Nosso Senhor Jesus Cristo, mas atrav\u00e9s do ministro, do sacerdote. Quando celebramos a eucaristia, a Santa Missa, devemos ter a consci\u00eancia clara de que se realiza o sacrif\u00edcio de Jesus, que morreu na cruz, no calv\u00e1rio e que ressuscitou tr\u00eas dias depois.<\/p>\n<p>\u201cGra\u00e7as\u201d e \u201cdistribui\u00e7\u00e3o\u201d s\u00e3o os elementos fundamentais na institui\u00e7\u00e3o da Eucaristia, a partir do Evangelho da multiplica\u00e7\u00e3o dos p\u00e3es (cf. Jo 6, 1-12; Mc 6, 34-44; Mt 14, 13-21), porque nos revela o aspecto mais belo e maravilhoso de Jesus, preocupado com a criatura humana outrora, mesmo nos dias de hoje, de libertar de todo o mal. Jesus, na sua obedi\u00eancia ao desejo do Pai, matando a nossa fome, quer que ver-nos acordados e atentos, para que o nosso interior, totalmente livre, conduza \u00e0 hist\u00f3ria pelo caminho correto, no grande desejo de Deus Pai, o da sociedade nova e transformada.<\/p>\n<p>Concluo esta pequena reflex\u00e3o, guardando no \u00edntimo do cora\u00e7\u00e3o a mensagem de otimismo e esperan\u00e7a, deixada por Dom Helder C\u00e2mara, o artes\u00e3o da paz e cidad\u00e3o planet\u00e1rio, o bispo brasileiro mais influente no Conc\u00edlio Vaticano II, ao abrir um caminho de esperan\u00e7a e renova\u00e7\u00e3o, na sua op\u00e7\u00e3o de profeta, \u00a0marcada pela \u00a0coer\u00eancia, em favor dos empobrecidos, num desejo de mudan\u00e7a: \u201cSe n\u00e3o engano, n\u00f3s, os homens da Igreja, dever\u00edamos realizar dentro da Igreja as mudan\u00e7as que exigimos da sociedade\u201d.<\/p>\n<p>Por isso mesmo nunca iremos nos cansar de falar do seu grande ardor e entusiasmo de m\u00edstico, de um homem profundamente marcado pela gra\u00e7a de Deus, no seu trabalho bem articulado e amor acendrado pela Igreja pobre e servidora, consubstanciado aqui na s\u00e1bia frase do Te\u00f3logo Jos\u00e9 Comblin: \u201cSou daqueles que tem a convic\u00e7\u00e3o de que os escritos de Dom Helder ainda ser\u00e3o fonte de inspira\u00e7\u00e3o na Am\u00e9rica Latina, daqui a mil anos\u201d.<\/p>\n<div><em>*Padre da Arquidiocese de Fortaleza, Escritor, Membro da Academia de Letras dos Munic\u00edpios do Estado Cear\u00e1 (ALMECE), e da Academia Metropolitana de Letras de Fortaleza.<\/em><\/div>\n<div><em>P\u00e1roco de Santo Afonso<\/em><\/div>\n<div><a href=\"mailto:geovanesaraiva@gmail.com\"><em>geovanesaraiva@gmail.com<\/em><\/a><\/div>\n<address>\n<\/address>\n<address><strong>Autor dos livros:<\/strong><\/address>\n<address><strong>\u201cO peregrino da Paz\u201d e \u201cNascido Para as Coisas Maiores\u201d (centen\u00e1rio de Dom Helder C\u00e2mara);<\/strong><\/address>\n<address><strong>\u201cA Ternura de um Pastor\u201d &#8211; 2\u00aa Edi\u00e7\u00e3o (homenagem ao Cardeal Lorscheider);<\/strong><\/address>\n<address><strong>\u201cA Esperan\u00e7a Tem Nome\u201d (espiritualidade e compromisso);<\/strong><\/address>\n<address><strong>&#8220;Dom Helder: sonhos e utopias&#8221; (o pastor dos empobrecidos).<\/strong><\/address>\n<\/div>\n<\/div>\n<\/div>\n<address>\n<\/address>\n<div id=\"themify_builder_content-19948\" data-postid=\"19948\" class=\"themify_builder_content themify_builder_content-19948 themify_builder themify_builder_front\">\n\t<\/div>\n<!-- \/themify_builder_content -->","protected":false},"excerpt":{"rendered":"<p>Padre Geovane Saraiva* No mundo atual, profundamente marcado pela aus\u00eancia de paz, nos conflitos, guerras e derramamento de sangue, ouvimos gritos de dor e de sofrimento, num grande clamor de toda ordem e natureza. Jesus Nosso Senhor \u00e9 aquele que se apresenta ao mundo, mostrando e revelando-nos o projeto do Pai, oferecendo generosamente uma resposta [&hellip;]<\/p>\n","protected":false},"author":17,"featured_media":0,"comment_status":"open","ping_status":"open","sticky":false,"template":"","format":"standard","meta":{"ngg_post_thumbnail":0,"footnotes":""},"categories":[472],"tags":[],"yoast_head":"<!-- This site is optimized with the Yoast SEO plugin v23.5 - https:\/\/yoast.com\/wordpress\/plugins\/seo\/ -->\n<title>A paz emerge dos conflitos - O Arcanjo no ar<\/title>\n<meta name=\"robots\" content=\"index, follow, max-snippet:-1, max-image-preview:large, max-video-preview:-1\" \/>\n<link rel=\"canonical\" href=\"https:\/\/www.oarcanjo.net\/site\/a-paz-emerge-dos-conflitos\/\" \/>\n<meta property=\"og:locale\" content=\"pt_BR\" \/>\n<meta property=\"og:type\" content=\"article\" \/>\n<meta property=\"og:title\" content=\"A paz emerge dos conflitos - O Arcanjo no ar\" \/>\n<meta property=\"og:description\" content=\"Padre Geovane Saraiva* No mundo atual, profundamente marcado pela aus\u00eancia de paz, nos conflitos, guerras e derramamento de sangue, ouvimos gritos de dor e de sofrimento, num grande clamor de toda ordem e natureza. Jesus Nosso Senhor \u00e9 aquele que se apresenta ao mundo, mostrando e revelando-nos o projeto do Pai, oferecendo generosamente uma resposta [&hellip;]\" \/>\n<meta property=\"og:url\" content=\"https:\/\/www.oarcanjo.net\/site\/a-paz-emerge-dos-conflitos\/\" \/>\n<meta property=\"og:site_name\" content=\"O Arcanjo no ar\" \/>\n<meta property=\"article:publisher\" content=\"https:\/\/www.facebook.com\/OArcanjoNoAr\/\" \/>\n<meta property=\"article:published_time\" content=\"2012-11-19T19:21:53+00:00\" \/>\n<meta property=\"article:modified_time\" content=\"2012-11-21T14:55:57+00:00\" \/>\n<meta property=\"og:image\" content=\"http:\/\/www.oarcanjo.net\/site\/wp-content\/uploads\/geovane-146x150.png\" \/>\n<meta name=\"author\" content=\"pe.geovane\" \/>\n<meta name=\"twitter:card\" content=\"summary_large_image\" \/>\n<meta name=\"twitter:label1\" content=\"Escrito por\" \/>\n\t<meta name=\"twitter:data1\" content=\"pe.geovane\" \/>\n\t<meta name=\"twitter:label2\" content=\"Est. tempo de leitura\" \/>\n\t<meta name=\"twitter:data2\" content=\"3 minutos\" \/>\n<script type=\"application\/ld+json\" class=\"yoast-schema-graph\">{\"@context\":\"https:\/\/schema.org\",\"@graph\":[{\"@type\":\"Article\",\"@id\":\"https:\/\/www.oarcanjo.net\/site\/a-paz-emerge-dos-conflitos\/#article\",\"isPartOf\":{\"@id\":\"https:\/\/www.oarcanjo.net\/site\/a-paz-emerge-dos-conflitos\/\"},\"author\":{\"name\":\"pe.geovane\",\"@id\":\"https:\/\/www.oarcanjo.net\/site\/#\/schema\/person\/58d7f78850a973b8e467c7ae4a7eb4ad\"},\"headline\":\"A paz emerge dos conflitos\",\"datePublished\":\"2012-11-19T19:21:53+00:00\",\"dateModified\":\"2012-11-21T14:55:57+00:00\",\"mainEntityOfPage\":{\"@id\":\"https:\/\/www.oarcanjo.net\/site\/a-paz-emerge-dos-conflitos\/\"},\"wordCount\":693,\"commentCount\":0,\"publisher\":{\"@id\":\"https:\/\/www.oarcanjo.net\/site\/#organization\"},\"image\":{\"@id\":\"https:\/\/www.oarcanjo.net\/site\/a-paz-emerge-dos-conflitos\/#primaryimage\"},\"thumbnailUrl\":\"http:\/\/www.oarcanjo.net\/site\/wp-content\/uploads\/geovane-146x150.png\",\"articleSection\":[\"Receitas\"],\"inLanguage\":\"pt-BR\",\"potentialAction\":[{\"@type\":\"CommentAction\",\"name\":\"Comment\",\"target\":[\"https:\/\/www.oarcanjo.net\/site\/a-paz-emerge-dos-conflitos\/#respond\"]}]},{\"@type\":\"WebPage\",\"@id\":\"https:\/\/www.oarcanjo.net\/site\/a-paz-emerge-dos-conflitos\/\",\"url\":\"https:\/\/www.oarcanjo.net\/site\/a-paz-emerge-dos-conflitos\/\",\"name\":\"A paz emerge dos conflitos - O Arcanjo no ar\",\"isPartOf\":{\"@id\":\"https:\/\/www.oarcanjo.net\/site\/#website\"},\"primaryImageOfPage\":{\"@id\":\"https:\/\/www.oarcanjo.net\/site\/a-paz-emerge-dos-conflitos\/#primaryimage\"},\"image\":{\"@id\":\"https:\/\/www.oarcanjo.net\/site\/a-paz-emerge-dos-conflitos\/#primaryimage\"},\"thumbnailUrl\":\"http:\/\/www.oarcanjo.net\/site\/wp-content\/uploads\/geovane-146x150.png\",\"datePublished\":\"2012-11-19T19:21:53+00:00\",\"dateModified\":\"2012-11-21T14:55:57+00:00\",\"breadcrumb\":{\"@id\":\"https:\/\/www.oarcanjo.net\/site\/a-paz-emerge-dos-conflitos\/#breadcrumb\"},\"inLanguage\":\"pt-BR\",\"potentialAction\":[{\"@type\":\"ReadAction\",\"target\":[\"https:\/\/www.oarcanjo.net\/site\/a-paz-emerge-dos-conflitos\/\"]}]},{\"@type\":\"ImageObject\",\"inLanguage\":\"pt-BR\",\"@id\":\"https:\/\/www.oarcanjo.net\/site\/a-paz-emerge-dos-conflitos\/#primaryimage\",\"url\":\"https:\/\/www.oarcanjo.net\/site\/wp-content\/uploads\/geovane.png\",\"contentUrl\":\"https:\/\/www.oarcanjo.net\/site\/wp-content\/uploads\/geovane.png\",\"width\":\"146\",\"height\":\"204\"},{\"@type\":\"BreadcrumbList\",\"@id\":\"https:\/\/www.oarcanjo.net\/site\/a-paz-emerge-dos-conflitos\/#breadcrumb\",\"itemListElement\":[{\"@type\":\"ListItem\",\"position\":1,\"name\":\"In\u00edcio\",\"item\":\"https:\/\/www.oarcanjo.net\/site\/\"},{\"@type\":\"ListItem\",\"position\":2,\"name\":\"A paz emerge dos conflitos\"}]},{\"@type\":\"WebSite\",\"@id\":\"https:\/\/www.oarcanjo.net\/site\/#website\",\"url\":\"https:\/\/www.oarcanjo.net\/site\/\",\"name\":\"O Arcanjo no ar\",\"description\":\"Site da Par\u00f3quia S\u00e3o Miguel Arcanjo (Arquidiocese de SP)\",\"publisher\":{\"@id\":\"https:\/\/www.oarcanjo.net\/site\/#organization\"},\"potentialAction\":[{\"@type\":\"SearchAction\",\"target\":{\"@type\":\"EntryPoint\",\"urlTemplate\":\"https:\/\/www.oarcanjo.net\/site\/?s={search_term_string}\"},\"query-input\":{\"@type\":\"PropertyValueSpecification\",\"valueRequired\":true,\"valueName\":\"search_term_string\"}}],\"inLanguage\":\"pt-BR\"},{\"@type\":\"Organization\",\"@id\":\"https:\/\/www.oarcanjo.net\/site\/#organization\",\"name\":\"Par\u00f3quia S\u00e3o Miguel Arcanjo\",\"url\":\"https:\/\/www.oarcanjo.net\/site\/\",\"logo\":{\"@type\":\"ImageObject\",\"inLanguage\":\"pt-BR\",\"@id\":\"https:\/\/www.oarcanjo.net\/site\/#\/schema\/logo\/image\/\",\"url\":\"https:\/\/www.oarcanjo.net\/site\/wp-content\/uploads\/LogoOArcanjo.png\",\"contentUrl\":\"https:\/\/www.oarcanjo.net\/site\/wp-content\/uploads\/LogoOArcanjo.png\",\"width\":319,\"height\":99,\"caption\":\"Par\u00f3quia S\u00e3o Miguel Arcanjo\"},\"image\":{\"@id\":\"https:\/\/www.oarcanjo.net\/site\/#\/schema\/logo\/image\/\"},\"sameAs\":[\"https:\/\/www.facebook.com\/OArcanjoNoAr\/\"]},{\"@type\":\"Person\",\"@id\":\"https:\/\/www.oarcanjo.net\/site\/#\/schema\/person\/58d7f78850a973b8e467c7ae4a7eb4ad\",\"name\":\"pe.geovane\"}]}<\/script>\n<!-- \/ Yoast SEO plugin. -->","yoast_head_json":{"title":"A paz emerge dos conflitos - O Arcanjo no ar","robots":{"index":"index","follow":"follow","max-snippet":"max-snippet:-1","max-image-preview":"max-image-preview:large","max-video-preview":"max-video-preview:-1"},"canonical":"https:\/\/www.oarcanjo.net\/site\/a-paz-emerge-dos-conflitos\/","og_locale":"pt_BR","og_type":"article","og_title":"A paz emerge dos conflitos - O Arcanjo no ar","og_description":"Padre Geovane Saraiva* No mundo atual, profundamente marcado pela aus\u00eancia de paz, nos conflitos, guerras e derramamento de sangue, ouvimos gritos de dor e de sofrimento, num grande clamor de toda ordem e natureza. Jesus Nosso Senhor \u00e9 aquele que se apresenta ao mundo, mostrando e revelando-nos o projeto do Pai, oferecendo generosamente uma resposta [&hellip;]","og_url":"https:\/\/www.oarcanjo.net\/site\/a-paz-emerge-dos-conflitos\/","og_site_name":"O Arcanjo no ar","article_publisher":"https:\/\/www.facebook.com\/OArcanjoNoAr\/","article_published_time":"2012-11-19T19:21:53+00:00","article_modified_time":"2012-11-21T14:55:57+00:00","og_image":[{"url":"http:\/\/www.oarcanjo.net\/site\/wp-content\/uploads\/geovane-146x150.png"}],"author":"pe.geovane","twitter_card":"summary_large_image","twitter_misc":{"Escrito por":"pe.geovane","Est. tempo de leitura":"3 minutos"},"schema":{"@context":"https:\/\/schema.org","@graph":[{"@type":"Article","@id":"https:\/\/www.oarcanjo.net\/site\/a-paz-emerge-dos-conflitos\/#article","isPartOf":{"@id":"https:\/\/www.oarcanjo.net\/site\/a-paz-emerge-dos-conflitos\/"},"author":{"name":"pe.geovane","@id":"https:\/\/www.oarcanjo.net\/site\/#\/schema\/person\/58d7f78850a973b8e467c7ae4a7eb4ad"},"headline":"A paz emerge dos conflitos","datePublished":"2012-11-19T19:21:53+00:00","dateModified":"2012-11-21T14:55:57+00:00","mainEntityOfPage":{"@id":"https:\/\/www.oarcanjo.net\/site\/a-paz-emerge-dos-conflitos\/"},"wordCount":693,"commentCount":0,"publisher":{"@id":"https:\/\/www.oarcanjo.net\/site\/#organization"},"image":{"@id":"https:\/\/www.oarcanjo.net\/site\/a-paz-emerge-dos-conflitos\/#primaryimage"},"thumbnailUrl":"http:\/\/www.oarcanjo.net\/site\/wp-content\/uploads\/geovane-146x150.png","articleSection":["Receitas"],"inLanguage":"pt-BR","potentialAction":[{"@type":"CommentAction","name":"Comment","target":["https:\/\/www.oarcanjo.net\/site\/a-paz-emerge-dos-conflitos\/#respond"]}]},{"@type":"WebPage","@id":"https:\/\/www.oarcanjo.net\/site\/a-paz-emerge-dos-conflitos\/","url":"https:\/\/www.oarcanjo.net\/site\/a-paz-emerge-dos-conflitos\/","name":"A paz emerge dos conflitos - O Arcanjo no ar","isPartOf":{"@id":"https:\/\/www.oarcanjo.net\/site\/#website"},"primaryImageOfPage":{"@id":"https:\/\/www.oarcanjo.net\/site\/a-paz-emerge-dos-conflitos\/#primaryimage"},"image":{"@id":"https:\/\/www.oarcanjo.net\/site\/a-paz-emerge-dos-conflitos\/#primaryimage"},"thumbnailUrl":"http:\/\/www.oarcanjo.net\/site\/wp-content\/uploads\/geovane-146x150.png","datePublished":"2012-11-19T19:21:53+00:00","dateModified":"2012-11-21T14:55:57+00:00","breadcrumb":{"@id":"https:\/\/www.oarcanjo.net\/site\/a-paz-emerge-dos-conflitos\/#breadcrumb"},"inLanguage":"pt-BR","potentialAction":[{"@type":"ReadAction","target":["https:\/\/www.oarcanjo.net\/site\/a-paz-emerge-dos-conflitos\/"]}]},{"@type":"ImageObject","inLanguage":"pt-BR","@id":"https:\/\/www.oarcanjo.net\/site\/a-paz-emerge-dos-conflitos\/#primaryimage","url":"https:\/\/www.oarcanjo.net\/site\/wp-content\/uploads\/geovane.png","contentUrl":"https:\/\/www.oarcanjo.net\/site\/wp-content\/uploads\/geovane.png","width":"146","height":"204"},{"@type":"BreadcrumbList","@id":"https:\/\/www.oarcanjo.net\/site\/a-paz-emerge-dos-conflitos\/#breadcrumb","itemListElement":[{"@type":"ListItem","position":1,"name":"In\u00edcio","item":"https:\/\/www.oarcanjo.net\/site\/"},{"@type":"ListItem","position":2,"name":"A paz emerge dos conflitos"}]},{"@type":"WebSite","@id":"https:\/\/www.oarcanjo.net\/site\/#website","url":"https:\/\/www.oarcanjo.net\/site\/","name":"O Arcanjo no ar","description":"Site da Par\u00f3quia S\u00e3o Miguel Arcanjo (Arquidiocese de SP)","publisher":{"@id":"https:\/\/www.oarcanjo.net\/site\/#organization"},"potentialAction":[{"@type":"SearchAction","target":{"@type":"EntryPoint","urlTemplate":"https:\/\/www.oarcanjo.net\/site\/?s={search_term_string}"},"query-input":{"@type":"PropertyValueSpecification","valueRequired":true,"valueName":"search_term_string"}}],"inLanguage":"pt-BR"},{"@type":"Organization","@id":"https:\/\/www.oarcanjo.net\/site\/#organization","name":"Par\u00f3quia S\u00e3o Miguel Arcanjo","url":"https:\/\/www.oarcanjo.net\/site\/","logo":{"@type":"ImageObject","inLanguage":"pt-BR","@id":"https:\/\/www.oarcanjo.net\/site\/#\/schema\/logo\/image\/","url":"https:\/\/www.oarcanjo.net\/site\/wp-content\/uploads\/LogoOArcanjo.png","contentUrl":"https:\/\/www.oarcanjo.net\/site\/wp-content\/uploads\/LogoOArcanjo.png","width":319,"height":99,"caption":"Par\u00f3quia S\u00e3o Miguel Arcanjo"},"image":{"@id":"https:\/\/www.oarcanjo.net\/site\/#\/schema\/logo\/image\/"},"sameAs":["https:\/\/www.facebook.com\/OArcanjoNoAr\/"]},{"@type":"Person","@id":"https:\/\/www.oarcanjo.net\/site\/#\/schema\/person\/58d7f78850a973b8e467c7ae4a7eb4ad","name":"pe.geovane"}]}},"publishpress_future_action":{"enabled":false,"date":"2026-05-08 23:46:59","action":"category","newStatus":"draft","terms":[],"taxonomy":"category"},"publishpress_future_workflow_manual_trigger":{"enabledWorkflows":[]},"_links":{"self":[{"href":"https:\/\/www.oarcanjo.net\/site\/wp-json\/wp\/v2\/posts\/19948"}],"collection":[{"href":"https:\/\/www.oarcanjo.net\/site\/wp-json\/wp\/v2\/posts"}],"about":[{"href":"https:\/\/www.oarcanjo.net\/site\/wp-json\/wp\/v2\/types\/post"}],"author":[{"embeddable":true,"href":"https:\/\/www.oarcanjo.net\/site\/wp-json\/wp\/v2\/users\/17"}],"replies":[{"embeddable":true,"href":"https:\/\/www.oarcanjo.net\/site\/wp-json\/wp\/v2\/comments?post=19948"}],"version-history":[{"count":0,"href":"https:\/\/www.oarcanjo.net\/site\/wp-json\/wp\/v2\/posts\/19948\/revisions"}],"wp:attachment":[{"href":"https:\/\/www.oarcanjo.net\/site\/wp-json\/wp\/v2\/media?parent=19948"}],"wp:term":[{"taxonomy":"category","embeddable":true,"href":"https:\/\/www.oarcanjo.net\/site\/wp-json\/wp\/v2\/categories?post=19948"},{"taxonomy":"post_tag","embeddable":true,"href":"https:\/\/www.oarcanjo.net\/site\/wp-json\/wp\/v2\/tags?post=19948"}],"curies":[{"name":"wp","href":"https:\/\/api.w.org\/{rel}","templated":true}]}}